{"id":13083,"date":"2019-02-13T10:03:11","date_gmt":"2019-02-13T09:03:11","guid":{"rendered":"https:\/\/marekkuchcinski.pl\/?p=13083"},"modified":"2019-02-13T20:15:10","modified_gmt":"2019-02-13T19:15:10","slug":"sila-polski-wspolpraca-panstwami-regionu","status":"publish","type":"post","link":"https:\/\/marekkuchcinski.pl\/sk\/wydarzenia\/sila-polski-wspolpraca-panstwami-regionu\/","title":{"rendered":"Silnou str\u00e1nkou Po\u013eska je spolupr\u00e1ca s krajinami v regi\u00f3ne"},"content":{"rendered":"<p><strong>U\u017e roky vytv\u00e1rame pracovn\u00e9 miesta, vytv\u00e1rame podmienky pre invest\u00edcie a rozv\u00edjame po\u013esk\u00e9 hospod\u00e1rstvo prostredn\u00edctvom kvalifikovan\u00e9ho dial\u00f3gu s krajinami strednej a v\u00fdchodnej Eur\u00f3py. Jedn\u00fdm z tak\u00fdchto miest pre dial\u00f3g je medzin\u00e1rodn\u00e1 konferencia \"Eur\u00f3pa Karp\u00e1t\", ktor\u00e1 sa bude kona\u0165 16. - 17. febru\u00e1ra v Krasiczyne pri Przemy\u015bli z iniciat\u00edvy predsedu Sejmu Mareka Kuchci\u0144sk\u00e9ho.<\/strong><\/p>\n<p>Bude to u\u017e 22. ro\u010dn\u00edk podujatia zameran\u00e9ho na posilnenie spolupr\u00e1ce a partnersk\u00fdch v\u00e4zieb medzi krajinami n\u00e1\u0161ho eur\u00f3pskeho regi\u00f3nu. My\u0161lienka \"Eur\u00f3py Karp\u00e1t\" vznikla v roku 2007. Vtedy sa uskuto\u010dnilo prv\u00e9 stretnutie poslancov karpatsk\u00fdch kraj\u00edn, ktor\u00e9 inicioval Marek Kuchci\u0144ski, vtedaj\u0161\u00ed predseda parlamentn\u00e9ho v\u00fdboru pre ochranu \u017eivotn\u00e9ho prostredia, pr\u00edrodn\u00fdch zdrojov a lesn\u00edctva. Tento projekt sa postupne vyvinul v d\u00f4le\u017eit\u00e9 f\u00f3rum, na ktorom sa otvorene diskutuje o hospod\u00e1rskych z\u00e1ujmoch, tranzitn\u00fdch tras\u00e1ch, soci\u00e1lnych potreb\u00e1ch, environment\u00e1lnej s\u00fadr\u017enosti, bezpe\u010dnostn\u00fdch ot\u00e1zkach a mo\u017enostiach spolupr\u00e1ce. V s\u00fa\u010dasnosti ide o ve\u013emi v\u00e1\u017eny z\u00e1v\u00e4zok, ktor\u00fd ovplyv\u0148uje stabilitu regi\u00f3nu a jeho hospod\u00e1rsky v\u00fdznam.<\/p>\n<p>Dobr\u00fdm pr\u00edkladom je Vy\u0161ehradsk\u00e1 skupina, ktor\u00e1 zauj\u00edma d\u00f4le\u017eit\u00e9 miesto po\u010das stretnut\u00ed \"Karpatskej Eur\u00f3py\". Model podpory rodiny, ktor\u00fd sa po roku 2015 zaviedol v krajin\u00e1ch V4, sa st\u00e1va \u010doraz silnej\u0161ou alternat\u00edvou k pro-migra\u010dnej politike mnoh\u00fdch in\u00fdch eur\u00f3pskych kraj\u00edn, ktor\u00e9 sa rozhodli bojova\u0165 proti fenom\u00e9nu starnutia vlastnej spolo\u010dnosti in\u00fdm sp\u00f4sobom: \u0161irok\u00fdm otvoren\u00edm sa emigr\u00e1cii neeur\u00f3pskych ob\u010danov do Eur\u00f3py. V\u00fdznam V4 na hospod\u00e1rskej mape Eur\u00f3py rastie. Minul\u00fd t\u00fd\u017ede\u0148 sa nemeck\u00e1 kancel\u00e1rka Angela Merkelov\u00e1 stretla s premi\u00e9rmi kraj\u00edn Vy\u0161ehradskej skupiny - \u010ceskej republiky, Po\u013eska, Slovenska a Ma\u010farska. Len v roku 2017 dosiahol v\u00fdvoz po\u013eskej, \u010deskej, slovenskej a ma\u010farskej ekonomiky do Nemecka hodnotu 138 mili\u00e1rd EUR, \u010do predstavuje pribli\u017ene 25-30% predaja tovaru a slu\u017eieb do zahrani\u010dia. Skupina V4 je tie\u017e najd\u00f4le\u017eitej\u0161\u00edm pr\u00edjemcom nemeck\u00e9ho v\u00fdvozu. 139,4 miliardy eur v roku 2017 je v\u00e4\u010d\u0161ia suma ako v USA (111,5 miliardy eur), Franc\u00fazsku (105,2 miliardy eur) alebo \u010c\u00edne (86,2 miliardy eur). Spolo\u010dn\u00e9 rokovacie poz\u00edcie poskytuj\u00fa jednotliv\u00fdm krajin\u00e1m viac pr\u00edle\u017eitost\u00ed a okrem in\u00e9ho aj o t\u00fdchto v\u00fdhod\u00e1ch m\u00f4\u017eu diskutova\u0165 politick\u00ed a obchodn\u00ed z\u00e1stupcovia Po\u013eska, \u010ceskej republiky, Slovenska a Ma\u010farska.<\/p>\n<p>Vyu\u017eitie potenci\u00e1lu kraj\u00edn V4 a \u010fal\u0161\u00edch kraj\u00edn regi\u00f3nu je z\u00e1kladom Karpatskej strat\u00e9gie, ktor\u00fa iniciovalo Po\u013esko. Dokument, ktor\u00fd podp\u00edsali z\u00e1stupcovia Po\u013eska, Ukrajiny, Ma\u010farska a Slovenska po\u010das XXVIII. hospod\u00e1rskeho f\u00f3ra v Krynici, m\u00e1 v bud\u00facnosti umo\u017eni\u0165 u\u017e\u0161iu spolupr\u00e1cu medzi krajinami regi\u00f3nu. V kone\u010dnom d\u00f4sledku sa m\u00e1 sta\u0165 makroregion\u00e1lnou strat\u00e9giou E\u00da a u\u013eah\u010di\u0165 pr\u00edstup k v\u00fdznamn\u00fdm rozpo\u010dtov\u00fdm prostriedkom E\u00da, da\u0165 impulz spolupr\u00e1ci v oblasti invest\u00edci\u00ed a vytvori\u0165 \u0161pecializovan\u00e9 rie\u0161enia pre regi\u00f3n. Treba spomen\u00fa\u0165, \u017ee po\u013esk\u00e1 iniciat\u00edva m\u00e1 potenci\u00e1l sta\u0165 sa piatou makroregion\u00e1lnou strat\u00e9giou E\u00da a druhou horskou strat\u00e9giou (po alpskej strat\u00e9gii). V Po\u013esku by Karpatsk\u00e1 strat\u00e9gia zah\u0155\u0148ala Podkarpatsk\u00e9, Malopo\u013esk\u00e9 a Sliezske vojvodstvo.<\/p>\n<p>Aby sa \"Karpatsk\u00e1 Eur\u00f3pa\" stala \u00fa\u010dinnou iniciat\u00edvou, Po\u013esko nezab\u00fada na svojich bl\u00edzkych susedov. Do Krasiczyna preto pr\u00eddu z\u00e1stupcovia parlamentov, vl\u00e1dy a miestnej spr\u00e1vy, vedci, odborn\u00edci a analytici z Rumunska a Ukrajiny. V\u00fdznam t\u00fdchto partnerov mo\u017eno ilustrova\u0165 na programe cezhrani\u010dnej spolupr\u00e1ce Po\u013esko-Bielorusko-Ukrajina. Od za\u010diatku svojej \u010dinnosti, ktor\u00e1 trv\u00e1 u\u017e 15 rokov, podporila takmer 400 projektov sumou pribli\u017ene 1,5 mili\u00f3na eur. 400 mili\u00f3nov EUR. V s\u00fa\u010dasnosti je to najv\u00e4\u010d\u0161\u00ed cezhrani\u010dn\u00fd program E\u00da na pozemn\u00fdch hraniciach Eur\u00f3pskej \u00fanie z h\u013eadiska rozpo\u010dtu. Tieto tri krajiny spolu zaberaj\u00fa \u00fazemie s viac ako 21 mili\u00f3nmi obyvate\u013eov a s\u00fa ve\u013ek\u00e9 takmer ako Po\u013esko.<\/p>\n<p>Invest\u00edcie, hospod\u00e1rsky rozvoj, kult\u00farna v\u00fdmena, cestovn\u00fd ruch by neboli mo\u017en\u00e9 bez efekt\u00edvnej dopravy. Po\u010das podujatia \"Eur\u00f3pa Karp\u00e1t\" bud\u00fa m\u00f4c\u0165 odborn\u00edci zo zainteresovan\u00fdch kraj\u00edn diskutova\u0165 o rozvoji projektu Via Carpatia, ktor\u00fd je pre stredn\u00fa Eur\u00f3pu k\u013e\u00fa\u010dov\u00fd. Dopravn\u00e1 trasa meria viac ako 7700 km (!!!) a vedie cez regi\u00f3ny, ktor\u00e9 ob\u00fdva viac ako 110 mili\u00f3nov \u013eud\u00ed. Na po\u013eskom \u00fazem\u00ed je Via Carpatia dlh\u00e1 633 km.<\/p>\n<p>Tento projekt je d\u00f4le\u017eit\u00fd aj preto, \u017ee men\u00ed obvykl\u00e9 modely invest\u00edci\u00ed do cestnej infra\u0161trukt\u00fary. Stredn\u00e1 a v\u00fdchodn\u00e1 Eur\u00f3pa mala by\u0165 spojen\u00e1 so Z\u00e1padom. Preto boli trasy sp\u00e1jaj\u00face sever a juh Eur\u00f3py, ktor\u00e9 s\u00fa z n\u00e1\u0161ho poh\u013eadu d\u00f4le\u017eit\u00e9, trochu zanedban\u00e9. To otv\u00e1ra \u010fal\u0161iu pr\u00edle\u017eitos\u0165 pre podnikate\u013eov z n\u00e1\u0161ho regi\u00f3nu vr\u00e1tane Po\u013eska. Do tejto filozofie zapad\u00e1 aj Baltsko-jadransk\u00fd koridor, ktor\u00fd spoj\u00ed Gdansk, Gdy\u0148u, \u0160tet\u00edn a \u015awinouj\u015bcie na severe s pr\u00edstavmi Kopra, Terst, Ben\u00e1tky a Ravenna. A vysokor\u00fdchlostn\u00e1 \u017eeleznica medzi Var\u0161avou a Budape\u0161\u0165ou.<\/p>\n<p>Po\u010das \"Karpatskej Eur\u00f3py\" bude pr\u00edle\u017eitos\u0165 predstavi\u0165 aj \u010fal\u0161ie \u00faspechy v oblasti dopravy v regi\u00f3ne. Spojenie Kyjev - \u013dvov - P\u0159emy\u0161l, ktor\u00e9 bolo otvoren\u00e9 v posledn\u00fdch rokoch, preprav\u00ed ro\u010dne takmer 700 000 cestuj\u00facich. V s\u00fa\u010dasnosti prebiehaj\u00fa pr\u00e1ce na iniciat\u00edve Rail Baltica, ktor\u00e1 spoj\u00ed Tallin, Rigu, Vilnius a Var\u0161avu. Po\u013esko tie\u017e pracuje na projekte zlep\u0161enia \u017eelezni\u010dn\u00e9ho spojenia s \u010ceskou republikou, Slovenskom a Ma\u010farskom. \u010eal\u0161\u00edm krokom k u\u017e\u0161ej spolupr\u00e1ci Vy\u0161ehradskej skupiny m\u00f4\u017ee by\u0165 projekt v\u00fdstavby vysokor\u00fdchlostn\u00e9ho \u017eelezni\u010dn\u00e9ho syst\u00e9mu.<\/p>\n<p>Karpaty, ako ka\u017ed\u00e9 pohorie, n\u00e1s n\u00fatia pozera\u0165 sa za be\u017en\u00fd horizont. \"Karpatsk\u00e1 Eur\u00f3pa\" je iniciat\u00edva, ktorej cie\u013eom je re\u00e1lna pomoc pri rozvoji Po\u013eska a dial\u00f3g a spolo\u010dn\u00e9 rozhodnutia na medzin\u00e1rodnom f\u00f3re prin\u00e1\u0161aj\u00fa re\u00e1lny \u00fa\u017eitok obyvate\u013eom regi\u00f3nu, rozvoju hospod\u00e1rstva, cestovn\u00e9ho ruchu. Av\u0161ak nie je mo\u017en\u00e9 vybudova\u0165 trval\u00e9 porozumenie medzi n\u00e1rodmi bez uvedomenia si v\u00fdznamu ich spolo\u010dnej hist\u00f3rie a kult\u00fary. Pr\u00e1ve preto zohr\u00e1vaj\u00fa panely \"Spolo\u010dn\u00ed hrdinovia slobody\" a \"Na cest\u00e1ch mudrcov - bud\u00facnos\u0165 strednej Eur\u00f3py\" tak\u00fa d\u00f4le\u017eit\u00fa \u00falohu. Ako vid\u00edte, Eur\u00f3pa sa m\u00f4\u017ee zjednoti\u0165 okolo Karp\u00e1t a profitova\u0165 z toho na mnoh\u00fdch \u00farovniach. Preto s\u00fa tak\u00e9 d\u00f4le\u017eit\u00e9 stretnutia, na ktor\u00fdch Po\u013esko zohr\u00e1va d\u00f4le\u017eit\u00fa \u00falohu pri upev\u0148ovan\u00ed my\u0161lienok a konkr\u00e9tnych projektov.<\/p>\n<p>Srde\u010dne v\u00e1s poz\u00fdvame!<\/p>\n<p><em>Text Marta Olejnik<\/em><\/p>\n<p><a href=\"https:\/\/marekkuchcinski.pl\/wp-content\/uploads\/2019\/02\/EK-do-tekstu-M-2019.jpg\"><img fetchpriority=\"high\" decoding=\"async\" class=\"alignnone size-full wp-image-13084\" src=\"https:\/\/marekkuchcinski.pl\/wp-content\/uploads\/2019\/02\/EK-do-tekstu-M-2019.jpg\" alt=\"EK do tekstu M 2019\" width=\"4056\" height=\"2604\" srcset=\"https:\/\/marekkuchcinski.pl\/wp-content\/uploads\/2019\/02\/EK-do-tekstu-M-2019.jpg 2048w, https:\/\/marekkuchcinski.pl\/wp-content\/uploads\/2019\/02\/EK-do-tekstu-M-2019-300x193.jpg 300w, https:\/\/marekkuchcinski.pl\/wp-content\/uploads\/2019\/02\/EK-do-tekstu-M-2019-768x493.jpg 768w, https:\/\/marekkuchcinski.pl\/wp-content\/uploads\/2019\/02\/EK-do-tekstu-M-2019-1024x657.jpg 1024w\" sizes=\"(max-width: 4056px) 100vw, 4056px\" \/><\/a><em>Karpatsk\u00e1 Eur\u00f3pa, Krynica, foto. mo<\/em><\/p>\n<p>&nbsp;<\/p>\n<p style=\"text-align: center;\"><strong>N\u00e1vrh programu konferencie \"Karpatsk\u00e1 Eur\u00f3pa\"<\/strong><\/p>\n<p style=\"text-align: center;\"><strong>Hrad Krasiczyn 16.-17. febru\u00e1ra 2019.<\/strong><\/p>\n<p style=\"text-align: center;\"><strong>16. FEBRU\u00c1R (SOBOTA)<\/strong><\/p>\n<p style=\"text-align: center;\"><strong>16:00 - 17:15 Panel I \"Spolo\u010dne hrdinovia slobody\"<\/strong><\/p>\n<p style=\"text-align: center;\">Moder\u00e1tor: Maciej Szymanowski, riadite\u013e In\u0161tit\u00fatu Wac\u0142awa Felczaka pre po\u013esko-ma\u010farsk\u00fa spolupr\u00e1cu<\/p>\n<p style=\"text-align: center;\"><strong>\u00da\u010dastn\u00edci diskusie:<\/strong><\/p>\n<p style=\"text-align: center;\">Lucjan Fac, vojensk\u00fd historik<\/p>\n<p style=\"text-align: center;\">Pavol Ma\u010dala, Vedeck\u00e9 zdru\u017eenie pre personalizmus zo Slovenska<\/p>\n<p style=\"text-align: center;\">P\u00e1n L\u00e1szl\u00f3 E. Varga, ma\u010farsk\u00fd historik<\/p>\n<p style=\"text-align: center;\">Mykola K\u0148a\u017eickij, poslanec Najvy\u0161\u0161ej rady Ukrajiny, spolupredseda skupiny ukrajinsko-po\u013esk\u00e9ho priate\u013estva<\/p>\n<p style=\"text-align: center;\">17:15 - 17:30 prest\u00e1vka na k\u00e1vu<\/p>\n<p style=\"text-align: center;\"><strong>17:30 - 18:45 Panel II \"Na cest\u00e1ch mudrcov - o bud\u00facnosti strednej Eur\u00f3py\"<\/strong><\/p>\n<p style=\"text-align: center;\">Moder\u00e1tor: Jan Malicki, riadite\u013e V\u00fdchodoeur\u00f3pskych \u0161t\u00fadi\u00ed, Var\u0161avsk\u00e1 univerzita<\/p>\n<p style=\"text-align: center;\"><strong>\u00da\u010dastn\u00edci diskusie:<\/strong><\/p>\n<p style=\"text-align: center;\">S\u00e1ndor \u0150ze, riadite\u013e In\u0161tit\u00fatu hist\u00f3rie Katol\u00edckej univerzity v Budape\u0161ti<\/p>\n<p style=\"text-align: center;\">Pawe\u0142 Trefler, rektor \u0160t\u00e1tnej v\u00fdchodoeur\u00f3pskej univerzity v Przemy\u015bli<\/p>\n<p style=\"text-align: center;\">Peter K\u00e1\u0161a, programov\u00fd koordin\u00e1tor Collegium Carpathicum na Pre\u0161ovskej univerzite v Pre\u0161ove<\/p>\n<p style=\"text-align: center;\">Igor Cependa, rektor Zakarpatskej n\u00e1rodnej univerzity v Ivano-Frankivsku<\/p>\n<p style=\"text-align: center;\">\u0160tefan Purici, prorektor Univerzity \u0160tefana III Velikiana v Su\u010dave<\/p>\n<p style=\"text-align: center;\">Ren\u00e1ta Tom\u00e1\u0161kov\u00e1, prorektorka Ostravskej univerzity<\/p>\n<p style=\"text-align: center;\"><strong>18:45 - 19:00 Predstavenie cezhrani\u010dn\u00e9ho programu<br \/>\nPo\u013esko - Bielorusko - Ukrajina<\/strong><\/p>\n<p style=\"text-align: center;\">Alicja Wosik-Majewska, ved\u00faca kancel\u00e1rie programu<br \/>\nPo\u013esko - Bielorusko - Ukrajina v Rzeszowe<\/p>\n<p style=\"text-align: center;\"><strong>17. FEBRU\u00c1RA BR. (NEDE\u013dA)<\/strong><\/p>\n<p style=\"text-align: center;\"><strong>10:00 - 11:15 Panel III \"Karpatsk\u00e1 hist\u00f3ria a cestovn\u00fd ruch\"<\/strong><\/p>\n<p style=\"text-align: center;\">Moder\u00e1tor: Dawid Lasek, podpredseda Spr\u00e1vnej rady Zdru\u017eenia Euroregi\u00f3n Karpaty<\/p>\n<p style=\"text-align: center;\"><strong>\u00da\u010dastn\u00edci diskusie:<\/strong><\/p>\n<p style=\"text-align: center;\">Du\u0161an Kri\u0161tofik, ve\u013evyslanec Slovenskej republiky v Po\u013esku<\/p>\n<p style=\"text-align: center;\">Adrienne K\u00f6rmendy, gener\u00e1lna konzulka Ma\u010farska v Krakove<\/p>\n<p style=\"text-align: center;\">Vasyl Pavluk, gener\u00e1lny konzul Ukrajiny v Lubline<\/p>\n<p style=\"text-align: center;\">W\u0142adys\u0142aw Ortyl, mar\u0161al Podkarpatsk\u00e9ho vojvodstva<\/p>\n<p style=\"text-align: center;\">Pawe\u0142 W\u0142odarczyk, honor\u00e1rny konzul Chorv\u00e1tskej republiky v Krakove<\/p>\n<p style=\"text-align: center;\">Hlas v diskusii:<\/p>\n<p style=\"text-align: center;\">Prof. Marta Malska, ved\u00faca katedry cestovn\u00e9ho ruchu na Univerzite I. Franka vo \u013dvove<\/p>\n<p style=\"text-align: center;\">Piotr Bies, soch\u00e1r, u\u010dite\u013e soch\u00e1rstva na Strednej umeleckej \u0161kole A. Kenara v Zakopanom<\/p>\n<p style=\"text-align: center;\">11:15- 11:30 prest\u00e1vka na k\u00e1vu<\/p>\n<p style=\"text-align: center;\"><strong>11:30 - 12:45 Panel IV \"Infra\u0161trukt\u00fara strednej Eur\u00f3py\"<\/strong><\/p>\n<p style=\"text-align: center;\">Moder\u00e1tor: Bogdan Rzonca, predseda V\u00fdboru pre infra\u0161trukt\u00faru po\u013esk\u00e9ho parlamentu<\/p>\n<p style=\"text-align: center;\"><strong>\u00da\u010dastn\u00edci diskusie:<\/strong><\/p>\n<p style=\"text-align: center;\">Andrzej Adamczyk, minister infra\u0161trukt\u00fary Po\u013eskej republiky<\/p>\n<p style=\"text-align: center;\">Piotr Naimski, \u0161t\u00e1tny tajomn\u00edk kancel\u00e1rie predsedu vl\u00e1dy, splnomocnenec vl\u00e1dy pre strategick\u00fa energetick\u00fa infra\u0161trukt\u00faru<\/p>\n<p style=\"text-align: center;\">Rich\u00e1rd H\u00f6rcsik, predseda V\u00fdboru pre z\u00e1le\u017eitosti E\u00da ma\u010farsk\u00e9ho N\u00e1rodn\u00e9ho zhroma\u017edenia<\/p>\n<p style=\"text-align: center;\">\u00c1rp\u00e1d \u00c9rsek, minister dopravy a v\u00fdstavby Slovenskej republiky<\/p>\n<p style=\"text-align: center;\">Volodymyr Omeljan, minister infra\u0161trukt\u00fary Ukrajiny<\/p>\n<p style=\"text-align: center;\">Hlas v diskusii:<\/p>\n<p style=\"text-align: center;\">J\u00e1n Hudack\u00fd, b\u00fdval\u00fd poslanec N\u00e1rodnej rady SR<\/p>\n<p style=\"text-align: center;\"><strong>15:00 Sl\u00e1vnostn\u00e9 odovzd\u00e1vanie medail\u00ed predsedom Sejmu Po\u013eskej republiky v behu na 5 km \"Zimn\u00e1 karpatsk\u00e1 p\u00e4\u0165ka\"<\/strong><\/p>\n<p style=\"text-align: center;\"><a href=\"https:\/\/marekkuchcinski.pl\/wp-content\/uploads\/2019\/02\/DbYUVtDX4AALr4h.jpg\"><img decoding=\"async\" class=\"alignnone size-full wp-image-13102\" src=\"https:\/\/marekkuchcinski.pl\/wp-content\/uploads\/2019\/02\/DbYUVtDX4AALr4h.jpg\" alt=\"DbYUVtDX4AALr4h\" width=\"1200\" height=\"800\" srcset=\"https:\/\/marekkuchcinski.pl\/wp-content\/uploads\/2019\/02\/DbYUVtDX4AALr4h.jpg 1200w, https:\/\/marekkuchcinski.pl\/wp-content\/uploads\/2019\/02\/DbYUVtDX4AALr4h-300x200.jpg 300w, https:\/\/marekkuchcinski.pl\/wp-content\/uploads\/2019\/02\/DbYUVtDX4AALr4h-768x512.jpg 768w, https:\/\/marekkuchcinski.pl\/wp-content\/uploads\/2019\/02\/DbYUVtDX4AALr4h-1024x683.jpg 1024w\" sizes=\"(max-width: 1200px) 100vw, 1200px\" \/><\/a><\/p>\n<p><em>Hrad v Krasiczyne, foto Pawe\u0142 Kula<\/em><\/p>\n<p>&nbsp;<\/p>","protected":false},"excerpt":{"rendered":"<p>Od lat tworzymy miejsca pracy, grunt pod inwestycje i rozw\u00f3j polskiej gospodarki dzi\u0119ki umiej\u0119tnemu dialogowi z pa\u0144stwami Europy \u015arodkowej i Wschodniej. Jednym z takich miejsc dialogu jest mi\u0119dzynarodowa konferencja \u201eEuropa Karpat\u201d, kt\u00f3ra odb\u0119dzie si\u0119 w dniach 16-17 lutego w Krasiczynie k. Przemy\u015bla, z inicjatywy marsza\u0142ka Sejmu Marka Kuchci\u0144skiego. B\u0119dzie to 22. edycja wydarzenia s\u0142u\u017c\u0105cego zacie\u015bnianiu [&hellip;]<\/p>\n","protected":false},"author":6,"featured_media":13084,"comment_status":"open","ping_status":"open","sticky":false,"template":"","format":"standard","meta":{"ngg_post_thumbnail":0,"footnotes":""},"categories":[78,49,50,3],"tags":[],"class_list":["post-13083","post","type-post","status-publish","format-standard","has-post-thumbnail","hentry","category-europa-karpat","category-podkarpacie","category-wspolpraca-miedzynarodowa","category-wydarzenia"],"_links":{"self":[{"href":"https:\/\/marekkuchcinski.pl\/sk\/wp-json\/wp\/v2\/posts\/13083","targetHints":{"allow":["GET"]}}],"collection":[{"href":"https:\/\/marekkuchcinski.pl\/sk\/wp-json\/wp\/v2\/posts"}],"about":[{"href":"https:\/\/marekkuchcinski.pl\/sk\/wp-json\/wp\/v2\/types\/post"}],"author":[{"embeddable":true,"href":"https:\/\/marekkuchcinski.pl\/sk\/wp-json\/wp\/v2\/users\/6"}],"replies":[{"embeddable":true,"href":"https:\/\/marekkuchcinski.pl\/sk\/wp-json\/wp\/v2\/comments?post=13083"}],"version-history":[{"count":15,"href":"https:\/\/marekkuchcinski.pl\/sk\/wp-json\/wp\/v2\/posts\/13083\/revisions"}],"predecessor-version":[{"id":13109,"href":"https:\/\/marekkuchcinski.pl\/sk\/wp-json\/wp\/v2\/posts\/13083\/revisions\/13109"}],"wp:featuredmedia":[{"embeddable":true,"href":"https:\/\/marekkuchcinski.pl\/sk\/wp-json\/wp\/v2\/media\/13084"}],"wp:attachment":[{"href":"https:\/\/marekkuchcinski.pl\/sk\/wp-json\/wp\/v2\/media?parent=13083"}],"wp:term":[{"taxonomy":"category","embeddable":true,"href":"https:\/\/marekkuchcinski.pl\/sk\/wp-json\/wp\/v2\/categories?post=13083"},{"taxonomy":"post_tag","embeddable":true,"href":"https:\/\/marekkuchcinski.pl\/sk\/wp-json\/wp\/v2\/tags?post=13083"}],"curies":[{"name":"wp","href":"https:\/\/api.w.org\/{rel}","templated":true}]}}