{"id":13026,"date":"2019-02-04T14:23:03","date_gmt":"2019-02-04T13:23:03","guid":{"rendered":"https:\/\/marekkuchcinski.pl\/?p=13026"},"modified":"2019-02-04T18:35:01","modified_gmt":"2019-02-04T17:35:01","slug":"memorial-olka-ostrowskiego-zostalo-rodzinie","status":"publish","type":"post","link":"https:\/\/marekkuchcinski.pl\/sk\/wydarzenia\/memorial-olka-ostrowskiego-zostalo-rodzinie\/","title":{"rendered":"Memori\u00e1l Oleka Ostrowsk\u00e9ho. V\u0161etko zostalo v rodine"},"content":{"rendered":"<p><strong>Hory a ly\u017eovanie boli skuto\u010dnou v\u00e1\u0161\u0148ou Oleka Ostrowsk\u00e9ho. Svoje \u017eivotn\u00e9 t\u00fa\u017eby realizoval s odvahou,\" povedal mar\u0161\u00e1l Marek Kuchci\u0144ski pri odovzd\u00e1van\u00ed cien najlep\u0161\u00edm \u00fa\u010dastn\u00edkom ly\u017eiarskeho behu v Bieszczadoch.<\/strong><\/p>\n<p>Memori\u00e1l Oleka Ostrowsk\u00e9ho, ako sa podujatie volalo, sa konal u\u017e po tret\u00ed raz. S\u00fa\u0165a\u017e je spomienkou na oper\u00e1tora GOPR-u, skialpinistu, ktor\u00fd zahynul v roku 2015 v Karakorume.<\/p>\n<p>Niet divu, \u017ee sa na \u0161tarte objavili z\u00e1chran\u00e1ri takmer zo v\u0161etk\u00fdch skup\u00edn GOPR v krajine, ako aj z\u00e1stupcovia pohrani\u010dnej str\u00e1\u017ee. Na trasu sa vydalo celkovo 54 kor\u010duliarov, ktor\u00ed museli prekona\u0165 n\u00e1ro\u010dn\u00fa trasu z Wetliny, kde sa Olek narodil. S\u00fa\u0165a\u017e sa mala skon\u010di\u0165 v Ustrzykach G\u00f3rnych, ale n\u00e1razov\u00fd vietor, ktor\u00fd v hor\u00e1ch dosahoval r\u00fdchlos\u0165 80 km\/h, bol pr\u00edli\u0161 ve\u013ekou hrozbou. Nakoniec sa Olekov brat Tomasz a Jan Koza dostali cez Po\u0142oninu Wetli\u0144sku do Brzegi G\u00f3rnej. Trasu, ktor\u00fa turisti v lete prekon\u00e1vaj\u00fa pribli\u017ene za 5 hod\u00edn, zvl\u00e1dli za hodinu a \u0161tvr\u0165.<\/p>\n<p>Aleksander Ostrowski, ktor\u00e9ho spom\u00edna Marek Kuchci\u0144ski, bol v\u00fdnimo\u010dn\u00fd \u010dlovek. Svoju l\u00e1sku k hor\u00e1m spojil s v\u00e1\u0161\u0148ou pre \u0161port. V\u017edy mu v\u0161ak z\u00e1le\u017ealo na druh\u00fdch. To je jeden z d\u00f4vodov, pre\u010do sa stal z\u00e1chrancom skupiny GOPR Bieszczady.<\/p>\n<p>Za zjazd osemtis\u00edcovky Cho Oyu na ly\u017eiach (v roku 2014 ju zdolal ako prv\u00fd Poliak) z\u00edskal prest\u00ed\u017ene ocenenie \"Colossus\". Mesa\u010dn\u00edk \"National Geographic\" ho ozna\u010dil za \"\u010din roka\". Bohu\u017eia\u013e, o rok nesk\u00f4r, 25. j\u00fala 2015, sa mu \u00fatok na vrchol Gasherbrum II (8035 m) nepodaril. Po\u010das zostupu ho pravdepodobne strhla lav\u00edna. Hory ho nav\u017edy vzali so sebou.<\/p>\n<p><em>Text: M. Olejnik<\/em><\/p>\n<p><em>Foto \u0141. B\u0142asikiewicz<\/em><\/p>\n<p><a href=\"https:\/\/marekkuchcinski.pl\/wp-content\/uploads\/2019\/02\/LB1_3274.jpg\"><img fetchpriority=\"high\" decoding=\"async\" class=\"alignnone size-full wp-image-13027\" src=\"https:\/\/marekkuchcinski.pl\/wp-content\/uploads\/2019\/02\/LB1_3274.jpg\" alt=\"LB1_3274\" width=\"2088\" height=\"1392\" srcset=\"https:\/\/marekkuchcinski.pl\/wp-content\/uploads\/2019\/02\/LB1_3274.jpg 2048w, https:\/\/marekkuchcinski.pl\/wp-content\/uploads\/2019\/02\/LB1_3274-300x200.jpg 300w, https:\/\/marekkuchcinski.pl\/wp-content\/uploads\/2019\/02\/LB1_3274-768x512.jpg 768w, https:\/\/marekkuchcinski.pl\/wp-content\/uploads\/2019\/02\/LB1_3274-1024x683.jpg 1024w\" sizes=\"(max-width: 2088px) 100vw, 2088px\" \/><\/a><\/p>\n<p>&nbsp;<\/p>\n<p>&nbsp;<\/p>\n<p>&nbsp;<\/p>","protected":false},"excerpt":{"rendered":"<p>G\u00f3ry i narciarstwo by\u0142o prawdziw\u0105 pasj\u0105 Olka Ostrowskiego. Z odwag\u0105 realizowa\u0142 swoje \u017cyciowe pragnienia &#8211; powiedzia\u0142 marsza\u0142ek Marek Kuchci\u0144ski, wr\u0119czaj\u0105c nagrody najlepszym zawodnikom biegu narciarskiego w Bieszczadach. Memoria\u0142 Olka Ostrowskiego, bo tak nazywa\u0142a si\u0119 impreza, zosta\u0142 zorganizowany po raz trzeci. Zawody upami\u0119tniaj\u0105 GOPR-owca, skialpinist\u0119, kt\u00f3ry zgin\u0105\u0142 w 2015 r. w Karakorum. Nic wi\u0119c dziwnego, \u017ce [&hellip;]<\/p>\n","protected":false},"author":6,"featured_media":13041,"comment_status":"open","ping_status":"open","sticky":false,"template":"","format":"standard","meta":{"ngg_post_thumbnail":0,"footnotes":""},"categories":[49,3],"tags":[136,139,88,137,138],"class_list":["post-13026","post","type-post","status-publish","format-standard","has-post-thumbnail","hentry","category-podkarpacie","category-wydarzenia","tag-bieszczady","tag-gopr","tag-marszalek-sejmu","tag-olek-ostrowski","tag-skitury"],"_links":{"self":[{"href":"https:\/\/marekkuchcinski.pl\/sk\/wp-json\/wp\/v2\/posts\/13026","targetHints":{"allow":["GET"]}}],"collection":[{"href":"https:\/\/marekkuchcinski.pl\/sk\/wp-json\/wp\/v2\/posts"}],"about":[{"href":"https:\/\/marekkuchcinski.pl\/sk\/wp-json\/wp\/v2\/types\/post"}],"author":[{"embeddable":true,"href":"https:\/\/marekkuchcinski.pl\/sk\/wp-json\/wp\/v2\/users\/6"}],"replies":[{"embeddable":true,"href":"https:\/\/marekkuchcinski.pl\/sk\/wp-json\/wp\/v2\/comments?post=13026"}],"version-history":[{"count":15,"href":"https:\/\/marekkuchcinski.pl\/sk\/wp-json\/wp\/v2\/posts\/13026\/revisions"}],"predecessor-version":[{"id":13044,"href":"https:\/\/marekkuchcinski.pl\/sk\/wp-json\/wp\/v2\/posts\/13026\/revisions\/13044"}],"wp:featuredmedia":[{"embeddable":true,"href":"https:\/\/marekkuchcinski.pl\/sk\/wp-json\/wp\/v2\/media\/13041"}],"wp:attachment":[{"href":"https:\/\/marekkuchcinski.pl\/sk\/wp-json\/wp\/v2\/media?parent=13026"}],"wp:term":[{"taxonomy":"category","embeddable":true,"href":"https:\/\/marekkuchcinski.pl\/sk\/wp-json\/wp\/v2\/categories?post=13026"},{"taxonomy":"post_tag","embeddable":true,"href":"https:\/\/marekkuchcinski.pl\/sk\/wp-json\/wp\/v2\/tags?post=13026"}],"curies":[{"name":"wp","href":"https:\/\/api.w.org\/{rel}","templated":true}]}}