{"id":12806,"date":"2019-01-26T14:03:57","date_gmt":"2019-01-26T13:03:57","guid":{"rendered":"https:\/\/marekkuchcinski.pl\/?p=12806"},"modified":"2019-04-19T13:28:44","modified_gmt":"2019-04-19T11:28:44","slug":"marek-kuchcinski-europa-srodkowa-bedzie-taka-chcemy-bedzie-stanie-sie-czescia-innej-strefy-wplywow-strefy-buforowej-mocarstw","status":"publish","type":"post","link":"https:\/\/marekkuchcinski.pl\/sk\/wydarzenia\/marek-kuchcinski-europa-srodkowa-bedzie-taka-chcemy-bedzie-stanie-sie-czescia-innej-strefy-wplywow-strefy-buforowej-mocarstw\/","title":{"rendered":"Marek Kuchci\u0144ski: Stredn\u00e1 Eur\u00f3pa bude tak\u00e1, ak\u00fa ju chceme ma\u0165, alebo nebude - stane sa s\u00fa\u010das\u0165ou inej sf\u00e9ry vplyvu, n\u00e1razn\u00edkovej z\u00f3ny ve\u013emoc\u00ed."},"content":{"rendered":"<p>V Jasionke pri Rzeszowe sa skon\u010dilo 12. f\u00f3rum Eur\u00f3pa-Ukrajina. Plen\u00e1rne zasadnutie, na ktorom sa z\u00fa\u010dastnil predseda Sejmu Marek Kuchci\u0144ski, bolo zameran\u00e9 na politick\u00e9 a hospod\u00e1rske v\u00fdzvy, ktor\u00fdm \u010del\u00ed stredn\u00e1 a v\u00fdchodn\u00e1 Eur\u00f3pa.<\/p>\n<p>Marek Kuchcinski zd\u00f4raznil, \u017ee region\u00e1lna spolupr\u00e1ca za posledn\u00fdch 30 rokov priniesla v strednej Eur\u00f3pe skvel\u00e9 v\u00fdsledky. - Rozv\u00edjajme ju, posil\u0148ujme a navz\u00e1jom sa podporujme a ako partneri najsilnej\u0161\u00edch d\u00e1me \u0161ancu na r\u00fdchlej\u0161ie budovanie stability. Slovo spolupr\u00e1ca je vo vz\u0165ahoch Vy\u0161ehradskej skupiny k\u013e\u00fa\u010dov\u00e9. Keby ho nebolo, hrali by si s nami najv\u00e4\u010d\u0161ie mocnosti v Eur\u00f3pe,\" povedal predseda parlamentu.<\/p>\n<p>Vy\u0161ehradsk\u00e9 krajiny s\u00fa dnes najd\u00f4le\u017eitej\u0161\u00edm obchodn\u00fdm partnerom najv\u00e4\u010d\u0161ej ekonomiky E\u00da, Nemecka. V\u00fdznamnej\u0161\u00ed ako Franc\u00fazsko; 2x v\u00e4\u010d\u0161\u00ed ako Spojen\u00e9 kr\u00e1\u013eovstvo; za posledn\u00e9 desa\u0165ro\u010die rastie v priemere a\u017e 5x r\u00fdchlej\u0161ie ako v z\u00e1padn\u00fdch krajin\u00e1ch E\u00da (2,7% oproti 0,5%).<\/p>\n<p>Pod\u013ea Kuchci\u0144sk\u00e9ho Eur\u00f3pska \u00fania prech\u00e1dza viacer\u00fdmi v\u00e1\u017enymi kr\u00edzami, ako je brexit, finan\u010dn\u00e1 kr\u00edza \u010di migr\u00e1cia... Na niektor\u00e9 z nich V4 reagovala a E\u00da ich prijala. Bohu\u017eia\u013e, \u00dania nie je orientovan\u00e1 na spolupr\u00e1cu, ale na rozdelenie - vytv\u00e1ra euroz\u00f3nu, prv\u00fd kruh, druh\u00fd kruh a siln\u00ed hr\u00e1\u010di chc\u00fa dominova\u0165 nad slab\u0161\u00edmi. Domnievam sa, \u017ee ide o chybu, ktor\u00e1 povedie k \u010fal\u0161\u00edm sporom. Som za \u00faniu suver\u00e9nnych \u0161t\u00e1tov, nie za federaliz\u00e1ciu.<\/p>\n<p>Predseda zd\u00f4raznil, \u017ee Eur\u00f3pska \u00fania by mala by\u0165 solid\u00e1rna, najm\u00e4 v \u0165a\u017ek\u00fdch situ\u00e1ci\u00e1ch, a viac sa stara\u0165 o bezpe\u010dnos\u0165 v celej Eur\u00f3pe. Nedostatok solidarity a neschopnos\u0165 n\u00e1js\u0165 rie\u0161enie konfliktu mo\u017eno vidie\u0165 v neefekt\u00edvnom zapojen\u00ed E\u00da do vojny na Ukrajine alebo v hre o energetick\u00fa bezpe\u010dnos\u0165 - Nord Stream 2, kde na jednej strane chce E\u00da podpori\u0165 Ukrajinu a na druhej strane sa dohodne s Ruskom na plynovode, ktor\u00e9ho v\u00fdstavba priprav\u00ed Ukrajinu o nez\u00e1vislos\u0165 od Ruska, ktor\u00e9 je tu najv\u00e4\u010d\u0161ou hrozbou. V\u00fdstavba NS2 zasiahne najm\u00e4 stredn\u00fa Eur\u00f3pu a balk\u00e1nske \u0161t\u00e1ty.<\/p>\n<p>Marek Kuchcinski zd\u00f4raznil, \u017ee Po\u013esko m\u00e1 od polovice roku 1992 v\u010faka ka\u017edodennej pr\u00e1ci svojich ob\u010danov stabiln\u00fd hospod\u00e1rsky rast, ktor\u00fd je porovnate\u013en\u00fd len s tzv. hospod\u00e1rskym z\u00e1zrakom v Nemecku a Rak\u00fasku. Minuloro\u010dn\u00fd rast HDP o viac ako 5% hovor\u00ed s\u00e1m za seba.<\/p>\n<p>Po\u013esko je dnes dvadsiatou najv\u00e4\u010d\u0161ou ekonomikou na svete a m\u00e1 podobne siln\u00fa arm\u00e1du, \u010do dobre ilustruje napr\u00edklad jeho ve\u013ek\u00e1 \u00fa\u010das\u0165 na mierov\u00fdch misi\u00e1ch po celom svete v posledn\u00fdch rokoch. Vn\u00fatorn\u00e1 bezpe\u010dnos\u0165 sa z roka na rok zvy\u0161uje, po\u010det vr\u00e1\u017ed a zn\u00e1silnen\u00ed kles\u00e1. Krajina tolerancie, kde napr\u00edklad pr\u00edchod pribli\u017ene 2 mili\u00f3nov ob\u010danov inej krajiny v kr\u00e1tkom \u010dase nesp\u00f4sobil \u017eiadne soci\u00e1lne otrasy.<\/p>\n<p>Pri prezent\u00e1cii siln\u00fdch str\u00e1nok v\u00fdchodnej Eur\u00f3py predseda Sejmu povedal, \u017ee v\u010faka bolestn\u00fdm sk\u00fasenostiam, ako bol Mn\u00edchov 1938, Jalta, 1956 a 1968 a mnoh\u00e9 \u010fal\u0161ie, sme sa ako Poliaci, Slov\u00e1ci a \u010fal\u0161ie n\u00e1rody na\u0161ej \u010dasti Eur\u00f3py nau\u010dili myslie\u0165, a teda aj spolupracova\u0165, s vedom\u00edm, \u017ee stredn\u00e1 Eur\u00f3pa bude tak\u00e1, ak\u00fa ju chceme ma\u0165, alebo nebude v tom zmysle, \u017ee sa jednoducho stane s\u00fa\u010das\u0165ou tej \u010di onej sf\u00e9ry vplyvu, n\u00e1razn\u00edkovou z\u00f3nou ve\u013emoc\u00ed.<\/p>\n<p>Po\u010das panelu Marek Kuchci\u0144ski predstavil aj \u010fal\u0161ie bohatstvo na\u0161ej krajiny. - E\u0161te nikdy v hist\u00f3rii EHS a nesk\u00f4r E\u00da neboli \u0161truktur\u00e1lne fondy vyu\u017e\u00edvan\u00e9 tak dobre ako v krajin\u00e1ch na\u0161ej \u010dasti Eur\u00f3py vr\u00e1tane Po\u013eska,\" povedal. - Z vedomostn\u00fdch testov PISA (medzin\u00e1rodn\u00e9 hodnotenie zru\u010dnost\u00ed \u017eiakov po 15. roku \u017eivota), ktor\u00e9 sa uskuto\u010dnili medzi mlad\u00fdmi \u013eu\u010fmi v najvyspelej\u0161\u00edch krajin\u00e1ch sveta, t. j. v krajin\u00e1ch zdru\u017een\u00fdch v OECD, vypl\u00fdva, \u017ee mlad\u00ed Poliaci, rovnako ako mlad\u00ed Slov\u00e1ci alebo \u010cesi, sa v jazykov\u00fdch alebo matematick\u00fdch zru\u010dnostiach v\u00f4bec nel\u00ed\u0161ia od svojich rovesn\u00edkov z Nemecka alebo Franc\u00fazska. A ak \u00e1no, tak len v tom zmysle, \u017ee na rozdiel od spom\u00ednan\u00fdch mlad\u00fdch \u013eud\u00ed z Franc\u00fazska alebo Nemecka zlep\u0161uj\u00fa svoje v\u00fdsledky ka\u017ed\u00fd rok.<\/p>\n<p>Predseda zd\u00f4raznil, \u017ee na\u0161e dopravn\u00e9 spojenia medzi severom a juhom s\u00fa st\u00e1le takmer 10-kr\u00e1t menej efekt\u00edvne ako v z\u00e1padnej \u010dasti kontinentu, hrani\u010dn\u00e9 priechody vo vy\u0161ehradskom priestore sa nach\u00e1dzaj\u00fa v priemere ka\u017ed\u00fdch 30 km, a nie 2,5 km od seba ako v z\u00e1padnej \u010dasti E\u00da.<\/p>\n<p>Re\u010dn\u00edci zo \u0160v\u00e9dska, Srbska a Slovenska tie\u017e zd\u00f4raznili, \u017ee \u00dania mus\u00ed by\u0165 solid\u00e1rna a dial\u00f3g je prvorad\u00fd. Je potrebn\u00e9 bojova\u0165 za eur\u00f3psku jednotu a podpori\u0165 Ukrajinu, ktor\u00e1 trp\u00ed ruskou agresiou.<\/p>\n<p>foto \/ text M. Olejnik<\/p>\n<p><a href=\"https:\/\/marekkuchcinski.pl\/wp-content\/uploads\/2019\/01\/IMG_4262-1.jpg\"><img fetchpriority=\"high\" decoding=\"async\" class=\"alignnone size-full wp-image-12824\" src=\"https:\/\/marekkuchcinski.pl\/wp-content\/uploads\/2019\/01\/IMG_4262-1.jpg\" alt=\"IMG_4262\" width=\"4421\" height=\"3101\" srcset=\"https:\/\/marekkuchcinski.pl\/wp-content\/uploads\/2019\/01\/IMG_4262-1.jpg 2048w, https:\/\/marekkuchcinski.pl\/wp-content\/uploads\/2019\/01\/IMG_4262-1-300x210.jpg 300w, https:\/\/marekkuchcinski.pl\/wp-content\/uploads\/2019\/01\/IMG_4262-1-768x539.jpg 768w, https:\/\/marekkuchcinski.pl\/wp-content\/uploads\/2019\/01\/IMG_4262-1-1024x718.jpg 1024w\" sizes=\"(max-width: 4421px) 100vw, 4421px\" \/><\/a> <a href=\"https:\/\/marekkuchcinski.pl\/wp-content\/uploads\/2019\/01\/IMG_4224.jpg\"><img decoding=\"async\" class=\"alignnone size-full wp-image-12818\" src=\"https:\/\/marekkuchcinski.pl\/wp-content\/uploads\/2019\/01\/IMG_4224.jpg\" alt=\"IMG_4224\" width=\"6240\" height=\"4160\" srcset=\"https:\/\/marekkuchcinski.pl\/wp-content\/uploads\/2019\/01\/IMG_4224.jpg 2048w, https:\/\/marekkuchcinski.pl\/wp-content\/uploads\/2019\/01\/IMG_4224-300x200.jpg 300w, https:\/\/marekkuchcinski.pl\/wp-content\/uploads\/2019\/01\/IMG_4224-768x512.jpg 768w, https:\/\/marekkuchcinski.pl\/wp-content\/uploads\/2019\/01\/IMG_4224-1024x683.jpg 1024w\" sizes=\"(max-width: 6240px) 100vw, 6240px\" \/><\/a> <a href=\"https:\/\/marekkuchcinski.pl\/wp-content\/uploads\/2019\/01\/IMG_4226.jpg\"><img decoding=\"async\" class=\"alignnone size-full wp-image-12817\" src=\"https:\/\/marekkuchcinski.pl\/wp-content\/uploads\/2019\/01\/IMG_4226.jpg\" alt=\"IMG_4226\" width=\"6240\" height=\"4160\" srcset=\"https:\/\/marekkuchcinski.pl\/wp-content\/uploads\/2019\/01\/IMG_4226.jpg 2048w, https:\/\/marekkuchcinski.pl\/wp-content\/uploads\/2019\/01\/IMG_4226-300x200.jpg 300w, https:\/\/marekkuchcinski.pl\/wp-content\/uploads\/2019\/01\/IMG_4226-768x512.jpg 768w, https:\/\/marekkuchcinski.pl\/wp-content\/uploads\/2019\/01\/IMG_4226-1024x683.jpg 1024w\" sizes=\"(max-width: 6240px) 100vw, 6240px\" \/><\/a> <a href=\"https:\/\/marekkuchcinski.pl\/wp-content\/uploads\/2019\/01\/IMG_4235.jpg\"><img loading=\"lazy\" decoding=\"async\" class=\"alignnone size-full wp-image-12815\" src=\"https:\/\/marekkuchcinski.pl\/wp-content\/uploads\/2019\/01\/IMG_4235.jpg\" alt=\"IMG_4235\" width=\"6240\" height=\"4160\" srcset=\"https:\/\/marekkuchcinski.pl\/wp-content\/uploads\/2019\/01\/IMG_4235.jpg 2048w, https:\/\/marekkuchcinski.pl\/wp-content\/uploads\/2019\/01\/IMG_4235-300x200.jpg 300w, https:\/\/marekkuchcinski.pl\/wp-content\/uploads\/2019\/01\/IMG_4235-768x512.jpg 768w, https:\/\/marekkuchcinski.pl\/wp-content\/uploads\/2019\/01\/IMG_4235-1024x683.jpg 1024w\" sizes=\"(max-width: 6240px) 100vw, 6240px\" \/><\/a> <a href=\"https:\/\/marekkuchcinski.pl\/wp-content\/uploads\/2019\/01\/IMG_4276.jpg\"><img loading=\"lazy\" decoding=\"async\" class=\"alignnone size-full wp-image-12812\" src=\"https:\/\/marekkuchcinski.pl\/wp-content\/uploads\/2019\/01\/IMG_4276.jpg\" alt=\"IMG_4276\" width=\"6240\" height=\"4160\" srcset=\"https:\/\/marekkuchcinski.pl\/wp-content\/uploads\/2019\/01\/IMG_4276.jpg 2048w, https:\/\/marekkuchcinski.pl\/wp-content\/uploads\/2019\/01\/IMG_4276-300x200.jpg 300w, https:\/\/marekkuchcinski.pl\/wp-content\/uploads\/2019\/01\/IMG_4276-768x512.jpg 768w, https:\/\/marekkuchcinski.pl\/wp-content\/uploads\/2019\/01\/IMG_4276-1024x683.jpg 1024w\" sizes=\"(max-width: 6240px) 100vw, 6240px\" \/><\/a> <a href=\"https:\/\/marekkuchcinski.pl\/wp-content\/uploads\/2019\/01\/IMG_4277-2.jpg\"><img loading=\"lazy\" decoding=\"async\" class=\"alignnone size-full wp-image-12807\" src=\"https:\/\/marekkuchcinski.pl\/wp-content\/uploads\/2019\/01\/IMG_4277-2.jpg\" alt=\"IMG_4277 2\" width=\"4770\" height=\"3432\" srcset=\"https:\/\/marekkuchcinski.pl\/wp-content\/uploads\/2019\/01\/IMG_4277-2.jpg 2048w, https:\/\/marekkuchcinski.pl\/wp-content\/uploads\/2019\/01\/IMG_4277-2-300x216.jpg 300w, https:\/\/marekkuchcinski.pl\/wp-content\/uploads\/2019\/01\/IMG_4277-2-768x553.jpg 768w, https:\/\/marekkuchcinski.pl\/wp-content\/uploads\/2019\/01\/IMG_4277-2-1024x737.jpg 1024w\" sizes=\"(max-width: 4770px) 100vw, 4770px\" \/><\/a> <a href=\"https:\/\/marekkuchcinski.pl\/wp-content\/uploads\/2019\/01\/IMG_4281.jpg\"><img loading=\"lazy\" decoding=\"async\" class=\"alignnone size-full wp-image-12810\" src=\"https:\/\/marekkuchcinski.pl\/wp-content\/uploads\/2019\/01\/IMG_4281.jpg\" alt=\"IMG_4281\" width=\"6240\" height=\"4160\" srcset=\"https:\/\/marekkuchcinski.pl\/wp-content\/uploads\/2019\/01\/IMG_4281.jpg 2048w, https:\/\/marekkuchcinski.pl\/wp-content\/uploads\/2019\/01\/IMG_4281-300x200.jpg 300w, https:\/\/marekkuchcinski.pl\/wp-content\/uploads\/2019\/01\/IMG_4281-768x512.jpg 768w, https:\/\/marekkuchcinski.pl\/wp-content\/uploads\/2019\/01\/IMG_4281-1024x683.jpg 1024w\" sizes=\"(max-width: 6240px) 100vw, 6240px\" \/><\/a><\/p>","protected":false},"excerpt":{"rendered":"<p>W podrzeszowskiej Jasionce zako\u0144czy\u0142o si\u0119 XII Forum Europa &#8211; Ukraina.&nbsp;Podczas sesji plenarnej z udzia\u0142em marsza\u0142ka Sejmu Marka Kuchci\u0144skiego skupiono si\u0119 na&nbsp;wyzwaniach politycznych i gospodarczych, przed jakimi stoi Europa \u015arodkowa i Wschodnia. Marek Kuchci\u0144ski podkre\u015bli\u0142, \u017ce wsp\u00f3\u0142praca regionalna ostatnich 30 lat da\u0142a \u015bwietne rezultaty w Europie \u015arodkowej. &#8211; Rozwijajmy j\u0105, umacniajmy i wspierajmy si\u0119 wzajemnie, a [&hellip;]<\/p>\n","protected":false},"author":6,"featured_media":12824,"comment_status":"open","ping_status":"open","sticky":false,"template":"","format":"standard","meta":{"ngg_post_thumbnail":0,"footnotes":""},"categories":[49,50,3],"tags":[],"class_list":["post-12806","post","type-post","status-publish","format-standard","has-post-thumbnail","hentry","category-podkarpacie","category-wspolpraca-miedzynarodowa","category-wydarzenia"],"_links":{"self":[{"href":"https:\/\/marekkuchcinski.pl\/sk\/wp-json\/wp\/v2\/posts\/12806","targetHints":{"allow":["GET"]}}],"collection":[{"href":"https:\/\/marekkuchcinski.pl\/sk\/wp-json\/wp\/v2\/posts"}],"about":[{"href":"https:\/\/marekkuchcinski.pl\/sk\/wp-json\/wp\/v2\/types\/post"}],"author":[{"embeddable":true,"href":"https:\/\/marekkuchcinski.pl\/sk\/wp-json\/wp\/v2\/users\/6"}],"replies":[{"embeddable":true,"href":"https:\/\/marekkuchcinski.pl\/sk\/wp-json\/wp\/v2\/comments?post=12806"}],"version-history":[{"count":12,"href":"https:\/\/marekkuchcinski.pl\/sk\/wp-json\/wp\/v2\/posts\/12806\/revisions"}],"predecessor-version":[{"id":14976,"href":"https:\/\/marekkuchcinski.pl\/sk\/wp-json\/wp\/v2\/posts\/12806\/revisions\/14976"}],"wp:featuredmedia":[{"embeddable":true,"href":"https:\/\/marekkuchcinski.pl\/sk\/wp-json\/wp\/v2\/media\/12824"}],"wp:attachment":[{"href":"https:\/\/marekkuchcinski.pl\/sk\/wp-json\/wp\/v2\/media?parent=12806"}],"wp:term":[{"taxonomy":"category","embeddable":true,"href":"https:\/\/marekkuchcinski.pl\/sk\/wp-json\/wp\/v2\/categories?post=12806"},{"taxonomy":"post_tag","embeddable":true,"href":"https:\/\/marekkuchcinski.pl\/sk\/wp-json\/wp\/v2\/tags?post=12806"}],"curies":[{"name":"wp","href":"https:\/\/api.w.org\/{rel}","templated":true}]}}