{"id":12734,"date":"2019-01-22T14:30:57","date_gmt":"2019-01-22T13:30:57","guid":{"rendered":"https:\/\/marekkuchcinski.pl\/?p=12734"},"modified":"2019-01-22T14:35:05","modified_gmt":"2019-01-22T13:35:05","slug":"zapraszamy-przemysla-konferencje-polacy-wschodzie","status":"publish","type":"post","link":"https:\/\/marekkuchcinski.pl\/sk\/wydarzenia\/zapraszamy-przemysla-konferencje-polacy-wschodzie\/","title":{"rendered":"Poz\u00fdvame v\u00e1s do Przemy\u015bla na konferenciu \"Poliaci na v\u00fdchode\""},"content":{"rendered":"<p style=\"text-align: center;\"><strong>N\u00e1rodn\u00e9 m\u00fazeum Przemysla a In\u0161tit\u00fat n\u00e1rodnej pam\u00e4ti v Rzeszowe v\u00e1s poz\u00fdvaj\u00fa na konferenciu s n\u00e1zvom \"Poliaci na v\u00fdchode.<\/strong><\/p>\n<p style=\"text-align: center;\"><span style=\"color: #800000;\"><strong>Konferencia sa konala pod \u010destnou z\u00e1\u0161titou predsedu Po\u013eskej republiky Mareka Kuchci\u0144sk\u00e9ho.\u00a0<\/strong><\/span><\/p>\n<p style=\"text-align: center;\"><span style=\"color: #000000;\"><strong>Program:<\/strong><\/span><\/p>\n<p style=\"text-align: center;\"><strong>10.00 - Sv\u00e4t\u00e1 om\u0161a v arcikatol\u00edckej bazilike v Przemy\u015bli pri pr\u00edle\u017eitosti 90. naroden\u00edn Zbigniewa Kuchci\u0144sk\u00e9ho<\/strong><\/p>\n<p style=\"text-align: center;\"><strong>11.30 - Konferencia:<\/strong><\/p>\n<p style=\"text-align: center;\"><strong>Uv\u00edtac\u00ed pr\u00edhovor Jana Jaro\u0161a, riadite\u013ea MNZP<\/strong><\/p>\n<p style=\"text-align: center;\"><span style=\"color: #800000;\"><strong>Pr\u00edhovor predsedu Sejmu Mareka Kuchci\u0144sk\u00e9ho<\/strong><\/span><\/p>\n<p style=\"text-align: center;\"><strong>Sovietske deport\u00e1cie z rieky San v roku 1940. - Tomasz Bereza, pobo\u010dka \u00dastavu pam\u00e4ti n\u00e1roda v Rzeszowe.<\/strong><\/p>\n<p style=\"text-align: center;\"><strong>Kontakty a pomoc po roku 1989. Jan Jarosz, riadite\u013e N\u00e1rodn\u00e9ho m\u00fazea Przemy\u015blsk\u00e9ho regi\u00f3nu v Przemy\u015bli.<\/strong><\/p>\n<p style=\"text-align: center;\"><strong>Po\u013esk\u00e1 \u0161t\u00e1tna politika vo\u010di Poliakom v b\u00fdvalom po\u013eskom pohrani\u010d\u00ed - Maria Koc, podpredsedn\u00ed\u010dka Sen\u00e1tu Po\u013eskej republiky.<\/strong><\/p>\n<p style=\"text-align: center;\"><strong>Podujatie sa uskuto\u010dn\u00ed 27. janu\u00e1ra 2019 v hlavnej budove N\u00e1rodn\u00e9ho m\u00fazea zeme Przemyslovej, pl. Berka Joselewicza 1.<\/strong><\/p>\n<p style=\"text-align: center;\">\n<p style=\"text-align: center;\"><a href=\"https:\/\/marekkuchcinski.pl\/wp-content\/uploads\/2019\/01\/plakatmaly_1.jpg\"><img fetchpriority=\"high\" decoding=\"async\" class=\"size-full wp-image-12737 aligncenter\" src=\"https:\/\/marekkuchcinski.pl\/wp-content\/uploads\/2019\/01\/plakatmaly_1.jpg\" alt=\"plakatmaly_1\" width=\"800\" height=\"1067\" srcset=\"https:\/\/marekkuchcinski.pl\/wp-content\/uploads\/2019\/01\/plakatmaly_1.jpg 800w, https:\/\/marekkuchcinski.pl\/wp-content\/uploads\/2019\/01\/plakatmaly_1-225x300.jpg 225w, https:\/\/marekkuchcinski.pl\/wp-content\/uploads\/2019\/01\/plakatmaly_1-768x1024.jpg 768w\" sizes=\"(max-width: 800px) 100vw, 800px\" \/><\/a><\/p>","protected":false},"excerpt":{"rendered":"<p>Muzeum Narodowe Ziemi Przemyskiej oraz Instytut Pami\u0119ci Narodowej Oddzia\u0142 w Rzeszowie serdecznie zapraszaj\u0105 na konferencj\u0119 pod tytu\u0142em &#8222;Polacy na wschodzie&#8221;. Konferencja obj\u0119ta zosta\u0142a honorowym patronatem Marsza\u0142ka Rzeczypospolitej Polskiej Marka Kuchci\u0144skiego.\u00a0 Program: 10.00 &#8211; Msza \u015awi\u0119ta w Bazylice Archikatedralnej w Przemy\u015blu w 90. rocznic\u0119 urodzin Zbigniewa Kuchci\u0144skiego 11.30 &#8211; Konferencja: Powitanie go\u015bci przez dyrektora MNZP\u00a0 Jana [&hellip;]<\/p>\n","protected":false},"author":6,"featured_media":12735,"comment_status":"open","ping_status":"open","sticky":false,"template":"","format":"standard","meta":{"ngg_post_thumbnail":0,"footnotes":""},"categories":[49,3],"tags":[],"class_list":["post-12734","post","type-post","status-publish","format-standard","has-post-thumbnail","hentry","category-podkarpacie","category-wydarzenia"],"_links":{"self":[{"href":"https:\/\/marekkuchcinski.pl\/sk\/wp-json\/wp\/v2\/posts\/12734","targetHints":{"allow":["GET"]}}],"collection":[{"href":"https:\/\/marekkuchcinski.pl\/sk\/wp-json\/wp\/v2\/posts"}],"about":[{"href":"https:\/\/marekkuchcinski.pl\/sk\/wp-json\/wp\/v2\/types\/post"}],"author":[{"embeddable":true,"href":"https:\/\/marekkuchcinski.pl\/sk\/wp-json\/wp\/v2\/users\/6"}],"replies":[{"embeddable":true,"href":"https:\/\/marekkuchcinski.pl\/sk\/wp-json\/wp\/v2\/comments?post=12734"}],"version-history":[{"count":2,"href":"https:\/\/marekkuchcinski.pl\/sk\/wp-json\/wp\/v2\/posts\/12734\/revisions"}],"predecessor-version":[{"id":12738,"href":"https:\/\/marekkuchcinski.pl\/sk\/wp-json\/wp\/v2\/posts\/12734\/revisions\/12738"}],"wp:featuredmedia":[{"embeddable":true,"href":"https:\/\/marekkuchcinski.pl\/sk\/wp-json\/wp\/v2\/media\/12735"}],"wp:attachment":[{"href":"https:\/\/marekkuchcinski.pl\/sk\/wp-json\/wp\/v2\/media?parent=12734"}],"wp:term":[{"taxonomy":"category","embeddable":true,"href":"https:\/\/marekkuchcinski.pl\/sk\/wp-json\/wp\/v2\/categories?post=12734"},{"taxonomy":"post_tag","embeddable":true,"href":"https:\/\/marekkuchcinski.pl\/sk\/wp-json\/wp\/v2\/tags?post=12734"}],"curies":[{"name":"wp","href":"https:\/\/api.w.org\/{rel}","templated":true}]}}