{"id":12557,"date":"2019-01-18T10:51:41","date_gmt":"2019-01-18T09:51:41","guid":{"rendered":"https:\/\/marekkuchcinski.pl\/?p=12557"},"modified":"2019-01-19T16:52:51","modified_gmt":"2019-01-19T15:52:51","slug":"nowe-miejsca-pracy-rozwoj-miasta-przemyslu-zostal-przywrocony-rejon-energetyczny","status":"publish","type":"post","link":"https:\/\/marekkuchcinski.pl\/sk\/wydarzenia\/nowe-miejsca-pracy-rozwoj-miasta-przemyslu-zostal-przywrocony-rejon-energetyczny\/","title":{"rendered":"Nov\u00e9 pracovn\u00e9 miesta a rozvoj mesta - obnoven\u00e1 energetick\u00e1 \u0161tvr\u0165 v Przemy\u015bli"},"content":{"rendered":"<p style=\"text-align: justify;\"><strong>Od 15. janu\u00e1ra obyvate\u013eom Przemy\u015bla a okolia sl\u00fa\u017ei energetick\u00e1 \u0161tvr\u0165 Przemy\u015bl. Bolo zriaden\u00e9 aj distribu\u010dn\u00e9 z\u00e1kazn\u00edcke centrum. O\u010dak\u00e1va sa, \u017ee projekt zabezpe\u010d\u00ed rozvoj regi\u00f3nu, nov\u00e9 pracovn\u00e9 miesta a lep\u0161iu dostupnos\u0165 slu\u017eieb garantovan\u00fdch spolo\u010dnos\u0165ou PGE.<\/strong><!--more--><\/p>\n<p><strong>\u00a0<\/strong><strong>V r\u00e1mci reorganiza\u010dn\u00fdch \u010dinnost\u00ed v rokoch 2012 - 2013 sa v Przemy\u015bli uskuto\u010dnili zmeny, ktor\u00e9 negat\u00edvne ovplyvnili kapacitu organiz\u00e1cie PGE. Potenci\u00e1l mesta sa zn\u00ed\u017eil, \u010do nepriamo ovplyvnilo zn\u00ed\u017eenie atraktivity najv\u00e4\u010d\u0161ieho po\u013esk\u00e9ho mesta, ktor\u00e9 sa nach\u00e1dza v tesnej bl\u00edzkosti v\u00fdchodnej hranice \u0161t\u00e1tu a z\u00e1rove\u0148 vn\u00fatornej hranice Eur\u00f3pskej \u00fanie. <\/strong><\/p>\n<p><strong>Preto mestsk\u00e1 rada v Przemy\u015bli v roku 2016 prijala uznesenie v prospech zachovania \u0161t\u00e1tnej energetiky v Przemy\u015bli.<\/strong><\/p>\n<p><strong>\u00a0<\/strong>- V\u010faka podpore poskytnutej predsedom Sejmu p\u00e1nom Marekom Kuchci\u0144sk\u00fdm - na z\u00e1klade uznesenia predstavenstva spolo\u010dnosti Polish Energy Group Dystrybucja S.A. zo d\u0148a 15.01.2019. - energetickej oblasti Przemy\u015bl a oblastn\u00e9ho dispe\u010dingu v Przemy\u015bli, hovor\u00ed Grzegorz Pietrusza (PGE). Spolo\u010dnos\u0165 RE Przemy\u015bl bola oddelen\u00e1 od spolo\u010dnosti RE Jaros\u0142aw a zah\u0155\u0148a po\u0161tu Energy Post v Birczi a po\u0161tu Energy Post v Dynove. Obnovenie Energetick\u00e9ho okrsku v Przemy\u015bli, ktor\u00fd bol zlikvidovan\u00fd po\u010das vl\u00e1dy koal\u00edcie PO-PSL, je diktovan\u00e9 nielen obchodn\u00fdmi \u00favahami s\u00favisiacimi s dynamicky sa rozv\u00edjaj\u00facim miestnym trhom s energiou v Przemy\u015bli a jeho okol\u00ed, ale aj snahou zlep\u0161i\u0165 dostupnos\u0165 cel\u00e9ho spektra slu\u017eieb poskytovan\u00fdch spolo\u010dnos\u0165ou v jej ponuke t\u00fdkaj\u00facej sa distribu\u010dn\u00e9ho z\u00e1kazn\u00edka pre miestnu komunitu v Przemy\u015bli, ako s\u00fa\u010das\u0165 realiz\u00e1cie zlep\u0161enia dostupnosti slu\u017eieb pre obyvate\u013estvo, zn\u00e1meho ako obnova \"miestneho Po\u013eska\", \u010do je jedn\u00fdm z hlavn\u00fdch cie\u013eov vl\u00e1d \"Dobrej zmeny\" pre Po\u013esko, dod\u00e1va.<\/p>\n<p>Pod\u013ea Grzegorza Pietrusza sa okrem zlep\u0161enia dostupnosti slu\u017eieb poskytovan\u00fdch spolo\u010dnos\u0165ou PGE Dystrybucja S.A, obnovenie RE Przemy\u015bl sa premietne aj do vzniku nov\u00fdch pracovn\u00fdch miest v energetike v Przemy\u015bli, ktor\u00e9 s\u00favisia s potrebou obsluhova\u0165 nov\u00e9 oblasti, ktor\u00e9 s\u00fa s\u00fa\u010das\u0165ou energetick\u00e9ho okrsku, ako aj s pridelen\u00edm na realiz\u00e1ciu nov\u00fdch \u010dinnost\u00ed v r\u00e1mci vy\u0161\u0161ej organiza\u010dnej \u00farovne Spolo\u010dnosti, ktorou je pov\u00fd\u0161enie z \u00farovne Elektr\u00e1rne Przemy\u015bl na \u00farove\u0148 energetick\u00e9ho okrsku, ako aj s pl\u00e1novan\u00fdm bud\u00facim doplnen\u00edm organiza\u010dnej \u0161trukt\u00fary Spolo\u010dnosti PGE Dystrybucja S.A. o \u0161pecializovan\u00e9 \u00faseky v r\u00e1mci jednotliv\u00fdch energetick\u00fdch okrskov. Z\u00e1rove\u0148 treba pripomen\u00fa\u0165, \u017ee jedno pracovn\u00e9 miesto v energetike vytv\u00e1ra minim\u00e1lne tri pracovn\u00e9 miesta v okolitej ekonomike, \u010do je mimoriadne prospe\u0161n\u00e9 pre rozvoj miestneho trhu pr\u00e1ce v Przemy\u015bli.<\/p>\n<p><a href=\"https:\/\/marekkuchcinski.pl\/wp-content\/uploads\/2019\/01\/IMG_20190107_194151_498.jpg\"><img fetchpriority=\"high\" decoding=\"async\" class=\"alignnone size-full wp-image-12558\" src=\"https:\/\/marekkuchcinski.pl\/wp-content\/uploads\/2019\/01\/IMG_20190107_194151_498.jpg\" alt=\"IMG_20190107_194151_498\" width=\"4873\" height=\"2760\" srcset=\"https:\/\/marekkuchcinski.pl\/wp-content\/uploads\/2019\/01\/IMG_20190107_194151_498.jpg 2048w, https:\/\/marekkuchcinski.pl\/wp-content\/uploads\/2019\/01\/IMG_20190107_194151_498-300x170.jpg 300w, https:\/\/marekkuchcinski.pl\/wp-content\/uploads\/2019\/01\/IMG_20190107_194151_498-768x435.jpg 768w, https:\/\/marekkuchcinski.pl\/wp-content\/uploads\/2019\/01\/IMG_20190107_194151_498-1024x580.jpg 1024w\" sizes=\"(max-width: 4873px) 100vw, 4873px\" \/><\/a><em>Przemy\u015bl, foto: M. Olejnik<\/em><\/p>","protected":false},"excerpt":{"rendered":"<p>Od 15. janu\u00e1ra obyvate\u013eom Przemy\u015bla a okolia sl\u00fa\u017ei energetick\u00e1 \u0161tvr\u0165 Przemy\u015bl. Bolo zriaden\u00e9 aj distribu\u010dn\u00e9 z\u00e1kazn\u00edcke centrum. O\u010dak\u00e1va sa, \u017ee projekt zabezpe\u010d\u00ed rozvoj regi\u00f3nu, nov\u00e9 pracovn\u00e9 miesta a lep\u0161iu dostupnos\u0165 slu\u017eieb garantovan\u00fdch spolo\u010dnos\u0165ou PGE.<\/p>","protected":false},"author":6,"featured_media":12558,"comment_status":"open","ping_status":"open","sticky":false,"template":"","format":"standard","meta":{"ngg_post_thumbnail":0,"footnotes":""},"categories":[49,3],"tags":[],"class_list":["post-12557","post","type-post","status-publish","format-standard","has-post-thumbnail","hentry","category-podkarpacie","category-wydarzenia"],"_links":{"self":[{"href":"https:\/\/marekkuchcinski.pl\/sk\/wp-json\/wp\/v2\/posts\/12557","targetHints":{"allow":["GET"]}}],"collection":[{"href":"https:\/\/marekkuchcinski.pl\/sk\/wp-json\/wp\/v2\/posts"}],"about":[{"href":"https:\/\/marekkuchcinski.pl\/sk\/wp-json\/wp\/v2\/types\/post"}],"author":[{"embeddable":true,"href":"https:\/\/marekkuchcinski.pl\/sk\/wp-json\/wp\/v2\/users\/6"}],"replies":[{"embeddable":true,"href":"https:\/\/marekkuchcinski.pl\/sk\/wp-json\/wp\/v2\/comments?post=12557"}],"version-history":[{"count":17,"href":"https:\/\/marekkuchcinski.pl\/sk\/wp-json\/wp\/v2\/posts\/12557\/revisions"}],"predecessor-version":[{"id":12599,"href":"https:\/\/marekkuchcinski.pl\/sk\/wp-json\/wp\/v2\/posts\/12557\/revisions\/12599"}],"wp:featuredmedia":[{"embeddable":true,"href":"https:\/\/marekkuchcinski.pl\/sk\/wp-json\/wp\/v2\/media\/12558"}],"wp:attachment":[{"href":"https:\/\/marekkuchcinski.pl\/sk\/wp-json\/wp\/v2\/media?parent=12557"}],"wp:term":[{"taxonomy":"category","embeddable":true,"href":"https:\/\/marekkuchcinski.pl\/sk\/wp-json\/wp\/v2\/categories?post=12557"},{"taxonomy":"post_tag","embeddable":true,"href":"https:\/\/marekkuchcinski.pl\/sk\/wp-json\/wp\/v2\/tags?post=12557"}],"curies":[{"name":"wp","href":"https:\/\/api.w.org\/{rel}","templated":true}]}}