{"id":12552,"date":"2019-01-18T10:00:06","date_gmt":"2019-01-18T09:00:06","guid":{"rendered":"https:\/\/marekkuchcinski.pl\/?p=12552"},"modified":"2019-01-18T13:01:31","modified_gmt":"2019-01-18T12:01:31","slug":"podsumowanie-76-posiedzenia-sejmu-rp","status":"publish","type":"post","link":"https:\/\/marekkuchcinski.pl\/sk\/wydarzenia\/podsumowanie-76-posiedzenia-sejmu-rp\/","title":{"rendered":"Zhrnutie 76. zasadnutia po\u013esk\u00e9ho Sejmu"},"content":{"rendered":"<p dir=\"ltr\"><strong>Po\u010das prv\u00e9ho d\u0148a zasadnutia Sejm schv\u00e1lil \u0161t\u00e1tny rozpo\u010det na rok 2019 s maxim\u00e1lnym deficitom 28,5 miliardy PLN. Zasadnutie sa za\u010dalo min\u00fatou ticha na pamiatku zosnul\u00e9ho prim\u00e1tora mesta Gdansk Pawla Adamowicza.<\/strong><\/p>\n<p dir=\"ltr\">Nov\u00fd rozpo\u010det na zachovanie udr\u017eate\u013enosti verejn\u00fdch financi\u00ed<strong>\u00a0<\/strong>s podporou hospod\u00e1rskeho rastu a solid\u00e1rnej soci\u00e1lnej politiky.<\/p>\n<p dir=\"ltr\">Na strane pr\u00edjmov sa zoh\u013ead\u0148uje zavedenie nov\u00e9ho,<strong><span style=\"color: #800000;\"> 9 % sadzba CIT pre mal\u00e9 a stredn\u00e9 podniky.<\/span><\/strong> Na strane v\u00fddavkov n\u00e1vrh poskytuje finan\u010dn\u00e9 prostriedky na realiz\u00e1ciu prioritn\u00fdch \u00faloh vl\u00e1dy vr\u00e1tane pokra\u010dovania programov <strong><span style=\"color: #800000;\">\"Rodina 500 plus\"<\/span>, <span style=\"color: #800000;\">\"Dobr\u00fd za\u010diatok\"<\/span>,<\/strong> <strong><span style=\"color: #800000;\">zv\u00fd\u0161enie platov \u0161t\u00e1tnych zamestnancov, zv\u00fd\u0161enie soci\u00e1lnych d\u00f4chodkov, valoriz\u00e1cia d\u00f4chodkov, bezplatn\u00e9 lieky pre star\u0161\u00edch ob\u010danov a \u010fal\u0161ie zv\u00fd\u0161enie v\u00fddavkov na obranu<\/span><\/strong>. Pl\u00e1novalo sa, \u017ee v roku 2019 bud\u00fa pr\u00edjmy \u0161t\u00e1tneho rozpo\u010dtu predstavova\u0165 388 mili\u00e1rd 294 mili\u00f3nov 520 tis\u00edc zlot\u00fdch, zatia\u013e \u010do v\u00fddavky 416 mili\u00e1rd 794 mili\u00f3nov 520 tis\u00edc zlot\u00fdch. Predpoklad\u00e1 sa tie\u017e, \u017ee HDP porastie o 3,8 % a infl\u00e1cia neprekro\u010d\u00ed 2,3 %. Deficit sektora verejn\u00fdch financi\u00ed m\u00e1 by\u0165 na \u00farovni 1,7 %.<\/p>\n<p dir=\"ltr\">Po\u010das druh\u00e9ho d\u0148a zasadnutia bola prijat\u00e1 rezol\u00facia na pripomenutie si <span style=\"color: #800000;\"><strong>100. v\u00fdro\u010die otvorenia \u00dastavodarn\u00e9ho zhroma\u017edenia\u00a0<\/strong><span style=\"color: #000000;\">\"Zvolanie parlamentu pova\u017eujeme za vrcholn\u00fd symbol znovuz\u00edskania nez\u00e1vislosti a o\u017eivenia republik\u00e1nskych trad\u00edci\u00ed po 123 rokoch rozdelenia. Vyvrcholen\u00edm pr\u00e1ce z\u00e1konodarn\u00e9ho zboru bolo prijatie z\u00e1kona zo 17. marca 1921 - \u00dastavy Po\u013eskej republiky - prvej modernej po\u013eskej \u00fastavy, ktor\u00e1 udelila najvy\u0161\u0161iu moc n\u00e1rodu a zaviedla rovnost\u00e1rsky syst\u00e9m demokratickej republiky\". - pre\u010d\u00edta znenie uznesenia prijat\u00e9ho aklam\u00e1ciou.<\/span><strong>\u00a0\u010clenovia si pripomenuli prezidenta USA Thomasa Woodrowa Wilsona. <\/strong><span style=\"color: #000000;\">V rezol\u00facii sa zd\u00f4raznilo, \u017ee prezident Wilson m\u00e1 osobitn\u00e9 z\u00e1sluhy o po\u013esk\u00fa nez\u00e1vislos\u0165. \"Vo svojom prejave v Kongrese USA predstavil mierov\u00fd program, v ktor\u00e9ho 13. bode predpokladal vytvorenie nez\u00e1visl\u00e9ho po\u013esk\u00e9ho \u0161t\u00e1tu. Posilnil priate\u013estvo medzi po\u013esk\u00fdm a americk\u00fdm n\u00e1rodom a pouk\u00e1zal na hodnoty, ktor\u00e9 n\u00e1s sp\u00e1jaj\u00fa: nespochybnite\u013en\u00e9 pr\u00e1vo n\u00e1rodov na sebaur\u010denie, slobodu a rovnos\u0165,\" uv\u00e1dza sa v texte dokumentu.\u00a0<\/span><\/span><\/p>\n<p dir=\"ltr\">Bolo prijat\u00e9 aj uznesenie k 100. v\u00fdro\u010diu<span style=\"color: #800000;\"><strong> Zdru\u017eenie po\u013esk\u00fdch geodetov, <\/strong><span style=\"color: #000000;\">sa uskuto\u010dnilo prv\u00e9 \u010d\u00edtanie n\u00e1vrhu<\/span><strong> Z\u00e1kon o v\u00fdskumnej sieti \u0141ukasiewicz <\/strong><span style=\"color: #000000;\">a d<\/span><\/span><span style=\"color: #800000;\"><span style=\"color: #000000;\">perchance<\/span><strong>\u00a0vo\u013eba nov\u00e9ho \u010dlena \u0160t\u00e1tneho dvora <\/strong><span style=\"color: #000000;\">- Maciej Prostko<\/span><\/span><span style=\"color: #000000;\">.<\/span><\/p>\n<p dir=\"ltr\">Poslanci okrem toho zmenili a doplnili <span style=\"color: #800000;\"><strong>z\u00e1kon o cudzincoch<\/strong><\/span>ktor\u00fd umo\u017e\u0148uje ob\u010danom kraj\u00edn mimo E\u00da z\u00edska\u0165 povolenie na prechodn\u00fd pobyt v Po\u013esku v r\u00e1mci vn\u00fatropodnikov\u00e9ho presunu z inej krajiny mimo E\u00da.<\/p>\n<p dir=\"ltr\">Bol prijat\u00fd pozme\u0148uj\u00faci a dopl\u0148uj\u00faci n\u00e1vrh <span style=\"color: #800000;\"><strong>z\u00e1kon o priemyselnom vlastn\u00edctve<\/strong><\/span> vypl\u00fdvaj\u00face z potreby implementova\u0165 smernicu Eur\u00f3pskeho parlamentu a Rady (E\u00da) 2015\/2436 zo 16. decembra 2015, ktorej cie\u013eom je vytvori\u0165 trval\u00fa a komplement\u00e1rnu koexistenciu medzi syst\u00e9mom ochrany ochrannej zn\u00e1mky Spolo\u010denstva a vn\u00fatro\u0161t\u00e1tnymi syst\u00e9mami ochrany ochrannej zn\u00e1mky.<\/p>\n<p dir=\"ltr\">V zmene a doplnen\u00ed <span style=\"color: #800000;\"><strong>Platobn\u00fd z\u00e1kon<\/strong><\/span> v r\u00e1mci re\u017eimov priamej podpory<span style=\"text-decoration: underline;\"><strong>\u00a0<\/strong><\/span>predl\u017euje na rok 2019 rie\u0161enie, ktor\u00e9 sa pou\u017eilo v roku 2018, aby po\u013enohospod\u00e1ri \u017eiadaj\u00faci o priame platby alebo platby na plochu v r\u00e1mci Programu rozvoja vidieka (PRV) mohli namiesto \u017eiadosti o tieto platby predlo\u017ei\u0165 vyhl\u00e1senie potvrdzuj\u00face, \u017ee v \u017eiadosti z predch\u00e1dzaj\u00faceho roka nedo\u0161lo k \u017eiadnym zmen\u00e1m.<\/p>\n<p dir=\"ltr\">Sejm prijat\u00edm pozme\u0148uj\u00faceho a dopl\u0148uj\u00faceho n\u00e1vrhu <span style=\"color: #800000;\"><strong>Z\u00e1kon o bankovom garan\u010dnom fonde, syst\u00e9me ochrany vkladov a povinnej re\u0161trukturaliz\u00e1cii,<\/strong><\/span> prijala zmeny a doplnenia s cie\u013eom zefekt\u00edvni\u0165 proces n\u00fatenej re\u0161trukturaliz\u00e1cie, najm\u00e4 pokia\u013e ide o vykonanie z\u00e1chrany z\u00e1v\u00e4zkov v r\u00e1mci tohto procesu.<\/p>\n<p dir=\"ltr\">Poslanci tie\u017e zmenili a doplnili <strong><span style=\"color: #800000;\">z\u00e1kon o hazardn\u00fdch hr\u00e1ch roz\u0161\u00edren\u00edm<\/span><\/strong> katal\u00f3g \u00fa\u010delov, na ktor\u00e9 sa m\u00f4\u017eu pou\u017ei\u0165 prostriedky Fondu rozvoja telesnej kult\u00fary, aby zah\u0155\u0148al v\u00fddavky na podporu rozvoja soci\u00e1lneho cestovn\u00e9ho ruchu.<\/p>\n<p dir=\"ltr\">Sejm prijal pozme\u0148uj\u00face a dopl\u0148uj\u00face n\u00e1vrhy Sen\u00e1tu <span style=\"color: #800000;\"><strong>Z\u00e1kon o Nad\u00e1cii priemyselnej platformy bud\u00facnosti<\/strong><\/span>. N\u00e1vrh z\u00e1kona sa teraz predlo\u017e\u00ed prezidentovi.<\/p>\n<p dir=\"ltr\"><a href=\"https:\/\/marekkuchcinski.pl\/wp-content\/uploads\/2019\/01\/LB1_8296.jpg\"><img fetchpriority=\"high\" decoding=\"async\" class=\"alignnone size-full wp-image-12553\" src=\"https:\/\/marekkuchcinski.pl\/wp-content\/uploads\/2019\/01\/LB1_8296.jpg\" alt=\"LB1_8296\" width=\"2790\" height=\"1827\" srcset=\"https:\/\/marekkuchcinski.pl\/wp-content\/uploads\/2019\/01\/LB1_8296.jpg 2048w, https:\/\/marekkuchcinski.pl\/wp-content\/uploads\/2019\/01\/LB1_8296-300x196.jpg 300w, https:\/\/marekkuchcinski.pl\/wp-content\/uploads\/2019\/01\/LB1_8296-768x503.jpg 768w, https:\/\/marekkuchcinski.pl\/wp-content\/uploads\/2019\/01\/LB1_8296-1024x671.jpg 1024w\" sizes=\"(max-width: 2790px) 100vw, 2790px\" \/><\/a><a href=\"https:\/\/marekkuchcinski.pl\/wp-content\/uploads\/2019\/01\/LB1_8281.jpg\"><img decoding=\"async\" class=\"alignnone size-full wp-image-12554\" src=\"https:\/\/marekkuchcinski.pl\/wp-content\/uploads\/2019\/01\/LB1_8281.jpg\" alt=\"LB1_8281\" width=\"4176\" height=\"2784\" srcset=\"https:\/\/marekkuchcinski.pl\/wp-content\/uploads\/2019\/01\/LB1_8281.jpg 2048w, https:\/\/marekkuchcinski.pl\/wp-content\/uploads\/2019\/01\/LB1_8281-300x200.jpg 300w, https:\/\/marekkuchcinski.pl\/wp-content\/uploads\/2019\/01\/LB1_8281-768x512.jpg 768w, https:\/\/marekkuchcinski.pl\/wp-content\/uploads\/2019\/01\/LB1_8281-1024x683.jpg 1024w\" sizes=\"(max-width: 4176px) 100vw, 4176px\" \/><\/a><\/p>","protected":false},"excerpt":{"rendered":"<p>Podczas pierwszego dnia posiedzenia Sejm uchwali\u0142 bud\u017cet pa\u0144stwa na 2019 r. z maksymalnym deficytem 28,5 mld z\u0142. Obrady rozpocz\u0119to minut\u0105 ciszy ku czci\u00a0zmar\u0142ego prezydenta Gda\u0144ska, Paw\u0142a Adamowicza. Nowy bud\u017cet ma utrzyma\u0107\u00a0stabilno\u015b\u0107 finans\u00f3w publicznych\u00a0przy wspieraniu wzrostu gospodarczego i solidarno\u015bciowej polityki spo\u0142ecznej. Strona dochodowa uwzgl\u0119dnia wprowadzenie\u00a0nowej, 9 proc. stawki w podatku CIT dla ma\u0142ych i \u015brednich przedsi\u0119biorstw. [&hellip;]<\/p>\n","protected":false},"author":6,"featured_media":12553,"comment_status":"open","ping_status":"open","sticky":false,"template":"","format":"standard","meta":{"ngg_post_thumbnail":0,"footnotes":""},"categories":[81,3],"tags":[],"class_list":["post-12552","post","type-post","status-publish","format-standard","has-post-thumbnail","hentry","category-wiesci-z-sejmu","category-wydarzenia"],"_links":{"self":[{"href":"https:\/\/marekkuchcinski.pl\/sk\/wp-json\/wp\/v2\/posts\/12552","targetHints":{"allow":["GET"]}}],"collection":[{"href":"https:\/\/marekkuchcinski.pl\/sk\/wp-json\/wp\/v2\/posts"}],"about":[{"href":"https:\/\/marekkuchcinski.pl\/sk\/wp-json\/wp\/v2\/types\/post"}],"author":[{"embeddable":true,"href":"https:\/\/marekkuchcinski.pl\/sk\/wp-json\/wp\/v2\/users\/6"}],"replies":[{"embeddable":true,"href":"https:\/\/marekkuchcinski.pl\/sk\/wp-json\/wp\/v2\/comments?post=12552"}],"version-history":[{"count":19,"href":"https:\/\/marekkuchcinski.pl\/sk\/wp-json\/wp\/v2\/posts\/12552\/revisions"}],"predecessor-version":[{"id":12589,"href":"https:\/\/marekkuchcinski.pl\/sk\/wp-json\/wp\/v2\/posts\/12552\/revisions\/12589"}],"wp:featuredmedia":[{"embeddable":true,"href":"https:\/\/marekkuchcinski.pl\/sk\/wp-json\/wp\/v2\/media\/12553"}],"wp:attachment":[{"href":"https:\/\/marekkuchcinski.pl\/sk\/wp-json\/wp\/v2\/media?parent=12552"}],"wp:term":[{"taxonomy":"category","embeddable":true,"href":"https:\/\/marekkuchcinski.pl\/sk\/wp-json\/wp\/v2\/categories?post=12552"},{"taxonomy":"post_tag","embeddable":true,"href":"https:\/\/marekkuchcinski.pl\/sk\/wp-json\/wp\/v2\/tags?post=12552"}],"curies":[{"name":"wp","href":"https:\/\/api.w.org\/{rel}","templated":true}]}}