{"id":12471,"date":"2019-01-15T17:01:33","date_gmt":"2019-01-15T16:01:33","guid":{"rendered":"https:\/\/marekkuchcinski.pl\/?p=12471"},"modified":"2019-01-15T17:01:33","modified_gmt":"2019-01-15T16:01:33","slug":"marek-kuchcinski-wreczyl-krzyz-wolnosci-solidarnosci-ks-pralatowi-eugeniuszowi-dryniakowi","status":"publish","type":"post","link":"https:\/\/marekkuchcinski.pl\/sk\/wydarzenia\/marek-kuchcinski-wreczyl-krzyz-wolnosci-solidarnosci-ks-pralatowi-eugeniuszowi-dryniakowi\/","title":{"rendered":"Marek Kuchci\u0144ski odovzdal Mons. Eugeniuszovi Dryniakovi Kr\u00ed\u017e slobody a solidarity"},"content":{"rendered":"<p dir=\"ltr\">- V 80. rokoch bol otec Eugeniusz kapl\u00e1nom Solidarity v Rzeszowe, nesk\u00f4r v Przemy\u015bli. K\u00e1zal odv\u00e1\u017ene vlasteneck\u00e9 k\u00e1zne, spoluorganizoval stretnutia podzemn\u00fdch aktivistov vo vlastnom byte,\" vymenoval k\u0148azove z\u00e1sluhy predseda Sejmu Marek Kuchci\u0144ski, ktor\u00fd 11. janu\u00e1ra v mene prezidenta odovzdal vyznamenanie b\u00fdval\u00e9mu far\u00e1rovi v Novom Zag\u00f3rze v Podkarpatskej oblasti.<\/p>\n<p dir=\"ltr\">Katol\u00edcka cirkev po\u010das komunistick\u00e9ho obdobia, a najm\u00e4 po\u010das vojnov\u00e9ho stavu, zohrala obrovsk\u00fa \u00falohu; jednak t\u00fdm, \u017ee pom\u00e1hala spolo\u010dnosti organizova\u0165 sa proti v\u00edzii socialistickej spolo\u010dnosti, ktor\u00fa zav\u00e1dzali \u00farady, a jednak t\u00fdm, \u017ee soci\u00e1lne u\u010denie Cirkvi bolo alternat\u00edvou ku komunistickej v\u00edzii. V podmienkach \u017eivota v Po\u013eskej \u013eudovej republike nemo\u017eno t\u00fato pomoc prece\u0148ova\u0165.<\/p>\n<p dir=\"ltr\">Po\u010das vojnov\u00e9ho stavu sa mnoh\u00ed k\u0148azi podie\u013eali na konkr\u00e9tnej pomoci spolo\u010dnosti, ktor\u00e1 sa br\u00e1nila totalitn\u00fdm org\u00e1nom. Medzi nimi bol aj o. Dryniak, vysv\u00e4ten\u00fd v roku 1980, ktor\u00fd bol ako vik\u00e1r rzeszowskej farnosti Najsv\u00e4tej\u0161ej sviatosti v Drabinianke vymenovan\u00fd biskupom (Ignacy Tokarczuk) za kapl\u00e1na DLP (Duszpasterstwo Ludzi Pracy). Na ustanovuj\u00facej sch\u00f4dzi DLP, ktor\u00e1 sa konala v j\u00fali 1984, sa pod\u013ea odhadov SB z\u00fa\u010dastnilo pribli\u017ene osemsto \u013eud\u00ed. P\u00e1ter Eugeniusz podporoval opozi\u010dn\u00e9 kruhy a neofici\u00e1lne spolupracoval aj s RKW (Region\u00e1lna v\u00fdkonn\u00e1 komisia \"Solidarity\").<\/p>\n<p dir=\"ltr\">Spoluorganizoval vyd\u00e1vanie a distrib\u00faciu undergroundovej miestnej a celo\u0161t\u00e1tnej tla\u010de, vr\u00e1tane \"Tygodnik Mazowsze\", \"Wola\", \"Przegl\u0105d Wiadomo\u015bci Agencyjnych\", \"Hutnik\", ako aj spr\u00e1v o konverzii \"Sk\u00fasenosti a bud\u00facnos\u0165\". Jeho byt sl\u00fa\u017eil ako sklad papiera a matr\u00edc a ako distribu\u010dn\u00e9 miesto pre undergroundov\u00fa tla\u010d a publik\u00e1cie. Bol spoluorganiz\u00e1torom a duchovn\u00fdm sprievodcom Rzesz\u00f3wskej a Przemy\u0161\u013eanskej p\u00fate \"Solidarity\" na Jasn\u00fa Horu - celon\u00e1rodnej p\u00fate pracuj\u00faceho \u013eudu. Spoluorganizoval tie\u017e cesty do Var\u0161avy pri pr\u00edle\u017eitosti n\u00e1v\u0161tev J\u00e1na Pavla II. v Po\u013esku, ako aj na pohreb blahoslaven\u00e9ho otca Jerzyho Popie\u0142uszku a v neskor\u0161\u00edch rokoch aj na jeho hrob. Akt\u00edvne ho vy\u0161etrovalo IV. oddelenie WUSW v Rzeszowe.<\/p>\n<p dir=\"ltr\">Kr\u00ed\u017e slobody a solidarity je jedine\u010dn\u00e9 \u0161t\u00e1tne vyznamenanie, ktor\u00e9 ude\u013euje prezident Po\u013eskej republiky zasl\u00fa\u017eil\u00fdm opozi\u010dn\u00fdm aktivistom v rokoch 1956 a\u017e 1989 na \u017eiados\u0165 In\u0161tit\u00fatu n\u00e1rodnej pam\u00e4ti. Mons. Dryniak bol v minulosti za svoju podzemn\u00fa \u010dinnos\u0165 vyznamenan\u00fd Rytierskym kr\u00ed\u017eom r\u00e1du Polonia Restituta a bol tie\u017e ocenen\u00fd so\u0161kou Pam\u00e4tn\u00edka padl\u00fdm lodeniciam (Gdansk\u00e9 kr\u00ed\u017ee).<\/p>\n<p dir=\"ltr\"><a href=\"https:\/\/marekkuchcinski.pl\/wp-content\/uploads\/2019\/01\/k1.jpg\"><img fetchpriority=\"high\" decoding=\"async\" class=\"alignnone size-full wp-image-12475\" src=\"https:\/\/marekkuchcinski.pl\/wp-content\/uploads\/2019\/01\/k1.jpg\" alt=\"k1\" width=\"1252\" height=\"896\" srcset=\"https:\/\/marekkuchcinski.pl\/wp-content\/uploads\/2019\/01\/k1.jpg 1252w, https:\/\/marekkuchcinski.pl\/wp-content\/uploads\/2019\/01\/k1-300x215.jpg 300w, https:\/\/marekkuchcinski.pl\/wp-content\/uploads\/2019\/01\/k1-768x550.jpg 768w, https:\/\/marekkuchcinski.pl\/wp-content\/uploads\/2019\/01\/k1-1024x733.jpg 1024w\" sizes=\"(max-width: 1252px) 100vw, 1252px\" \/><\/a> <a href=\"https:\/\/marekkuchcinski.pl\/wp-content\/uploads\/2019\/01\/k2-1.jpg\"><img decoding=\"async\" class=\"alignnone size-full wp-image-12476\" src=\"https:\/\/marekkuchcinski.pl\/wp-content\/uploads\/2019\/01\/k2-1.jpg\" alt=\"k2\" width=\"836\" height=\"526\" srcset=\"https:\/\/marekkuchcinski.pl\/wp-content\/uploads\/2019\/01\/k2-1.jpg 836w, https:\/\/marekkuchcinski.pl\/wp-content\/uploads\/2019\/01\/k2-1-300x189.jpg 300w, https:\/\/marekkuchcinski.pl\/wp-content\/uploads\/2019\/01\/k2-1-768x483.jpg 768w\" sizes=\"(max-width: 836px) 100vw, 836px\" \/><\/a><\/p>","protected":false},"excerpt":{"rendered":"<p>&#8211; W latach 80. ks. Eugeniusz by\u0142 kapelanem Solidarno\u015bci w Rzeszowie,\u00a0 p\u00f3\u017aniej w Przemy\u015blu. G\u0142osi\u0142 odwa\u017cne kazania patriotyczne, wsp\u00f3\u0142organizowa\u0142 we w\u0142asnym mieszkaniu spotkania dzia\u0142aczy podziemia &#8211; wymieni\u0142 zas\u0142ugi kap\u0142ana marsza\u0142ek Sejmu Marek Kuchci\u0144ski, kt\u00f3ry wr\u0119czy\u0142 odznaczenie w imieniu Prezydenta by\u0142emu proboszczowi parafii w Nowym Zag\u00f3rzu na Podkarpaciu 11 stycznia. Ko\u015bci\u00f3\u0142 katolicki, w okresie komunizmu, a [&hellip;]<\/p>\n","protected":false},"author":6,"featured_media":12474,"comment_status":"open","ping_status":"open","sticky":false,"template":"","format":"standard","meta":{"ngg_post_thumbnail":0,"footnotes":""},"categories":[49,3],"tags":[],"class_list":["post-12471","post","type-post","status-publish","format-standard","has-post-thumbnail","hentry","category-podkarpacie","category-wydarzenia"],"_links":{"self":[{"href":"https:\/\/marekkuchcinski.pl\/sk\/wp-json\/wp\/v2\/posts\/12471","targetHints":{"allow":["GET"]}}],"collection":[{"href":"https:\/\/marekkuchcinski.pl\/sk\/wp-json\/wp\/v2\/posts"}],"about":[{"href":"https:\/\/marekkuchcinski.pl\/sk\/wp-json\/wp\/v2\/types\/post"}],"author":[{"embeddable":true,"href":"https:\/\/marekkuchcinski.pl\/sk\/wp-json\/wp\/v2\/users\/6"}],"replies":[{"embeddable":true,"href":"https:\/\/marekkuchcinski.pl\/sk\/wp-json\/wp\/v2\/comments?post=12471"}],"version-history":[{"count":2,"href":"https:\/\/marekkuchcinski.pl\/sk\/wp-json\/wp\/v2\/posts\/12471\/revisions"}],"predecessor-version":[{"id":12477,"href":"https:\/\/marekkuchcinski.pl\/sk\/wp-json\/wp\/v2\/posts\/12471\/revisions\/12477"}],"wp:featuredmedia":[{"embeddable":true,"href":"https:\/\/marekkuchcinski.pl\/sk\/wp-json\/wp\/v2\/media\/12474"}],"wp:attachment":[{"href":"https:\/\/marekkuchcinski.pl\/sk\/wp-json\/wp\/v2\/media?parent=12471"}],"wp:term":[{"taxonomy":"category","embeddable":true,"href":"https:\/\/marekkuchcinski.pl\/sk\/wp-json\/wp\/v2\/categories?post=12471"},{"taxonomy":"post_tag","embeddable":true,"href":"https:\/\/marekkuchcinski.pl\/sk\/wp-json\/wp\/v2\/tags?post=12471"}],"curies":[{"name":"wp","href":"https:\/\/api.w.org\/{rel}","templated":true}]}}