{"id":12405,"date":"2019-01-09T16:00:04","date_gmt":"2019-01-09T15:00:04","guid":{"rendered":"https:\/\/marekkuchcinski.pl\/?p=12405"},"modified":"2019-01-09T16:00:04","modified_gmt":"2019-01-09T15:00:04","slug":"450-temu-rozpoczely-sie-obrady-sejmu-poprzedzajace-zawarcie-unii-polsko-litewskiej","status":"publish","type":"post","link":"https:\/\/marekkuchcinski.pl\/sk\/wydarzenia\/450-temu-rozpoczely-sie-obrady-sejmu-poprzedzajace-zawarcie-unii-polsko-litewskiej\/","title":{"rendered":"Pred 450 rokmi sa za\u010dali rokovania Sejmu, ktor\u00e9 predch\u00e1dzali uzavretiu po\u013esko-litovskej \u00fanie"},"content":{"rendered":"<p><strong>10. janu\u00e1ra 1569 sa na z\u00e1mku v Lubline za\u010dalo zasadanie Sejmu, ktor\u00e9 predch\u00e1dzalo uzavretiu po\u013esko-litovskej \u00fanie, \u010d\u00edm vznikla geopolitick\u00e1 ve\u013emoc.<\/strong><\/p>\n<p>Cie\u013eom spom\u00ednan\u00e9ho Sejmu bolo trval\u00e9 spojenie Koruny a Litovsk\u00e9ho ve\u013ekoknie\u017eatstva. Vznikol nov\u00fd \u0161t\u00e1t, ktor\u00fd pretrval a\u017e do 18. storo\u010dia. - Spolo\u010denstvo Po\u013eska a Litvy.<\/p>\n<p>- Minulos\u0165 n\u00e1s u\u010d\u00ed, \u017ee ke\u010f sme boli spolu, boli sme ve\u013ek\u00ed a siln\u00ed,\" povedal mar\u0161al Seimasu Marek Kuchcinski na minuloro\u010dnom litovskom Seimase. - \"Chceme obnovi\u0165 \u010dinnos\u0165 parlamentn\u00e9ho zhroma\u017edenia Po\u013eska a Litvy; dne\u0161ok je signum temporis pre parlamentn\u00fa diplomaciu, najm\u00e4 v na\u0161ej \u010dasti Eur\u00f3py,\" povedal predseda parlamentu.<\/p>\n<p><a href=\"https:\/\/marekkuchcinski.pl\/wp-content\/uploads\/2019\/01\/J._Matejko_unia_lubelska.png\"><img fetchpriority=\"high\" decoding=\"async\" class=\"alignnone size-full wp-image-12406\" src=\"https:\/\/marekkuchcinski.pl\/wp-content\/uploads\/2019\/01\/J._Matejko_unia_lubelska.png\" alt=\"J._Matejko_unia_lubelska\" width=\"1280\" height=\"743\" srcset=\"https:\/\/marekkuchcinski.pl\/wp-content\/uploads\/2019\/01\/J._Matejko_unia_lubelska.png 1280w, https:\/\/marekkuchcinski.pl\/wp-content\/uploads\/2019\/01\/J._Matejko_unia_lubelska-300x174.png 300w, https:\/\/marekkuchcinski.pl\/wp-content\/uploads\/2019\/01\/J._Matejko_unia_lubelska-768x446.png 768w, https:\/\/marekkuchcinski.pl\/wp-content\/uploads\/2019\/01\/J._Matejko_unia_lubelska-1024x594.png 1024w\" sizes=\"(max-width: 1280px) 100vw, 1280px\" \/><\/a><em>ma\u013eba: Jan Matejko \"Union of Lubesa\"<\/em><a href=\"https:\/\/marekkuchcinski.pl\/wp-content\/uploads\/2019\/01\/550-wyb-6.jpg\"><img decoding=\"async\" class=\"alignnone size-full wp-image-12407\" src=\"https:\/\/marekkuchcinski.pl\/wp-content\/uploads\/2019\/01\/550-wyb-6.jpg\" alt=\"550 wyb 6\" width=\"2895\" height=\"2008\" srcset=\"https:\/\/marekkuchcinski.pl\/wp-content\/uploads\/2019\/01\/550-wyb-6.jpg 2048w, https:\/\/marekkuchcinski.pl\/wp-content\/uploads\/2019\/01\/550-wyb-6-300x208.jpg 300w, https:\/\/marekkuchcinski.pl\/wp-content\/uploads\/2019\/01\/550-wyb-6-768x533.jpg 768w, https:\/\/marekkuchcinski.pl\/wp-content\/uploads\/2019\/01\/550-wyb-6-1024x710.jpg 1024w\" sizes=\"(max-width: 2895px) 100vw, 2895px\" \/><\/a>Predseda Sejmu Marek Kuchci\u0144ski s predsedom Sejmu Viktorasom Pranckietisom vo Var\u0161ave po\u010das osl\u00e1v 550. v\u00fdro\u010dia po\u013esk\u00e9ho parlamentarizmu<\/p>","protected":false},"excerpt":{"rendered":"<p>10 I 1569 roku na zamku w Lublinie rozpocz\u0119\u0142y si\u0119 obrady Sejmu poprzedzaj\u0105ce zawarcie unii polsko-litewskiej, kt\u00f3ra stworzy\u0142a geopolityczne mocarstwo. Celem wspomnianego Sejmu mia\u0142o by\u0107 trwa\u0142e po\u0142\u0105czenie Korony i Wielkiego Ksi\u0119stwa Litewskiego. Powsta\u0142o nowe pa\u0144stwo, kt\u00f3re przetrwa\u0142o do XVIII w. &#8211; Rzeczpospolita Obojga Narod\u00f3w. &#8211; Przesz\u0142o\u015b\u0107 uczy nas, \u017ce wtedy, gdy byli\u015bmy razem, byli\u015bmy wielcy [&hellip;]<\/p>\n","protected":false},"author":6,"featured_media":12406,"comment_status":"open","ping_status":"open","sticky":false,"template":"","format":"standard","meta":{"ngg_post_thumbnail":0,"footnotes":""},"categories":[77,81,3],"tags":[],"class_list":["post-12405","post","type-post","status-publish","format-standard","has-post-thumbnail","hentry","category-wazne-daty","category-wiesci-z-sejmu","category-wydarzenia"],"_links":{"self":[{"href":"https:\/\/marekkuchcinski.pl\/sk\/wp-json\/wp\/v2\/posts\/12405","targetHints":{"allow":["GET"]}}],"collection":[{"href":"https:\/\/marekkuchcinski.pl\/sk\/wp-json\/wp\/v2\/posts"}],"about":[{"href":"https:\/\/marekkuchcinski.pl\/sk\/wp-json\/wp\/v2\/types\/post"}],"author":[{"embeddable":true,"href":"https:\/\/marekkuchcinski.pl\/sk\/wp-json\/wp\/v2\/users\/6"}],"replies":[{"embeddable":true,"href":"https:\/\/marekkuchcinski.pl\/sk\/wp-json\/wp\/v2\/comments?post=12405"}],"version-history":[{"count":1,"href":"https:\/\/marekkuchcinski.pl\/sk\/wp-json\/wp\/v2\/posts\/12405\/revisions"}],"predecessor-version":[{"id":12408,"href":"https:\/\/marekkuchcinski.pl\/sk\/wp-json\/wp\/v2\/posts\/12405\/revisions\/12408"}],"wp:featuredmedia":[{"embeddable":true,"href":"https:\/\/marekkuchcinski.pl\/sk\/wp-json\/wp\/v2\/media\/12406"}],"wp:attachment":[{"href":"https:\/\/marekkuchcinski.pl\/sk\/wp-json\/wp\/v2\/media?parent=12405"}],"wp:term":[{"taxonomy":"category","embeddable":true,"href":"https:\/\/marekkuchcinski.pl\/sk\/wp-json\/wp\/v2\/categories?post=12405"},{"taxonomy":"post_tag","embeddable":true,"href":"https:\/\/marekkuchcinski.pl\/sk\/wp-json\/wp\/v2\/tags?post=12405"}],"curies":[{"name":"wp","href":"https:\/\/api.w.org\/{rel}","templated":true}]}}