{"id":12319,"date":"2019-01-02T12:11:43","date_gmt":"2019-01-02T11:11:43","guid":{"rendered":"https:\/\/marekkuchcinski.pl\/?p=12319"},"modified":"2019-01-02T13:48:50","modified_gmt":"2019-01-02T12:48:50","slug":"dobre-zmiany-podkarpaciu-2018-roku","status":"publish","type":"post","link":"https:\/\/marekkuchcinski.pl\/sk\/wydarzenia\/dobre-zmiany-podkarpaciu-2018-roku\/","title":{"rendered":"Dobr\u00e9 zmeny na Podkarpatsku v roku 2018"},"content":{"rendered":"<p>V roku 2018 sa na Podkarpatskej Rusi realizovali programy v oblasti infra\u0161trukt\u00fary, zdravotn\u00edctva a soci\u00e1lnych vec\u00ed. Pre program <strong>\"Rodina 500 plus\" <\/strong>z rozpo\u010dtu guvern\u00e9ra bolo na program vy\u010dlenen\u00fdch viac ako 1,4 miliardy EUR. <strong>\"Senior plus\"<\/strong> - 5 mili\u00f3nov eur, za <strong>\"Dobr\u00fd za\u010diatok\"<\/strong> - viac ako 80 mili\u00f3nov PLN.<\/p>\n<p>V\u010faka peniazom z Region\u00e1lneho opera\u010dn\u00e9ho programu Podkarpatsko 2014-2020, a\u017e 5 tis. <strong>zv\u00fd\u0161il sa po\u010det miest v matersk\u00fdch \u0161kol\u00e1ch<\/strong>. Realizovalo sa viac ako 150 projektov v celkovej hodnote viac ako 100 mili\u00f3nov PLN. Finan\u010dn\u00e9 prostriedky boli pridelen\u00e9 aj na podporu \u0161peci\u00e1lnych a integrovan\u00fdch matersk\u00fdch \u0161k\u00f4l a det\u00ed so zdravotn\u00fdm postihnut\u00edm.<\/p>\n<p>Podkarpatsk\u00fdm nemocniciam bolo pridelen\u00fdch viac ako 11,5 mili\u00f3na PLN ministerskej podpory na <strong>moderniz\u00e1cia alebo v\u00fdstavba oddelen\u00ed urgentn\u00e9ho pr\u00edjmu v nemocniciach<\/strong>. Nov\u00e9 zdravotn\u00edcke vybavenie dostali zariadenia v Tarnobrzegu, Stalowej Woli, Krosne, Rzeszowe a Przemy\u015bli. V\u010faka grantu vo v\u00fd\u0161ke jedn\u00e9ho mili\u00f3na PLN mohla okresn\u00e1 nemocnica v Ustrzyk\u00e1ch zak\u00fapi\u0165 modern\u00fd ultrazvukov\u00fd pr\u00edstroj.<\/p>\n<p>V rokoch 2016 a\u017e 2018 boli vyplaten\u00e9 aj finan\u010dn\u00e9 prostriedky na <strong>rie\u0161enie n\u00e1sledkov pr\u00edrodn\u00fdch katastrof a zosuvov p\u00f4dy<\/strong> - Zaost\u00e1vanie, ktor\u00e9 vzniklo po\u010das vl\u00e1dy PO-PSL, sa datuje od roku 2007. V roku 2018 bolo na realiz\u00e1ciu 430 \u00faloh vy\u010dlenen\u00fdch pribli\u017ene 124 mili\u00f3nov PLN.<\/p>\n<p><strong>Zrekon\u0161truovan\u00e9, prestavan\u00e9\u00a0<\/strong><strong>alebo zrekon\u0161truoval viac ako 260 km obecn\u00fdch a okresn\u00fdch ciest, 53 mostn\u00fdch objektov a priepustov na obecn\u00fdch a okresn\u00fdch cest\u00e1ch.<\/strong><\/p>\n<p>Na kompletn\u00fa rekon\u0161trukciu mosta v obci Terka v okrese Lesko, ktor\u00fd nebol rekon\u0161truovan\u00fd u\u017e nieko\u013eko desa\u0165ro\u010d\u00ed, bolo venovan\u00fdch takmer 5 mili\u00f3nov PLN. Bola \u00fazka, dreven\u00e1 a mala n\u00edzku nosnos\u0165. Turisti, ktor\u00ed chodili do Bieszczad, museli cez \u0148u prejs\u0165 pe\u0161o, preto\u017ee to bolo pr\u00edli\u0161 nebezpe\u010dn\u00e9. Teraz je most z teh\u00e1l, je \u0161irok\u00fd a m\u00e1 vysok\u00fa nosnos\u0165. Autobusov\u00e9 v\u00fdlety ju teraz m\u00f4\u017eu bezpe\u010dne prech\u00e1dza\u0165.<\/p>\n<p>V roku 2018 boli poskytnut\u00e9 finan\u010dn\u00e9 prostriedky na opravu a rekon\u0161trukciu miestnych komunik\u00e1ci\u00ed a mostov z dvoch programov:<\/p>\n<p>1) Program rozvoja cestnej infra\u0161trukt\u00fary obc\u00ed a okresov na roky 2016-2018, z ktor\u00e9ho bolo v roku 2018 prostredn\u00edctvom gestora vy\u010dlenen\u00fdch viac ako 50 mili\u00f3nov 200 tis\u00edc eur na viac ako 92 km ciest.<\/p>\n<p>2) Vl\u00e1dny program rozvoja a konkurencieschopnosti regi\u00f3nov prostredn\u00edctvom podpory miestnej cestnej infra\u0161trukt\u00fary na rok 2018, na ktor\u00fd bolo vy\u010dlenen\u00fdch viac ako 81 mili\u00f3nov PLN (50 mili\u00f3nov 200 tis\u00edc PLN od vl\u00e1dy a 31 mili\u00f3nov PLN od guvern\u00e9ra) na pribli\u017ene 150 km ciest.<\/p>\n<p>V r\u00e1mci posledn\u00e9ho programu boli okrem in\u00e9ho poskytnut\u00e9 finan\u010dn\u00e9 prostriedky na opravu cesty na ulici J\u00f3zefa Wysock\u00e9ho v Przemy\u015bli, ktor\u00e1 bola 40 rokov len proviz\u00f3rne opravovan\u00e1.<\/p>\n<p>Hlavn\u00fd dopravn\u00fd projekt vl\u00e1dy PiS, trasa <strong>Via Carpatia<\/strong>. M\u00e1 by\u0165 motorom rozvoja regi\u00f3nu, stimulova\u0165 hospod\u00e1rstvo, pril\u00e1ka\u0165 invest\u00edcie a zv\u00fd\u0161i\u0165 po\u010det pracovn\u00fdch miest. V Podkarpatskom regi\u00f3ne bude \u00fasek cesty S-19 nakoniec dlh\u00fd 174 km - od Barwinka po hranicu s Lubelsk\u00fdm vojvodstvom.<\/p>\n<p>&nbsp;<\/p>\n<p>&nbsp;<\/p>\n<p>&nbsp;<\/p>\n<p>&nbsp;<\/p>\n<p>&nbsp;<\/p>\n<p>&nbsp;<\/p>\n<p>&nbsp;<\/p>","protected":false},"excerpt":{"rendered":"<p>W 2018 roku na Podkarpaciu wdro\u017cono programy infrastrukturalne, zdrowotne i spo\u0142eczne. Na program \u201eRodzina 500 plus\u201d z bud\u017cetu wojewody przeznaczono ponad 1,4 mld, na program \u201eSenior plus\u201d \u2013 5 mln, na \u201eDobry start\u201d \u2013 ponad 80 mln z\u0142. Dzi\u0119ki pieni\u0105dzom z regionalnego programu operacyjnego woj. podkarpackiego na lata 2014-2020 do 5 tys. zwi\u0119kszy\u0142a si\u0119 liczba [&hellip;]<\/p>","protected":false},"author":6,"featured_media":12327,"comment_status":"open","ping_status":"open","sticky":false,"template":"","format":"standard","meta":{"ngg_post_thumbnail":0,"footnotes":""},"categories":[49,82,3],"tags":[],"class_list":["post-12319","post","type-post","status-publish","format-standard","has-post-thumbnail","hentry","category-podkarpacie","category-prawo-i-sprawiedliwosc","category-wydarzenia"],"yoast_head":"<!-- This site is optimized with the Yoast SEO plugin v24.7 - https:\/\/yoast.com\/wordpress\/plugins\/seo\/ -->\n<title>Dobre zmiany na Podkarpaciu w 2018 roku &#8211; Marek Kuchci\u0144ski<\/title>\n<meta name=\"robots\" content=\"index, follow, max-snippet:-1, max-image-preview:large, max-video-preview:-1\" \/>\n<link rel=\"canonical\" href=\"https:\/\/marekkuchcinski.pl\/sk\/wydarzenia\/dobre-zmiany-podkarpaciu-2018-roku\/\" \/>\n<meta property=\"og:locale\" content=\"sk_SK\" \/>\n<meta property=\"og:type\" content=\"article\" \/>\n<meta property=\"og:title\" content=\"Dobre zmiany na Podkarpaciu w 2018 roku &#8211; Marek Kuchci\u0144ski\" \/>\n<meta property=\"og:description\" content=\"W 2018 roku na Podkarpaciu wdro\u017cono programy infrastrukturalne, zdrowotne i spo\u0142eczne. Na program \u201eRodzina 500 plus\u201d z bud\u017cetu wojewody przeznaczono ponad 1,4 mld, na program \u201eSenior plus\u201d \u2013 5 mln, na \u201eDobry start\u201d \u2013 ponad 80 mln z\u0142. Dzi\u0119ki pieni\u0105dzom z regionalnego programu operacyjnego woj. podkarpackiego na lata 2014-2020 do 5 tys. zwi\u0119kszy\u0142a si\u0119 liczba [&hellip;]\" \/>\n<meta property=\"og:url\" content=\"https:\/\/marekkuchcinski.pl\/sk\/wydarzenia\/dobre-zmiany-podkarpaciu-2018-roku\/\" \/>\n<meta property=\"og:site_name\" content=\"Marek Kuchci\u0144ski\" \/>\n<meta property=\"article:published_time\" content=\"2019-01-02T11:11:43+00:00\" \/>\n<meta property=\"article:modified_time\" content=\"2019-01-02T12:48:50+00:00\" \/>\n<meta property=\"og:image\" content=\"https:\/\/marekkuchcinski.pl\/wp-content\/uploads\/2019\/01\/dzp.jpg\" \/>\n\t<meta property=\"og:image:width\" content=\"529\" \/>\n\t<meta property=\"og:image:height\" content=\"362\" \/>\n\t<meta property=\"og:image:type\" content=\"image\/jpeg\" \/>\n<meta name=\"author\" content=\"admin\" \/>\n<meta name=\"twitter:card\" content=\"summary_large_image\" \/>\n<meta name=\"twitter:label1\" content=\"Autor\" \/>\n\t<meta name=\"twitter:data1\" content=\"admin\" \/>\n\t<meta name=\"twitter:label2\" content=\"Predpokladan\u00fd \u010das \u010d\u00edtania\" \/>\n\t<meta name=\"twitter:data2\" content=\"2 min\u00faty\" \/>\n<script type=\"application\/ld+json\" class=\"yoast-schema-graph\">{\"@context\":\"https:\/\/schema.org\",\"@graph\":[{\"@type\":\"Article\",\"@id\":\"https:\/\/marekkuchcinski.pl\/sk\/wydarzenia\/dobre-zmiany-podkarpaciu-2018-roku\/#article\",\"isPartOf\":{\"@id\":\"https:\/\/marekkuchcinski.pl\/sk\/wydarzenia\/dobre-zmiany-podkarpaciu-2018-roku\/\"},\"author\":{\"name\":\"admin\",\"@id\":\"https:\/\/marekkuchcinski.pl\/#\/schema\/person\/6f62700996b4d950b6ea2d1183b6c6be\"},\"headline\":\"Dobre zmiany na Podkarpaciu w 2018 roku\",\"datePublished\":\"2019-01-02T11:11:43+00:00\",\"dateModified\":\"2019-01-02T12:48:50+00:00\",\"mainEntityOfPage\":{\"@id\":\"https:\/\/marekkuchcinski.pl\/sk\/wydarzenia\/dobre-zmiany-podkarpaciu-2018-roku\/\"},\"wordCount\":453,\"commentCount\":0,\"publisher\":{\"@id\":\"https:\/\/marekkuchcinski.pl\/#organization\"},\"image\":{\"@id\":\"https:\/\/marekkuchcinski.pl\/sk\/wydarzenia\/dobre-zmiany-podkarpaciu-2018-roku\/#primaryimage\"},\"thumbnailUrl\":\"https:\/\/marekkuchcinski.pl\/wp-content\/uploads\/2019\/01\/dzp.jpg\",\"articleSection\":[\"Podkarpacie\",\"Prawo i Sprawiedliwo\u015b\u0107\",\"Wydarzenia\"],\"inLanguage\":\"sk-SK\",\"potentialAction\":[{\"@type\":\"CommentAction\",\"name\":\"Comment\",\"target\":[\"https:\/\/marekkuchcinski.pl\/sk\/wydarzenia\/dobre-zmiany-podkarpaciu-2018-roku\/#respond\"]}]},{\"@type\":\"WebPage\",\"@id\":\"https:\/\/marekkuchcinski.pl\/sk\/wydarzenia\/dobre-zmiany-podkarpaciu-2018-roku\/\",\"url\":\"https:\/\/marekkuchcinski.pl\/sk\/wydarzenia\/dobre-zmiany-podkarpaciu-2018-roku\/\",\"name\":\"Dobre zmiany na Podkarpaciu w 2018 roku &#8211; Marek Kuchci\u0144ski\",\"isPartOf\":{\"@id\":\"https:\/\/marekkuchcinski.pl\/#website\"},\"primaryImageOfPage\":{\"@id\":\"https:\/\/marekkuchcinski.pl\/sk\/wydarzenia\/dobre-zmiany-podkarpaciu-2018-roku\/#primaryimage\"},\"image\":{\"@id\":\"https:\/\/marekkuchcinski.pl\/sk\/wydarzenia\/dobre-zmiany-podkarpaciu-2018-roku\/#primaryimage\"},\"thumbnailUrl\":\"https:\/\/marekkuchcinski.pl\/wp-content\/uploads\/2019\/01\/dzp.jpg\",\"datePublished\":\"2019-01-02T11:11:43+00:00\",\"dateModified\":\"2019-01-02T12:48:50+00:00\",\"breadcrumb\":{\"@id\":\"https:\/\/marekkuchcinski.pl\/sk\/wydarzenia\/dobre-zmiany-podkarpaciu-2018-roku\/#breadcrumb\"},\"inLanguage\":\"sk-SK\",\"potentialAction\":[{\"@type\":\"ReadAction\",\"target\":[\"https:\/\/marekkuchcinski.pl\/sk\/wydarzenia\/dobre-zmiany-podkarpaciu-2018-roku\/\"]}]},{\"@type\":\"ImageObject\",\"inLanguage\":\"sk-SK\",\"@id\":\"https:\/\/marekkuchcinski.pl\/sk\/wydarzenia\/dobre-zmiany-podkarpaciu-2018-roku\/#primaryimage\",\"url\":\"https:\/\/marekkuchcinski.pl\/wp-content\/uploads\/2019\/01\/dzp.jpg\",\"contentUrl\":\"https:\/\/marekkuchcinski.pl\/wp-content\/uploads\/2019\/01\/dzp.jpg\",\"width\":529,\"height\":362},{\"@type\":\"BreadcrumbList\",\"@id\":\"https:\/\/marekkuchcinski.pl\/sk\/wydarzenia\/dobre-zmiany-podkarpaciu-2018-roku\/#breadcrumb\",\"itemListElement\":[{\"@type\":\"ListItem\",\"position\":1,\"name\":\"Strona g\u0142\u00f3wna\",\"item\":\"https:\/\/marekkuchcinski.pl\/\"},{\"@type\":\"ListItem\",\"position\":2,\"name\":\"Dobre zmiany na Podkarpaciu w 2018 roku\"}]},{\"@type\":\"WebSite\",\"@id\":\"https:\/\/marekkuchcinski.pl\/#website\",\"url\":\"https:\/\/marekkuchcinski.pl\/\",\"name\":\"Marek Kuchci\u0144ski\",\"description\":\"Pose\u0142 na sejm RP &ndash; okr\u0119g nr 22\",\"publisher\":{\"@id\":\"https:\/\/marekkuchcinski.pl\/#organization\"},\"potentialAction\":[{\"@type\":\"SearchAction\",\"target\":{\"@type\":\"EntryPoint\",\"urlTemplate\":\"https:\/\/marekkuchcinski.pl\/?s={search_term_string}\"},\"query-input\":{\"@type\":\"PropertyValueSpecification\",\"valueRequired\":true,\"valueName\":\"search_term_string\"}}],\"inLanguage\":\"sk-SK\"},{\"@type\":\"Organization\",\"@id\":\"https:\/\/marekkuchcinski.pl\/#organization\",\"name\":\"Marek Kuchci\u0144ski\",\"url\":\"https:\/\/marekkuchcinski.pl\/\",\"logo\":{\"@type\":\"ImageObject\",\"inLanguage\":\"sk-SK\",\"@id\":\"https:\/\/marekkuchcinski.pl\/#\/schema\/logo\/image\/\",\"url\":\"https:\/\/marekkuchcinski.pl\/wp-content\/uploads\/2022\/09\/Marek.jpg\",\"contentUrl\":\"https:\/\/marekkuchcinski.pl\/wp-content\/uploads\/2022\/09\/Marek.jpg\",\"width\":1600,\"height\":971,\"caption\":\"Marek Kuchci\u0144ski\"},\"image\":{\"@id\":\"https:\/\/marekkuchcinski.pl\/#\/schema\/logo\/image\/\"}},{\"@type\":\"Person\",\"@id\":\"https:\/\/marekkuchcinski.pl\/#\/schema\/person\/6f62700996b4d950b6ea2d1183b6c6be\",\"name\":\"admin\",\"image\":{\"@type\":\"ImageObject\",\"inLanguage\":\"sk-SK\",\"@id\":\"https:\/\/marekkuchcinski.pl\/#\/schema\/person\/image\/\",\"url\":\"https:\/\/secure.gravatar.com\/avatar\/4bab693b9d55c3d6b52c0296a8765085?s=96&d=mm&r=g\",\"contentUrl\":\"https:\/\/secure.gravatar.com\/avatar\/4bab693b9d55c3d6b52c0296a8765085?s=96&d=mm&r=g\",\"caption\":\"admin\"},\"url\":\"https:\/\/marekkuchcinski.pl\/sk\/author\/marta-olejnik\/\"}]}<\/script>\n<!-- \/ Yoast SEO plugin. -->","yoast_head_json":{"title":"Dobre zmiany na Podkarpaciu w 2018 roku &#8211; Marek Kuchci\u0144ski","robots":{"index":"index","follow":"follow","max-snippet":"max-snippet:-1","max-image-preview":"max-image-preview:large","max-video-preview":"max-video-preview:-1"},"canonical":"https:\/\/marekkuchcinski.pl\/sk\/wydarzenia\/dobre-zmiany-podkarpaciu-2018-roku\/","og_locale":"sk_SK","og_type":"article","og_title":"Dobre zmiany na Podkarpaciu w 2018 roku &#8211; Marek Kuchci\u0144ski","og_description":"W 2018 roku na Podkarpaciu wdro\u017cono programy infrastrukturalne, zdrowotne i spo\u0142eczne. Na program \u201eRodzina 500 plus\u201d z bud\u017cetu wojewody przeznaczono ponad 1,4 mld, na program \u201eSenior plus\u201d \u2013 5 mln, na \u201eDobry start\u201d \u2013 ponad 80 mln z\u0142. Dzi\u0119ki pieni\u0105dzom z regionalnego programu operacyjnego woj. podkarpackiego na lata 2014-2020 do 5 tys. zwi\u0119kszy\u0142a si\u0119 liczba [&hellip;]","og_url":"https:\/\/marekkuchcinski.pl\/sk\/wydarzenia\/dobre-zmiany-podkarpaciu-2018-roku\/","og_site_name":"Marek Kuchci\u0144ski","article_published_time":"2019-01-02T11:11:43+00:00","article_modified_time":"2019-01-02T12:48:50+00:00","og_image":[{"width":529,"height":362,"url":"https:\/\/marekkuchcinski.pl\/wp-content\/uploads\/2019\/01\/dzp.jpg","type":"image\/jpeg"}],"author":"admin","twitter_card":"summary_large_image","twitter_misc":{"Autor":"admin","Predpokladan\u00fd \u010das \u010d\u00edtania":"2 min\u00faty"},"schema":{"@context":"https:\/\/schema.org","@graph":[{"@type":"Article","@id":"https:\/\/marekkuchcinski.pl\/sk\/wydarzenia\/dobre-zmiany-podkarpaciu-2018-roku\/#article","isPartOf":{"@id":"https:\/\/marekkuchcinski.pl\/sk\/wydarzenia\/dobre-zmiany-podkarpaciu-2018-roku\/"},"author":{"name":"admin","@id":"https:\/\/marekkuchcinski.pl\/#\/schema\/person\/6f62700996b4d950b6ea2d1183b6c6be"},"headline":"Dobre zmiany na Podkarpaciu w 2018 roku","datePublished":"2019-01-02T11:11:43+00:00","dateModified":"2019-01-02T12:48:50+00:00","mainEntityOfPage":{"@id":"https:\/\/marekkuchcinski.pl\/sk\/wydarzenia\/dobre-zmiany-podkarpaciu-2018-roku\/"},"wordCount":453,"commentCount":0,"publisher":{"@id":"https:\/\/marekkuchcinski.pl\/#organization"},"image":{"@id":"https:\/\/marekkuchcinski.pl\/sk\/wydarzenia\/dobre-zmiany-podkarpaciu-2018-roku\/#primaryimage"},"thumbnailUrl":"https:\/\/marekkuchcinski.pl\/wp-content\/uploads\/2019\/01\/dzp.jpg","articleSection":["Podkarpacie","Prawo i Sprawiedliwo\u015b\u0107","Wydarzenia"],"inLanguage":"sk-SK","potentialAction":[{"@type":"CommentAction","name":"Comment","target":["https:\/\/marekkuchcinski.pl\/sk\/wydarzenia\/dobre-zmiany-podkarpaciu-2018-roku\/#respond"]}]},{"@type":"WebPage","@id":"https:\/\/marekkuchcinski.pl\/sk\/wydarzenia\/dobre-zmiany-podkarpaciu-2018-roku\/","url":"https:\/\/marekkuchcinski.pl\/sk\/wydarzenia\/dobre-zmiany-podkarpaciu-2018-roku\/","name":"Dobre zmiany na Podkarpaciu w 2018 roku &#8211; Marek Kuchci\u0144ski","isPartOf":{"@id":"https:\/\/marekkuchcinski.pl\/#website"},"primaryImageOfPage":{"@id":"https:\/\/marekkuchcinski.pl\/sk\/wydarzenia\/dobre-zmiany-podkarpaciu-2018-roku\/#primaryimage"},"image":{"@id":"https:\/\/marekkuchcinski.pl\/sk\/wydarzenia\/dobre-zmiany-podkarpaciu-2018-roku\/#primaryimage"},"thumbnailUrl":"https:\/\/marekkuchcinski.pl\/wp-content\/uploads\/2019\/01\/dzp.jpg","datePublished":"2019-01-02T11:11:43+00:00","dateModified":"2019-01-02T12:48:50+00:00","breadcrumb":{"@id":"https:\/\/marekkuchcinski.pl\/sk\/wydarzenia\/dobre-zmiany-podkarpaciu-2018-roku\/#breadcrumb"},"inLanguage":"sk-SK","potentialAction":[{"@type":"ReadAction","target":["https:\/\/marekkuchcinski.pl\/sk\/wydarzenia\/dobre-zmiany-podkarpaciu-2018-roku\/"]}]},{"@type":"ImageObject","inLanguage":"sk-SK","@id":"https:\/\/marekkuchcinski.pl\/sk\/wydarzenia\/dobre-zmiany-podkarpaciu-2018-roku\/#primaryimage","url":"https:\/\/marekkuchcinski.pl\/wp-content\/uploads\/2019\/01\/dzp.jpg","contentUrl":"https:\/\/marekkuchcinski.pl\/wp-content\/uploads\/2019\/01\/dzp.jpg","width":529,"height":362},{"@type":"BreadcrumbList","@id":"https:\/\/marekkuchcinski.pl\/sk\/wydarzenia\/dobre-zmiany-podkarpaciu-2018-roku\/#breadcrumb","itemListElement":[{"@type":"ListItem","position":1,"name":"Strona g\u0142\u00f3wna","item":"https:\/\/marekkuchcinski.pl\/"},{"@type":"ListItem","position":2,"name":"Dobre zmiany na Podkarpaciu w 2018 roku"}]},{"@type":"WebSite","@id":"https:\/\/marekkuchcinski.pl\/#website","url":"https:\/\/marekkuchcinski.pl\/","name":"Marek Kuchci\u0144ski","description":"Pose\u0142 na sejm RP &ndash; okr\u0119g nr 22","publisher":{"@id":"https:\/\/marekkuchcinski.pl\/#organization"},"potentialAction":[{"@type":"SearchAction","target":{"@type":"EntryPoint","urlTemplate":"https:\/\/marekkuchcinski.pl\/?s={search_term_string}"},"query-input":{"@type":"PropertyValueSpecification","valueRequired":true,"valueName":"search_term_string"}}],"inLanguage":"sk-SK"},{"@type":"Organization","@id":"https:\/\/marekkuchcinski.pl\/#organization","name":"Marek Kuchci\u0144ski","url":"https:\/\/marekkuchcinski.pl\/","logo":{"@type":"ImageObject","inLanguage":"sk-SK","@id":"https:\/\/marekkuchcinski.pl\/#\/schema\/logo\/image\/","url":"https:\/\/marekkuchcinski.pl\/wp-content\/uploads\/2022\/09\/Marek.jpg","contentUrl":"https:\/\/marekkuchcinski.pl\/wp-content\/uploads\/2022\/09\/Marek.jpg","width":1600,"height":971,"caption":"Marek Kuchci\u0144ski"},"image":{"@id":"https:\/\/marekkuchcinski.pl\/#\/schema\/logo\/image\/"}},{"@type":"Person","@id":"https:\/\/marekkuchcinski.pl\/#\/schema\/person\/6f62700996b4d950b6ea2d1183b6c6be","name":"admin","image":{"@type":"ImageObject","inLanguage":"sk-SK","@id":"https:\/\/marekkuchcinski.pl\/#\/schema\/person\/image\/","url":"https:\/\/secure.gravatar.com\/avatar\/4bab693b9d55c3d6b52c0296a8765085?s=96&d=mm&r=g","contentUrl":"https:\/\/secure.gravatar.com\/avatar\/4bab693b9d55c3d6b52c0296a8765085?s=96&d=mm&r=g","caption":"admin"},"url":"https:\/\/marekkuchcinski.pl\/sk\/author\/marta-olejnik\/"}]}},"_links":{"self":[{"href":"https:\/\/marekkuchcinski.pl\/sk\/wp-json\/wp\/v2\/posts\/12319","targetHints":{"allow":["GET"]}}],"collection":[{"href":"https:\/\/marekkuchcinski.pl\/sk\/wp-json\/wp\/v2\/posts"}],"about":[{"href":"https:\/\/marekkuchcinski.pl\/sk\/wp-json\/wp\/v2\/types\/post"}],"author":[{"embeddable":true,"href":"https:\/\/marekkuchcinski.pl\/sk\/wp-json\/wp\/v2\/users\/6"}],"replies":[{"embeddable":true,"href":"https:\/\/marekkuchcinski.pl\/sk\/wp-json\/wp\/v2\/comments?post=12319"}],"version-history":[{"count":14,"href":"https:\/\/marekkuchcinski.pl\/sk\/wp-json\/wp\/v2\/posts\/12319\/revisions"}],"predecessor-version":[{"id":12338,"href":"https:\/\/marekkuchcinski.pl\/sk\/wp-json\/wp\/v2\/posts\/12319\/revisions\/12338"}],"wp:featuredmedia":[{"embeddable":true,"href":"https:\/\/marekkuchcinski.pl\/sk\/wp-json\/wp\/v2\/media\/12327"}],"wp:attachment":[{"href":"https:\/\/marekkuchcinski.pl\/sk\/wp-json\/wp\/v2\/media?parent=12319"}],"wp:term":[{"taxonomy":"category","embeddable":true,"href":"https:\/\/marekkuchcinski.pl\/sk\/wp-json\/wp\/v2\/categories?post=12319"},{"taxonomy":"post_tag","embeddable":true,"href":"https:\/\/marekkuchcinski.pl\/sk\/wp-json\/wp\/v2\/tags?post=12319"}],"curies":[{"name":"wp","href":"https:\/\/api.w.org\/{rel}","templated":true}]}}