{"id":12294,"date":"2018-12-31T09:28:05","date_gmt":"2018-12-31T08:28:05","guid":{"rendered":"https:\/\/marekkuchcinski.pl\/?p=12294"},"modified":"2018-12-31T09:28:05","modified_gmt":"2018-12-31T08:28:05","slug":"dyplomacja-parlamentarna-2018-r-najwazniejsze-wydarzenia","status":"publish","type":"post","link":"https:\/\/marekkuchcinski.pl\/sk\/wspolpraca-miedzynarodowa\/dyplomacja-parlamentarna-2018-r-najwazniejsze-wydarzenia\/","title":{"rendered":"Parlamentn\u00e1 diplomacia v roku 2018. Najd\u00f4le\u017eitej\u0161ie inform\u00e1cie"},"content":{"rendered":"<p dir=\"ltr\">Posledn\u00fdch 12 mesiacov bolo pre parlamentn\u00fa diplomaciu v\u00fdnimo\u010dn\u00fdch. Pri pr\u00edle\u017eitosti 550. v\u00fdro\u010dia parlamentarizmu Po\u013eskej republiky mali zahrani\u010dn\u00ed partneri Sejmu mo\u017enos\u0165 spozna\u0165 t\u00fato viac ako polstoro\u010dn\u00fa trad\u00edciu prostredn\u00edctvom viacer\u00fdch medzin\u00e1rodn\u00fdch podujat\u00ed venovan\u00fdch tomuto v\u00fdro\u010diu. Okrem toho sa na Wiejskej ulici konalo zasadnutie Parlamentn\u00e9ho zhroma\u017edenia NATO a samit predsedov parlamentov strednej a v\u00fdchodnej Eur\u00f3py EUROWAW2018. Predseda Sejmu a \u010dlenovia Prez\u00eddia absolvovali nieko\u013eko zahrani\u010dn\u00fdch n\u00e1v\u0161tev a prijali v\u00fdznamn\u00fdch host\u00ed.<\/p>\n<p dir=\"ltr\">\n<u><strong>Janu\u00e1r<\/strong><\/u><\/p>\n<p dir=\"ltr\">Rok sa za\u010dal stretnut\u00edm predsedu Sejmu Mareka Kuchci\u0144sk\u00e9ho a podpredsedu Sejmu Ryszarda Terleck\u00e9ho\u00a0<strong><u>s deleg\u00e1ciou Parlamentnej skupiny pre priate\u013estvo s Po\u013eskom N\u00e1rodnej rady Slovenskej republiky<\/u><\/strong>\u00a0(25. janu\u00e1ra).<\/p>\n<p dir=\"ltr\">Koncom mesiaca (28. - 29. janu\u00e1ra) sa v Tallinne konalo stretnutie gener\u00e1lnych tajomn\u00edkov parlamentov Eur\u00f3pskej \u00fanie. Sejm zastupovala Agnieszka Kaczmarska, ved\u00faca kancel\u00e1rie Sejmu.<\/p>\n<p dir=\"ltr\">\n<strong><u>Febru\u00e1r<\/u><\/strong><\/p>\n<p dir=\"ltr\">Jednou z najd\u00f4le\u017eitej\u0161\u00edch febru\u00e1rov\u00fdch udalost\u00ed bola\u00a0<strong><u>N\u00e1v\u0161teva Mareka Kuchci\u0144sk\u00e9ho v Berl\u00edne<\/u><\/strong>\u00a0(1. febru\u00e1ra). Predseda Parlamentu sa stretol so svoj\u00edm nemeck\u00fdm kolegom Wolfgangom Sch\u00e4ublem. Politici diskutovali okrem in\u00e9ho o po\u013esko-nemeckej parlamentnej spolupr\u00e1ci, \u00falohe Weimarsk\u00e9ho trojuholn\u00edka a bud\u00facnosti Eur\u00f3pskej \u00fanie.<\/p>\n<p dir=\"ltr\">Vo febru\u00e1ri sa uskuto\u010dnila aj ofici\u00e1lna n\u00e1v\u0161teva predsedu Sejmu v Bratislave (19. - 20. febru\u00e1ra). Po\u010das stretnut\u00ed s najv\u00fdznamnej\u0161\u00edmi politikmi n\u00e1\u0161ho ju\u017en\u00e9ho suseda (predsedom N\u00e1rodnej rady SR Andrejom Dankom, premi\u00e9rom Robertom Ficom a prezidentom Andrejom Kiskom) hovoril predseda Sejmu okrem in\u00e9ho o politickej, vojenskej a hospod\u00e1rskej spolupr\u00e1ci medzi oboma krajinami.<\/p>\n<p dir=\"ltr\">Mar\u0161al Kuchci\u0144ski sa spolu so z\u00e1stupcom mar\u0161ala Terleck\u00fdm z\u00fa\u010dastnil aj na jubilejnom 20. ro\u010dn\u00edku konferencie Eur\u00f3pa Karp\u00e1t v Przemy\u015bli (17. febru\u00e1ra).<\/p>\n<p dir=\"ltr\">\nAgnieszka Kaczmarska, ved\u00faca kancel\u00e1rie Sejmu, sa z\u00fa\u010dastnila na konferencii predsedov parlamentov v izraelskom Knessete.<\/p>\n<p dir=\"ltr\">\n<strong><u>Marec<\/u><\/strong><\/p>\n<p dir=\"ltr\">1. marca\u00a0<strong><u>predseda litovsk\u00e9ho Seimasu Viktoras Pranckietis vyst\u00fapil v po\u013eskom parlamente<\/u><\/strong>. N\u00e1v\u0161teva bola spojen\u00e1 s oslavami 100. v\u00fdro\u010dia obnovenia Litovskej republiky. Prezident Pranckietis sa stretol s predsedami Sejmu a Sen\u00e1tu, ako aj s podpredsedami Sejmu Beatou Mazurek, Ryszardom Terleckim a Ma\u0142gorzatou Kidawa-B\u0142o\u0144skou.<\/p>\n<p dir=\"ltr\">V marci sa predseda Sejmu spolu s predsedom Sen\u00e1tu z\u00fa\u010dastnili na\u00a0<strong><u>Stretnutie predsedov vy\u0161ehradsk\u00fdch parlamentov v Budape\u0161ti<\/u><\/strong>\u00a0(1. - 2. marca). \"Stredn\u00e1 Eur\u00f3pa sa st\u00e1va najdynamickej\u0161ou \u010das\u0165ou celej Eur\u00f3pskej \u00fanie.\" -zd\u00f4raznil Marek Kuchci\u0144ski po\u010das stretnutia. Hlavnou t\u00e9mou samitu bolo posilnenie parlamentnej spolupr\u00e1ce v E\u00da. Mar\u0161alovia Kuchci\u0144ski a Karczewski boli po\u010das svojho pobytu v Budape\u0161ti vyznamenan\u00ed Ve\u013ek\u00fdm kr\u00ed\u017eom Ma\u010farsk\u00e9ho r\u00e1du za z\u00e1sluhy.<\/p>\n<p dir=\"ltr\">Litva 10. a 11. marca oslavovala znovuzrodenie svojej nez\u00e1vislosti. Jedn\u00fdm z host\u00ed sl\u00e1vnostn\u00fdch osl\u00e1v bol predseda po\u013esk\u00e9ho Sejmu. \"N\u00e1vrat Litvy do skupiny suver\u00e9nnych \u0161t\u00e1tov m\u00e1 pre n\u00e1s ve\u013ek\u00fd v\u00fdznam,\" povedal predseda parlamentu Marek Kuchcinski na zasadnut\u00ed litovsk\u00e9ho Seimasu.<\/p>\n<p dir=\"ltr\">Predseda Sejmu sa z\u00fa\u010dastnil aj na 11. f\u00f3re Eur\u00f3pa-Ukrajina v Jasionke pri Rzeszowe (14. marca). Na podujat\u00ed sa z\u00fa\u010dastnila aj podpredsedn\u00ed\u010dka parlamentu Beata Mazurek.<\/p>\n<p dir=\"ltr\">Sejm prijal 22. marca\u00a0<strong><u>uznesenie o zriaden\u00ed Parlamentn\u00e9ho zhroma\u017edenia Po\u013eska a Gruz\u00ednska<\/u><\/strong>.<\/p>\n<p dir=\"ltr\">\n<strong><u>apr\u00edl<\/u><\/strong><\/p>\n<p dir=\"ltr\">Najv\u00fdznamnej\u0161ou udalos\u0165ou apr\u00edla bola\u00a0<strong><u>Konferencia predsedov parlamentov E\u00da v Tallinne<\/u><\/strong>\u00a0(23.-24. apr\u00edla). Po\u013esko zastupovali predsedovia Sejmu a Sen\u00e1tu, ako aj ved\u00faca kancel\u00e1rie Sejmu A. Kaczmarska. V rozprave o bud\u00facnosti E\u00da vyst\u00fapil predseda Sejmu. Ako povedal Marke Kuchci\u0144ski, \"Po\u013esko vid\u00ed nedokonalosti a potrebu reforiem E\u00da\". Predseda parlamentu dodal, \u017ee Po\u013esku z\u00e1le\u017e\u00ed na \u00faspechu E\u00da, preto\u017ee, ako zd\u00f4raznil, \"bilancia \u010dlenstva je pre n\u00e1s priazniv\u00e1\".<\/p>\n<p dir=\"ltr\">V r\u00e1mci osl\u00e1v 550. v\u00fdro\u010dia po\u013esk\u00e9ho parlamentarizmu sa na Kr\u00e1\u013eovskom z\u00e1mku vo Var\u0161ave konala medzin\u00e1rodn\u00e1 vedeck\u00e1 konferencia, na ktorej sa z\u00fa\u010dastnili predseda Sejmu, podpredsedovia Mazurek a Terlecki a vedenie Kancel\u00e1rie Sejmu.<\/p>\n<p dir=\"ltr\">\n<strong><u>M\u00e1j<\/u><\/strong><\/p>\n<p dir=\"ltr\">V m\u00e1ji sa konala jarn\u00e1 sch\u00f4dza Parlamentu\u00a0<strong><u>Zasadnutie Parlamentn\u00e9ho zhroma\u017edenia NATO<\/u><\/strong>. (25.-28. m\u00e1ja). Na tomto v\u00fdznamnom podujat\u00ed sa okrem in\u00fdch z\u00fa\u010dastnili prezident Andrzej Duda a gener\u00e1lny tajomn\u00edk Aliancie Jens Stoltenberg. \u00da\u010dastn\u00edci spolo\u010dn\u00fdm hlasom potvrdili jednotu Aliancie a zd\u00f4raznili, \u017ee \u00fatok na jedn\u00e9ho spojenca je \u00fatokom na cel\u00fa organiz\u00e1ciu.<\/p>\n<p dir=\"ltr\">Predseda Sejmu uskuto\u010dnil v m\u00e1ji dve ofici\u00e1lne n\u00e1v\u0161tevy: v \u010ceskej republike (23. - 24. m\u00e1ja) a vo \u0160v\u00e9dsku (28. m\u00e1ja). V Prahe sa okrem in\u00fdch stretol s predsedom Poslaneckej snemovne \u010ceskej republiky Radkom Vondr\u00e1\u010dkom a premi\u00e9rom Andrejom Babi\u0161om. Predseda snemovne vyzval svojich \u010desk\u00fdch partnerov, aby sa postavili proti presunu finan\u010dn\u00fdch prostriedkov E\u00da z v\u00fdchodnej Eur\u00f3py do ju\u017enej Eur\u00f3py. Mareka Kuchci\u0144sk\u00e9ho prijal v \u0160tokholme kr\u00e1\u013e Karol XVI Gust\u00e1v. Predseda Sejmu rokoval aj so svoj\u00edm kolegom Urbanom Ahlinom.<\/p>\n<p dir=\"ltr\">Litovsk\u00fd parlament prijal vyhl\u00e1senie k \u00dastave 3. m\u00e1ja (8. m\u00e1ja).<\/p>\n<p dir=\"ltr\">\n<strong><u>j\u00fan<\/u><\/strong><\/p>\n<p dir=\"ltr\">\u0160ieste po\u013esko-\u0161panielske parlamentn\u00e9 f\u00f3rum (24. - 25. j\u00fana) sa konalo v Santiagu de Compostela v \u0160panielsku. Sejm zastupovali jeho podpredsedovia Beata Mazurek a Ryszard Terlecki a ved\u00faci kancel\u00e1rie Sejmu.<\/p>\n<p dir=\"ltr\">Dobr\u00e9 parlamentn\u00e9 vz\u0165ahy medzi Po\u013eskom a Nemeckom potvrdilo aj druh\u00e9 tohtoro\u010dn\u00e9 stretnutie predsedov parlamentn\u00fdch kom\u00f4r oboch kraj\u00edn.\u00a0<strong><u>Marek Kuchci\u0144ski a Wolfgang Sch\u00e4uble tentoraz vo Var\u0161ave<\/u><\/strong>. O prehlbovan\u00ed parlamentnej spolupr\u00e1ce a s\u00fa\u010dasn\u00fdch v\u00fdzvach, ktor\u00fdm \u010del\u00ed Eur\u00f3pska \u00fania<\/p>\n<p dir=\"ltr\">Predseda Snemovne bol hos\u0165om predsedu \u010deskej Poslaneckej snemovne Radka Vondr\u00e1\u010dka (9. j\u00fana). Politici sa zhodli na potrebe \u010fal\u0161ieho rozvoja spolupr\u00e1ce medzi oboma parlamentmi.<\/p>\n<p dir=\"ltr\">V j\u00fani sa konalo 10. zasadnutie Parlamentn\u00e9ho zhroma\u017edenia Po\u013eska a Ukrajiny (12. j\u00fana). Na zasadnut\u00ed sa z\u00fa\u010dastnil podpredseda parlamentu Terleck\u00fd, ktor\u00fd zd\u00f4raznil d\u00f4slednos\u0165 Ukrajiny v jej \u00fasil\u00ed o \u00fa\u010das\u0165 v eur\u00f3pskych \u0161trukt\u00farach. Na zasadnut\u00ed sa z\u00fa\u010dastnil aj podpredseda Mazurek.<\/p>\n<p dir=\"ltr\">\n<strong><u>J\u00fal<\/u><\/strong><\/p>\n<p dir=\"ltr\">V j\u00fali sa v r\u00e1mci celoro\u010dn\u00fdch osl\u00e1v 550. v\u00fdro\u010dia po\u013esk\u00e9ho parlamentarizmu uskuto\u010dnili na Wiejskej ulici dve v\u00fdznamn\u00e9 podujatia. Na konferencii sa z\u00fa\u010dastnili deleg\u00e1cie z viac ako 20 kraj\u00edn<strong><u>\u00a0Summit prezidentov strednej, v\u00fdchodnej a ju\u017enej Eur\u00f3py EUROWAW2018<\/u><\/strong>\u00a0(12. j\u00fala). \"Sp\u00e1jaj\u00fa n\u00e1s z\u00e1kladn\u00e9 ot\u00e1zky t\u00fdkaj\u00face sa bezpe\u010dnosti, rozvoja infra\u0161trukt\u00fary a komunik\u00e1cie, demografickej politiky \u010di soci\u00e1lnych programov. Sme tie\u017e Eur\u00f3pou slobodn\u00fdch n\u00e1rodov,\" povedal \u00fa\u010dastn\u00edkom stretnutia mar\u0161al Kuchci\u0144ski.<\/p>\n<p dir=\"ltr\">Zahrani\u010dn\u00ed hostia sa z\u00fa\u010dastnili aj na\u00a0<strong><u>sl\u00e1vnostn\u00e9 N\u00e1rodn\u00e9 zhroma\u017edenie<\/u><\/strong>\u00a0na kr\u00e1\u013eovskom hrade v hlavnom meste (13. j\u00fala). Poslanci, sen\u00e1tori a pozvan\u00ed z\u00e1stupcovia zahrani\u010dn\u00fdch parlamentov si vypo\u010duli prejav prezidenta Andrzeja Dudu.<\/p>\n<p dir=\"ltr\">J\u00falov\u00e9 oslavy boli pre predsedu Sejmu a podpredsedov parlamentu pr\u00edle\u017eitos\u0165ou na bilater\u00e1lne rozhovory.<\/p>\n<p dir=\"ltr\">V Ki\u0161i\u0148ove sa konalo piate zasadnutie po\u013esko-moldavsk\u00e9ho parlamentn\u00e9ho zhroma\u017edenia (23. - 24. j\u00fala). Po\u013esk\u00fa deleg\u00e1ciu viedol podpredseda parlamentu Terlecki.<\/p>\n<p dir=\"ltr\">\n<strong><u>August<\/u><\/strong><\/p>\n<p dir=\"ltr\">Na konci letn\u00fdch pr\u00e1zdnin sa v Jurate konalo spolo\u010dn\u00e9 stretnutie\u00a0<strong><u>predsedn\u00edctva Sejmu a Poslaneckej snemovne \u010ceskej republiky<\/u><\/strong>\u00a0(29. augusta). Diskutovalo sa o parlamentnej spolupr\u00e1ci, infra\u0161trukt\u00fare a komunik\u00e1cii, ako aj o bud\u00facnosti Eur\u00f3pskej \u00fanie. Sejm zastupovali predseda Sejmu Marek Kuchci\u0144ski a podpredsedovia Barbara Dolniak, Ma\u0142gorzata Kidawa-B\u0142o\u0144ska, Beata Mazurek, Ryszard Terlecki a Stanis\u0142aw Tyszka.<\/p>\n<p dir=\"ltr\">Ryszard Terlecki sa v Sejme stretol so z\u00e1stupcami Snemovne reprezentantov USA. Podpredseda parlamentu zd\u00f4raznil, \u017ee Spojen\u00e9 \u0161t\u00e1ty s\u00fa najd\u00f4le\u017eitej\u0161\u00edm spojencom Po\u013eska.<\/p>\n<p dir=\"ltr\">\n<strong><u>September<\/u><\/strong><\/p>\n<p dir=\"ltr\">Hospod\u00e1rske f\u00f3rum v Krynici bolo za\u010diatkom septembra ako zvy\u010dajne udalos\u0165ou, ktor\u00e1 svoj\u00edm rozsahom \u010faleko presiahla hranice Po\u013eska. Jej neoddelite\u013enou s\u00fa\u010das\u0165ou je konferencia Eur\u00f3pa Karp\u00e1t,<strong><u>\u00a0pred rokmi inicioval Marek Kuchci\u0144ski<\/u><\/strong>\u00a0(5.-6. septembra).<\/p>\n<p dir=\"ltr\">Predseda Snemovne op\u00e4\u0165 nav\u0161t\u00edvil \u010desk\u00fa Prahu, kde sa z\u00fa\u010dastnil na oslav\u00e1ch spojen\u00fdch s projektom \"sPOLeCZne. Po\u013esko-\u010desk\u00e9 v\u00fdro\u010dia 1918-2018\". (10. septembra) Predseda Sejmu zd\u00f4raznil, \u017ee oba n\u00e1rody tvoria spolo\u010denstvo cie\u013eov a z\u00e1ujmov.<\/p>\n<p dir=\"ltr\">Marek Kuchci\u0144ski sa v Budape\u0161ti z\u00fa\u010dastnil na sl\u00e1vnostnom odhalen\u00ed busty J\u00f3zefa Pi\u0142sudsk\u00e9ho (26. septembra). N\u00e1v\u0161teva bola \u010fal\u0161ou pr\u00edle\u017eitos\u0165ou na potvrdenie priate\u013esk\u00fdch v\u00e4zieb sp\u00e1jaj\u00facich oba n\u00e1rody.<\/p>\n<p dir=\"ltr\">V budov\u00e1ch Sejmu a Sen\u00e1tu sa konali aj\u00a0<strong><u>V. svetov\u00fd kongres Poliakov a Poliakov zo zahrani\u010dia<\/u><\/strong>\u00a0(20. - 22. septembra). Host\u00ed zhroma\u017eden\u00fdch v plen\u00e1rnej s\u00e1le priv\u00edtal predseda Sejmu.<\/p>\n<p dir=\"ltr\">\n<strong><u>Okt\u00f3ber<\/u><\/strong><\/p>\n<p dir=\"ltr\">Neform\u00e1lne stretnutie predsedov parlamentov Vy\u0161ehradskej skupiny v Ko\u0161iciach (13. okt\u00f3bra) bolo jedn\u00fdm z hlavn\u00fdch okt\u00f3brov\u00fdch podujat\u00ed. \"Bud\u00facnos\u0165 Eur\u00f3pskej \u00fanie vid\u00edme ako \u00daniu solid\u00e1rnych \u0161t\u00e1tov, Eur\u00f3pu vlasti, ako hovorieval Sv\u00e4t\u00fd Otec J\u00e1n Pavol II., Eur\u00f3pu, ktor\u00e1 sa navz\u00e1jom podporuje v procese rozvojovej politiky,\" - Mar\u0161al Kuchci\u0144ski po stretnut\u00ed povedal.<\/p>\n<p dir=\"ltr\">V r\u00e1mci osl\u00e1v 550. v\u00fdro\u010dia vzniku po\u013esk\u00e9ho parlamentarizmu sa\u00a0<strong><u>V\u00fdstava v Eur\u00f3pskom parlamente v \u0160trasburgu<\/u><\/strong>. Na otvoren\u00ed sa z\u00fa\u010dastnil predseda Sejmu (3. okt\u00f3bra).<\/p>\n<p dir=\"ltr\">Marek Kuchci\u0144ski otvoril v Rzeszowe Medzin\u00e1rodn\u00e9 f\u00f3rum karpatskej spolupr\u00e1ce (11. okt\u00f3bra).<\/p>\n<p dir=\"ltr\">\n<strong><u>November<\/u><\/strong><\/p>\n<p dir=\"ltr\">Najd\u00f4le\u017eitej\u0161ou novembrovou udalos\u0165ou z h\u013eadiska parlamentnej diplomacie bola n\u00e1v\u0161teva predsedu Sejmu v Gruz\u00ednsku (5. - 6. novembra). Jeho hlavn\u00fdm bodom bolo\u00a0<strong><u>podp\u00edsanie \u0161tat\u00fatu Parlamentn\u00e9ho zhroma\u017edenia Po\u013eska a Gruz\u00ednska<\/u><\/strong>\u00a0spolu s Iraklim Kobachidzem. S\u00fa\u010das\u0165ou deleg\u00e1cie boli aj poslanci - \u010dlenovia zhroma\u017edenia a ved\u00faca Kancel\u00e1rie Sejmu Agnieszka Kaczmarska. Predsedovia oboch kom\u00f4r sa z\u00fa\u010dastnili aj na sl\u00e1vnostnom otvoren\u00ed Po\u013eskej kni\u017enice.<\/p>\n<p dir=\"ltr\">Marek Kuchci\u0144ski sa z\u00fa\u010dastnil aj na stretnut\u00ed predsedov parlamentov Vy\u0161ehradskej skupiny v Bratislave (15. novembra).<\/p>\n<p dir=\"ltr\">Stretnutie predsedu Sejmu s jeho ma\u010farsk\u00fdm kolegom L\u00e1szl\u00f3om K\u00f6v\u00e9rom v Krasiczyne (24. novembra) bolo \u010fal\u0161ou pr\u00edle\u017eitos\u0165ou na diskusiu o spolupr\u00e1ci oboch parlamentov a spolo\u010dn\u00fdch aktivit\u00e1ch V4 v r\u00e1mci E\u00da.<\/p>\n<p dir=\"ltr\">\n<strong><u>December<\/u><\/strong><\/p>\n<p dir=\"ltr\"><strong><u>Otvorenie v\u00fdstavy pri pr\u00edle\u017eitosti 550. v\u00fdro\u010dia parlamentarizmu Po\u013eskej republiky<\/u><\/strong>\u00a0bol hlavn\u00fdm bodom decembrovej n\u00e1v\u0161tevy mar\u0161ala Sejmu vo Vilniuse (19. decembra). Marek Kuchci\u0144ski pripomenul, \u017ee v roku 2019 osl\u00e1vime 450. v\u00fdro\u010die Lublinskej \u00fanie, ktor\u00e1 pred st\u00e1ro\u010diami vytvorila z\u00e1klad po\u013esko-litovsk\u00fdch bratsk\u00fdch vz\u0165ahov.<\/p>\n<p dir=\"ltr\">V decembri bol mar\u0161al Kuchci\u0144ski tie\u017e hos\u0165om na sl\u00e1vnostnej konferencii v ma\u010farskom parlamente venovanej 100. v\u00fdro\u010diu znovuz\u00edskania nez\u00e1vislosti Po\u013eska (8. decembra). Bol pripraven\u00fd na podnet prezidenta L. K\u00f6v\u00e9ra.<\/p>\n<p dir=\"ltr\"><em>sejm.gov.pl<\/em><\/p>\n<p dir=\"ltr\">\n<p><strong><u>Zoznam zahrani\u010dn\u00fdch n\u00e1v\u0161tev predsedu Sejmu Mareka Kuchci\u0144sk\u00e9ho v Sejme <\/u><\/strong><\/p>\n<p><strong><u>v roku 2018<\/u><\/strong><\/p>\n<p>&nbsp;<\/p>\n<p><strong><u>Prezidenti \/ premi\u00e9ri:<\/u><\/strong><\/p>\n<ol>\n<li>Prezident \u010ceskej republiky, J. E. p\u00e1n Milo\u0161 ZEMAN<\/li>\n<li>Predseda vl\u00e1dy Ma\u010farska Viktor ORB\u00c1N<\/li>\n<\/ol>\n<p><strong><u>Ve\u013evyslanci akreditovan\u00ed v Po\u013eskej republike:<\/u><\/strong><\/p>\n<ol>\n<li>Ve\u013evyslanec \u0160panielskeho kr\u00e1\u013eovstva v Po\u013esku, J.E. p\u00e1n Francisco Javier SANABRIA<\/li>\n<li>Ve\u013evyslanec \u010c\u00ednskej \u013eudovej republiky - J.E. p\u00e1n Xu JIAN (ukon\u010denie misie)<\/li>\n<li>Ve\u013evyslanec Rak\u00faskej republiky, J.E. p\u00e1n Werner ALMHOFER<\/li>\n<li>Ve\u013evyslanec \u0160v\u00e9dskeho kr\u00e1\u013eovstva, Jeho Excelencia p\u00e1n Stefan GULLGREN<\/li>\n<li>Ve\u013evyslanec \u010c\u00ednskej \u013eudovej republiky J.E. p\u00e1n Liu GUANGYUAN<\/li>\n<li>Ve\u013evyslanky\u0148a Spojen\u00fdch \u0161t\u00e1tov americk\u00fdch v Po\u013esku - J.E. pani Georgette MOSBACHER<\/li>\n<li>Apo\u0161tolsk\u00fd nuncius v Po\u013esku, Jeho Eminencia arcibiskup Salvatore PENNACCHIO<\/li>\n<\/ol>\n<p><strong><u>Ve\u013evyslanci Po\u013eskej republiky akreditovan\u00ed v zahrani\u010d\u00ed:<\/u><\/strong><\/p>\n<ol>\n<li>Ve\u013evyslanec - st\u00e1ly predstavite\u013e Po\u013eskej republiky v Bruseli - Andrzej SADO\u015a<\/li>\n<\/ol>\n<p><strong><u>N\u00e1v\u0161tevy na parlamentnej \u00farovni:<\/u><\/strong><\/p>\n<ol>\n<li>Predseda Poslaneckej snemovne Parlamentu \u010ceskej republiky Radek VONDR\u00c1\u010cEK<\/li>\n<li>Predseda Snemovne reprezentantov Marock\u00e9ho kr\u00e1\u013eovstva,<br \/>\nHabib EL MALKI<\/li>\n<li>Predseda \u0160t\u00e1tnej rady Slovinskej republiky Alojz KOV\u0160CA<\/li>\n<li>Predseda Seimasu Litovskej republiky VICTORAS PRANCKIETIS<\/li>\n<li style=\"text-align: left;\">Predseda Sen\u00e1tu \u0160panielskeho kr\u00e1\u013eovstva P\u00edo Garc\u00eda-Escudero<br \/>\nM\u00c1RQUEZ<\/li>\n<li>Predseda Sen\u00e1tu Franc\u00fazskej republiky G\u00e9rard LARCHER<\/li>\n<li>Predseda rumunsk\u00e9ho sen\u00e1tu C\u0103lin POPESCU - T\u0102RICEANU<\/li>\n<li>Predseda ma\u010farsk\u00e9ho N\u00e1rodn\u00e9ho zhroma\u017edenia L\u00c1SZL\u00d3 K\u00d6V\u00c9R<\/li>\n<\/ol>\n<p><strong><u>N\u00e1v\u0161tevy ministrov:<\/u><\/strong><\/p>\n<ol>\n<li>Minister obrany Hel\u00e9nskej republiky Panagiotis KAMMENOS<\/li>\n<li>Minister zahrani\u010dn\u00fdch vec\u00ed Gruz\u00ednska David ZALKALIANI<\/li>\n<\/ol>\n<p><strong><u>\u010eal\u0161ie n\u00e1v\u0161tevy:<\/u><\/strong><\/p>\n<ol>\n<li>Martin FEDOR, predseda Skupiny po\u013esk\u00e9ho priate\u013estva N\u00e1rodnej rady Slovenskej republiky<\/li>\n<\/ol>\n<p>&nbsp;<\/p>","protected":false},"excerpt":{"rendered":"<p>Ostatnie 12 miesi\u0119cy by\u0142o dla dyplomacji parlamentarnej rokiem szczeg\u00f3lnym. Z okazji jubileuszu 550-lecia Parlamentaryzmu Rzeczypospolitej zagraniczni partnerzy Sejmu mieli okazj\u0119 pozna\u0107 t\u0119 licz\u0105c\u0105 ponad p\u00f3\u0142 wieku tradycj\u0119 dzi\u0119ki licznym wydarzeniom mi\u0119dzynarodowym po\u015bwi\u0119conym jubileuszowi. Na Wiejskiej odby\u0142y si\u0119 ponadto sesja Zgromadzenia Parlamentarnego NATO oraz szczyt przewodnicz\u0105cych parlament\u00f3w Europy \u015arodkowej i Wschodniej EUROWAW2018. Marsza\u0142ek Sejmu oraz cz\u0142onkowie [&hellip;]<\/p>","protected":false},"author":6,"featured_media":12295,"comment_status":"open","ping_status":"open","sticky":false,"template":"","format":"standard","meta":{"ngg_post_thumbnail":0,"footnotes":""},"categories":[50],"tags":[],"class_list":["post-12294","post","type-post","status-publish","format-standard","has-post-thumbnail","hentry","category-wspolpraca-miedzynarodowa"],"yoast_head":"<!-- This site is optimized with the Yoast SEO plugin v24.7 - https:\/\/yoast.com\/wordpress\/plugins\/seo\/ -->\n<title>Dyplomacja parlamentarna w 2018 r. Najwa\u017cniejsze wydarzenia &#8211; Marek Kuchci\u0144ski<\/title>\n<meta name=\"robots\" content=\"index, follow, max-snippet:-1, max-image-preview:large, max-video-preview:-1\" \/>\n<link rel=\"canonical\" href=\"https:\/\/marekkuchcinski.pl\/sk\/wspolpraca-miedzynarodowa\/dyplomacja-parlamentarna-2018-r-najwazniejsze-wydarzenia\/\" \/>\n<meta property=\"og:locale\" content=\"sk_SK\" \/>\n<meta property=\"og:type\" content=\"article\" \/>\n<meta property=\"og:title\" content=\"Dyplomacja parlamentarna w 2018 r. Najwa\u017cniejsze wydarzenia &#8211; Marek Kuchci\u0144ski\" \/>\n<meta property=\"og:description\" content=\"Ostatnie 12 miesi\u0119cy by\u0142o dla dyplomacji parlamentarnej rokiem szczeg\u00f3lnym. Z okazji jubileuszu 550-lecia Parlamentaryzmu Rzeczypospolitej zagraniczni partnerzy Sejmu mieli okazj\u0119 pozna\u0107 t\u0119 licz\u0105c\u0105 ponad p\u00f3\u0142 wieku tradycj\u0119 dzi\u0119ki licznym wydarzeniom mi\u0119dzynarodowym po\u015bwi\u0119conym jubileuszowi. Na Wiejskiej odby\u0142y si\u0119 ponadto sesja Zgromadzenia Parlamentarnego NATO oraz szczyt przewodnicz\u0105cych parlament\u00f3w Europy \u015arodkowej i Wschodniej EUROWAW2018. Marsza\u0142ek Sejmu oraz cz\u0142onkowie [&hellip;]\" \/>\n<meta property=\"og:url\" content=\"https:\/\/marekkuchcinski.pl\/sk\/wspolpraca-miedzynarodowa\/dyplomacja-parlamentarna-2018-r-najwazniejsze-wydarzenia\/\" \/>\n<meta property=\"og:site_name\" content=\"Marek Kuchci\u0144ski\" \/>\n<meta property=\"article:published_time\" content=\"2018-12-31T08:28:05+00:00\" \/>\n<meta property=\"og:image\" content=\"https:\/\/marekkuchcinski.pl\/wp-content\/uploads\/2018\/12\/KU313542.jpg\" \/>\n\t<meta property=\"og:image:width\" content=\"1885\" \/>\n\t<meta property=\"og:image:height\" content=\"1232\" \/>\n\t<meta property=\"og:image:type\" content=\"image\/jpeg\" \/>\n<meta name=\"author\" content=\"admin\" \/>\n<meta name=\"twitter:card\" content=\"summary_large_image\" \/>\n<meta name=\"twitter:label1\" content=\"Autor\" \/>\n\t<meta name=\"twitter:data1\" content=\"admin\" \/>\n\t<meta name=\"twitter:label2\" content=\"Predpokladan\u00fd \u010das \u010d\u00edtania\" \/>\n\t<meta name=\"twitter:data2\" content=\"9 min\u00fat\" \/>\n<script type=\"application\/ld+json\" class=\"yoast-schema-graph\">{\"@context\":\"https:\/\/schema.org\",\"@graph\":[{\"@type\":\"Article\",\"@id\":\"https:\/\/marekkuchcinski.pl\/hu\/wspolpraca-miedzynarodowa\/dyplomacja-parlamentarna-2018-r-najwazniejsze-wydarzenia\/#article\",\"isPartOf\":{\"@id\":\"https:\/\/marekkuchcinski.pl\/hu\/wspolpraca-miedzynarodowa\/dyplomacja-parlamentarna-2018-r-najwazniejsze-wydarzenia\/\"},\"author\":{\"name\":\"admin\",\"@id\":\"https:\/\/marekkuchcinski.pl\/#\/schema\/person\/6f62700996b4d950b6ea2d1183b6c6be\"},\"headline\":\"Dyplomacja parlamentarna w 2018 r. Najwa\u017cniejsze wydarzenia\",\"datePublished\":\"2018-12-31T08:28:05+00:00\",\"mainEntityOfPage\":{\"@id\":\"https:\/\/marekkuchcinski.pl\/hu\/wspolpraca-miedzynarodowa\/dyplomacja-parlamentarna-2018-r-najwazniejsze-wydarzenia\/\"},\"wordCount\":1862,\"commentCount\":0,\"publisher\":{\"@id\":\"https:\/\/marekkuchcinski.pl\/#organization\"},\"image\":{\"@id\":\"https:\/\/marekkuchcinski.pl\/hu\/wspolpraca-miedzynarodowa\/dyplomacja-parlamentarna-2018-r-najwazniejsze-wydarzenia\/#primaryimage\"},\"thumbnailUrl\":\"https:\/\/marekkuchcinski.pl\/wp-content\/uploads\/2018\/12\/KU313542.jpg\",\"articleSection\":[\"Wsp\u00f3\u0142praca mi\u0119dzynarodowa\"],\"inLanguage\":\"sk-SK\",\"potentialAction\":[{\"@type\":\"CommentAction\",\"name\":\"Comment\",\"target\":[\"https:\/\/marekkuchcinski.pl\/hu\/wspolpraca-miedzynarodowa\/dyplomacja-parlamentarna-2018-r-najwazniejsze-wydarzenia\/#respond\"]}]},{\"@type\":\"WebPage\",\"@id\":\"https:\/\/marekkuchcinski.pl\/hu\/wspolpraca-miedzynarodowa\/dyplomacja-parlamentarna-2018-r-najwazniejsze-wydarzenia\/\",\"url\":\"https:\/\/marekkuchcinski.pl\/hu\/wspolpraca-miedzynarodowa\/dyplomacja-parlamentarna-2018-r-najwazniejsze-wydarzenia\/\",\"name\":\"Dyplomacja parlamentarna w 2018 r. Najwa\u017cniejsze wydarzenia &#8211; Marek Kuchci\u0144ski\",\"isPartOf\":{\"@id\":\"https:\/\/marekkuchcinski.pl\/#website\"},\"primaryImageOfPage\":{\"@id\":\"https:\/\/marekkuchcinski.pl\/hu\/wspolpraca-miedzynarodowa\/dyplomacja-parlamentarna-2018-r-najwazniejsze-wydarzenia\/#primaryimage\"},\"image\":{\"@id\":\"https:\/\/marekkuchcinski.pl\/hu\/wspolpraca-miedzynarodowa\/dyplomacja-parlamentarna-2018-r-najwazniejsze-wydarzenia\/#primaryimage\"},\"thumbnailUrl\":\"https:\/\/marekkuchcinski.pl\/wp-content\/uploads\/2018\/12\/KU313542.jpg\",\"datePublished\":\"2018-12-31T08:28:05+00:00\",\"breadcrumb\":{\"@id\":\"https:\/\/marekkuchcinski.pl\/hu\/wspolpraca-miedzynarodowa\/dyplomacja-parlamentarna-2018-r-najwazniejsze-wydarzenia\/#breadcrumb\"},\"inLanguage\":\"sk-SK\",\"potentialAction\":[{\"@type\":\"ReadAction\",\"target\":[\"https:\/\/marekkuchcinski.pl\/hu\/wspolpraca-miedzynarodowa\/dyplomacja-parlamentarna-2018-r-najwazniejsze-wydarzenia\/\"]}]},{\"@type\":\"ImageObject\",\"inLanguage\":\"sk-SK\",\"@id\":\"https:\/\/marekkuchcinski.pl\/hu\/wspolpraca-miedzynarodowa\/dyplomacja-parlamentarna-2018-r-najwazniejsze-wydarzenia\/#primaryimage\",\"url\":\"https:\/\/marekkuchcinski.pl\/wp-content\/uploads\/2018\/12\/KU313542.jpg\",\"contentUrl\":\"https:\/\/marekkuchcinski.pl\/wp-content\/uploads\/2018\/12\/KU313542.jpg\",\"width\":1885,\"height\":1232},{\"@type\":\"BreadcrumbList\",\"@id\":\"https:\/\/marekkuchcinski.pl\/hu\/wspolpraca-miedzynarodowa\/dyplomacja-parlamentarna-2018-r-najwazniejsze-wydarzenia\/#breadcrumb\",\"itemListElement\":[{\"@type\":\"ListItem\",\"position\":1,\"name\":\"Strona g\u0142\u00f3wna\",\"item\":\"https:\/\/marekkuchcinski.pl\/\"},{\"@type\":\"ListItem\",\"position\":2,\"name\":\"Dyplomacja parlamentarna w 2018 r. Najwa\u017cniejsze wydarzenia\"}]},{\"@type\":\"WebSite\",\"@id\":\"https:\/\/marekkuchcinski.pl\/#website\",\"url\":\"https:\/\/marekkuchcinski.pl\/\",\"name\":\"Marek Kuchci\u0144ski\",\"description\":\"Pose\u0142 na sejm RP &ndash; okr\u0119g nr 22\",\"publisher\":{\"@id\":\"https:\/\/marekkuchcinski.pl\/#organization\"},\"potentialAction\":[{\"@type\":\"SearchAction\",\"target\":{\"@type\":\"EntryPoint\",\"urlTemplate\":\"https:\/\/marekkuchcinski.pl\/?s={search_term_string}\"},\"query-input\":{\"@type\":\"PropertyValueSpecification\",\"valueRequired\":true,\"valueName\":\"search_term_string\"}}],\"inLanguage\":\"sk-SK\"},{\"@type\":\"Organization\",\"@id\":\"https:\/\/marekkuchcinski.pl\/#organization\",\"name\":\"Marek Kuchci\u0144ski\",\"url\":\"https:\/\/marekkuchcinski.pl\/\",\"logo\":{\"@type\":\"ImageObject\",\"inLanguage\":\"sk-SK\",\"@id\":\"https:\/\/marekkuchcinski.pl\/#\/schema\/logo\/image\/\",\"url\":\"https:\/\/marekkuchcinski.pl\/wp-content\/uploads\/2022\/09\/Marek.jpg\",\"contentUrl\":\"https:\/\/marekkuchcinski.pl\/wp-content\/uploads\/2022\/09\/Marek.jpg\",\"width\":1600,\"height\":971,\"caption\":\"Marek Kuchci\u0144ski\"},\"image\":{\"@id\":\"https:\/\/marekkuchcinski.pl\/#\/schema\/logo\/image\/\"}},{\"@type\":\"Person\",\"@id\":\"https:\/\/marekkuchcinski.pl\/#\/schema\/person\/6f62700996b4d950b6ea2d1183b6c6be\",\"name\":\"admin\",\"image\":{\"@type\":\"ImageObject\",\"inLanguage\":\"sk-SK\",\"@id\":\"https:\/\/marekkuchcinski.pl\/#\/schema\/person\/image\/\",\"url\":\"https:\/\/secure.gravatar.com\/avatar\/4bab693b9d55c3d6b52c0296a8765085?s=96&d=mm&r=g\",\"contentUrl\":\"https:\/\/secure.gravatar.com\/avatar\/4bab693b9d55c3d6b52c0296a8765085?s=96&d=mm&r=g\",\"caption\":\"admin\"},\"url\":\"https:\/\/marekkuchcinski.pl\/sk\/author\/marta-olejnik\/\"}]}<\/script>\n<!-- \/ Yoast SEO plugin. -->","yoast_head_json":{"title":"Dyplomacja parlamentarna w 2018 r. Najwa\u017cniejsze wydarzenia &#8211; Marek Kuchci\u0144ski","robots":{"index":"index","follow":"follow","max-snippet":"max-snippet:-1","max-image-preview":"max-image-preview:large","max-video-preview":"max-video-preview:-1"},"canonical":"https:\/\/marekkuchcinski.pl\/sk\/wspolpraca-miedzynarodowa\/dyplomacja-parlamentarna-2018-r-najwazniejsze-wydarzenia\/","og_locale":"sk_SK","og_type":"article","og_title":"Dyplomacja parlamentarna w 2018 r. Najwa\u017cniejsze wydarzenia &#8211; Marek Kuchci\u0144ski","og_description":"Ostatnie 12 miesi\u0119cy by\u0142o dla dyplomacji parlamentarnej rokiem szczeg\u00f3lnym. Z okazji jubileuszu 550-lecia Parlamentaryzmu Rzeczypospolitej zagraniczni partnerzy Sejmu mieli okazj\u0119 pozna\u0107 t\u0119 licz\u0105c\u0105 ponad p\u00f3\u0142 wieku tradycj\u0119 dzi\u0119ki licznym wydarzeniom mi\u0119dzynarodowym po\u015bwi\u0119conym jubileuszowi. Na Wiejskiej odby\u0142y si\u0119 ponadto sesja Zgromadzenia Parlamentarnego NATO oraz szczyt przewodnicz\u0105cych parlament\u00f3w Europy \u015arodkowej i Wschodniej EUROWAW2018. Marsza\u0142ek Sejmu oraz cz\u0142onkowie [&hellip;]","og_url":"https:\/\/marekkuchcinski.pl\/sk\/wspolpraca-miedzynarodowa\/dyplomacja-parlamentarna-2018-r-najwazniejsze-wydarzenia\/","og_site_name":"Marek Kuchci\u0144ski","article_published_time":"2018-12-31T08:28:05+00:00","og_image":[{"width":1885,"height":1232,"url":"https:\/\/marekkuchcinski.pl\/wp-content\/uploads\/2018\/12\/KU313542.jpg","type":"image\/jpeg"}],"author":"admin","twitter_card":"summary_large_image","twitter_misc":{"Autor":"admin","Predpokladan\u00fd \u010das \u010d\u00edtania":"9 min\u00fat"},"schema":{"@context":"https:\/\/schema.org","@graph":[{"@type":"Article","@id":"https:\/\/marekkuchcinski.pl\/hu\/wspolpraca-miedzynarodowa\/dyplomacja-parlamentarna-2018-r-najwazniejsze-wydarzenia\/#article","isPartOf":{"@id":"https:\/\/marekkuchcinski.pl\/hu\/wspolpraca-miedzynarodowa\/dyplomacja-parlamentarna-2018-r-najwazniejsze-wydarzenia\/"},"author":{"name":"admin","@id":"https:\/\/marekkuchcinski.pl\/#\/schema\/person\/6f62700996b4d950b6ea2d1183b6c6be"},"headline":"Dyplomacja parlamentarna w 2018 r. Najwa\u017cniejsze wydarzenia","datePublished":"2018-12-31T08:28:05+00:00","mainEntityOfPage":{"@id":"https:\/\/marekkuchcinski.pl\/hu\/wspolpraca-miedzynarodowa\/dyplomacja-parlamentarna-2018-r-najwazniejsze-wydarzenia\/"},"wordCount":1862,"commentCount":0,"publisher":{"@id":"https:\/\/marekkuchcinski.pl\/#organization"},"image":{"@id":"https:\/\/marekkuchcinski.pl\/hu\/wspolpraca-miedzynarodowa\/dyplomacja-parlamentarna-2018-r-najwazniejsze-wydarzenia\/#primaryimage"},"thumbnailUrl":"https:\/\/marekkuchcinski.pl\/wp-content\/uploads\/2018\/12\/KU313542.jpg","articleSection":["Wsp\u00f3\u0142praca mi\u0119dzynarodowa"],"inLanguage":"sk-SK","potentialAction":[{"@type":"CommentAction","name":"Comment","target":["https:\/\/marekkuchcinski.pl\/hu\/wspolpraca-miedzynarodowa\/dyplomacja-parlamentarna-2018-r-najwazniejsze-wydarzenia\/#respond"]}]},{"@type":"WebPage","@id":"https:\/\/marekkuchcinski.pl\/hu\/wspolpraca-miedzynarodowa\/dyplomacja-parlamentarna-2018-r-najwazniejsze-wydarzenia\/","url":"https:\/\/marekkuchcinski.pl\/hu\/wspolpraca-miedzynarodowa\/dyplomacja-parlamentarna-2018-r-najwazniejsze-wydarzenia\/","name":"Dyplomacja parlamentarna w 2018 r. Najwa\u017cniejsze wydarzenia &#8211; Marek Kuchci\u0144ski","isPartOf":{"@id":"https:\/\/marekkuchcinski.pl\/#website"},"primaryImageOfPage":{"@id":"https:\/\/marekkuchcinski.pl\/hu\/wspolpraca-miedzynarodowa\/dyplomacja-parlamentarna-2018-r-najwazniejsze-wydarzenia\/#primaryimage"},"image":{"@id":"https:\/\/marekkuchcinski.pl\/hu\/wspolpraca-miedzynarodowa\/dyplomacja-parlamentarna-2018-r-najwazniejsze-wydarzenia\/#primaryimage"},"thumbnailUrl":"https:\/\/marekkuchcinski.pl\/wp-content\/uploads\/2018\/12\/KU313542.jpg","datePublished":"2018-12-31T08:28:05+00:00","breadcrumb":{"@id":"https:\/\/marekkuchcinski.pl\/hu\/wspolpraca-miedzynarodowa\/dyplomacja-parlamentarna-2018-r-najwazniejsze-wydarzenia\/#breadcrumb"},"inLanguage":"sk-SK","potentialAction":[{"@type":"ReadAction","target":["https:\/\/marekkuchcinski.pl\/hu\/wspolpraca-miedzynarodowa\/dyplomacja-parlamentarna-2018-r-najwazniejsze-wydarzenia\/"]}]},{"@type":"ImageObject","inLanguage":"sk-SK","@id":"https:\/\/marekkuchcinski.pl\/hu\/wspolpraca-miedzynarodowa\/dyplomacja-parlamentarna-2018-r-najwazniejsze-wydarzenia\/#primaryimage","url":"https:\/\/marekkuchcinski.pl\/wp-content\/uploads\/2018\/12\/KU313542.jpg","contentUrl":"https:\/\/marekkuchcinski.pl\/wp-content\/uploads\/2018\/12\/KU313542.jpg","width":1885,"height":1232},{"@type":"BreadcrumbList","@id":"https:\/\/marekkuchcinski.pl\/hu\/wspolpraca-miedzynarodowa\/dyplomacja-parlamentarna-2018-r-najwazniejsze-wydarzenia\/#breadcrumb","itemListElement":[{"@type":"ListItem","position":1,"name":"Strona g\u0142\u00f3wna","item":"https:\/\/marekkuchcinski.pl\/"},{"@type":"ListItem","position":2,"name":"Dyplomacja parlamentarna w 2018 r. Najwa\u017cniejsze wydarzenia"}]},{"@type":"WebSite","@id":"https:\/\/marekkuchcinski.pl\/#website","url":"https:\/\/marekkuchcinski.pl\/","name":"Marek Kuchci\u0144ski","description":"Pose\u0142 na sejm RP &ndash; okr\u0119g nr 22","publisher":{"@id":"https:\/\/marekkuchcinski.pl\/#organization"},"potentialAction":[{"@type":"SearchAction","target":{"@type":"EntryPoint","urlTemplate":"https:\/\/marekkuchcinski.pl\/?s={search_term_string}"},"query-input":{"@type":"PropertyValueSpecification","valueRequired":true,"valueName":"search_term_string"}}],"inLanguage":"sk-SK"},{"@type":"Organization","@id":"https:\/\/marekkuchcinski.pl\/#organization","name":"Marek Kuchci\u0144ski","url":"https:\/\/marekkuchcinski.pl\/","logo":{"@type":"ImageObject","inLanguage":"sk-SK","@id":"https:\/\/marekkuchcinski.pl\/#\/schema\/logo\/image\/","url":"https:\/\/marekkuchcinski.pl\/wp-content\/uploads\/2022\/09\/Marek.jpg","contentUrl":"https:\/\/marekkuchcinski.pl\/wp-content\/uploads\/2022\/09\/Marek.jpg","width":1600,"height":971,"caption":"Marek Kuchci\u0144ski"},"image":{"@id":"https:\/\/marekkuchcinski.pl\/#\/schema\/logo\/image\/"}},{"@type":"Person","@id":"https:\/\/marekkuchcinski.pl\/#\/schema\/person\/6f62700996b4d950b6ea2d1183b6c6be","name":"admin","image":{"@type":"ImageObject","inLanguage":"sk-SK","@id":"https:\/\/marekkuchcinski.pl\/#\/schema\/person\/image\/","url":"https:\/\/secure.gravatar.com\/avatar\/4bab693b9d55c3d6b52c0296a8765085?s=96&d=mm&r=g","contentUrl":"https:\/\/secure.gravatar.com\/avatar\/4bab693b9d55c3d6b52c0296a8765085?s=96&d=mm&r=g","caption":"admin"},"url":"https:\/\/marekkuchcinski.pl\/sk\/author\/marta-olejnik\/"}]}},"_links":{"self":[{"href":"https:\/\/marekkuchcinski.pl\/sk\/wp-json\/wp\/v2\/posts\/12294","targetHints":{"allow":["GET"]}}],"collection":[{"href":"https:\/\/marekkuchcinski.pl\/sk\/wp-json\/wp\/v2\/posts"}],"about":[{"href":"https:\/\/marekkuchcinski.pl\/sk\/wp-json\/wp\/v2\/types\/post"}],"author":[{"embeddable":true,"href":"https:\/\/marekkuchcinski.pl\/sk\/wp-json\/wp\/v2\/users\/6"}],"replies":[{"embeddable":true,"href":"https:\/\/marekkuchcinski.pl\/sk\/wp-json\/wp\/v2\/comments?post=12294"}],"version-history":[{"count":1,"href":"https:\/\/marekkuchcinski.pl\/sk\/wp-json\/wp\/v2\/posts\/12294\/revisions"}],"predecessor-version":[{"id":12296,"href":"https:\/\/marekkuchcinski.pl\/sk\/wp-json\/wp\/v2\/posts\/12294\/revisions\/12296"}],"wp:featuredmedia":[{"embeddable":true,"href":"https:\/\/marekkuchcinski.pl\/sk\/wp-json\/wp\/v2\/media\/12295"}],"wp:attachment":[{"href":"https:\/\/marekkuchcinski.pl\/sk\/wp-json\/wp\/v2\/media?parent=12294"}],"wp:term":[{"taxonomy":"category","embeddable":true,"href":"https:\/\/marekkuchcinski.pl\/sk\/wp-json\/wp\/v2\/categories?post=12294"},{"taxonomy":"post_tag","embeddable":true,"href":"https:\/\/marekkuchcinski.pl\/sk\/wp-json\/wp\/v2\/tags?post=12294"}],"curies":[{"name":"wp","href":"https:\/\/api.w.org\/{rel}","templated":true}]}}