{"id":12144,"date":"2018-12-23T17:39:25","date_gmt":"2018-12-23T16:39:25","guid":{"rendered":"https:\/\/marekkuchcinski.pl\/?p=12144"},"modified":"2019-01-01T20:48:34","modified_gmt":"2019-01-01T19:48:34","slug":"boze-narodzenie-obrazach-mistrzow","status":"publish","type":"post","link":"https:\/\/marekkuchcinski.pl\/sk\/wydarzenia\/boze-narodzenie-obrazach-mistrzow\/","title":{"rendered":"Vianoce na obrazoch majstrov"},"content":{"rendered":"<p style=\"text-align: left;\">\"Die\u0165a zavinut\u00e9 do plienok a le\u017eiace v jasliach\" (Lk 2, 12), s M\u00e1riou, Jozefom, pastiermi a zvieratami po jeho boku... Najv\u00e4\u010d\u0161\u00ed maliari preniesli na pl\u00e1tno svoju v\u00edziu narodenia Bo\u017eieho Syna v jasliach. Ni\u017e\u0161ie je uveden\u00fd subjekt\u00edvny v\u00fdber:<\/p>\n<p style=\"text-align: left;\"><a href=\"https:\/\/marekkuchcinski.pl\/wp-content\/uploads\/2018\/12\/Tetmajer-.jpg\"><img fetchpriority=\"high\" decoding=\"async\" class=\"alignnone size-full wp-image-12190\" src=\"https:\/\/marekkuchcinski.pl\/wp-content\/uploads\/2018\/12\/Tetmajer-.jpg\" alt=\"Tetmajer\" width=\"732\" height=\"486\" srcset=\"https:\/\/marekkuchcinski.pl\/wp-content\/uploads\/2018\/12\/Tetmajer-.jpg 732w, https:\/\/marekkuchcinski.pl\/wp-content\/uploads\/2018\/12\/Tetmajer--300x199.jpg 300w\" sizes=\"(max-width: 732px) 100vw, 732px\" \/><\/a>W\u0142odzimierz Tetmajer<\/p>\n<p style=\"text-align: left;\"><a href=\"https:\/\/marekkuchcinski.pl\/wp-content\/uploads\/2018\/12\/Marc-Chagall.jpg\"><img decoding=\"async\" class=\"alignnone wp-image-12243\" src=\"https:\/\/marekkuchcinski.pl\/wp-content\/uploads\/2018\/12\/Marc-Chagall.jpg\" alt=\"Marc Chagall\" width=\"769\" height=\"1025\" srcset=\"https:\/\/marekkuchcinski.pl\/wp-content\/uploads\/2018\/12\/Marc-Chagall.jpg 450w, https:\/\/marekkuchcinski.pl\/wp-content\/uploads\/2018\/12\/Marc-Chagall-225x300.jpg 225w\" sizes=\"(max-width: 769px) 100vw, 769px\" \/><\/a>Marc Chagall<\/p>\n<p><a href=\"https:\/\/marekkuchcinski.pl\/wp-content\/uploads\/2018\/12\/Leonardo-da-Vinci-1.jpg\"><img decoding=\"async\" class=\"alignnone wp-image-12271\" src=\"https:\/\/marekkuchcinski.pl\/wp-content\/uploads\/2018\/12\/Leonardo-da-Vinci-1.jpg\" alt=\"Leonardo da Vinci\" width=\"750\" height=\"792\" srcset=\"https:\/\/marekkuchcinski.pl\/wp-content\/uploads\/2018\/12\/Leonardo-da-Vinci-1.jpg 593w, https:\/\/marekkuchcinski.pl\/wp-content\/uploads\/2018\/12\/Leonardo-da-Vinci-1-284x300.jpg 284w\" sizes=\"(max-width: 750px) 100vw, 750px\" \/><\/a>Leonardo da Vinci<\/p>\n<p><a href=\"https:\/\/marekkuchcinski.pl\/wp-content\/uploads\/2018\/12\/henry-ossawa-tanner-1909-9e5f8a83.jpg\"><img loading=\"lazy\" decoding=\"async\" class=\"alignnone size-full wp-image-12245\" src=\"https:\/\/marekkuchcinski.pl\/wp-content\/uploads\/2018\/12\/henry-ossawa-tanner-1909-9e5f8a83.jpg\" alt=\"henry-ossawa-tanner-1909-9e5f8a83\" width=\"930\" height=\"757\" srcset=\"https:\/\/marekkuchcinski.pl\/wp-content\/uploads\/2018\/12\/henry-ossawa-tanner-1909-9e5f8a83.jpg 930w, https:\/\/marekkuchcinski.pl\/wp-content\/uploads\/2018\/12\/henry-ossawa-tanner-1909-9e5f8a83-300x244.jpg 300w, https:\/\/marekkuchcinski.pl\/wp-content\/uploads\/2018\/12\/henry-ossawa-tanner-1909-9e5f8a83-768x625.jpg 768w\" sizes=\"(max-width: 930px) 100vw, 930px\" \/><\/a>Henry Ossawa<\/p>\n<p><a href=\"https:\/\/marekkuchcinski.pl\/wp-content\/uploads\/2018\/12\/Bosch.jpg\"><img loading=\"lazy\" decoding=\"async\" class=\"alignnone wp-image-12276\" src=\"https:\/\/marekkuchcinski.pl\/wp-content\/uploads\/2018\/12\/Bosch.jpg\" alt=\"Bosch\" width=\"782\" height=\"968\" srcset=\"https:\/\/marekkuchcinski.pl\/wp-content\/uploads\/2018\/12\/Bosch.jpg 404w, https:\/\/marekkuchcinski.pl\/wp-content\/uploads\/2018\/12\/Bosch-242x300.jpg 242w\" sizes=\"(max-width: 782px) 100vw, 782px\" \/><\/a>Bosch<\/p>\n<p style=\"text-align: left;\"><img loading=\"lazy\" decoding=\"async\" class=\"alignnone size-full wp-image-12157\" src=\"https:\/\/marekkuchcinski.pl\/wp-content\/uploads\/2018\/12\/Charles-Le-Brun.jpg\" alt=\"Charles Le Brun\" width=\"800\" height=\"563\" srcset=\"https:\/\/marekkuchcinski.pl\/wp-content\/uploads\/2018\/12\/Charles-Le-Brun.jpg 800w, https:\/\/marekkuchcinski.pl\/wp-content\/uploads\/2018\/12\/Charles-Le-Brun-300x211.jpg 300w, https:\/\/marekkuchcinski.pl\/wp-content\/uploads\/2018\/12\/Charles-Le-Brun-768x540.jpg 768w\" sizes=\"(max-width: 800px) 100vw, 800px\" \/>Charles Le Brun<\/p>\n<p style=\"text-align: left;\"><img loading=\"lazy\" decoding=\"async\" class=\"alignnone wp-image-12160\" src=\"https:\/\/marekkuchcinski.pl\/wp-content\/uploads\/2018\/12\/Federico-Barocci.jpg\" alt=\"Federico Barocci\" width=\"766\" height=\"984\" srcset=\"https:\/\/marekkuchcinski.pl\/wp-content\/uploads\/2018\/12\/Federico-Barocci.jpg 685w, https:\/\/marekkuchcinski.pl\/wp-content\/uploads\/2018\/12\/Federico-Barocci-234x300.jpg 234w\" sizes=\"(max-width: 766px) 100vw, 766px\" \/>Federico Barocci<\/p>\n<p style=\"text-align: left;\"><img loading=\"lazy\" decoding=\"async\" class=\"alignnone wp-image-12161\" src=\"https:\/\/marekkuchcinski.pl\/wp-content\/uploads\/2018\/12\/Geertgen-tot-Sint-Jans.jpg\" alt=\"Geertgen tot Sint Jans,\" width=\"795\" height=\"1076\" srcset=\"https:\/\/marekkuchcinski.pl\/wp-content\/uploads\/2018\/12\/Geertgen-tot-Sint-Jans.jpg 443w, https:\/\/marekkuchcinski.pl\/wp-content\/uploads\/2018\/12\/Geertgen-tot-Sint-Jans-222x300.jpg 222w\" sizes=\"(max-width: 795px) 100vw, 795px\" \/>Geertgen tot Sint Jans<\/p>\n<p style=\"text-align: left;\"><a href=\"https:\/\/marekkuchcinski.pl\/wp-content\/uploads\/2018\/12\/Titian_-_The_Holy_Family_with_a_Shepherd_-_Google_Art_Project.jpg\"><img loading=\"lazy\" decoding=\"async\" class=\"alignnone size-full wp-image-12278\" src=\"https:\/\/marekkuchcinski.pl\/wp-content\/uploads\/2018\/12\/Titian_-_The_Holy_Family_with_a_Shepherd_-_Google_Art_Project.jpg\" alt=\"Titian_-_The_Holy_Family_with_a_Shepherd_-_Google_Art_Project\" width=\"3000\" height=\"2230\" srcset=\"https:\/\/marekkuchcinski.pl\/wp-content\/uploads\/2018\/12\/Titian_-_The_Holy_Family_with_a_Shepherd_-_Google_Art_Project.jpg 2048w, https:\/\/marekkuchcinski.pl\/wp-content\/uploads\/2018\/12\/Titian_-_The_Holy_Family_with_a_Shepherd_-_Google_Art_Project-300x223.jpg 300w, https:\/\/marekkuchcinski.pl\/wp-content\/uploads\/2018\/12\/Titian_-_The_Holy_Family_with_a_Shepherd_-_Google_Art_Project-768x571.jpg 768w, https:\/\/marekkuchcinski.pl\/wp-content\/uploads\/2018\/12\/Titian_-_The_Holy_Family_with_a_Shepherd_-_Google_Art_Project-1024x761.jpg 1024w\" sizes=\"(max-width: 3000px) 100vw, 3000px\" \/><\/a>Tizi\u00e1n<\/p>\n<p style=\"text-align: left;\"><img loading=\"lazy\" decoding=\"async\" class=\"alignnone wp-image-12162\" src=\"https:\/\/marekkuchcinski.pl\/wp-content\/uploads\/2018\/12\/Gerard-van-Honthorst.jpg\" alt=\"Gerard van Honthorst\" width=\"787\" height=\"628\" srcset=\"https:\/\/marekkuchcinski.pl\/wp-content\/uploads\/2018\/12\/Gerard-van-Honthorst.jpg 400w, https:\/\/marekkuchcinski.pl\/wp-content\/uploads\/2018\/12\/Gerard-van-Honthorst-300x239.jpg 300w\" sizes=\"(max-width: 787px) 100vw, 787px\" \/>Gerard van Honthorst<\/p>\n<p style=\"text-align: left;\"><img loading=\"lazy\" decoding=\"async\" class=\"alignnone size-full wp-image-12166\" src=\"https:\/\/marekkuchcinski.pl\/wp-content\/uploads\/2018\/12\/Herman-Han.jpg\" alt=\"Herman Han\" width=\"3088\" height=\"2056\" srcset=\"https:\/\/marekkuchcinski.pl\/wp-content\/uploads\/2018\/12\/Herman-Han.jpg 2048w, https:\/\/marekkuchcinski.pl\/wp-content\/uploads\/2018\/12\/Herman-Han-300x200.jpg 300w, https:\/\/marekkuchcinski.pl\/wp-content\/uploads\/2018\/12\/Herman-Han-768x511.jpg 768w, https:\/\/marekkuchcinski.pl\/wp-content\/uploads\/2018\/12\/Herman-Han-1024x682.jpg 1024w\" sizes=\"(max-width: 3088px) 100vw, 3088px\" \/>Herman Han<\/p>\n<p style=\"text-align: left;\"><img loading=\"lazy\" decoding=\"async\" class=\"alignnone wp-image-12167\" src=\"https:\/\/marekkuchcinski.pl\/wp-content\/uploads\/2018\/12\/icha\u0142-Leopold-Willmann-\u201ePok\u0142on-Pasterzy.jpg\" alt=\"icha\u0142 Leopold Willmann, \u201ePok\u0142on Pasterzy\" width=\"768\" height=\"492\" srcset=\"https:\/\/marekkuchcinski.pl\/wp-content\/uploads\/2018\/12\/icha\u0142-Leopold-Willmann-\u201ePok\u0142on-Pasterzy.jpg 624w, https:\/\/marekkuchcinski.pl\/wp-content\/uploads\/2018\/12\/icha\u0142-Leopold-Willmann-\u201ePok\u0142on-Pasterzy-300x192.jpg 300w\" sizes=\"(max-width: 768px) 100vw, 768px\" \/><br \/>\nMicha\u0142 Leopold Willmann<\/p>\n<p style=\"text-align: left;\"><img loading=\"lazy\" decoding=\"async\" class=\"alignnone size-full wp-image-12169\" src=\"https:\/\/marekkuchcinski.pl\/wp-content\/uploads\/2018\/12\/Jacob-Van-Oost-.jpg\" alt=\"Jacob Van Oost\" width=\"768\" height=\"960\" srcset=\"https:\/\/marekkuchcinski.pl\/wp-content\/uploads\/2018\/12\/Jacob-Van-Oost-.jpg 768w, https:\/\/marekkuchcinski.pl\/wp-content\/uploads\/2018\/12\/Jacob-Van-Oost--240x300.jpg 240w\" sizes=\"(max-width: 768px) 100vw, 768px\" \/> Jacob Van Oost<\/p>\n<p style=\"text-align: left;\"><img loading=\"lazy\" decoding=\"async\" class=\"alignnone size-full wp-image-12170\" src=\"https:\/\/marekkuchcinski.pl\/wp-content\/uploads\/2018\/12\/Jacopo-Tintoretto-Narodziny-Jezusa.jpg\" alt=\"Jacopo Tintoretto Narodziny Jezusa\" width=\"800\" height=\"343\" srcset=\"https:\/\/marekkuchcinski.pl\/wp-content\/uploads\/2018\/12\/Jacopo-Tintoretto-Narodziny-Jezusa.jpg 800w, https:\/\/marekkuchcinski.pl\/wp-content\/uploads\/2018\/12\/Jacopo-Tintoretto-Narodziny-Jezusa-300x129.jpg 300w, https:\/\/marekkuchcinski.pl\/wp-content\/uploads\/2018\/12\/Jacopo-Tintoretto-Narodziny-Jezusa-768x329.jpg 768w\" sizes=\"(max-width: 800px) 100vw, 800px\" \/> Jacopo Tintoretto<\/p>\n<p style=\"text-align: left;\"><img loading=\"lazy\" decoding=\"async\" class=\"alignnone wp-image-12172\" src=\"https:\/\/marekkuchcinski.pl\/wp-content\/uploads\/2018\/12\/Jean-Baptiste-Marie-Pierre.jpg\" alt=\"Jean-Baptiste Marie Pierre\" width=\"803\" height=\"1004\" srcset=\"https:\/\/marekkuchcinski.pl\/wp-content\/uploads\/2018\/12\/Jean-Baptiste-Marie-Pierre.jpg 480w, https:\/\/marekkuchcinski.pl\/wp-content\/uploads\/2018\/12\/Jean-Baptiste-Marie-Pierre-240x300.jpg 240w\" sizes=\"(max-width: 803px) 100vw, 803px\" \/> Jean-Baptiste Marie Pierre<\/p>\n<p style=\"text-align: left;\"><img loading=\"lazy\" decoding=\"async\" class=\"alignnone wp-image-12180\" src=\"https:\/\/marekkuchcinski.pl\/wp-content\/uploads\/2018\/12\/Paul-Gauguin.jpg\" alt=\"Paul Gauguin\" width=\"803\" height=\"699\" srcset=\"https:\/\/marekkuchcinski.pl\/wp-content\/uploads\/2018\/12\/Paul-Gauguin.jpg 689w, https:\/\/marekkuchcinski.pl\/wp-content\/uploads\/2018\/12\/Paul-Gauguin-300x261.jpg 300w\" sizes=\"(max-width: 803px) 100vw, 803px\" \/>Paul Gauguin<\/p>\n<p><a href=\"https:\/\/marekkuchcinski.pl\/wp-content\/uploads\/2018\/12\/Piero-della-Francesca.jpg\"><img loading=\"lazy\" decoding=\"async\" class=\"wp-image-12249\" src=\"https:\/\/marekkuchcinski.pl\/wp-content\/uploads\/2018\/12\/Piero-della-Francesca.jpg\" alt=\"????????????????????????????????????\" width=\"788\" height=\"780\" srcset=\"https:\/\/marekkuchcinski.pl\/wp-content\/uploads\/2018\/12\/Piero-della-Francesca.jpg 560w, https:\/\/marekkuchcinski.pl\/wp-content\/uploads\/2018\/12\/Piero-della-Francesca-300x297.jpg 300w\" sizes=\"(max-width: 788px) 100vw, 788px\" \/><\/a>Piero della Francesca<\/p>\n<p><a href=\"https:\/\/marekkuchcinski.pl\/wp-content\/uploads\/2018\/12\/Marten-de-Vos.jpg\"><img loading=\"lazy\" decoding=\"async\" class=\"alignnone wp-image-12250\" src=\"https:\/\/marekkuchcinski.pl\/wp-content\/uploads\/2018\/12\/Marten-de-Vos.jpg\" alt=\"Marten de Vos\" width=\"759\" height=\"1084\" srcset=\"https:\/\/marekkuchcinski.pl\/wp-content\/uploads\/2018\/12\/Marten-de-Vos.jpg 560w, https:\/\/marekkuchcinski.pl\/wp-content\/uploads\/2018\/12\/Marten-de-Vos-210x300.jpg 210w\" sizes=\"(max-width: 759px) 100vw, 759px\" \/><\/a>Marten de Vos<\/p>\n<p><a href=\"https:\/\/marekkuchcinski.pl\/wp-content\/uploads\/2018\/12\/Conrad-von-Soest.jpg\"><img loading=\"lazy\" decoding=\"async\" class=\"wp-image-12253\" src=\"https:\/\/marekkuchcinski.pl\/wp-content\/uploads\/2018\/12\/Conrad-von-Soest.jpg\" alt=\"????????????????????????????????????\" width=\"902\" height=\"1200\" srcset=\"https:\/\/marekkuchcinski.pl\/wp-content\/uploads\/2018\/12\/Conrad-von-Soest.jpg 529w, https:\/\/marekkuchcinski.pl\/wp-content\/uploads\/2018\/12\/Conrad-von-Soest-225x300.jpg 225w\" sizes=\"(max-width: 902px) 100vw, 902px\" \/><\/a>Conrad von Soest<\/p>\n<p><img loading=\"lazy\" decoding=\"async\" class=\"alignnone size-full wp-image-12186\" src=\"https:\/\/marekkuchcinski.pl\/wp-content\/uploads\/2018\/12\/Rembrandt_Harmensz._van_Rijn_058.jpg\" alt=\"Rembrandt_Harmensz._van_Rijn_058\" width=\"3000\" height=\"3880\" srcset=\"https:\/\/marekkuchcinski.pl\/wp-content\/uploads\/2018\/12\/Rembrandt_Harmensz._van_Rijn_058.jpg 1584w, https:\/\/marekkuchcinski.pl\/wp-content\/uploads\/2018\/12\/Rembrandt_Harmensz._van_Rijn_058-232x300.jpg 232w, https:\/\/marekkuchcinski.pl\/wp-content\/uploads\/2018\/12\/Rembrandt_Harmensz._van_Rijn_058-768x993.jpg 768w, https:\/\/marekkuchcinski.pl\/wp-content\/uploads\/2018\/12\/Rembrandt_Harmensz._van_Rijn_058-792x1024.jpg 792w\" sizes=\"(max-width: 3000px) 100vw, 3000px\" \/> Rembrandt Harmenszoon van Rijn<\/p>\n<p style=\"text-align: left;\"><img loading=\"lazy\" decoding=\"async\" class=\"alignnone wp-image-12187\" src=\"https:\/\/marekkuchcinski.pl\/wp-content\/uploads\/2018\/12\/Rubens-pok\u0142on-pasterzy.jpg\" alt=\"Rubens, pok\u0142on pasterzy\" width=\"844\" height=\"763\" srcset=\"https:\/\/marekkuchcinski.pl\/wp-content\/uploads\/2018\/12\/Rubens-pok\u0142on-pasterzy.jpg 572w, https:\/\/marekkuchcinski.pl\/wp-content\/uploads\/2018\/12\/Rubens-pok\u0142on-pasterzy-300x271.jpg 300w\" sizes=\"(max-width: 844px) 100vw, 844px\" \/> Rubens<\/p>\n<p style=\"text-align: left;\"><a href=\"https:\/\/marekkuchcinski.pl\/wp-content\/uploads\/2018\/12\/Rembrandt-\u2013-Boz\u0307e-Narodzenie-1.jpg\"><img loading=\"lazy\" decoding=\"async\" class=\"alignnone wp-image-12209\" src=\"https:\/\/marekkuchcinski.pl\/wp-content\/uploads\/2018\/12\/Rembrandt-\u2013-Boz\u0307e-Narodzenie-1.jpg\" alt=\"Rembrandt \u2013 Boz\u0307e Narodzenie (1)\" width=\"805\" height=\"1039\" srcset=\"https:\/\/marekkuchcinski.pl\/wp-content\/uploads\/2018\/12\/Rembrandt-\u2013-Boz\u0307e-Narodzenie-1.jpg 388w, https:\/\/marekkuchcinski.pl\/wp-content\/uploads\/2018\/12\/Rembrandt-\u2013-Boz\u0307e-Narodzenie-1-232x300.jpg 232w\" sizes=\"(max-width: 805px) 100vw, 805px\" \/><\/a>Rembrandt Harmenszoon van Rijn<\/p>\n<p style=\"text-align: left;\"><a href=\"https:\/\/marekkuchcinski.pl\/wp-content\/uploads\/2018\/12\/Gari-Merchels.jpg\"><img loading=\"lazy\" decoding=\"async\" class=\"alignnone wp-image-12212\" src=\"https:\/\/marekkuchcinski.pl\/wp-content\/uploads\/2018\/12\/Gari-Merchels.jpg\" alt=\"Gari Merchels\" width=\"861\" height=\"643\" srcset=\"https:\/\/marekkuchcinski.pl\/wp-content\/uploads\/2018\/12\/Gari-Merchels.jpg 564w, https:\/\/marekkuchcinski.pl\/wp-content\/uploads\/2018\/12\/Gari-Merchels-300x224.jpg 300w\" sizes=\"(max-width: 861px) 100vw, 861px\" \/><\/a>Gari Merchels<\/p>\n<p style=\"text-align: left;\"><a href=\"https:\/\/marekkuchcinski.pl\/wp-content\/uploads\/2018\/12\/Iadyslav-Zaborsky.jpg\"><img loading=\"lazy\" decoding=\"async\" class=\"alignnone wp-image-12214\" src=\"https:\/\/marekkuchcinski.pl\/wp-content\/uploads\/2018\/12\/Iadyslav-Zaborsky.jpg\" alt=\"Iadyslav Zaborsky\" width=\"849\" height=\"1279\" srcset=\"https:\/\/marekkuchcinski.pl\/wp-content\/uploads\/2018\/12\/Iadyslav-Zaborsky.jpg 379w, https:\/\/marekkuchcinski.pl\/wp-content\/uploads\/2018\/12\/Iadyslav-Zaborsky-199x300.jpg 199w\" sizes=\"(max-width: 849px) 100vw, 849px\" \/><\/a>Ladislav Z\u00e1borsk\u00fd<\/p>\n<p style=\"text-align: left;\"><a href=\"https:\/\/marekkuchcinski.pl\/wp-content\/uploads\/2018\/12\/Paollo-Uccello.jpg\"><img loading=\"lazy\" decoding=\"async\" class=\"alignnone wp-image-12216\" src=\"https:\/\/marekkuchcinski.pl\/wp-content\/uploads\/2018\/12\/Paollo-Uccello.jpg\" alt=\"Paollo Uccello\" width=\"795\" height=\"1103\" srcset=\"https:\/\/marekkuchcinski.pl\/wp-content\/uploads\/2018\/12\/Paollo-Uccello.jpg 480w, https:\/\/marekkuchcinski.pl\/wp-content\/uploads\/2018\/12\/Paollo-Uccello-216x300.jpg 216w\" sizes=\"(max-width: 795px) 100vw, 795px\" \/><\/a>Paollo Uccello<\/p>\n<p style=\"text-align: left;\"><a href=\"https:\/\/marekkuchcinski.pl\/wp-content\/uploads\/2018\/12\/Michelangelo-Caravaggio-1.jpg\"><img loading=\"lazy\" decoding=\"async\" class=\"alignnone wp-image-12218\" src=\"https:\/\/marekkuchcinski.pl\/wp-content\/uploads\/2018\/12\/Michelangelo-Caravaggio-1.jpg\" alt=\"Michelangelo Caravaggio\" width=\"836\" height=\"1157\" srcset=\"https:\/\/marekkuchcinski.pl\/wp-content\/uploads\/2018\/12\/Michelangelo-Caravaggio-1.jpg 289w, https:\/\/marekkuchcinski.pl\/wp-content\/uploads\/2018\/12\/Michelangelo-Caravaggio-1-217x300.jpg 217w\" sizes=\"(max-width: 836px) 100vw, 836px\" \/><\/a>Michelangelo Caravaggio<\/p>\n<p style=\"text-align: left;\"><a href=\"https:\/\/marekkuchcinski.pl\/wp-content\/uploads\/2018\/12\/Guido-Reni.jpg\"><img loading=\"lazy\" decoding=\"async\" class=\"alignnone size-full wp-image-12220\" src=\"https:\/\/marekkuchcinski.pl\/wp-content\/uploads\/2018\/12\/Guido-Reni.jpg\" alt=\"Guido Reni\" width=\"1052\" height=\"1600\" srcset=\"https:\/\/marekkuchcinski.pl\/wp-content\/uploads\/2018\/12\/Guido-Reni.jpg 1052w, https:\/\/marekkuchcinski.pl\/wp-content\/uploads\/2018\/12\/Guido-Reni-197x300.jpg 197w, https:\/\/marekkuchcinski.pl\/wp-content\/uploads\/2018\/12\/Guido-Reni-768x1168.jpg 768w, https:\/\/marekkuchcinski.pl\/wp-content\/uploads\/2018\/12\/Guido-Reni-673x1024.jpg 673w\" sizes=\"(max-width: 1052px) 100vw, 1052px\" \/><\/a>Guido Reni<\/p>\n<p style=\"text-align: left;\"><a href=\"https:\/\/marekkuchcinski.pl\/wp-content\/uploads\/2018\/12\/Giotto.jpg\"><img loading=\"lazy\" decoding=\"async\" class=\"alignnone wp-image-12163\" src=\"https:\/\/marekkuchcinski.pl\/wp-content\/uploads\/2018\/12\/Giotto.jpg\" alt=\"Giotto\" width=\"835\" height=\"846\" srcset=\"https:\/\/marekkuchcinski.pl\/wp-content\/uploads\/2018\/12\/Giotto.jpg 395w, https:\/\/marekkuchcinski.pl\/wp-content\/uploads\/2018\/12\/Giotto-296x300.jpg 296w\" sizes=\"(max-width: 835px) 100vw, 835px\" \/><\/a>Giotto di Bondone<\/p>\n<p><a href=\"https:\/\/marekkuchcinski.pl\/wp-content\/uploads\/2018\/12\/Borgognone_Virgin_and_Child.jpg\"><img loading=\"lazy\" decoding=\"async\" class=\"wp-image-12254\" src=\"https:\/\/marekkuchcinski.pl\/wp-content\/uploads\/2018\/12\/Borgognone_Virgin_and_Child.jpg\" alt=\"??????????????????????????????????????????????????????????????????????????????????????????????????????????????????????????????????????????????????????????????????????????????????????????????????????????????????????????????????????????????????????????????????????????????????????????????????????????????????????????????????????????????????????????????????????????????????????????????????????????????????????????????????????????????????????????????????????????????????????????????????????????????????????????\" width=\"764\" height=\"1151\" srcset=\"https:\/\/marekkuchcinski.pl\/wp-content\/uploads\/2018\/12\/Borgognone_Virgin_and_Child.jpg 531w, https:\/\/marekkuchcinski.pl\/wp-content\/uploads\/2018\/12\/Borgognone_Virgin_and_Child-199x300.jpg 199w\" sizes=\"(max-width: 764px) 100vw, 764px\" \/><\/a>Borgognone<\/p>\n<p><a href=\"https:\/\/marekkuchcinski.pl\/wp-content\/uploads\/2018\/12\/Gerard-David.jpg\"><img loading=\"lazy\" decoding=\"async\" class=\"alignnone wp-image-12256\" src=\"https:\/\/marekkuchcinski.pl\/wp-content\/uploads\/2018\/12\/Gerard-David.jpg\" alt=\"Gerard David\" width=\"777\" height=\"1059\" srcset=\"https:\/\/marekkuchcinski.pl\/wp-content\/uploads\/2018\/12\/Gerard-David.jpg 560w, https:\/\/marekkuchcinski.pl\/wp-content\/uploads\/2018\/12\/Gerard-David-220x300.jpg 220w\" sizes=\"(max-width: 777px) 100vw, 777px\" \/><\/a>Gerard David<\/p>\n<p style=\"text-align: left;\"><a href=\"https:\/\/marekkuchcinski.pl\/wp-content\/uploads\/2018\/12\/El-Greco.-.jpg\"><img loading=\"lazy\" decoding=\"async\" class=\"alignnone size-full wp-image-12159\" src=\"https:\/\/marekkuchcinski.pl\/wp-content\/uploads\/2018\/12\/El-Greco.-.jpg\" alt=\"El Greco.\" width=\"800\" height=\"1024\" srcset=\"https:\/\/marekkuchcinski.pl\/wp-content\/uploads\/2018\/12\/El-Greco.-.jpg 800w, https:\/\/marekkuchcinski.pl\/wp-content\/uploads\/2018\/12\/El-Greco.--234x300.jpg 234w, https:\/\/marekkuchcinski.pl\/wp-content\/uploads\/2018\/12\/El-Greco.--768x983.jpg 768w\" sizes=\"(max-width: 800px) 100vw, 800px\" \/><\/a>El Greco<\/p>\n<p style=\"text-align: left;\"><a href=\"https:\/\/marekkuchcinski.pl\/wp-content\/uploads\/2018\/12\/\u201ePok\u0142on-pasterzy\u201d-Zofia-Stryjen\u0301ska.jpg\"><img loading=\"lazy\" decoding=\"async\" class=\"alignnone wp-image-12147\" src=\"https:\/\/marekkuchcinski.pl\/wp-content\/uploads\/2018\/12\/\u201ePok\u0142on-pasterzy\u201d-Zofia-Stryjen\u0301ska.jpg\" alt=\"\u201ePok\u0142on pasterzy\u201d, Zofia Stryjen\u0301ska\" width=\"877\" height=\"630\" srcset=\"https:\/\/marekkuchcinski.pl\/wp-content\/uploads\/2018\/12\/\u201ePok\u0142on-pasterzy\u201d-Zofia-Stryjen\u0301ska.jpg 640w, https:\/\/marekkuchcinski.pl\/wp-content\/uploads\/2018\/12\/\u201ePok\u0142on-pasterzy\u201d-Zofia-Stryjen\u0301ska-300x216.jpg 300w\" sizes=\"(max-width: 877px) 100vw, 877px\" \/><\/a>Zofia Stryje\u0144ska<\/p>\n<p style=\"text-align: left;\"><a href=\"https:\/\/marekkuchcinski.pl\/wp-content\/uploads\/2018\/12\/Kazimierz-Alchimowicz.jpeg\"><img loading=\"lazy\" decoding=\"async\" class=\"alignnone wp-image-12227\" src=\"https:\/\/marekkuchcinski.pl\/wp-content\/uploads\/2018\/12\/Kazimierz-Alchimowicz.jpeg\" alt=\"Kazimierz Alchimowicz\" width=\"768\" height=\"877\" \/><\/a>Kazimierz Alchimowicz<\/p>\n<p>&nbsp;<\/p>","protected":false},"excerpt":{"rendered":"<p>&#8222;Niemowl\u0119, owini\u0119te w pieluszki i le\u017c\u0105ce w \u017c\u0142obie&#8221;\u00a0(\u0141k 2, 12), a przy Nim Maryja, J\u00f3zef, pasterze i zwierz\u0119ta&#8230; Swoj\u0105 wizj\u0119 narodzin Syna Bo\u017cego w szopie na p\u0142\u00f3tno przelali najwi\u0119ksi malarze. Poni\u017cej subiektywny wyb\u00f3r: W\u0142odzimierz Tetmajer Marc Chagall Leonardo da Vinci Henry\u00a0Ossawa Bosch Charles Le Brun Federico Barocci Geertgen tot Sint Jans Tycjan Gerard van Honthorst [&hellip;]<\/p>\n","protected":false},"author":6,"featured_media":12190,"comment_status":"open","ping_status":"open","sticky":false,"template":"","format":"standard","meta":{"ngg_post_thumbnail":0,"footnotes":""},"categories":[77,3],"tags":[132,130,131],"class_list":["post-12144","post","type-post","status-publish","format-standard","has-post-thumbnail","hentry","category-wazne-daty","category-wydarzenia","tag-adoracja","tag-boze-narodzenie","tag-malarstwo"],"_links":{"self":[{"href":"https:\/\/marekkuchcinski.pl\/sk\/wp-json\/wp\/v2\/posts\/12144","targetHints":{"allow":["GET"]}}],"collection":[{"href":"https:\/\/marekkuchcinski.pl\/sk\/wp-json\/wp\/v2\/posts"}],"about":[{"href":"https:\/\/marekkuchcinski.pl\/sk\/wp-json\/wp\/v2\/types\/post"}],"author":[{"embeddable":true,"href":"https:\/\/marekkuchcinski.pl\/sk\/wp-json\/wp\/v2\/users\/6"}],"replies":[{"embeddable":true,"href":"https:\/\/marekkuchcinski.pl\/sk\/wp-json\/wp\/v2\/comments?post=12144"}],"version-history":[{"count":56,"href":"https:\/\/marekkuchcinski.pl\/sk\/wp-json\/wp\/v2\/posts\/12144\/revisions"}],"predecessor-version":[{"id":12280,"href":"https:\/\/marekkuchcinski.pl\/sk\/wp-json\/wp\/v2\/posts\/12144\/revisions\/12280"}],"wp:featuredmedia":[{"embeddable":true,"href":"https:\/\/marekkuchcinski.pl\/sk\/wp-json\/wp\/v2\/media\/12190"}],"wp:attachment":[{"href":"https:\/\/marekkuchcinski.pl\/sk\/wp-json\/wp\/v2\/media?parent=12144"}],"wp:term":[{"taxonomy":"category","embeddable":true,"href":"https:\/\/marekkuchcinski.pl\/sk\/wp-json\/wp\/v2\/categories?post=12144"},{"taxonomy":"post_tag","embeddable":true,"href":"https:\/\/marekkuchcinski.pl\/sk\/wp-json\/wp\/v2\/tags?post=12144"}],"curies":[{"name":"wp","href":"https:\/\/api.w.org\/{rel}","templated":true}]}}