{"id":12122,"date":"2018-12-20T11:51:15","date_gmt":"2018-12-20T10:51:15","guid":{"rendered":"https:\/\/marekkuchcinski.pl\/?p=12122"},"modified":"2018-12-22T12:28:05","modified_gmt":"2018-12-22T11:28:05","slug":"marek-kuchcinski-zycze-panstwu-oraz-panstwa-najblizszym-spokoju-wytchnienia-trosk-codziennego-kazdy-dzien-nowego-roku-bedzie-pelen-pomyslnosci-zyciu-zawodowym-osobistym-a","status":"publish","type":"post","link":"https:\/\/marekkuchcinski.pl\/sk\/wydarzenia\/marek-kuchcinski-zycze-panstwu-oraz-panstwa-najblizszym-spokoju-wytchnienia-trosk-codziennego-kazdy-dzien-nowego-roku-bedzie-pelen-pomyslnosci-zyciu-zawodowym-osobistym-a\/","title":{"rendered":"Marek Kuchci\u0144ski: Prajem v\u00e1m a va\u0161im bl\u00edzkym ve\u013ea pokoja a oddychu od starost\u00ed ka\u017edodenn\u00e9ho \u017eivota. Nech je ka\u017ed\u00fd de\u0148 nov\u00e9ho roka pln\u00fd prosperity v pracovnom i osobnom \u017eivote a nech \u017eijete v dobrom zdrav\u00ed."},"content":{"rendered":"<p><strong>Predseda Sejmu Marek Kuchci\u0144ski odovzdal viano\u010dn\u00e9 \u017eelania prim\u00e1torovi mesta Przemy\u015bl, starostovi a obyvate\u013eom svojho rodn\u00e9ho mesta.<\/strong><\/p>\n<p><em>Vianoce s\u00fa v\u00fdnimo\u010dn\u00fdm obdob\u00edm.  \u010cas pln\u00fd radosti, srde\u010dnosti a vz\u00e1jomn\u00e9ho porozumenia. Stretnutia pri opl\u00e1tkach sa stali trad\u00edciou, po\u010das ktorej v spolo\u010dnosti priate\u013eov a zn\u00e1mych pre\u017e\u00edvame rados\u0165 z bl\u00ed\u017eiacich sa Vianoc. Zastav\u00edme sa na zamyslenie, l\u00e1me sa symbolick\u00fd chlieb a navz\u00e1jom si \u017eel\u00e1me v\u0161etko dobr\u00e9, pln\u00ed n\u00e1deje do bud\u00facnosti.<\/em><\/p>\n<p><em>Vyu\u017e\u00edvam t\u00fato mimoriadnu pr\u00edle\u017eitos\u0165, aby som v\u00e1m a va\u0161im bl\u00edzkym za\u017eelal ve\u013ea pokoja a oddychu od starost\u00ed ka\u017edodenn\u00e9ho \u017eivota. Nech je ka\u017ed\u00fd de\u0148 nov\u00e9ho roka pln\u00fd prosperity v pracovnom i osobnom \u017eivote a nech sa te\u0161\u00edte dobr\u00e9mu zdraviu.<\/em><\/p>\n<p><em>E\u0161te raz v\u00e1s \u00faprimne pozdravujem a prajem v\u00e1m ve\u013ea zdravia.<\/em><\/p>\n<p><em>Marek Kuchci\u0144ski<\/em><\/p>\n<p><span style=\"color: #000000;\"><strong><a style=\"color: #000000;\" href=\"https:\/\/marekkuchcinski.pl\/wp-content\/uploads\/2018\/12\/Przemy\u015bl.pdf\">ZOZNAM<\/a><\/strong><\/span><\/p>\n<p><a href=\"https:\/\/marekkuchcinski.pl\/wp-content\/uploads\/2018\/12\/m-cho.jpg\"><img fetchpriority=\"high\" decoding=\"async\" class=\"alignnone size-full wp-image-12126\" src=\"https:\/\/marekkuchcinski.pl\/wp-content\/uploads\/2018\/12\/m-cho.jpg\" alt=\"m cho\" width=\"4896\" height=\"3264\" srcset=\"https:\/\/marekkuchcinski.pl\/wp-content\/uploads\/2018\/12\/m-cho.jpg 2048w, https:\/\/marekkuchcinski.pl\/wp-content\/uploads\/2018\/12\/m-cho-300x200.jpg 300w, https:\/\/marekkuchcinski.pl\/wp-content\/uploads\/2018\/12\/m-cho-768x512.jpg 768w, https:\/\/marekkuchcinski.pl\/wp-content\/uploads\/2018\/12\/m-cho-1024x683.jpg 1024w\" sizes=\"(max-width: 4896px) 100vw, 4896px\" \/><\/a><\/p>","protected":false},"excerpt":{"rendered":"<p>Marsza\u0142ek Sejmu Marek Kuchci\u0144ski przekaza\u0142 \u015bwi\u0105teczne \u017cyczenia Prezydentowi Przemy\u015bla, Staro\u015bcie oraz mieszka\u0144com swojego rodzinnego miasta. \u015awi\u0119ta\u00a0 Bo\u017cego\u00a0 Narodzenia\u00a0 to czas\u00a0 wyj\u0105tkowy.\u00a0 Czas\u00a0 pe\u0142en\u00a0 rado\u015bci,\u00a0 ciep\u0142a i wzajemnego zrozumienia. Dobr\u0105 tradycj\u0105 sta\u0142y si\u0119 spotkania op\u0142atkowe, podczas kt\u00f3rych w gronie przyjaci\u00f3\u0142 i znajomych prze\u017cywamy rado\u015b\u0107 z okazji zbli\u017caj\u0105cych si\u0119 \u015awi\u0105t. Zatrzymujemy si\u0119 na chwil\u0119 refleksji, prze\u0142amujemy symboliczny [&hellip;]<\/p>\n","protected":false},"author":6,"featured_media":12143,"comment_status":"open","ping_status":"open","sticky":false,"template":"","format":"standard","meta":{"ngg_post_thumbnail":0,"footnotes":""},"categories":[104,49,3],"tags":[],"class_list":["post-12122","post","type-post","status-publish","format-standard","has-post-thumbnail","hentry","category-lms","category-podkarpacie","category-wydarzenia"],"_links":{"self":[{"href":"https:\/\/marekkuchcinski.pl\/sk\/wp-json\/wp\/v2\/posts\/12122","targetHints":{"allow":["GET"]}}],"collection":[{"href":"https:\/\/marekkuchcinski.pl\/sk\/wp-json\/wp\/v2\/posts"}],"about":[{"href":"https:\/\/marekkuchcinski.pl\/sk\/wp-json\/wp\/v2\/types\/post"}],"author":[{"embeddable":true,"href":"https:\/\/marekkuchcinski.pl\/sk\/wp-json\/wp\/v2\/users\/6"}],"replies":[{"embeddable":true,"href":"https:\/\/marekkuchcinski.pl\/sk\/wp-json\/wp\/v2\/comments?post=12122"}],"version-history":[{"count":5,"href":"https:\/\/marekkuchcinski.pl\/sk\/wp-json\/wp\/v2\/posts\/12122\/revisions"}],"predecessor-version":[{"id":12131,"href":"https:\/\/marekkuchcinski.pl\/sk\/wp-json\/wp\/v2\/posts\/12122\/revisions\/12131"}],"wp:featuredmedia":[{"embeddable":true,"href":"https:\/\/marekkuchcinski.pl\/sk\/wp-json\/wp\/v2\/media\/12143"}],"wp:attachment":[{"href":"https:\/\/marekkuchcinski.pl\/sk\/wp-json\/wp\/v2\/media?parent=12122"}],"wp:term":[{"taxonomy":"category","embeddable":true,"href":"https:\/\/marekkuchcinski.pl\/sk\/wp-json\/wp\/v2\/categories?post=12122"},{"taxonomy":"post_tag","embeddable":true,"href":"https:\/\/marekkuchcinski.pl\/sk\/wp-json\/wp\/v2\/tags?post=12122"}],"curies":[{"name":"wp","href":"https:\/\/api.w.org\/{rel}","templated":true}]}}