{"id":12080,"date":"2018-12-20T10:43:39","date_gmt":"2018-12-20T09:43:39","guid":{"rendered":"https:\/\/marekkuchcinski.pl\/?p=12080"},"modified":"2018-12-20T10:43:39","modified_gmt":"2018-12-20T09:43:39","slug":"wilno-otwarcie-wystawy-okazji-550-lecia-parlamentaryzmu-rzeczypospolitej-laczy-nas-sojusz-strategiczny-poczuciu-wspolnych-wyzwan","status":"publish","type":"post","link":"https:\/\/marekkuchcinski.pl\/sk\/wspolpraca-miedzynarodowa\/wilno-otwarcie-wystawy-okazji-550-lecia-parlamentaryzmu-rzeczypospolitej-laczy-nas-sojusz-strategiczny-poczuciu-wspolnych-wyzwan\/","title":{"rendered":"Vilnius. Otvorenie v\u00fdstavy pri pr\u00edle\u017eitosti 550. v\u00fdro\u010dia parlamentarizmu republiky. \"Sp\u00e1ja n\u00e1s strategick\u00e9 spojenectvo s pocitom spolo\u010dn\u00fdch v\u00fdziev.\""},"content":{"rendered":"<p dir=\"ltr\">P\u00e4\u0165 a pol storo\u010dia od prv\u00e9ho dvojkomorov\u00e9ho Sejmu v Piotrkowe - rok 2018 je jedn\u00fdm z najv\u00fdznamnej\u0161\u00edch v\u00fdro\u010d\u00ed po\u013esk\u00e9ho spolo\u010densk\u00e9ho a politick\u00e9ho \u017eivota. 550. v\u00fdro\u010die je z\u00e1rove\u0148 spojen\u00e9 s na\u0161\u00edm st\u00e1ro\u010dn\u00fdm spojencom, s ktor\u00fdm sme nieko\u013eko sto rokov tvorili jeden \u0161t\u00e1t. Stredaj\u0161ia n\u00e1v\u0161teva mar\u0161\u00e1lka Sejmu Mareka Kuchcinsk\u00e9ho vo Vilniuse sa niesla v znamen\u00ed spolo\u010dnej hist\u00f3rie, trad\u00edci\u00ed a v\u00e4zieb, ktor\u00e9 sp\u00e1jaj\u00fa oba n\u00e1rody, zatia\u013e \u010do v\u00fdstava \"Po\u013esko. Trad\u00edcie parlamentarizmu do roku 1791\", ktor\u00e1 bola otvoren\u00e1 v Seime, je toho najlep\u0161\u00edm d\u00f4kazom.<\/p>\n<p dir=\"ltr\">- R\u00e1d by som pripomenul d\u00e1tum 1. j\u00fal 1569, de\u0148 uzavretia Lublinskej \u00fanie. Vytvoril medzin\u00e1rodn\u00fd a vn\u00fatorn\u00fd poriadok, ktor\u00fd nemal obdobu a predbehol modern\u00fd model integr\u00e1cie o cel\u00e9 st\u00e1ro\u010dia. Prelomov\u00fd moment vo v\u00fdvoji eur\u00f3pskej demokracie. Organizmy vtedaj\u0161ieho zjednoten\u00e9ho \u0161t\u00e1tu dali vznikn\u00fa\u0165 nov\u00e9mu parlamentn\u00e9mu syst\u00e9mu v Eur\u00f3pe. Z\u00e1kon o Lublinskej \u00fanii bol v roku 2018 zap\u00edsan\u00fd do programu UNESCO Pam\u00e4\u0165 sveta. Bol to v\u00fdsledok n\u00e1\u0161ho spolo\u010dn\u00e9ho \u00fasilia, ke\u010f\u017ee Po\u013esko, Litva, ako aj Loty\u0161sko, Bielorusko a Ukrajina sa spolo\u010dne usilovali o to, aby bol dokument zap\u00edsan\u00fd,\" povedal mar\u0161al Kuchci\u0144ski po\u010das otvorenia v\u00fdstavy.<\/p>\n<p dir=\"ltr\">V\u00fdstava pribli\u017euje k\u013e\u00fa\u010dov\u00e9 udalosti vo v\u00fdvoji parlamentarizmu v obdob\u00ed od 14. do 18. storo\u010dia. P\u00f4vodn\u00fa koncepciu v\u00fdstavy vypracovala poslanky\u0148a Ewa Tomaszewska.<\/p>\n<p dir=\"ltr\">V roku 2019 osl\u00e1vime 450. v\u00fdro\u010die Lublinskej \u00fanie. Pred st\u00e1ro\u010diami tvorila z\u00e1klad po\u013esko-litovsk\u00fdch bratsk\u00fdch vz\u0165ahov. T\u00e1to sila a moc dnes prin\u00e1\u0161a ovocie vo forme vz\u00e1jomnej podpory, ktor\u00fa si prejavujeme spolupr\u00e1cou v regi\u00f3ne, v Eur\u00f3pskej \u00fanii a v Severoatlantickej aliancii. Pre dobro na\u0161ich n\u00e1rodov n\u00e1s sp\u00e1ja strategick\u00e9 spojenectvo s vedom\u00edm spolo\u010dn\u00fdch v\u00fdziev a hrozieb, ktor\u00e9 sa op\u00e4\u0165 vzn\u00e1\u0161aj\u00fa nad eur\u00f3pskym kontinentom,\" zhodnotil Marek Kuchci\u0144ski.<\/p>\n<p dir=\"ltr\">Predseda litovsk\u00e9ho Seimasu profesor Viktoras Pranckietis zasa zd\u00f4raznil, \u017ee Var\u0161ava a Vilnius maj\u00fa ve\u013ea spolo\u010dn\u00e9ho, dokonca aj rovnak\u00fd n\u00e1zov n\u00e1rodnej reprezent\u00e1cie. - V pr\u00e1ve kon\u010diacom sa roku sme oslavovali st\u00e9 v\u00fdro\u010die znovuzrodenia na\u0161ich kraj\u00edn a oslavovali sme ich spolo\u010dne. Po\u013esko je na\u0161\u00edm strategick\u00fdm partnerom v regi\u00f3ne, s ktor\u00fdm m\u00e1me mimoriadne \u00fazke vz\u0165ahy.<\/p>\n<p dir=\"ltr\">Po\u010das tla\u010dovej konferencie oboch politikov sa predsedu Seimasu op\u00fdtali na ohl\u00e1sen\u00e9 Parlamentn\u00e9 zhroma\u017edenie Po\u013eska a Litvy. - Je \u0165a\u017ek\u00e9 obnovi\u0165 vz\u0165ahy medzi \u013eu\u010fmi - vr\u00e1tane medziparlamentn\u00fdch vz\u0165ahov - ak boli rozvr\u00e1ten\u00e9 a zni\u010den\u00e9 v priebehu nieko\u013ek\u00fdch gener\u00e1ci\u00ed. Rob\u00edme v\u0161ak ve\u013emi r\u00fdchle pokroky. R\u00fdchlo sa meniace politick\u00e9 a spolo\u010densk\u00e9 pomery na celom svete a tie\u017e v Eur\u00f3pe n\u00e1s n\u00fatia tieto vz\u0165ahy ur\u00fdchli\u0165. Sme pripraven\u00ed za\u010da\u0165 \u010dinnos\u0165 Parlamentn\u00e9ho zhroma\u017edenia,\" uviedol Marek Kuchci\u0144ski.<\/p>\n<p dir=\"ltr\">N\u00e1v\u0161teva Vilniusu sa za\u010dala polo\u017een\u00edm venca k mauz\u00f3leu Matky a Srdca syna na Rosse. M\u00e1ria Pi\u0142sudska je tam pochovan\u00e1 a ved\u013ea nej je v kri\u0161t\u00e1\u013eovej urne ulo\u017een\u00e9 srdce jej syna Jozefa.<br \/>\nDeleg\u00e1cia nav\u0161t\u00edvila aj v\u00fdstavu v N\u00e1rodnom m\u00fazeu - Pal\u00e1ci litovsk\u00fdch ve\u013ekovojvodov venovan\u00fa Adamovi Mickiewiczovi.<\/p>\n<p dir=\"ltr\">Po\u013esk\u00fa stranu po\u010das n\u00e1v\u0161tevy okrem mar\u0161\u00e1lka Sejmu zastupovali ved\u00faca kancel\u00e1rie Agnieszka Kaczmarska a poslanci Ewa Tomaszewska, Grzegorz Janik, Tadeusz Aziewicz a Bartosz J\u00f3zwiak.<\/p>\n<p dir=\"ltr\"><em>Text CIS\/ sejm.gov.pl<\/em><\/p>\n<p><a href=\"https:\/\/marekkuchcinski.pl\/wp-content\/uploads\/2018\/12\/RZ__7074.jpg\"><img fetchpriority=\"high\" decoding=\"async\" class=\"alignnone size-full wp-image-12082\" src=\"https:\/\/marekkuchcinski.pl\/wp-content\/uploads\/2018\/12\/RZ__7074.jpg\" alt=\"RZ__7074\" width=\"3360\" height=\"2240\" srcset=\"https:\/\/marekkuchcinski.pl\/wp-content\/uploads\/2018\/12\/RZ__7074.jpg 2048w, https:\/\/marekkuchcinski.pl\/wp-content\/uploads\/2018\/12\/RZ__7074-300x200.jpg 300w, https:\/\/marekkuchcinski.pl\/wp-content\/uploads\/2018\/12\/RZ__7074-768x512.jpg 768w, https:\/\/marekkuchcinski.pl\/wp-content\/uploads\/2018\/12\/RZ__7074-1024x683.jpg 1024w\" sizes=\"(max-width: 3360px) 100vw, 3360px\" \/><\/a> <a href=\"https:\/\/marekkuchcinski.pl\/wp-content\/uploads\/2018\/12\/RZ__7101.jpg\"><img decoding=\"async\" class=\"alignnone size-full wp-image-12083\" src=\"https:\/\/marekkuchcinski.pl\/wp-content\/uploads\/2018\/12\/RZ__7101.jpg\" alt=\"RZ__7101\" width=\"3360\" height=\"2240\" srcset=\"https:\/\/marekkuchcinski.pl\/wp-content\/uploads\/2018\/12\/RZ__7101.jpg 2048w, https:\/\/marekkuchcinski.pl\/wp-content\/uploads\/2018\/12\/RZ__7101-300x200.jpg 300w, https:\/\/marekkuchcinski.pl\/wp-content\/uploads\/2018\/12\/RZ__7101-768x512.jpg 768w, https:\/\/marekkuchcinski.pl\/wp-content\/uploads\/2018\/12\/RZ__7101-1024x683.jpg 1024w\" sizes=\"(max-width: 3360px) 100vw, 3360px\" \/><\/a> <a href=\"https:\/\/marekkuchcinski.pl\/wp-content\/uploads\/2018\/12\/RZ__7166.jpg\"><img decoding=\"async\" class=\"alignnone size-full wp-image-12084\" src=\"https:\/\/marekkuchcinski.pl\/wp-content\/uploads\/2018\/12\/RZ__7166.jpg\" alt=\"RZ__7166\" width=\"3360\" height=\"2240\" srcset=\"https:\/\/marekkuchcinski.pl\/wp-content\/uploads\/2018\/12\/RZ__7166.jpg 2048w, https:\/\/marekkuchcinski.pl\/wp-content\/uploads\/2018\/12\/RZ__7166-300x200.jpg 300w, https:\/\/marekkuchcinski.pl\/wp-content\/uploads\/2018\/12\/RZ__7166-768x512.jpg 768w, https:\/\/marekkuchcinski.pl\/wp-content\/uploads\/2018\/12\/RZ__7166-1024x683.jpg 1024w\" sizes=\"(max-width: 3360px) 100vw, 3360px\" \/><\/a> <a href=\"https:\/\/marekkuchcinski.pl\/wp-content\/uploads\/2018\/12\/RZ__7289.jpg\"><img loading=\"lazy\" decoding=\"async\" class=\"alignnone size-full wp-image-12085\" src=\"https:\/\/marekkuchcinski.pl\/wp-content\/uploads\/2018\/12\/RZ__7289.jpg\" alt=\"RZ__7289\" width=\"3360\" height=\"2240\" srcset=\"https:\/\/marekkuchcinski.pl\/wp-content\/uploads\/2018\/12\/RZ__7289.jpg 2048w, https:\/\/marekkuchcinski.pl\/wp-content\/uploads\/2018\/12\/RZ__7289-300x200.jpg 300w, https:\/\/marekkuchcinski.pl\/wp-content\/uploads\/2018\/12\/RZ__7289-768x512.jpg 768w, https:\/\/marekkuchcinski.pl\/wp-content\/uploads\/2018\/12\/RZ__7289-1024x683.jpg 1024w\" sizes=\"(max-width: 3360px) 100vw, 3360px\" \/><\/a> <a href=\"https:\/\/marekkuchcinski.pl\/wp-content\/uploads\/2018\/12\/RZ__7397.jpg\"><img loading=\"lazy\" decoding=\"async\" class=\"alignnone size-full wp-image-12086\" src=\"https:\/\/marekkuchcinski.pl\/wp-content\/uploads\/2018\/12\/RZ__7397.jpg\" alt=\"RZ__7397\" width=\"3360\" height=\"2240\" srcset=\"https:\/\/marekkuchcinski.pl\/wp-content\/uploads\/2018\/12\/RZ__7397.jpg 2048w, https:\/\/marekkuchcinski.pl\/wp-content\/uploads\/2018\/12\/RZ__7397-300x200.jpg 300w, https:\/\/marekkuchcinski.pl\/wp-content\/uploads\/2018\/12\/RZ__7397-768x512.jpg 768w, https:\/\/marekkuchcinski.pl\/wp-content\/uploads\/2018\/12\/RZ__7397-1024x683.jpg 1024w\" sizes=\"(max-width: 3360px) 100vw, 3360px\" \/><\/a> <a href=\"https:\/\/marekkuchcinski.pl\/wp-content\/uploads\/2018\/12\/RZ__7413.jpg\"><img loading=\"lazy\" decoding=\"async\" class=\"alignnone size-full wp-image-12087\" src=\"https:\/\/marekkuchcinski.pl\/wp-content\/uploads\/2018\/12\/RZ__7413.jpg\" alt=\"RZ__7413\" width=\"3360\" height=\"2240\" srcset=\"https:\/\/marekkuchcinski.pl\/wp-content\/uploads\/2018\/12\/RZ__7413.jpg 2048w, https:\/\/marekkuchcinski.pl\/wp-content\/uploads\/2018\/12\/RZ__7413-300x200.jpg 300w, https:\/\/marekkuchcinski.pl\/wp-content\/uploads\/2018\/12\/RZ__7413-768x512.jpg 768w, https:\/\/marekkuchcinski.pl\/wp-content\/uploads\/2018\/12\/RZ__7413-1024x683.jpg 1024w\" sizes=\"(max-width: 3360px) 100vw, 3360px\" \/><\/a> <a href=\"https:\/\/marekkuchcinski.pl\/wp-content\/uploads\/2018\/12\/RZ__7441.jpg\"><img loading=\"lazy\" decoding=\"async\" class=\"alignnone size-full wp-image-12088\" src=\"https:\/\/marekkuchcinski.pl\/wp-content\/uploads\/2018\/12\/RZ__7441.jpg\" alt=\"RZ__7441\" width=\"3360\" height=\"2240\" srcset=\"https:\/\/marekkuchcinski.pl\/wp-content\/uploads\/2018\/12\/RZ__7441.jpg 2048w, https:\/\/marekkuchcinski.pl\/wp-content\/uploads\/2018\/12\/RZ__7441-300x200.jpg 300w, https:\/\/marekkuchcinski.pl\/wp-content\/uploads\/2018\/12\/RZ__7441-768x512.jpg 768w, https:\/\/marekkuchcinski.pl\/wp-content\/uploads\/2018\/12\/RZ__7441-1024x683.jpg 1024w\" sizes=\"(max-width: 3360px) 100vw, 3360px\" \/><\/a> <a href=\"https:\/\/marekkuchcinski.pl\/wp-content\/uploads\/2018\/12\/RZ__7488.jpg\"><img loading=\"lazy\" decoding=\"async\" class=\"alignnone size-full wp-image-12089\" src=\"https:\/\/marekkuchcinski.pl\/wp-content\/uploads\/2018\/12\/RZ__7488.jpg\" alt=\"RZ__7488\" width=\"3360\" height=\"2240\" srcset=\"https:\/\/marekkuchcinski.pl\/wp-content\/uploads\/2018\/12\/RZ__7488.jpg 2048w, https:\/\/marekkuchcinski.pl\/wp-content\/uploads\/2018\/12\/RZ__7488-300x200.jpg 300w, https:\/\/marekkuchcinski.pl\/wp-content\/uploads\/2018\/12\/RZ__7488-768x512.jpg 768w, https:\/\/marekkuchcinski.pl\/wp-content\/uploads\/2018\/12\/RZ__7488-1024x683.jpg 1024w\" sizes=\"(max-width: 3360px) 100vw, 3360px\" \/><\/a> <a href=\"https:\/\/marekkuchcinski.pl\/wp-content\/uploads\/2018\/12\/RZ__7582.jpg\"><img loading=\"lazy\" decoding=\"async\" class=\"alignnone size-full wp-image-12091\" src=\"https:\/\/marekkuchcinski.pl\/wp-content\/uploads\/2018\/12\/RZ__7582.jpg\" alt=\"RZ__7582\" width=\"3360\" height=\"2240\" srcset=\"https:\/\/marekkuchcinski.pl\/wp-content\/uploads\/2018\/12\/RZ__7582.jpg 2048w, https:\/\/marekkuchcinski.pl\/wp-content\/uploads\/2018\/12\/RZ__7582-300x200.jpg 300w, https:\/\/marekkuchcinski.pl\/wp-content\/uploads\/2018\/12\/RZ__7582-768x512.jpg 768w, https:\/\/marekkuchcinski.pl\/wp-content\/uploads\/2018\/12\/RZ__7582-1024x683.jpg 1024w\" sizes=\"(max-width: 3360px) 100vw, 3360px\" \/><\/a> <a href=\"https:\/\/marekkuchcinski.pl\/wp-content\/uploads\/2018\/12\/RZ__7600.jpg\"><img loading=\"lazy\" decoding=\"async\" class=\"alignnone size-full wp-image-12092\" src=\"https:\/\/marekkuchcinski.pl\/wp-content\/uploads\/2018\/12\/RZ__7600.jpg\" alt=\"RZ__7600\" width=\"3360\" height=\"2240\" srcset=\"https:\/\/marekkuchcinski.pl\/wp-content\/uploads\/2018\/12\/RZ__7600.jpg 2048w, https:\/\/marekkuchcinski.pl\/wp-content\/uploads\/2018\/12\/RZ__7600-300x200.jpg 300w, https:\/\/marekkuchcinski.pl\/wp-content\/uploads\/2018\/12\/RZ__7600-768x512.jpg 768w, https:\/\/marekkuchcinski.pl\/wp-content\/uploads\/2018\/12\/RZ__7600-1024x683.jpg 1024w\" sizes=\"(max-width: 3360px) 100vw, 3360px\" \/><\/a><\/p>\n<p><em>Foto: Rafa\u0142 Zambrzycki\/ Sejm<\/em><\/p>","protected":false},"excerpt":{"rendered":"<p>Pi\u0119\u0107 i p\u00f3\u0142 wieku od pierwszego Sejmu dwuizbowego w Piotrkowie &#8211; na 2018 r. przypad\u0142a jedna z najwa\u017cniejszych rocznic dla polskiego \u017cycia spo\u0142ecznego i politycznego. Jednocze\u015bnie 550-lecie jest tak\u017ce zwi\u0105zane z naszym wielowiekowym sojusznikiem, z kt\u00f3rym przez kilkaset lat tworzyli\u015bmy jedno pa\u0144stwo. \u015arodowa wizyta marsza\u0142ka Sejmu Marka Kuchci\u0144skiego w Wilnie up\u0142yn\u0119\u0142a pod znakiem wsp\u00f3lnej historii, [&hellip;]<\/p>\n","protected":false},"author":6,"featured_media":12087,"comment_status":"open","ping_status":"open","sticky":false,"template":"","format":"standard","meta":{"ngg_post_thumbnail":0,"footnotes":""},"categories":[50],"tags":[],"class_list":["post-12080","post","type-post","status-publish","format-standard","has-post-thumbnail","hentry","category-wspolpraca-miedzynarodowa"],"_links":{"self":[{"href":"https:\/\/marekkuchcinski.pl\/sk\/wp-json\/wp\/v2\/posts\/12080","targetHints":{"allow":["GET"]}}],"collection":[{"href":"https:\/\/marekkuchcinski.pl\/sk\/wp-json\/wp\/v2\/posts"}],"about":[{"href":"https:\/\/marekkuchcinski.pl\/sk\/wp-json\/wp\/v2\/types\/post"}],"author":[{"embeddable":true,"href":"https:\/\/marekkuchcinski.pl\/sk\/wp-json\/wp\/v2\/users\/6"}],"replies":[{"embeddable":true,"href":"https:\/\/marekkuchcinski.pl\/sk\/wp-json\/wp\/v2\/comments?post=12080"}],"version-history":[{"count":2,"href":"https:\/\/marekkuchcinski.pl\/sk\/wp-json\/wp\/v2\/posts\/12080\/revisions"}],"predecessor-version":[{"id":12121,"href":"https:\/\/marekkuchcinski.pl\/sk\/wp-json\/wp\/v2\/posts\/12080\/revisions\/12121"}],"wp:featuredmedia":[{"embeddable":true,"href":"https:\/\/marekkuchcinski.pl\/sk\/wp-json\/wp\/v2\/media\/12087"}],"wp:attachment":[{"href":"https:\/\/marekkuchcinski.pl\/sk\/wp-json\/wp\/v2\/media?parent=12080"}],"wp:term":[{"taxonomy":"category","embeddable":true,"href":"https:\/\/marekkuchcinski.pl\/sk\/wp-json\/wp\/v2\/categories?post=12080"},{"taxonomy":"post_tag","embeddable":true,"href":"https:\/\/marekkuchcinski.pl\/sk\/wp-json\/wp\/v2\/tags?post=12080"}],"curies":[{"name":"wp","href":"https:\/\/api.w.org\/{rel}","templated":true}]}}