{"id":11978,"date":"2018-12-19T10:15:59","date_gmt":"2018-12-19T09:15:59","guid":{"rendered":"https:\/\/marekkuchcinski.pl\/?p=11978"},"modified":"2018-12-19T17:53:12","modified_gmt":"2018-12-19T16:53:12","slug":"muzeum-ziemi-przemyskiej-otrzyma-srodki-by-chronic-zapomnienia-historie-dziedzictwo-zbudowane-styku-kultur-pograniczu-narodow","status":"publish","type":"post","link":"https:\/\/marekkuchcinski.pl\/sk\/wydarzenia\/muzeum-ziemi-przemyskiej-otrzyma-srodki-by-chronic-zapomnienia-historie-dziedzictwo-zbudowane-styku-kultur-pograniczu-narodow\/","title":{"rendered":"N\u00e1rodn\u00e9 m\u00fazeum v Przemy\u015bli chce zv\u00fd\u0161i\u0165 vlasteneck\u00e9 povedomie. V\u010faka z\u00edskan\u00fdm finan\u010dn\u00fdm prostriedkom vytvor\u00ed okrem in\u00e9ho ponuku vzdel\u00e1vania pre deti a ml\u00e1de\u017e"},"content":{"rendered":"<p><strong>Minister kult\u00fary Piotr Gli\u0144ski a mar\u0161al Podkarpatsk\u00e9ho vojvodstva W\u0142adys\u0142aw Ortyl podp\u00edsali dohodu, na z\u00e1klade ktorej bude od nov\u00e9ho roka N\u00e1rodn\u00e9 m\u00fazeum Przemysla spolo\u010dne spravovan\u00e9 Ministerstvom kult\u00fary a samospr\u00e1vou Podkarpatsk\u00e9ho vojvodstva. Spoluriadiace subjekty poskytn\u00fa ro\u010dn\u00e9 finan\u010dn\u00e9 prostriedky vo v\u00fd\u0161ke: Provincia - 4 200 000 PLN, minister KiDN - 1 300 000 PLN.<\/strong><\/p>\n<p>Predseda Sejmu Marek Kuchci\u0144ski, ktor\u00fd sa u\u017e dlh\u00e9 roky zasadzuje o podporu m\u00fazea, povedal, \u017ee Podkarpatsko, zem Przemy\u015bl e\u0161te (...) z \u010dias prvej republiky, tiahnuca sa od Stryja po Tarnogr\u00f3d \u010di \u015awilczu za Rzesz\u00f3wom, s\u00fa miesta, z ktor\u00fdch vych\u00e1dza ve\u013ek\u00e1 rozmanitos\u0165 kult\u00fary a dobr\u00fdch trad\u00edci\u00ed starej republiky. - S\u00fa to miesta, ktor\u00e9 boli e\u0161te pred 300, 400 rokmi s\u00fa\u010das\u0165ou Po\u013eska, (...) ktor\u00e9 pri\u0165ahuj\u00fa pozornos\u0165 vedcov a mnoh\u00fdch turistov, kult\u00farnych \u013eud\u00ed z in\u00fdch \u010dast\u00ed, nielen z Eur\u00f3py,\" povedal.<\/p>\n<p>Spolo\u010dn\u00e9 riadenie m\u00fazea oboma subjektmi umo\u017en\u00ed nielen lep\u0161ie fungovanie in\u0161tit\u00facie, ale vytvor\u00ed jej aj vhodn\u00e9 podmienky na \u010do naj\u0161ir\u0161ie \u0161\u00edrenie poznatkov o regi\u00f3ne a jeho v\u00fdzname v po\u013esk\u00fdch dejin\u00e1ch.<\/p>\n<p>- Ide o mimoriadnu udalos\u0165 v \u017eivote m\u00fazea, ktor\u00e9 m\u00e1 110-ro\u010dn\u00fa trad\u00edciu,\" hovor\u00ed Jan Jarosz, riadite\u013e m\u00fazea. - Poskytuje pr\u00edle\u017eitos\u0165 na podrobnej\u0161ie predstavenie st\u00e1ro\u010dnej hist\u00f3rie a trad\u00edci\u00ed przemysk\u00e9ho regi\u00f3nu. Ve\u013ek\u00e9 dedi\u010dstvo po\u013esk\u00fdch Kresov. Je to tie\u017e pr\u00edle\u017eitos\u0165 vytvori\u0165 zauj\u00edmav\u00fa a ucelen\u00fa ponuku vzdel\u00e1vania ur\u010den\u00fa de\u0165om a ml\u00e1de\u017ei, ktor\u00e1 umo\u017en\u00ed vychova\u0165 nov\u00fa gener\u00e1ciu uvedomel\u00fdch vlastencov, ktor\u00ed poznaj\u00fa hist\u00f3riu a kult\u00farne dedi\u010dstvo na\u0161ej vlasti,\" zhrnul Jaro\u0161.<\/p>\n<blockquote class=\"wp-embedded-content\" data-secret=\"qUFlVPrKf9\"><p><a href=\"https:\/\/marekkuchcinski.pl\/uk\/podkarpacie\/muzeum-narodowe-ziemi-przemyskiej-wspolprowadzone-mzp\/\">N\u00e1rodn\u00e9 m\u00fazeum Przemy\u0161lsk\u00e9ho regi\u00f3nu, ktor\u00e9 spoluzodpoved\u00e1 ministerstvo kult\u00fary<\/a><\/p><\/blockquote>\n<p><iframe class=\"wp-embedded-content\" sandbox=\"allow-scripts\" security=\"restricted\" style=\"position: absolute; clip: rect(1px, 1px, 1px, 1px);\" title=\"&quot;N\u00e1rodn\u00e9 m\u00fazeum zeme Przemyslovej v spoluzodpovednosti Ministerstva kult\u00fary&quot; - Marek Kuchci\u0144ski\" src=\"https:\/\/marekkuchcinski.pl\/uk\/podkarpacie\/muzeum-narodowe-ziemi-przemyskiej-wspolprowadzone-mzp\/embed\/#?secret=qUFlVPrKf9\" data-secret=\"qUFlVPrKf9\" width=\"600\" height=\"338\" frameborder=\"0\" marginwidth=\"0\" marginheight=\"0\" scrolling=\"no\"><\/iframe><\/p>\n<p>Po\u010das sl\u00e1vnosti bol podp\u00edsan\u00fd aj list o z\u00e1mere zorganizova\u0165 Medzin\u00e1rodn\u00fa po\u013esk\u00fa hudobn\u00fa s\u00fa\u0165a\u017e Stanis\u0142awa Moniuszka v Rzeszowe. S\u00fa\u0165a\u017e spoluorganizuje Podkarpatsk\u00e1 filharm\u00f3nia, na ktorej riaden\u00ed sa podie\u013ea aj ministerstvo.<\/p>\n<p><span style=\"color: #000000;\"><strong>Hist\u00f3ria m\u00fazea: <a style=\"color: #000000;\" href=\"https:\/\/mnzp.pl\/pl\/historia_mnzp\">https:\/\/mnzp.pl\/pl\/historia_mnzp<\/a><\/strong><\/span><\/p>\n<p dir=\"ltr\"><a href=\"https:\/\/marekkuchcinski.pl\/wp-content\/uploads\/2018\/12\/mk3.jpg\"><img fetchpriority=\"high\" decoding=\"async\" class=\"alignnone size-full wp-image-11988\" src=\"https:\/\/marekkuchcinski.pl\/wp-content\/uploads\/2018\/12\/mk3.jpg\" alt=\"mk3\" width=\"3360\" height=\"2240\" srcset=\"https:\/\/marekkuchcinski.pl\/wp-content\/uploads\/2018\/12\/mk3.jpg 2048w, https:\/\/marekkuchcinski.pl\/wp-content\/uploads\/2018\/12\/mk3-300x200.jpg 300w, https:\/\/marekkuchcinski.pl\/wp-content\/uploads\/2018\/12\/mk3-768x512.jpg 768w, https:\/\/marekkuchcinski.pl\/wp-content\/uploads\/2018\/12\/mk3-1024x683.jpg 1024w\" sizes=\"(max-width: 3360px) 100vw, 3360px\" \/><\/a><em>Foto: Rafa\u0142 Zambrzycki\/ Sejm<\/em><\/p>","protected":false},"excerpt":{"rendered":"<p>Minister kultury Piotr Gli\u0144ski oraz marsza\u0142ek woj. podkarpackiego W\u0142adys\u0142aw Ortyl podpisali umow\u0119, na mocy kt\u00f3rej od Nowego Roku Muzeum Narodowe Ziemi Przemyskiej b\u0119dzie wsp\u00f3\u0142prowadzone przez Ministerstwo Kultury\u00a0i Samorz\u0105d Wojew\u00f3dztwa Podkarpackiego.\u00a0Podmioty wsp\u00f3\u0142prowadz\u0105ce zapewni\u0105 rocznie \u015brodki w wysoko\u015bci: Wojew\u00f3dztwo \u2013 4\u00a0200\u00a0000 z\u0142, Minister KiDN \u2013 1\u00a0300\u00a0000 z\u0142. Zabiegaj\u0105cy od wielu lat o wsparcie dla muzeum marsza\u0142ek Sejmu [&hellip;]<\/p>","protected":false},"author":6,"featured_media":11988,"comment_status":"open","ping_status":"open","sticky":false,"template":"","format":"standard","meta":{"ngg_post_thumbnail":0,"footnotes":""},"categories":[49,3],"tags":[],"class_list":["post-11978","post","type-post","status-publish","format-standard","has-post-thumbnail","hentry","category-podkarpacie","category-wydarzenia"],"yoast_head":"<!-- This site is optimized with the Yoast SEO plugin v24.7 - https:\/\/yoast.com\/wordpress\/plugins\/seo\/ -->\n<title>Muzeum Narodowe Ziemi Przemyskiej chce zwi\u0119ksza\u0107 patriotyczn\u0105 \u015bwiadomo\u015b\u0107. Dzi\u0119ki otrzymanym \u015brodkom stworzy m.in. ofert\u0119 edukacyjn\u0105 dla dzieci i m\u0142odzie\u017cy &#8211; Marek Kuchci\u0144ski<\/title>\n<meta name=\"robots\" content=\"index, follow, max-snippet:-1, max-image-preview:large, max-video-preview:-1\" \/>\n<link rel=\"canonical\" href=\"https:\/\/marekkuchcinski.pl\/sk\/wydarzenia\/muzeum-ziemi-przemyskiej-otrzyma-srodki-by-chronic-zapomnienia-historie-dziedzictwo-zbudowane-styku-kultur-pograniczu-narodow\/\" \/>\n<meta property=\"og:locale\" content=\"sk_SK\" \/>\n<meta property=\"og:type\" content=\"article\" \/>\n<meta property=\"og:title\" content=\"Muzeum Narodowe Ziemi Przemyskiej chce zwi\u0119ksza\u0107 patriotyczn\u0105 \u015bwiadomo\u015b\u0107. Dzi\u0119ki otrzymanym \u015brodkom stworzy m.in. ofert\u0119 edukacyjn\u0105 dla dzieci i m\u0142odzie\u017cy &#8211; Marek Kuchci\u0144ski\" \/>\n<meta property=\"og:description\" content=\"Minister kultury Piotr Gli\u0144ski oraz marsza\u0142ek woj. podkarpackiego W\u0142adys\u0142aw Ortyl podpisali umow\u0119, na mocy kt\u00f3rej od Nowego Roku Muzeum Narodowe Ziemi Przemyskiej b\u0119dzie wsp\u00f3\u0142prowadzone przez Ministerstwo Kultury\u00a0i Samorz\u0105d Wojew\u00f3dztwa Podkarpackiego.\u00a0Podmioty wsp\u00f3\u0142prowadz\u0105ce zapewni\u0105 rocznie \u015brodki w wysoko\u015bci: Wojew\u00f3dztwo \u2013 4\u00a0200\u00a0000 z\u0142, Minister KiDN \u2013 1\u00a0300\u00a0000 z\u0142. Zabiegaj\u0105cy od wielu lat o wsparcie dla muzeum marsza\u0142ek Sejmu [&hellip;]\" \/>\n<meta property=\"og:url\" content=\"https:\/\/marekkuchcinski.pl\/sk\/wydarzenia\/muzeum-ziemi-przemyskiej-otrzyma-srodki-by-chronic-zapomnienia-historie-dziedzictwo-zbudowane-styku-kultur-pograniczu-narodow\/\" \/>\n<meta property=\"og:site_name\" content=\"Marek Kuchci\u0144ski\" \/>\n<meta property=\"article:published_time\" content=\"2018-12-19T09:15:59+00:00\" \/>\n<meta property=\"article:modified_time\" content=\"2018-12-19T16:53:12+00:00\" \/>\n<meta property=\"og:image\" content=\"https:\/\/marekkuchcinski.pl\/wp-content\/uploads\/2018\/12\/mk3.jpg\" \/>\n\t<meta property=\"og:image:width\" content=\"2048\" \/>\n\t<meta property=\"og:image:height\" content=\"1365\" \/>\n\t<meta property=\"og:image:type\" content=\"image\/jpeg\" \/>\n<meta name=\"author\" content=\"admin\" \/>\n<meta name=\"twitter:card\" content=\"summary_large_image\" \/>\n<meta name=\"twitter:label1\" content=\"Autor\" \/>\n\t<meta name=\"twitter:data1\" content=\"admin\" \/>\n\t<meta name=\"twitter:label2\" content=\"Predpokladan\u00fd \u010das \u010d\u00edtania\" \/>\n\t<meta name=\"twitter:data2\" content=\"2 min\u00faty\" \/>\n<script type=\"application\/ld+json\" class=\"yoast-schema-graph\">{\"@context\":\"https:\/\/schema.org\",\"@graph\":[{\"@type\":\"Article\",\"@id\":\"https:\/\/marekkuchcinski.pl\/cs\/wydarzenia\/muzeum-ziemi-przemyskiej-otrzyma-srodki-by-chronic-zapomnienia-historie-dziedzictwo-zbudowane-styku-kultur-pograniczu-narodow\/#article\",\"isPartOf\":{\"@id\":\"https:\/\/marekkuchcinski.pl\/cs\/wydarzenia\/muzeum-ziemi-przemyskiej-otrzyma-srodki-by-chronic-zapomnienia-historie-dziedzictwo-zbudowane-styku-kultur-pograniczu-narodow\/\"},\"author\":{\"name\":\"admin\",\"@id\":\"https:\/\/marekkuchcinski.pl\/#\/schema\/person\/6f62700996b4d950b6ea2d1183b6c6be\"},\"headline\":\"Muzeum Narodowe Ziemi Przemyskiej chce zwi\u0119ksza\u0107 patriotyczn\u0105 \u015bwiadomo\u015b\u0107. Dzi\u0119ki otrzymanym \u015brodkom stworzy m.in. ofert\u0119 edukacyjn\u0105 dla dzieci i m\u0142odzie\u017cy\",\"datePublished\":\"2018-12-19T09:15:59+00:00\",\"dateModified\":\"2018-12-19T16:53:12+00:00\",\"mainEntityOfPage\":{\"@id\":\"https:\/\/marekkuchcinski.pl\/cs\/wydarzenia\/muzeum-ziemi-przemyskiej-otrzyma-srodki-by-chronic-zapomnienia-historie-dziedzictwo-zbudowane-styku-kultur-pograniczu-narodow\/\"},\"wordCount\":337,\"commentCount\":0,\"publisher\":{\"@id\":\"https:\/\/marekkuchcinski.pl\/#organization\"},\"image\":{\"@id\":\"https:\/\/marekkuchcinski.pl\/cs\/wydarzenia\/muzeum-ziemi-przemyskiej-otrzyma-srodki-by-chronic-zapomnienia-historie-dziedzictwo-zbudowane-styku-kultur-pograniczu-narodow\/#primaryimage\"},\"thumbnailUrl\":\"https:\/\/marekkuchcinski.pl\/wp-content\/uploads\/2018\/12\/mk3.jpg\",\"articleSection\":[\"Podkarpacie\",\"Wydarzenia\"],\"inLanguage\":\"sk-SK\",\"potentialAction\":[{\"@type\":\"CommentAction\",\"name\":\"Comment\",\"target\":[\"https:\/\/marekkuchcinski.pl\/cs\/wydarzenia\/muzeum-ziemi-przemyskiej-otrzyma-srodki-by-chronic-zapomnienia-historie-dziedzictwo-zbudowane-styku-kultur-pograniczu-narodow\/#respond\"]}]},{\"@type\":\"WebPage\",\"@id\":\"https:\/\/marekkuchcinski.pl\/cs\/wydarzenia\/muzeum-ziemi-przemyskiej-otrzyma-srodki-by-chronic-zapomnienia-historie-dziedzictwo-zbudowane-styku-kultur-pograniczu-narodow\/\",\"url\":\"https:\/\/marekkuchcinski.pl\/cs\/wydarzenia\/muzeum-ziemi-przemyskiej-otrzyma-srodki-by-chronic-zapomnienia-historie-dziedzictwo-zbudowane-styku-kultur-pograniczu-narodow\/\",\"name\":\"Muzeum Narodowe Ziemi Przemyskiej chce zwi\u0119ksza\u0107 patriotyczn\u0105 \u015bwiadomo\u015b\u0107. Dzi\u0119ki otrzymanym \u015brodkom stworzy m.in. ofert\u0119 edukacyjn\u0105 dla dzieci i m\u0142odzie\u017cy &#8211; Marek Kuchci\u0144ski\",\"isPartOf\":{\"@id\":\"https:\/\/marekkuchcinski.pl\/#website\"},\"primaryImageOfPage\":{\"@id\":\"https:\/\/marekkuchcinski.pl\/cs\/wydarzenia\/muzeum-ziemi-przemyskiej-otrzyma-srodki-by-chronic-zapomnienia-historie-dziedzictwo-zbudowane-styku-kultur-pograniczu-narodow\/#primaryimage\"},\"image\":{\"@id\":\"https:\/\/marekkuchcinski.pl\/cs\/wydarzenia\/muzeum-ziemi-przemyskiej-otrzyma-srodki-by-chronic-zapomnienia-historie-dziedzictwo-zbudowane-styku-kultur-pograniczu-narodow\/#primaryimage\"},\"thumbnailUrl\":\"https:\/\/marekkuchcinski.pl\/wp-content\/uploads\/2018\/12\/mk3.jpg\",\"datePublished\":\"2018-12-19T09:15:59+00:00\",\"dateModified\":\"2018-12-19T16:53:12+00:00\",\"breadcrumb\":{\"@id\":\"https:\/\/marekkuchcinski.pl\/cs\/wydarzenia\/muzeum-ziemi-przemyskiej-otrzyma-srodki-by-chronic-zapomnienia-historie-dziedzictwo-zbudowane-styku-kultur-pograniczu-narodow\/#breadcrumb\"},\"inLanguage\":\"sk-SK\",\"potentialAction\":[{\"@type\":\"ReadAction\",\"target\":[\"https:\/\/marekkuchcinski.pl\/cs\/wydarzenia\/muzeum-ziemi-przemyskiej-otrzyma-srodki-by-chronic-zapomnienia-historie-dziedzictwo-zbudowane-styku-kultur-pograniczu-narodow\/\"]}]},{\"@type\":\"ImageObject\",\"inLanguage\":\"sk-SK\",\"@id\":\"https:\/\/marekkuchcinski.pl\/cs\/wydarzenia\/muzeum-ziemi-przemyskiej-otrzyma-srodki-by-chronic-zapomnienia-historie-dziedzictwo-zbudowane-styku-kultur-pograniczu-narodow\/#primaryimage\",\"url\":\"https:\/\/marekkuchcinski.pl\/wp-content\/uploads\/2018\/12\/mk3.jpg\",\"contentUrl\":\"https:\/\/marekkuchcinski.pl\/wp-content\/uploads\/2018\/12\/mk3.jpg\",\"width\":2048,\"height\":1365},{\"@type\":\"BreadcrumbList\",\"@id\":\"https:\/\/marekkuchcinski.pl\/cs\/wydarzenia\/muzeum-ziemi-przemyskiej-otrzyma-srodki-by-chronic-zapomnienia-historie-dziedzictwo-zbudowane-styku-kultur-pograniczu-narodow\/#breadcrumb\",\"itemListElement\":[{\"@type\":\"ListItem\",\"position\":1,\"name\":\"Strona g\u0142\u00f3wna\",\"item\":\"https:\/\/marekkuchcinski.pl\/\"},{\"@type\":\"ListItem\",\"position\":2,\"name\":\"Muzeum Narodowe Ziemi Przemyskiej chce zwi\u0119ksza\u0107 patriotyczn\u0105 \u015bwiadomo\u015b\u0107. Dzi\u0119ki otrzymanym \u015brodkom stworzy m.in. ofert\u0119 edukacyjn\u0105 dla dzieci i m\u0142odzie\u017cy\"}]},{\"@type\":\"WebSite\",\"@id\":\"https:\/\/marekkuchcinski.pl\/#website\",\"url\":\"https:\/\/marekkuchcinski.pl\/\",\"name\":\"Marek Kuchci\u0144ski\",\"description\":\"Pose\u0142 na sejm RP &ndash; okr\u0119g nr 22\",\"publisher\":{\"@id\":\"https:\/\/marekkuchcinski.pl\/#organization\"},\"potentialAction\":[{\"@type\":\"SearchAction\",\"target\":{\"@type\":\"EntryPoint\",\"urlTemplate\":\"https:\/\/marekkuchcinski.pl\/?s={search_term_string}\"},\"query-input\":{\"@type\":\"PropertyValueSpecification\",\"valueRequired\":true,\"valueName\":\"search_term_string\"}}],\"inLanguage\":\"sk-SK\"},{\"@type\":\"Organization\",\"@id\":\"https:\/\/marekkuchcinski.pl\/#organization\",\"name\":\"Marek Kuchci\u0144ski\",\"url\":\"https:\/\/marekkuchcinski.pl\/\",\"logo\":{\"@type\":\"ImageObject\",\"inLanguage\":\"sk-SK\",\"@id\":\"https:\/\/marekkuchcinski.pl\/#\/schema\/logo\/image\/\",\"url\":\"https:\/\/marekkuchcinski.pl\/wp-content\/uploads\/2022\/09\/Marek.jpg\",\"contentUrl\":\"https:\/\/marekkuchcinski.pl\/wp-content\/uploads\/2022\/09\/Marek.jpg\",\"width\":1600,\"height\":971,\"caption\":\"Marek Kuchci\u0144ski\"},\"image\":{\"@id\":\"https:\/\/marekkuchcinski.pl\/#\/schema\/logo\/image\/\"}},{\"@type\":\"Person\",\"@id\":\"https:\/\/marekkuchcinski.pl\/#\/schema\/person\/6f62700996b4d950b6ea2d1183b6c6be\",\"name\":\"admin\",\"image\":{\"@type\":\"ImageObject\",\"inLanguage\":\"sk-SK\",\"@id\":\"https:\/\/marekkuchcinski.pl\/#\/schema\/person\/image\/\",\"url\":\"https:\/\/secure.gravatar.com\/avatar\/4bab693b9d55c3d6b52c0296a8765085?s=96&d=mm&r=g\",\"contentUrl\":\"https:\/\/secure.gravatar.com\/avatar\/4bab693b9d55c3d6b52c0296a8765085?s=96&d=mm&r=g\",\"caption\":\"admin\"},\"url\":\"https:\/\/marekkuchcinski.pl\/sk\/author\/marta-olejnik\/\"}]}<\/script>\n<!-- \/ Yoast SEO plugin. -->","yoast_head_json":{"title":"Muzeum Narodowe Ziemi Przemyskiej chce zwi\u0119ksza\u0107 patriotyczn\u0105 \u015bwiadomo\u015b\u0107. Dzi\u0119ki otrzymanym \u015brodkom stworzy m.in. ofert\u0119 edukacyjn\u0105 dla dzieci i m\u0142odzie\u017cy &#8211; Marek Kuchci\u0144ski","robots":{"index":"index","follow":"follow","max-snippet":"max-snippet:-1","max-image-preview":"max-image-preview:large","max-video-preview":"max-video-preview:-1"},"canonical":"https:\/\/marekkuchcinski.pl\/sk\/wydarzenia\/muzeum-ziemi-przemyskiej-otrzyma-srodki-by-chronic-zapomnienia-historie-dziedzictwo-zbudowane-styku-kultur-pograniczu-narodow\/","og_locale":"sk_SK","og_type":"article","og_title":"Muzeum Narodowe Ziemi Przemyskiej chce zwi\u0119ksza\u0107 patriotyczn\u0105 \u015bwiadomo\u015b\u0107. Dzi\u0119ki otrzymanym \u015brodkom stworzy m.in. ofert\u0119 edukacyjn\u0105 dla dzieci i m\u0142odzie\u017cy &#8211; Marek Kuchci\u0144ski","og_description":"Minister kultury Piotr Gli\u0144ski oraz marsza\u0142ek woj. podkarpackiego W\u0142adys\u0142aw Ortyl podpisali umow\u0119, na mocy kt\u00f3rej od Nowego Roku Muzeum Narodowe Ziemi Przemyskiej b\u0119dzie wsp\u00f3\u0142prowadzone przez Ministerstwo Kultury\u00a0i Samorz\u0105d Wojew\u00f3dztwa Podkarpackiego.\u00a0Podmioty wsp\u00f3\u0142prowadz\u0105ce zapewni\u0105 rocznie \u015brodki w wysoko\u015bci: Wojew\u00f3dztwo \u2013 4\u00a0200\u00a0000 z\u0142, Minister KiDN \u2013 1\u00a0300\u00a0000 z\u0142. Zabiegaj\u0105cy od wielu lat o wsparcie dla muzeum marsza\u0142ek Sejmu [&hellip;]","og_url":"https:\/\/marekkuchcinski.pl\/sk\/wydarzenia\/muzeum-ziemi-przemyskiej-otrzyma-srodki-by-chronic-zapomnienia-historie-dziedzictwo-zbudowane-styku-kultur-pograniczu-narodow\/","og_site_name":"Marek Kuchci\u0144ski","article_published_time":"2018-12-19T09:15:59+00:00","article_modified_time":"2018-12-19T16:53:12+00:00","og_image":[{"width":2048,"height":1365,"url":"https:\/\/marekkuchcinski.pl\/wp-content\/uploads\/2018\/12\/mk3.jpg","type":"image\/jpeg"}],"author":"admin","twitter_card":"summary_large_image","twitter_misc":{"Autor":"admin","Predpokladan\u00fd \u010das \u010d\u00edtania":"2 min\u00faty"},"schema":{"@context":"https:\/\/schema.org","@graph":[{"@type":"Article","@id":"https:\/\/marekkuchcinski.pl\/cs\/wydarzenia\/muzeum-ziemi-przemyskiej-otrzyma-srodki-by-chronic-zapomnienia-historie-dziedzictwo-zbudowane-styku-kultur-pograniczu-narodow\/#article","isPartOf":{"@id":"https:\/\/marekkuchcinski.pl\/cs\/wydarzenia\/muzeum-ziemi-przemyskiej-otrzyma-srodki-by-chronic-zapomnienia-historie-dziedzictwo-zbudowane-styku-kultur-pograniczu-narodow\/"},"author":{"name":"admin","@id":"https:\/\/marekkuchcinski.pl\/#\/schema\/person\/6f62700996b4d950b6ea2d1183b6c6be"},"headline":"Muzeum Narodowe Ziemi Przemyskiej chce zwi\u0119ksza\u0107 patriotyczn\u0105 \u015bwiadomo\u015b\u0107. Dzi\u0119ki otrzymanym \u015brodkom stworzy m.in. ofert\u0119 edukacyjn\u0105 dla dzieci i m\u0142odzie\u017cy","datePublished":"2018-12-19T09:15:59+00:00","dateModified":"2018-12-19T16:53:12+00:00","mainEntityOfPage":{"@id":"https:\/\/marekkuchcinski.pl\/cs\/wydarzenia\/muzeum-ziemi-przemyskiej-otrzyma-srodki-by-chronic-zapomnienia-historie-dziedzictwo-zbudowane-styku-kultur-pograniczu-narodow\/"},"wordCount":337,"commentCount":0,"publisher":{"@id":"https:\/\/marekkuchcinski.pl\/#organization"},"image":{"@id":"https:\/\/marekkuchcinski.pl\/cs\/wydarzenia\/muzeum-ziemi-przemyskiej-otrzyma-srodki-by-chronic-zapomnienia-historie-dziedzictwo-zbudowane-styku-kultur-pograniczu-narodow\/#primaryimage"},"thumbnailUrl":"https:\/\/marekkuchcinski.pl\/wp-content\/uploads\/2018\/12\/mk3.jpg","articleSection":["Podkarpacie","Wydarzenia"],"inLanguage":"sk-SK","potentialAction":[{"@type":"CommentAction","name":"Comment","target":["https:\/\/marekkuchcinski.pl\/cs\/wydarzenia\/muzeum-ziemi-przemyskiej-otrzyma-srodki-by-chronic-zapomnienia-historie-dziedzictwo-zbudowane-styku-kultur-pograniczu-narodow\/#respond"]}]},{"@type":"WebPage","@id":"https:\/\/marekkuchcinski.pl\/cs\/wydarzenia\/muzeum-ziemi-przemyskiej-otrzyma-srodki-by-chronic-zapomnienia-historie-dziedzictwo-zbudowane-styku-kultur-pograniczu-narodow\/","url":"https:\/\/marekkuchcinski.pl\/cs\/wydarzenia\/muzeum-ziemi-przemyskiej-otrzyma-srodki-by-chronic-zapomnienia-historie-dziedzictwo-zbudowane-styku-kultur-pograniczu-narodow\/","name":"Muzeum Narodowe Ziemi Przemyskiej chce zwi\u0119ksza\u0107 patriotyczn\u0105 \u015bwiadomo\u015b\u0107. Dzi\u0119ki otrzymanym \u015brodkom stworzy m.in. ofert\u0119 edukacyjn\u0105 dla dzieci i m\u0142odzie\u017cy &#8211; Marek Kuchci\u0144ski","isPartOf":{"@id":"https:\/\/marekkuchcinski.pl\/#website"},"primaryImageOfPage":{"@id":"https:\/\/marekkuchcinski.pl\/cs\/wydarzenia\/muzeum-ziemi-przemyskiej-otrzyma-srodki-by-chronic-zapomnienia-historie-dziedzictwo-zbudowane-styku-kultur-pograniczu-narodow\/#primaryimage"},"image":{"@id":"https:\/\/marekkuchcinski.pl\/cs\/wydarzenia\/muzeum-ziemi-przemyskiej-otrzyma-srodki-by-chronic-zapomnienia-historie-dziedzictwo-zbudowane-styku-kultur-pograniczu-narodow\/#primaryimage"},"thumbnailUrl":"https:\/\/marekkuchcinski.pl\/wp-content\/uploads\/2018\/12\/mk3.jpg","datePublished":"2018-12-19T09:15:59+00:00","dateModified":"2018-12-19T16:53:12+00:00","breadcrumb":{"@id":"https:\/\/marekkuchcinski.pl\/cs\/wydarzenia\/muzeum-ziemi-przemyskiej-otrzyma-srodki-by-chronic-zapomnienia-historie-dziedzictwo-zbudowane-styku-kultur-pograniczu-narodow\/#breadcrumb"},"inLanguage":"sk-SK","potentialAction":[{"@type":"ReadAction","target":["https:\/\/marekkuchcinski.pl\/cs\/wydarzenia\/muzeum-ziemi-przemyskiej-otrzyma-srodki-by-chronic-zapomnienia-historie-dziedzictwo-zbudowane-styku-kultur-pograniczu-narodow\/"]}]},{"@type":"ImageObject","inLanguage":"sk-SK","@id":"https:\/\/marekkuchcinski.pl\/cs\/wydarzenia\/muzeum-ziemi-przemyskiej-otrzyma-srodki-by-chronic-zapomnienia-historie-dziedzictwo-zbudowane-styku-kultur-pograniczu-narodow\/#primaryimage","url":"https:\/\/marekkuchcinski.pl\/wp-content\/uploads\/2018\/12\/mk3.jpg","contentUrl":"https:\/\/marekkuchcinski.pl\/wp-content\/uploads\/2018\/12\/mk3.jpg","width":2048,"height":1365},{"@type":"BreadcrumbList","@id":"https:\/\/marekkuchcinski.pl\/cs\/wydarzenia\/muzeum-ziemi-przemyskiej-otrzyma-srodki-by-chronic-zapomnienia-historie-dziedzictwo-zbudowane-styku-kultur-pograniczu-narodow\/#breadcrumb","itemListElement":[{"@type":"ListItem","position":1,"name":"Strona g\u0142\u00f3wna","item":"https:\/\/marekkuchcinski.pl\/"},{"@type":"ListItem","position":2,"name":"Muzeum Narodowe Ziemi Przemyskiej chce zwi\u0119ksza\u0107 patriotyczn\u0105 \u015bwiadomo\u015b\u0107. Dzi\u0119ki otrzymanym \u015brodkom stworzy m.in. ofert\u0119 edukacyjn\u0105 dla dzieci i m\u0142odzie\u017cy"}]},{"@type":"WebSite","@id":"https:\/\/marekkuchcinski.pl\/#website","url":"https:\/\/marekkuchcinski.pl\/","name":"Marek Kuchci\u0144ski","description":"Pose\u0142 na sejm RP &ndash; okr\u0119g nr 22","publisher":{"@id":"https:\/\/marekkuchcinski.pl\/#organization"},"potentialAction":[{"@type":"SearchAction","target":{"@type":"EntryPoint","urlTemplate":"https:\/\/marekkuchcinski.pl\/?s={search_term_string}"},"query-input":{"@type":"PropertyValueSpecification","valueRequired":true,"valueName":"search_term_string"}}],"inLanguage":"sk-SK"},{"@type":"Organization","@id":"https:\/\/marekkuchcinski.pl\/#organization","name":"Marek Kuchci\u0144ski","url":"https:\/\/marekkuchcinski.pl\/","logo":{"@type":"ImageObject","inLanguage":"sk-SK","@id":"https:\/\/marekkuchcinski.pl\/#\/schema\/logo\/image\/","url":"https:\/\/marekkuchcinski.pl\/wp-content\/uploads\/2022\/09\/Marek.jpg","contentUrl":"https:\/\/marekkuchcinski.pl\/wp-content\/uploads\/2022\/09\/Marek.jpg","width":1600,"height":971,"caption":"Marek Kuchci\u0144ski"},"image":{"@id":"https:\/\/marekkuchcinski.pl\/#\/schema\/logo\/image\/"}},{"@type":"Person","@id":"https:\/\/marekkuchcinski.pl\/#\/schema\/person\/6f62700996b4d950b6ea2d1183b6c6be","name":"admin","image":{"@type":"ImageObject","inLanguage":"sk-SK","@id":"https:\/\/marekkuchcinski.pl\/#\/schema\/person\/image\/","url":"https:\/\/secure.gravatar.com\/avatar\/4bab693b9d55c3d6b52c0296a8765085?s=96&d=mm&r=g","contentUrl":"https:\/\/secure.gravatar.com\/avatar\/4bab693b9d55c3d6b52c0296a8765085?s=96&d=mm&r=g","caption":"admin"},"url":"https:\/\/marekkuchcinski.pl\/sk\/author\/marta-olejnik\/"}]}},"_links":{"self":[{"href":"https:\/\/marekkuchcinski.pl\/sk\/wp-json\/wp\/v2\/posts\/11978","targetHints":{"allow":["GET"]}}],"collection":[{"href":"https:\/\/marekkuchcinski.pl\/sk\/wp-json\/wp\/v2\/posts"}],"about":[{"href":"https:\/\/marekkuchcinski.pl\/sk\/wp-json\/wp\/v2\/types\/post"}],"author":[{"embeddable":true,"href":"https:\/\/marekkuchcinski.pl\/sk\/wp-json\/wp\/v2\/users\/6"}],"replies":[{"embeddable":true,"href":"https:\/\/marekkuchcinski.pl\/sk\/wp-json\/wp\/v2\/comments?post=11978"}],"version-history":[{"count":25,"href":"https:\/\/marekkuchcinski.pl\/sk\/wp-json\/wp\/v2\/posts\/11978\/revisions"}],"predecessor-version":[{"id":12115,"href":"https:\/\/marekkuchcinski.pl\/sk\/wp-json\/wp\/v2\/posts\/11978\/revisions\/12115"}],"wp:featuredmedia":[{"embeddable":true,"href":"https:\/\/marekkuchcinski.pl\/sk\/wp-json\/wp\/v2\/media\/11988"}],"wp:attachment":[{"href":"https:\/\/marekkuchcinski.pl\/sk\/wp-json\/wp\/v2\/media?parent=11978"}],"wp:term":[{"taxonomy":"category","embeddable":true,"href":"https:\/\/marekkuchcinski.pl\/sk\/wp-json\/wp\/v2\/categories?post=11978"},{"taxonomy":"post_tag","embeddable":true,"href":"https:\/\/marekkuchcinski.pl\/sk\/wp-json\/wp\/v2\/tags?post=11978"}],"curies":[{"name":"wp","href":"https:\/\/api.w.org\/{rel}","templated":true}]}}