{"id":11926,"date":"2018-12-17T14:38:56","date_gmt":"2018-12-17T13:38:56","guid":{"rendered":"https:\/\/marekkuchcinski.pl\/?p=11926"},"modified":"2018-12-17T16:28:33","modified_gmt":"2018-12-17T15:28:33","slug":"ostatnie-pozegnanie-posel-jolanty-szczypinskiej","status":"publish","type":"post","link":"https:\/\/marekkuchcinski.pl\/sk\/wydarzenia\/ostatnie-pozegnanie-posel-jolanty-szczypinskiej\/","title":{"rendered":"Posledn\u00e1 rozl\u00fa\u010dka s Jolantou Szczypi\u00f1skou"},"content":{"rendered":"<p><strong>Prezident, mar\u0161al Sejmu, mar\u0161al Sen\u00e1tu, predseda vl\u00e1dy, poslanci a ministri sprev\u00e1dzali Jolantu Szczypi\u00f1sk\u00fa, poslanky\u0148u po\u013esk\u00e9ho parlamentu, na jej poslednej ceste. Pohrebn\u00e9 oslavy sa za\u010dali om\u0161ou v Kostole Panny M\u00e1rie v S\u0142upsku, po\u010das ktorej sa so svoj\u00edm kolegom a priate\u013eom rozl\u00fa\u010dili prezident Andrzej Duda a prezident Jaros\u0142aw Kaczy\u0144ski.<\/strong><\/p>\n<p><em>- Drah\u00e1 Jola (...) Pani Szczypi\u0144ska, bola to jednoducho Jola. Bola zdravotnou sestrou s povolan\u00edm \u00faplne pom\u00e1ha\u0165 in\u00fdm \u013eu\u010fom. Sl\u00fa\u017eila bl\u00ed\u017enemu a Bohu, Po\u013esko, tak\u00e1 bola a\u017e do konca. Nikdy sa neb\u00e1la, \u010di u\u017e v Solidarite, alebo tv\u00e1rou v tv\u00e1r chorobe. \u010eakujem Jole za jej kr\u00e1sny \u017eivot a za to, \u010do urobila pre Po\u013esko.\u00a0<\/em>Prezident Andrzej Duda povedal.<\/p>\n<p><em>- S ve\u013ek\u00fdm z\u00e1rmutkom som sa pri\u0161iel rozl\u00fa\u010di\u0165 s Jolantou Szczypinskou, dlhoro\u010dnou poslanky\u0148ou parlamentu a podpredsedn\u00ed\u010dkou strany Pr\u00e1vo a spravodlivos\u0165. Pre mnoh\u00fdch z n\u00e1s, vr\u00e1tane m\u0148a, bola Jola priate\u013ekou. Odmietla, aby jej \u017eivot ur\u010dovalo miesto p\u00f4vodu a spolo\u010densk\u00e9 postavenie. Rozhodla sa bojova\u0165 za spravodlivos\u0165 a dobro. Aby Po\u013esko bolo slobodn\u00e9. Jola bola v\u00fdnimo\u010dn\u00fd \u010dlovek, ktor\u00fd dok\u00e1zal vo svojej l\u00e1skavosti urobi\u0165 ve\u013ea.  Ke\u010f bola v\u00e1\u017ene chor\u00e1, cestovala vlakom s no\u010dn\u00fdm prestupovan\u00edm, aby nav\u0161t\u00edvila svoju umieraj\u00facu priate\u013eku, ktor\u00e1 ju po\u017eiadala o posledn\u00e9 stretnutie. Tak\u00e1 bola aj Jola... Ke\u010f nemala z \u010doho \u017ei\u0165, zbierala huby, aby pre\u017eila. Bola radostn\u00fdm \u010dlovekom, pln\u00fdm \u00fasmevov, ochotn\u00fdm pom\u00e1ha\u0165 druh\u00fdm, hra\u0165 sa spolu s nimi a te\u0161i\u0165 sa z nich. Aj v posledn\u00fdch t\u00fd\u017ed\u0148och svojho \u017eivota, v poslednom rozhovore, hovorila o soci\u00e1lnych ot\u00e1zkach, o strane<\/em>\u00a0- povedal Jaros\u0142aw Kaczy\u0144ski, predseda strany Pr\u00e1vo a spravodlivos\u0165.<\/p>\n<p>Prezident Andrzej Duda udelil zosnulej Jolante Szczypi\u0144skej posmrtne Komand\u00e9rsky kr\u00ed\u017e s hviezdou R\u00e1du Po\u013esk\u00e9ho odpo\u010dinku za vynikaj\u00face v\u00fdsledky vo verejnej a \u0161t\u00e1tnej \u010dinnosti a za jej pr\u00ednos k demokratick\u00fdm zmen\u00e1m v Po\u013esku.<\/p>\n<p>Jolanta Szczypi\u00f1ska bola poslanky\u0148ou Sejmu \u0161tvrt\u00e9, piate, \u0161ieste, siedme a \u00f4sme volebn\u00e9 obdobie, podpredsedn\u00ed\u010dkou V\u00fdboru pre pr\u00e1vo a spravodlivos\u0165. Zomrela 8. decembra 2018. Mala 61 rokov. Bola pochovan\u00e1 v rodinnom hrobe na mestskom cintor\u00edne v S\u0142upsku.<\/p>\n<p><em>Foto: \u0141ukasz B\u0142asikiewicz\/ Sejm<\/em><br \/>\n<strong><a href=\"https:\/\/marekkuchcinski.pl\/wp-content\/uploads\/2018\/12\/LB1_5731_1-1.jpg\"><img fetchpriority=\"high\" decoding=\"async\" class=\"alignnone size-full wp-image-11934\" src=\"https:\/\/marekkuchcinski.pl\/wp-content\/uploads\/2018\/12\/LB1_5731_1-1.jpg\" alt=\"LB1_5731_1 (1)\" width=\"1188\" height=\"784\" srcset=\"https:\/\/marekkuchcinski.pl\/wp-content\/uploads\/2018\/12\/LB1_5731_1-1.jpg 1188w, https:\/\/marekkuchcinski.pl\/wp-content\/uploads\/2018\/12\/LB1_5731_1-1-300x198.jpg 300w, https:\/\/marekkuchcinski.pl\/wp-content\/uploads\/2018\/12\/LB1_5731_1-1-768x507.jpg 768w, https:\/\/marekkuchcinski.pl\/wp-content\/uploads\/2018\/12\/LB1_5731_1-1-1024x676.jpg 1024w\" sizes=\"(max-width: 1188px) 100vw, 1188px\" \/><\/a><a href=\"https:\/\/marekkuchcinski.pl\/wp-content\/uploads\/2018\/12\/LB1_5711.jpg\"><img decoding=\"async\" class=\"alignnone size-full wp-image-11935\" src=\"https:\/\/marekkuchcinski.pl\/wp-content\/uploads\/2018\/12\/LB1_5711.jpg\" alt=\"LB1_5711\" width=\"1620\" height=\"1080\" srcset=\"https:\/\/marekkuchcinski.pl\/wp-content\/uploads\/2018\/12\/LB1_5711.jpg 1620w, https:\/\/marekkuchcinski.pl\/wp-content\/uploads\/2018\/12\/LB1_5711-300x200.jpg 300w, https:\/\/marekkuchcinski.pl\/wp-content\/uploads\/2018\/12\/LB1_5711-768x512.jpg 768w, https:\/\/marekkuchcinski.pl\/wp-content\/uploads\/2018\/12\/LB1_5711-1024x683.jpg 1024w\" sizes=\"(max-width: 1620px) 100vw, 1620px\" \/><\/a> <\/strong><strong><a href=\"https:\/\/marekkuchcinski.pl\/wp-content\/uploads\/2018\/12\/LB1_5723.jpg\"><img decoding=\"async\" class=\"alignnone size-full wp-image-11960\" src=\"https:\/\/marekkuchcinski.pl\/wp-content\/uploads\/2018\/12\/LB1_5723.jpg\" alt=\"LB1_5723\" width=\"1620\" height=\"1080\" srcset=\"https:\/\/marekkuchcinski.pl\/wp-content\/uploads\/2018\/12\/LB1_5723.jpg 1620w, https:\/\/marekkuchcinski.pl\/wp-content\/uploads\/2018\/12\/LB1_5723-300x200.jpg 300w, https:\/\/marekkuchcinski.pl\/wp-content\/uploads\/2018\/12\/LB1_5723-768x512.jpg 768w, https:\/\/marekkuchcinski.pl\/wp-content\/uploads\/2018\/12\/LB1_5723-1024x683.jpg 1024w\" sizes=\"(max-width: 1620px) 100vw, 1620px\" \/><\/a><a href=\"https:\/\/marekkuchcinski.pl\/wp-content\/uploads\/2018\/12\/LB1_5894.jpg\"><img loading=\"lazy\" decoding=\"async\" class=\"alignnone size-full wp-image-11954\" src=\"https:\/\/marekkuchcinski.pl\/wp-content\/uploads\/2018\/12\/LB1_5894.jpg\" alt=\"LB1_5894\" width=\"1620\" height=\"1080\" srcset=\"https:\/\/marekkuchcinski.pl\/wp-content\/uploads\/2018\/12\/LB1_5894.jpg 1620w, https:\/\/marekkuchcinski.pl\/wp-content\/uploads\/2018\/12\/LB1_5894-300x200.jpg 300w, https:\/\/marekkuchcinski.pl\/wp-content\/uploads\/2018\/12\/LB1_5894-768x512.jpg 768w, https:\/\/marekkuchcinski.pl\/wp-content\/uploads\/2018\/12\/LB1_5894-1024x683.jpg 1024w\" sizes=\"(max-width: 1620px) 100vw, 1620px\" \/><\/a> <\/strong> <a href=\"https:\/\/marekkuchcinski.pl\/wp-content\/uploads\/2018\/12\/LB1_5991.jpg\"><img loading=\"lazy\" decoding=\"async\" class=\"alignnone size-full wp-image-11961\" src=\"https:\/\/marekkuchcinski.pl\/wp-content\/uploads\/2018\/12\/LB1_5991.jpg\" alt=\"LB1_5991\" width=\"1620\" height=\"1080\" srcset=\"https:\/\/marekkuchcinski.pl\/wp-content\/uploads\/2018\/12\/LB1_5991.jpg 1620w, https:\/\/marekkuchcinski.pl\/wp-content\/uploads\/2018\/12\/LB1_5991-300x200.jpg 300w, https:\/\/marekkuchcinski.pl\/wp-content\/uploads\/2018\/12\/LB1_5991-768x512.jpg 768w, https:\/\/marekkuchcinski.pl\/wp-content\/uploads\/2018\/12\/LB1_5991-1024x683.jpg 1024w\" sizes=\"(max-width: 1620px) 100vw, 1620px\" \/><\/a><\/p>","protected":false},"excerpt":{"rendered":"<p>Prezydent, marsza\u0142ek Sejmu, marsza\u0142ek Senatu, premier, parlamentarzy\u015bci i ministrowie towarzyszyli w ostatniej drodze pos\u0142ance\u00a0na Sejm RP Jolancie\u00a0Szczypi\u0144skiej. Uroczysto\u015bci pogrzebowe rozpocz\u0119\u0142a\u00a0msza \u015bwi\u0119ta\u00a0w ko\u015bciele Mariackim w S\u0142upsku, w czasie kt\u00f3rej kole\u017cank\u0119 z pracy i przyjaci\u00f3\u0142k\u0119 \u017cegnali m.in. prezydent Andrzej Duda i prezes Jaros\u0142aw Kaczy\u0144ski. &#8211; Droga Jolu (&#8230;) Pani pose\u0142 Szczypi\u0144ska, by\u0142a po prostu Jol\u0105. By\u0142a piel\u0119gniark\u0105 [&hellip;]<\/p>","protected":false},"author":6,"featured_media":11934,"comment_status":"open","ping_status":"open","sticky":false,"template":"","format":"standard","meta":{"ngg_post_thumbnail":0,"footnotes":""},"categories":[82,3],"tags":[],"class_list":["post-11926","post","type-post","status-publish","format-standard","has-post-thumbnail","hentry","category-prawo-i-sprawiedliwosc","category-wydarzenia"],"yoast_head":"<!-- This site is optimized with the Yoast SEO plugin v24.7 - https:\/\/yoast.com\/wordpress\/plugins\/seo\/ -->\n<title>Ostatnie po\u017cegnanie pose\u0142 Jolanty Szczypi\u0144skiej &#8211; Marek Kuchci\u0144ski<\/title>\n<meta name=\"robots\" content=\"index, follow, max-snippet:-1, max-image-preview:large, max-video-preview:-1\" \/>\n<link rel=\"canonical\" href=\"https:\/\/marekkuchcinski.pl\/sk\/wydarzenia\/ostatnie-pozegnanie-posel-jolanty-szczypinskiej\/\" \/>\n<meta property=\"og:locale\" content=\"sk_SK\" \/>\n<meta property=\"og:type\" content=\"article\" \/>\n<meta property=\"og:title\" content=\"Ostatnie po\u017cegnanie pose\u0142 Jolanty Szczypi\u0144skiej &#8211; Marek Kuchci\u0144ski\" \/>\n<meta property=\"og:description\" content=\"Prezydent, marsza\u0142ek Sejmu, marsza\u0142ek Senatu, premier, parlamentarzy\u015bci i ministrowie towarzyszyli w ostatniej drodze pos\u0142ance\u00a0na Sejm RP Jolancie\u00a0Szczypi\u0144skiej. Uroczysto\u015bci pogrzebowe rozpocz\u0119\u0142a\u00a0msza \u015bwi\u0119ta\u00a0w ko\u015bciele Mariackim w S\u0142upsku, w czasie kt\u00f3rej kole\u017cank\u0119 z pracy i przyjaci\u00f3\u0142k\u0119 \u017cegnali m.in. prezydent Andrzej Duda i prezes Jaros\u0142aw Kaczy\u0144ski. &#8211; Droga Jolu (&#8230;) Pani pose\u0142 Szczypi\u0144ska, by\u0142a po prostu Jol\u0105. By\u0142a piel\u0119gniark\u0105 [&hellip;]\" \/>\n<meta property=\"og:url\" content=\"https:\/\/marekkuchcinski.pl\/sk\/wydarzenia\/ostatnie-pozegnanie-posel-jolanty-szczypinskiej\/\" \/>\n<meta property=\"og:site_name\" content=\"Marek Kuchci\u0144ski\" \/>\n<meta property=\"article:published_time\" content=\"2018-12-17T13:38:56+00:00\" \/>\n<meta property=\"article:modified_time\" content=\"2018-12-17T15:28:33+00:00\" \/>\n<meta property=\"og:image\" content=\"https:\/\/marekkuchcinski.pl\/wp-content\/uploads\/2018\/12\/LB1_5731_1-1.jpg\" \/>\n\t<meta property=\"og:image:width\" content=\"1188\" \/>\n\t<meta property=\"og:image:height\" content=\"784\" \/>\n\t<meta property=\"og:image:type\" content=\"image\/jpeg\" \/>\n<meta name=\"author\" content=\"admin\" \/>\n<meta name=\"twitter:card\" content=\"summary_large_image\" \/>\n<meta name=\"twitter:label1\" content=\"Autor\" \/>\n\t<meta name=\"twitter:data1\" content=\"admin\" \/>\n\t<meta name=\"twitter:label2\" content=\"Predpokladan\u00fd \u010das \u010d\u00edtania\" \/>\n\t<meta name=\"twitter:data2\" content=\"2 min\u00faty\" \/>\n<script type=\"application\/ld+json\" class=\"yoast-schema-graph\">{\"@context\":\"https:\/\/schema.org\",\"@graph\":[{\"@type\":\"Article\",\"@id\":\"https:\/\/marekkuchcinski.pl\/en\/wydarzenia\/ostatnie-pozegnanie-posel-jolanty-szczypinskiej\/#article\",\"isPartOf\":{\"@id\":\"https:\/\/marekkuchcinski.pl\/en\/wydarzenia\/ostatnie-pozegnanie-posel-jolanty-szczypinskiej\/\"},\"author\":{\"name\":\"admin\",\"@id\":\"https:\/\/marekkuchcinski.pl\/#\/schema\/person\/6f62700996b4d950b6ea2d1183b6c6be\"},\"headline\":\"Ostatnie po\u017cegnanie pose\u0142 Jolanty Szczypi\u0144skiej\",\"datePublished\":\"2018-12-17T13:38:56+00:00\",\"dateModified\":\"2018-12-17T15:28:33+00:00\",\"mainEntityOfPage\":{\"@id\":\"https:\/\/marekkuchcinski.pl\/en\/wydarzenia\/ostatnie-pozegnanie-posel-jolanty-szczypinskiej\/\"},\"wordCount\":408,\"commentCount\":0,\"publisher\":{\"@id\":\"https:\/\/marekkuchcinski.pl\/#organization\"},\"image\":{\"@id\":\"https:\/\/marekkuchcinski.pl\/en\/wydarzenia\/ostatnie-pozegnanie-posel-jolanty-szczypinskiej\/#primaryimage\"},\"thumbnailUrl\":\"https:\/\/marekkuchcinski.pl\/wp-content\/uploads\/2018\/12\/LB1_5731_1-1.jpg\",\"articleSection\":[\"Prawo i Sprawiedliwo\u015b\u0107\",\"Wydarzenia\"],\"inLanguage\":\"sk-SK\",\"potentialAction\":[{\"@type\":\"CommentAction\",\"name\":\"Comment\",\"target\":[\"https:\/\/marekkuchcinski.pl\/en\/wydarzenia\/ostatnie-pozegnanie-posel-jolanty-szczypinskiej\/#respond\"]}]},{\"@type\":\"WebPage\",\"@id\":\"https:\/\/marekkuchcinski.pl\/en\/wydarzenia\/ostatnie-pozegnanie-posel-jolanty-szczypinskiej\/\",\"url\":\"https:\/\/marekkuchcinski.pl\/en\/wydarzenia\/ostatnie-pozegnanie-posel-jolanty-szczypinskiej\/\",\"name\":\"Ostatnie po\u017cegnanie pose\u0142 Jolanty Szczypi\u0144skiej &#8211; Marek Kuchci\u0144ski\",\"isPartOf\":{\"@id\":\"https:\/\/marekkuchcinski.pl\/#website\"},\"primaryImageOfPage\":{\"@id\":\"https:\/\/marekkuchcinski.pl\/en\/wydarzenia\/ostatnie-pozegnanie-posel-jolanty-szczypinskiej\/#primaryimage\"},\"image\":{\"@id\":\"https:\/\/marekkuchcinski.pl\/en\/wydarzenia\/ostatnie-pozegnanie-posel-jolanty-szczypinskiej\/#primaryimage\"},\"thumbnailUrl\":\"https:\/\/marekkuchcinski.pl\/wp-content\/uploads\/2018\/12\/LB1_5731_1-1.jpg\",\"datePublished\":\"2018-12-17T13:38:56+00:00\",\"dateModified\":\"2018-12-17T15:28:33+00:00\",\"breadcrumb\":{\"@id\":\"https:\/\/marekkuchcinski.pl\/en\/wydarzenia\/ostatnie-pozegnanie-posel-jolanty-szczypinskiej\/#breadcrumb\"},\"inLanguage\":\"sk-SK\",\"potentialAction\":[{\"@type\":\"ReadAction\",\"target\":[\"https:\/\/marekkuchcinski.pl\/en\/wydarzenia\/ostatnie-pozegnanie-posel-jolanty-szczypinskiej\/\"]}]},{\"@type\":\"ImageObject\",\"inLanguage\":\"sk-SK\",\"@id\":\"https:\/\/marekkuchcinski.pl\/en\/wydarzenia\/ostatnie-pozegnanie-posel-jolanty-szczypinskiej\/#primaryimage\",\"url\":\"https:\/\/marekkuchcinski.pl\/wp-content\/uploads\/2018\/12\/LB1_5731_1-1.jpg\",\"contentUrl\":\"https:\/\/marekkuchcinski.pl\/wp-content\/uploads\/2018\/12\/LB1_5731_1-1.jpg\",\"width\":1188,\"height\":784},{\"@type\":\"BreadcrumbList\",\"@id\":\"https:\/\/marekkuchcinski.pl\/en\/wydarzenia\/ostatnie-pozegnanie-posel-jolanty-szczypinskiej\/#breadcrumb\",\"itemListElement\":[{\"@type\":\"ListItem\",\"position\":1,\"name\":\"Strona g\u0142\u00f3wna\",\"item\":\"https:\/\/marekkuchcinski.pl\/\"},{\"@type\":\"ListItem\",\"position\":2,\"name\":\"Ostatnie po\u017cegnanie pose\u0142 Jolanty Szczypi\u0144skiej\"}]},{\"@type\":\"WebSite\",\"@id\":\"https:\/\/marekkuchcinski.pl\/#website\",\"url\":\"https:\/\/marekkuchcinski.pl\/\",\"name\":\"Marek Kuchci\u0144ski\",\"description\":\"Pose\u0142 na sejm RP &ndash; okr\u0119g nr 22\",\"publisher\":{\"@id\":\"https:\/\/marekkuchcinski.pl\/#organization\"},\"potentialAction\":[{\"@type\":\"SearchAction\",\"target\":{\"@type\":\"EntryPoint\",\"urlTemplate\":\"https:\/\/marekkuchcinski.pl\/?s={search_term_string}\"},\"query-input\":{\"@type\":\"PropertyValueSpecification\",\"valueRequired\":true,\"valueName\":\"search_term_string\"}}],\"inLanguage\":\"sk-SK\"},{\"@type\":\"Organization\",\"@id\":\"https:\/\/marekkuchcinski.pl\/#organization\",\"name\":\"Marek Kuchci\u0144ski\",\"url\":\"https:\/\/marekkuchcinski.pl\/\",\"logo\":{\"@type\":\"ImageObject\",\"inLanguage\":\"sk-SK\",\"@id\":\"https:\/\/marekkuchcinski.pl\/#\/schema\/logo\/image\/\",\"url\":\"https:\/\/marekkuchcinski.pl\/wp-content\/uploads\/2022\/09\/Marek.jpg\",\"contentUrl\":\"https:\/\/marekkuchcinski.pl\/wp-content\/uploads\/2022\/09\/Marek.jpg\",\"width\":1600,\"height\":971,\"caption\":\"Marek Kuchci\u0144ski\"},\"image\":{\"@id\":\"https:\/\/marekkuchcinski.pl\/#\/schema\/logo\/image\/\"}},{\"@type\":\"Person\",\"@id\":\"https:\/\/marekkuchcinski.pl\/#\/schema\/person\/6f62700996b4d950b6ea2d1183b6c6be\",\"name\":\"admin\",\"image\":{\"@type\":\"ImageObject\",\"inLanguage\":\"sk-SK\",\"@id\":\"https:\/\/marekkuchcinski.pl\/#\/schema\/person\/image\/\",\"url\":\"https:\/\/secure.gravatar.com\/avatar\/4bab693b9d55c3d6b52c0296a8765085?s=96&d=mm&r=g\",\"contentUrl\":\"https:\/\/secure.gravatar.com\/avatar\/4bab693b9d55c3d6b52c0296a8765085?s=96&d=mm&r=g\",\"caption\":\"admin\"},\"url\":\"https:\/\/marekkuchcinski.pl\/sk\/author\/marta-olejnik\/\"}]}<\/script>\n<!-- \/ Yoast SEO plugin. -->","yoast_head_json":{"title":"Ostatnie po\u017cegnanie pose\u0142 Jolanty Szczypi\u0144skiej &#8211; Marek Kuchci\u0144ski","robots":{"index":"index","follow":"follow","max-snippet":"max-snippet:-1","max-image-preview":"max-image-preview:large","max-video-preview":"max-video-preview:-1"},"canonical":"https:\/\/marekkuchcinski.pl\/sk\/wydarzenia\/ostatnie-pozegnanie-posel-jolanty-szczypinskiej\/","og_locale":"sk_SK","og_type":"article","og_title":"Ostatnie po\u017cegnanie pose\u0142 Jolanty Szczypi\u0144skiej &#8211; Marek Kuchci\u0144ski","og_description":"Prezydent, marsza\u0142ek Sejmu, marsza\u0142ek Senatu, premier, parlamentarzy\u015bci i ministrowie towarzyszyli w ostatniej drodze pos\u0142ance\u00a0na Sejm RP Jolancie\u00a0Szczypi\u0144skiej. Uroczysto\u015bci pogrzebowe rozpocz\u0119\u0142a\u00a0msza \u015bwi\u0119ta\u00a0w ko\u015bciele Mariackim w S\u0142upsku, w czasie kt\u00f3rej kole\u017cank\u0119 z pracy i przyjaci\u00f3\u0142k\u0119 \u017cegnali m.in. prezydent Andrzej Duda i prezes Jaros\u0142aw Kaczy\u0144ski. &#8211; Droga Jolu (&#8230;) Pani pose\u0142 Szczypi\u0144ska, by\u0142a po prostu Jol\u0105. By\u0142a piel\u0119gniark\u0105 [&hellip;]","og_url":"https:\/\/marekkuchcinski.pl\/sk\/wydarzenia\/ostatnie-pozegnanie-posel-jolanty-szczypinskiej\/","og_site_name":"Marek Kuchci\u0144ski","article_published_time":"2018-12-17T13:38:56+00:00","article_modified_time":"2018-12-17T15:28:33+00:00","og_image":[{"width":1188,"height":784,"url":"https:\/\/marekkuchcinski.pl\/wp-content\/uploads\/2018\/12\/LB1_5731_1-1.jpg","type":"image\/jpeg"}],"author":"admin","twitter_card":"summary_large_image","twitter_misc":{"Autor":"admin","Predpokladan\u00fd \u010das \u010d\u00edtania":"2 min\u00faty"},"schema":{"@context":"https:\/\/schema.org","@graph":[{"@type":"Article","@id":"https:\/\/marekkuchcinski.pl\/en\/wydarzenia\/ostatnie-pozegnanie-posel-jolanty-szczypinskiej\/#article","isPartOf":{"@id":"https:\/\/marekkuchcinski.pl\/en\/wydarzenia\/ostatnie-pozegnanie-posel-jolanty-szczypinskiej\/"},"author":{"name":"admin","@id":"https:\/\/marekkuchcinski.pl\/#\/schema\/person\/6f62700996b4d950b6ea2d1183b6c6be"},"headline":"Ostatnie po\u017cegnanie pose\u0142 Jolanty Szczypi\u0144skiej","datePublished":"2018-12-17T13:38:56+00:00","dateModified":"2018-12-17T15:28:33+00:00","mainEntityOfPage":{"@id":"https:\/\/marekkuchcinski.pl\/en\/wydarzenia\/ostatnie-pozegnanie-posel-jolanty-szczypinskiej\/"},"wordCount":408,"commentCount":0,"publisher":{"@id":"https:\/\/marekkuchcinski.pl\/#organization"},"image":{"@id":"https:\/\/marekkuchcinski.pl\/en\/wydarzenia\/ostatnie-pozegnanie-posel-jolanty-szczypinskiej\/#primaryimage"},"thumbnailUrl":"https:\/\/marekkuchcinski.pl\/wp-content\/uploads\/2018\/12\/LB1_5731_1-1.jpg","articleSection":["Prawo i Sprawiedliwo\u015b\u0107","Wydarzenia"],"inLanguage":"sk-SK","potentialAction":[{"@type":"CommentAction","name":"Comment","target":["https:\/\/marekkuchcinski.pl\/en\/wydarzenia\/ostatnie-pozegnanie-posel-jolanty-szczypinskiej\/#respond"]}]},{"@type":"WebPage","@id":"https:\/\/marekkuchcinski.pl\/en\/wydarzenia\/ostatnie-pozegnanie-posel-jolanty-szczypinskiej\/","url":"https:\/\/marekkuchcinski.pl\/en\/wydarzenia\/ostatnie-pozegnanie-posel-jolanty-szczypinskiej\/","name":"Ostatnie po\u017cegnanie pose\u0142 Jolanty Szczypi\u0144skiej &#8211; Marek Kuchci\u0144ski","isPartOf":{"@id":"https:\/\/marekkuchcinski.pl\/#website"},"primaryImageOfPage":{"@id":"https:\/\/marekkuchcinski.pl\/en\/wydarzenia\/ostatnie-pozegnanie-posel-jolanty-szczypinskiej\/#primaryimage"},"image":{"@id":"https:\/\/marekkuchcinski.pl\/en\/wydarzenia\/ostatnie-pozegnanie-posel-jolanty-szczypinskiej\/#primaryimage"},"thumbnailUrl":"https:\/\/marekkuchcinski.pl\/wp-content\/uploads\/2018\/12\/LB1_5731_1-1.jpg","datePublished":"2018-12-17T13:38:56+00:00","dateModified":"2018-12-17T15:28:33+00:00","breadcrumb":{"@id":"https:\/\/marekkuchcinski.pl\/en\/wydarzenia\/ostatnie-pozegnanie-posel-jolanty-szczypinskiej\/#breadcrumb"},"inLanguage":"sk-SK","potentialAction":[{"@type":"ReadAction","target":["https:\/\/marekkuchcinski.pl\/en\/wydarzenia\/ostatnie-pozegnanie-posel-jolanty-szczypinskiej\/"]}]},{"@type":"ImageObject","inLanguage":"sk-SK","@id":"https:\/\/marekkuchcinski.pl\/en\/wydarzenia\/ostatnie-pozegnanie-posel-jolanty-szczypinskiej\/#primaryimage","url":"https:\/\/marekkuchcinski.pl\/wp-content\/uploads\/2018\/12\/LB1_5731_1-1.jpg","contentUrl":"https:\/\/marekkuchcinski.pl\/wp-content\/uploads\/2018\/12\/LB1_5731_1-1.jpg","width":1188,"height":784},{"@type":"BreadcrumbList","@id":"https:\/\/marekkuchcinski.pl\/en\/wydarzenia\/ostatnie-pozegnanie-posel-jolanty-szczypinskiej\/#breadcrumb","itemListElement":[{"@type":"ListItem","position":1,"name":"Strona g\u0142\u00f3wna","item":"https:\/\/marekkuchcinski.pl\/"},{"@type":"ListItem","position":2,"name":"Ostatnie po\u017cegnanie pose\u0142 Jolanty Szczypi\u0144skiej"}]},{"@type":"WebSite","@id":"https:\/\/marekkuchcinski.pl\/#website","url":"https:\/\/marekkuchcinski.pl\/","name":"Marek Kuchci\u0144ski","description":"Pose\u0142 na sejm RP &ndash; okr\u0119g nr 22","publisher":{"@id":"https:\/\/marekkuchcinski.pl\/#organization"},"potentialAction":[{"@type":"SearchAction","target":{"@type":"EntryPoint","urlTemplate":"https:\/\/marekkuchcinski.pl\/?s={search_term_string}"},"query-input":{"@type":"PropertyValueSpecification","valueRequired":true,"valueName":"search_term_string"}}],"inLanguage":"sk-SK"},{"@type":"Organization","@id":"https:\/\/marekkuchcinski.pl\/#organization","name":"Marek Kuchci\u0144ski","url":"https:\/\/marekkuchcinski.pl\/","logo":{"@type":"ImageObject","inLanguage":"sk-SK","@id":"https:\/\/marekkuchcinski.pl\/#\/schema\/logo\/image\/","url":"https:\/\/marekkuchcinski.pl\/wp-content\/uploads\/2022\/09\/Marek.jpg","contentUrl":"https:\/\/marekkuchcinski.pl\/wp-content\/uploads\/2022\/09\/Marek.jpg","width":1600,"height":971,"caption":"Marek Kuchci\u0144ski"},"image":{"@id":"https:\/\/marekkuchcinski.pl\/#\/schema\/logo\/image\/"}},{"@type":"Person","@id":"https:\/\/marekkuchcinski.pl\/#\/schema\/person\/6f62700996b4d950b6ea2d1183b6c6be","name":"admin","image":{"@type":"ImageObject","inLanguage":"sk-SK","@id":"https:\/\/marekkuchcinski.pl\/#\/schema\/person\/image\/","url":"https:\/\/secure.gravatar.com\/avatar\/4bab693b9d55c3d6b52c0296a8765085?s=96&d=mm&r=g","contentUrl":"https:\/\/secure.gravatar.com\/avatar\/4bab693b9d55c3d6b52c0296a8765085?s=96&d=mm&r=g","caption":"admin"},"url":"https:\/\/marekkuchcinski.pl\/sk\/author\/marta-olejnik\/"}]}},"_links":{"self":[{"href":"https:\/\/marekkuchcinski.pl\/sk\/wp-json\/wp\/v2\/posts\/11926","targetHints":{"allow":["GET"]}}],"collection":[{"href":"https:\/\/marekkuchcinski.pl\/sk\/wp-json\/wp\/v2\/posts"}],"about":[{"href":"https:\/\/marekkuchcinski.pl\/sk\/wp-json\/wp\/v2\/types\/post"}],"author":[{"embeddable":true,"href":"https:\/\/marekkuchcinski.pl\/sk\/wp-json\/wp\/v2\/users\/6"}],"replies":[{"embeddable":true,"href":"https:\/\/marekkuchcinski.pl\/sk\/wp-json\/wp\/v2\/comments?post=11926"}],"version-history":[{"count":17,"href":"https:\/\/marekkuchcinski.pl\/sk\/wp-json\/wp\/v2\/posts\/11926\/revisions"}],"predecessor-version":[{"id":11965,"href":"https:\/\/marekkuchcinski.pl\/sk\/wp-json\/wp\/v2\/posts\/11926\/revisions\/11965"}],"wp:featuredmedia":[{"embeddable":true,"href":"https:\/\/marekkuchcinski.pl\/sk\/wp-json\/wp\/v2\/media\/11934"}],"wp:attachment":[{"href":"https:\/\/marekkuchcinski.pl\/sk\/wp-json\/wp\/v2\/media?parent=11926"}],"wp:term":[{"taxonomy":"category","embeddable":true,"href":"https:\/\/marekkuchcinski.pl\/sk\/wp-json\/wp\/v2\/categories?post=11926"},{"taxonomy":"post_tag","embeddable":true,"href":"https:\/\/marekkuchcinski.pl\/sk\/wp-json\/wp\/v2\/tags?post=11926"}],"curies":[{"name":"wp","href":"https:\/\/api.w.org\/{rel}","templated":true}]}}