{"id":11908,"date":"2018-12-17T10:10:42","date_gmt":"2018-12-17T09:10:42","guid":{"rendered":"https:\/\/marekkuchcinski.pl\/?p=11908"},"modified":"2018-12-17T19:15:49","modified_gmt":"2018-12-17T18:15:49","slug":"11908","status":"publish","type":"post","link":"https:\/\/marekkuchcinski.pl\/sk\/wydarzenia\/11908\/","title":{"rendered":"Kuchci\u0144ski o decembri '70: Po\u010das t\u00fdch krvav\u00fdch dn\u00ed sa zrodila viera vo vlastn\u00e9 sily a spolo\u010dn\u00e9 mo\u017enosti. Bola tu aj iskierka n\u00e1deje, \u017ee komunizmus mo\u017eno porazi\u0165"},"content":{"rendered":"<p dir=\"ltr\">17. decembra 1970 arm\u00e1da a pol\u00edcia spustili pa\u013ebu na robotn\u00edkov, ktor\u00ed i\u0161li do pr\u00e1ce v lodeniciach v Gdyni.<\/p>\n<p dir=\"ltr\">Na pouli\u010dn\u00fdch zr\u00e1\u017ekach sa z\u00fa\u010dastnilo pribli\u017ene 5 000 \u013eud\u00ed, stovky boli zranen\u00e9 a 18 \u013eud\u00ed zahynulo. Symbolom t\u00fdchto udalost\u00ed je 18-ro\u010dn\u00fd Zbyszek Godlewski, ktor\u00e9ho zastrelili na \u017eelezni\u010dnom viadukte v Gdyni. Chlapcovo telo polo\u017eili na dvere a spolu s n\u00edm pochodovali ulicami mesta k stran\u00edckemu domu, pri\u010dom pred sebou niesli zakrvaven\u00fa bielo-\u010derven\u00fa z\u00e1stavu.<\/p>\n<p dir=\"ltr\">\u010cierny \u0161tvrtok bol n\u00e1sledkom predch\u00e1dzaj\u00facich \u0161trajkov 14. decembra v Gdansku, ktor\u00e9 vyvolali spr\u00e1vy o zdra\u017eovan\u00ed potrav\u00edn. O dva dni nesk\u00f4r vst\u00fapila arm\u00e1da do Trojmestia a v uliciach sa objavili tanky a obrnen\u00e9 transport\u00e9ry. \u010clen politick\u00e9ho byra \u00dastredn\u00e9ho v\u00fdboru PZPR Zenon Kliszko, ktor\u00fd viedol akciu na upokojenie pobre\u017eia, vyhl\u00e1sil riadite\u013eovi a \u010dlenom strany v gdanskej lodenici: \"M\u00e1me do \u010dinenia s kontrarevol\u00faciou a nez\u00e1le\u017e\u00ed na tom, \u017ee zomrie 200 alebo viac robotn\u00edkov z loden\u00edc. Lodenica bude zb\u00faran\u00e1 a na trosk\u00e1ch starej postav\u00edme nov\u00fa.\"<\/p>\n<p>Predseda Sejmu Marek Kuchci\u0144ski pripomenul, \u017ee <em>Pr\u00ed\u010dinou t\u00fdchto udalost\u00ed bol pocit nespravodlivosti a dlhodob\u00fd odpor vo\u010di komunistickej diktat\u00fare.<\/em><\/p>\n<p><em>V obave z n\u00e1rastu protikomunistick\u00fdch n\u00e1lad t\u00ed, ktor\u00ed boli pri moci, nedovolili, aby sa spomienka na ve\u013ek\u00e9 povstanie zve\u013ea\u010fovala. Op\u00e4\u0165 bola po\u0161liapan\u00e1 sloboda a \u013eudsk\u00e1 d\u00f4stojnos\u0165.<\/em><\/p>\n<p dir=\"ltr\"><em>Po\u010das t\u00fdchto krvav\u00fdch dn\u00ed sa v\u0161ak zrodila viera vo vlastn\u00e9 sily a spolo\u010dn\u00e9 schopnosti. Bola v tom aj iskierka n\u00e1deje, \u017ee komunizmus sa podar\u00ed porazi\u0165. Trad\u00edcia decembra 1970 sa stala d\u00f4le\u017eit\u00fdm prvkom na\u0161ej identity. Bez udalost\u00ed na pobre\u017e\u00ed by dnes neexistovalo slobodn\u00e9 a nez\u00e1visl\u00e9 Po\u013esko.<\/em><\/p>\n<p dir=\"ltr\"><strong><span style=\"color: #000000;\"><a style=\"color: #000000;\" href=\"https:\/\/marekkuchcinski.pl\/wp-content\/uploads\/2018\/12\/Grudzien\u0301-70.pdf\">ZOZNAM<\/a><\/span><\/strong><\/p>\n<p dir=\"ltr\">Hrdinom \"Balady o Jankovi Wisniewskom\" je Zbyszek Godlewski.<\/p>\n<p dir=\"ltr\" style=\"text-align: center;\">Chlapci z Grab\u00f3wky, chlapci z Chylonie<\/p>\n<p dir=\"ltr\" style=\"text-align: center;\">Dnes domobrana pou\u017eila zbrane,<\/p>\n<p dir=\"ltr\" style=\"text-align: center;\">St\u00e1li sme stato\u010dne, h\u00e1dzali sme presne<\/p>\n<p dir=\"ltr\" style=\"text-align: center;\">Janek Wisniewski padol.<\/p>\n<p dir=\"ltr\" style=\"text-align: center;\">Nepla\u010dte matky, nie je to pre ni\u010d za ni\u010d<\/p>\n<p dir=\"ltr\" style=\"text-align: center;\">Nad lodenicou sa vzn\u00e1\u0161a z\u00e1stava s \u010diernou ma\u0161\u013eou<\/p>\n<p dir=\"ltr\" style=\"text-align: center;\">Za chlieb a slobodu a nov\u00e9 Po\u013esko<\/p>\n<p dir=\"ltr\" style=\"text-align: center;\">Janek Wisniewski padol.<\/p>\n<p dir=\"ltr\"><a href=\"https:\/\/marekkuchcinski.pl\/wp-content\/uploads\/2018\/12\/ZG-70.jpg\"><img fetchpriority=\"high\" decoding=\"async\" class=\"alignnone size-full wp-image-11913\" src=\"https:\/\/marekkuchcinski.pl\/wp-content\/uploads\/2018\/12\/ZG-70.jpg\" alt=\"ZG 70\" width=\"578\" height=\"302\" srcset=\"https:\/\/marekkuchcinski.pl\/wp-content\/uploads\/2018\/12\/ZG-70.jpg 578w, https:\/\/marekkuchcinski.pl\/wp-content\/uploads\/2018\/12\/ZG-70-300x157.jpg 300w\" sizes=\"(max-width: 578px) 100vw, 578px\" \/><\/a><\/p>\n<p dir=\"ltr\">","protected":false},"excerpt":{"rendered":"<p>17 grudnia 1970 roku wojsko i milicja otworzy\u0142y ogie\u0144 do robotnik\u00f3w id\u0105cych do pracy do gdy\u0144skiej stoczni. W starciach ulicznych wzi\u0119\u0142o udzia\u0142 oko\u0142o 5 tysi\u0119cy os\u00f3b, by\u0142y setki rannych, zgin\u0119\u0142o 18. Symbolem tamtych wydarze\u0144 jest 18-letni Zbyszek Godlewski, kt\u00f3ry\u00a0zosta\u0142 zastrzelony na wiadukcie kolejowym w Gdyni. Cia\u0142o\u00a0ch\u0142opca u\u0142o\u017cono na drzwiach i maszerowano z nim ulicami miasta [&hellip;]<\/p>\n","protected":false},"author":6,"featured_media":11913,"comment_status":"open","ping_status":"open","sticky":false,"template":"","format":"standard","meta":{"ngg_post_thumbnail":0,"footnotes":""},"categories":[104,77,3],"tags":[],"class_list":["post-11908","post","type-post","status-publish","format-standard","has-post-thumbnail","hentry","category-lms","category-wazne-daty","category-wydarzenia"],"_links":{"self":[{"href":"https:\/\/marekkuchcinski.pl\/sk\/wp-json\/wp\/v2\/posts\/11908","targetHints":{"allow":["GET"]}}],"collection":[{"href":"https:\/\/marekkuchcinski.pl\/sk\/wp-json\/wp\/v2\/posts"}],"about":[{"href":"https:\/\/marekkuchcinski.pl\/sk\/wp-json\/wp\/v2\/types\/post"}],"author":[{"embeddable":true,"href":"https:\/\/marekkuchcinski.pl\/sk\/wp-json\/wp\/v2\/users\/6"}],"replies":[{"embeddable":true,"href":"https:\/\/marekkuchcinski.pl\/sk\/wp-json\/wp\/v2\/comments?post=11908"}],"version-history":[{"count":25,"href":"https:\/\/marekkuchcinski.pl\/sk\/wp-json\/wp\/v2\/posts\/11908\/revisions"}],"predecessor-version":[{"id":11972,"href":"https:\/\/marekkuchcinski.pl\/sk\/wp-json\/wp\/v2\/posts\/11908\/revisions\/11972"}],"wp:featuredmedia":[{"embeddable":true,"href":"https:\/\/marekkuchcinski.pl\/sk\/wp-json\/wp\/v2\/media\/11913"}],"wp:attachment":[{"href":"https:\/\/marekkuchcinski.pl\/sk\/wp-json\/wp\/v2\/media?parent=11908"}],"wp:term":[{"taxonomy":"category","embeddable":true,"href":"https:\/\/marekkuchcinski.pl\/sk\/wp-json\/wp\/v2\/categories?post=11908"},{"taxonomy":"post_tag","embeddable":true,"href":"https:\/\/marekkuchcinski.pl\/sk\/wp-json\/wp\/v2\/tags?post=11908"}],"curies":[{"name":"wp","href":"https:\/\/api.w.org\/{rel}","templated":true}]}}