{"id":11897,"date":"2018-12-16T10:16:52","date_gmt":"2018-12-16T09:16:52","guid":{"rendered":"https:\/\/marekkuchcinski.pl\/?p=11897"},"modified":"2018-12-16T11:00:15","modified_gmt":"2018-12-16T10:00:15","slug":"konwencja-prawa-sprawiedliwosci-wiarygodnosc-uczciwosc-sprawiedliwosc-nowoczesnosc","status":"publish","type":"post","link":"https:\/\/marekkuchcinski.pl\/sk\/wydarzenia\/konwencja-prawa-sprawiedliwosci-wiarygodnosc-uczciwosc-sprawiedliwosc-nowoczesnosc\/","title":{"rendered":"Dohovor o pr\u00e1ve a spravodlivosti: d\u00f4veryhodnos\u0165, \u010destnos\u0165, spravodlivos\u0165, modernos\u0165"},"content":{"rendered":"<p>- Pr\u00e1vo a spravodlivos\u0165 dok\u00e1zalo, \u017ee dok\u00e1\u017ee vl\u00e1dnu\u0165 \u010destne, \u017ee dok\u00e1\u017ee by\u0165 d\u00f4veryhodn\u00e9 a robi\u0165 to, \u010do bolo ozn\u00e1men\u00e9, povedal predseda PiS Jaros\u0142aw Kaczy\u0144ski po\u010das zjazdu PiS 15. decembra.<\/p>\n<p>Dodal, \u017ee cie\u013eom stretnutia bolo zamyslie\u0165 sa nad v\u00fdchodiskov\u00fdm bodom, z ktor\u00e9ho Pr\u00e1vo a spravodlivos\u0165 \u010doskoro za\u010dne posledn\u00fa etapu do eur\u00f3pskych a parlamentn\u00fdch volieb.<\/p>\n<p>- Ide o pouk\u00e1zanie na smery, ktor\u00fdmi sa mus\u00edme ubera\u0165. Na\u0161a strana sa mus\u00ed do konca sta\u0165 stranou snov Poliakov,\" povedal predseda.<\/p>\n<p>Premi\u00e9r Mateusz Morawiecki zd\u00f4raznil, \u017ee Po\u013esko je dnes pulzuj\u00facim srdcom Eur\u00f3py.<\/p>\n<p>- Dnes in\u0161pirujeme Eur\u00f3pu. Na\u0161e \u00faspechy dnes in\u0161piruj\u00fa Eur\u00f3pu! Poliaci sa musia c\u00edti\u0165 Eur\u00f3panmi v ka\u017edom oh\u013eade. O to sa sna\u017e\u00edme! Toto je skuto\u010dn\u00e1 europeiz\u00e1cia, nie experimentovanie so zvykmi, ale dobiehanie \u017eivotnej \u00farovne bohat\u0161ieho Z\u00e1padu. Je to mo\u017en\u00e9 a spolo\u010dne to dosiahneme. My sme jedin\u00ed, ktor\u00ed to m\u00f4\u017eu zaru\u010di\u0165,\" povedal.<\/p>\n<p>Pripomenul, \u017ee Pr\u00e1vo a spravodlivos\u0165 m\u00e1 tri z\u00e1kladn\u00e9 piliere.<\/p>\n<p>- Najd\u00f4le\u017eitej\u0161ia je d\u00f4veryhodnos\u0165. M\u00e1me ju, \u010do potvrdzuj\u00fa mnoh\u00e9 na\u0161e \u010diny. Na\u0161e n\u00e1vrhy z apr\u00edla s\u00fa bu\u010f realizovan\u00e9, alebo sa pripravuj\u00fa. Ke\u010f nie\u010do s\u013e\u00fabime, svoje slovo dodr\u017e\u00edme. Poru\u0161en\u00e9 s\u013euby na\u0161ich oponentov s\u00fa vidite\u013en\u00e9 v\u0161ade. Chceme presadzova\u0165 vy\u0161\u0161ie mzdy a modernizova\u0165 Po\u013esko,\" vyhl\u00e1sil.<\/p>\n<p>Podpredsedn\u00ed\u010dka vl\u00e1dy Beata Szyd\u0142o zd\u00f4raznila, \u017ee Po\u013esko bolo, je a bude v Eur\u00f3pe.<\/p>\n<p>- Nikto a ni\u010d to nezmen\u00ed. Dokonca aj t\u00ed politici, ktor\u00ed klam\u00fa o Polexite. Pozvime v\u0161etk\u00fdch Poliakov, Eur\u00f3panov, k rokovaciemu stolu, kde budeme hovori\u0165 o bud\u00facnosti, preto\u017ee je to na\u0161a spolo\u010dn\u00e1 pr\u00e1ca,\" povedala.<\/p>\n<p>Ved\u00faci kancel\u00e1rie predsedu vl\u00e1dy Micha\u0142 Dworczyk ozn\u00e1mil, \u017ee cie\u013eom strany Pr\u00e1vo a spravodlivos\u0165 bude zv\u00fd\u0161i\u0165 \u017eivotn\u00fa \u00farove\u0148 Poliakov na eur\u00f3psku \u00farove\u0148, pri\u010dom \u010fal\u0161ie programy bud\u00fa predstaven\u00e9 hne\u010f po Novom roku.<\/p>\n<p><em>fot. pis.org.pl<\/em><a href=\"https:\/\/marekkuchcinski.pl\/wp-content\/uploads\/2018\/12\/PiS-konwencja-15-grudnia.jpg\"><img fetchpriority=\"high\" decoding=\"async\" class=\"alignnone size-full wp-image-11898\" src=\"https:\/\/marekkuchcinski.pl\/wp-content\/uploads\/2018\/12\/PiS-konwencja-15-grudnia.jpg\" alt=\"PiS konwencja 15 grudnia\" width=\"1000\" height=\"667\" srcset=\"https:\/\/marekkuchcinski.pl\/wp-content\/uploads\/2018\/12\/PiS-konwencja-15-grudnia.jpg 1000w, https:\/\/marekkuchcinski.pl\/wp-content\/uploads\/2018\/12\/PiS-konwencja-15-grudnia-300x200.jpg 300w, https:\/\/marekkuchcinski.pl\/wp-content\/uploads\/2018\/12\/PiS-konwencja-15-grudnia-768x512.jpg 768w\" sizes=\"(max-width: 1000px) 100vw, 1000px\" \/><\/a><\/p>","protected":false},"excerpt":{"rendered":"<p>&#8211; Prawo i Sprawiedliwo\u015b\u0107 udowodni\u0142o, \u017ce potrafi rz\u0105dzi\u0107 uczciwie, potrafi by\u0107 wiarygodne i robi\u0107 to, co zosta\u0142o zapowiedziane &#8211; powiedzia\u0142 Prezes PiS Jaros\u0142aw Kaczy\u0144ski podczas Konwencji Prawa i Sprawiedliwo\u015bci 15 grudnia. Doda\u0142, \u017ce celem spotkania jest zastanowienie si\u0119 nad punktem wyj\u015bcia, z kt\u00f3rego Prawo i Sprawiedliwo\u015b\u0107 rozpocznie niebawem ostatni etap do wybor\u00f3w europejskich i parlamentarnych. [&hellip;]<\/p>\n","protected":false},"author":6,"featured_media":11898,"comment_status":"open","ping_status":"open","sticky":false,"template":"","format":"standard","meta":{"ngg_post_thumbnail":0,"footnotes":""},"categories":[82,3],"tags":[],"class_list":["post-11897","post","type-post","status-publish","format-standard","has-post-thumbnail","hentry","category-prawo-i-sprawiedliwosc","category-wydarzenia"],"_links":{"self":[{"href":"https:\/\/marekkuchcinski.pl\/sk\/wp-json\/wp\/v2\/posts\/11897","targetHints":{"allow":["GET"]}}],"collection":[{"href":"https:\/\/marekkuchcinski.pl\/sk\/wp-json\/wp\/v2\/posts"}],"about":[{"href":"https:\/\/marekkuchcinski.pl\/sk\/wp-json\/wp\/v2\/types\/post"}],"author":[{"embeddable":true,"href":"https:\/\/marekkuchcinski.pl\/sk\/wp-json\/wp\/v2\/users\/6"}],"replies":[{"embeddable":true,"href":"https:\/\/marekkuchcinski.pl\/sk\/wp-json\/wp\/v2\/comments?post=11897"}],"version-history":[{"count":6,"href":"https:\/\/marekkuchcinski.pl\/sk\/wp-json\/wp\/v2\/posts\/11897\/revisions"}],"predecessor-version":[{"id":11907,"href":"https:\/\/marekkuchcinski.pl\/sk\/wp-json\/wp\/v2\/posts\/11897\/revisions\/11907"}],"wp:featuredmedia":[{"embeddable":true,"href":"https:\/\/marekkuchcinski.pl\/sk\/wp-json\/wp\/v2\/media\/11898"}],"wp:attachment":[{"href":"https:\/\/marekkuchcinski.pl\/sk\/wp-json\/wp\/v2\/media?parent=11897"}],"wp:term":[{"taxonomy":"category","embeddable":true,"href":"https:\/\/marekkuchcinski.pl\/sk\/wp-json\/wp\/v2\/categories?post=11897"},{"taxonomy":"post_tag","embeddable":true,"href":"https:\/\/marekkuchcinski.pl\/sk\/wp-json\/wp\/v2\/tags?post=11897"}],"curies":[{"name":"wp","href":"https:\/\/api.w.org\/{rel}","templated":true}]}}