{"id":11851,"date":"2018-12-13T18:11:10","date_gmt":"2018-12-13T17:11:10","guid":{"rendered":"https:\/\/marekkuchcinski.pl\/?p=11851"},"modified":"2018-12-17T17:04:35","modified_gmt":"2018-12-17T16:04:35","slug":"kosciol-stanie-wojennym-najsilniejsze-ogniwo-walki-terrorem","status":"publish","type":"post","link":"https:\/\/marekkuchcinski.pl\/sk\/podkarpacie\/kosciol-stanie-wojennym-najsilniejsze-ogniwo-walki-terrorem\/","title":{"rendered":"Cirkev po\u010das vojnov\u00e9ho stavu - najsilnej\u0161\u00ed \u010dl\u00e1nok v boji proti terorizmu"},"content":{"rendered":"<p>D\u0148a 12. decembra 1981 o 14.00 hod. gener\u00e1l Wojciech Jaruzelski rozhodol o zaveden\u00ed stann\u00e9ho pr\u00e1va. V noci zo soboty na nede\u013eu 13. decembra o 0.00 hod. za\u010dali jednotky ZOMO celo\u0161t\u00e1tnu akciu zat\u00fdkania opozi\u010dn\u00fdch aktivistov. Pribli\u017ene. Na realiz\u00e1ciu pl\u00e1nu, ktor\u00fd bol starostlivo pripravovan\u00fd cel\u00fd rok, bolo nasaden\u00fdch 70 000 vojakov po\u013eskej arm\u00e1dy, 30 000 funkcion\u00e1rov ministerstva vn\u00fatra, 1 750 tankov a 1 400 obrnen\u00fdch vozidiel, 500 bojov\u00fdch vozidiel pechoty, 9 000 automobilov a nieko\u013eko letiek vrtu\u013en\u00edkov a dopravn\u00fdch lietadiel. Na oper\u00e1cii Firth, ktorej cie\u013eom bolo zadr\u017ea\u0165 a umiestni\u0165 do vopred pripraven\u00fdch z\u00e1chytn\u00fdch centier a v\u00e4zn\u00edc osoby pova\u017eovan\u00e9 za hrozbu pre n\u00e1rodn\u00fa bezpe\u010dnos\u0165, sa z\u00fa\u010dastnilo 10 000 pr\u00edslu\u0161n\u00edkov. Bolo to dusiv\u00e9 obdobie hr\u00f4zy.<\/p>\n<p>Katol\u00edcka cirkev zohrala po\u010das vojnov\u00e9ho stavu obrovsk\u00fa \u00falohu, zast\u00e1vala sa n\u00e1roda a ovplyv\u0148ovala ro\u013en\u00edkov, ktor\u00ed vytv\u00e1rali z\u00e1klady nez\u00e1visl\u00e9ho ro\u013en\u00edckeho hnutia. Mimoriadne d\u00f4le\u017eit\u00e9 bolo v tom \u010dase u\u010denie p\u00e1pe\u017ea J\u00e1na Pavla II., pr\u00edmasa Stefana Wyszy\u0144sk\u00e9ho, arcibiskupa Ignacyho Tokarczuka a otca Jerzyho Popie\u0142uszka, ktor\u00e9ho najviac nen\u00e1videli komunisti. \"Cirkev v\u017edy stoj\u00ed na strane pravdy. Cirkev je v\u017edy na strane po\u0161koden\u00e9ho. Cirkev dnes stoj\u00ed na strane t\u00fdch, ktor\u00fdm bola od\u0148at\u00e1 sloboda, ktor\u00fdch svedomie bolo poru\u0161en\u00e9. Cirkev dnes stoj\u00ed na strane robotn\u00edckej Solidarity, na strane pracuj\u00facich \u013eud\u00ed, ktor\u00ed s\u00fa \u010dasto stavan\u00ed do jednej l\u00ednie s oby\u010dajn\u00fdmi zlo\u010dincami,\" povedal Popie\u0142uszko po\u010das k\u00e1zne na za\u010diatku vojnov\u00e9ho stavu.<\/p>\n<p>J\u00e1n Pavol II. sa pri pr\u00edle\u017eitosti modlitby Anjel P\u00e1na 13. decembra 1981 na Sv\u00e4topeterskom n\u00e1mest\u00ed obmedzil na prosbu o modlitby za Po\u013esko a pripomenul svoje slov\u00e1 spred nieko\u013ek\u00fdch t\u00fd\u017ed\u0148ov: \"Po\u013esk\u00e1 krv sa nesmie prelieva\u0165, preto\u017ee jej bolo preliatej prive\u013ea, najm\u00e4 po\u010das poslednej vojny. Mus\u00edme urobi\u0165 v\u0161etko pre to, aby sme v mieri budovali bud\u00facnos\u0165 na\u0161ej vlasti.<\/p>\n<p>Kardin\u00e1l Wyszy\u0144ski aj kardin\u00e1l Glemp si boli vedom\u00ed nadch\u00e1dzaj\u00faceho boja proti komunistick\u00fdm \u00faradom. Primas Po\u013eska 12. decembra vo Var\u0161ave vymenoval trojro\u010dn\u00fa Primaci\u00e1lnu soci\u00e1lnu radu (informa\u010dn\u00fd a poradn\u00fd org\u00e1n zlo\u017een\u00fd z laikov - vedcov, soci\u00e1lnych aktivistov, tvorcov kult\u00fary). Jej predsedom sa stal profesor Stanis\u0142aw Stomma. Po masakre v bani Wujek sa kardin\u00e1l Glemp, ktor\u00fd chce zmierni\u0165 n\u00e1ladu, p\u00fdta: \"Nevyv\u00edjajte boj Poliak proti Poliakovi\".<\/p>\n<p>Aj v Przemy\u015bli sa odpor vo\u010di komunistickej moci za\u010dal v kruhoch bl\u00edzkych Cirkvi - v przemyskej arcidiec\u00e9ze a u biskupa Ignacyho Tokarczuka, ktor\u00fd u\u017e v roku 1980 verejne vyjadril podporu po\u017eiadavk\u00e1m \u0161trajkuj\u00facich robotn\u00edkov a nesk\u00f4r aj odborov\u00e9mu zv\u00e4zu Solidarita, ktor\u00fd vznikol ako v\u00fdsledok Gdansk\u00fdch doh\u00f4d. V nasleduj\u00facich rokoch ordin\u00e1r Przemy\u0161lskej diec\u00e9zy povedal, \u017ee \"komunistick\u00fd z\u00e1kon\" je bezpr\u00e1vie oble\u010den\u00e9 do r\u00facha z\u00e1kona, ktor\u00e9 ni\u010d\u00ed v\u0161etko pozit\u00edvne a hodnotn\u00e9. V k\u00e1zni, ktor\u00fa predniesol 5. septembra 1982 na Jasnej Hore, \u017eiadal o pomoc pre t\u00fdch, ktor\u00fdch komunisti utl\u00e1\u010dali.<\/p>\n<p>Jedn\u00fdm z \u010dlenov prvej Po\u013eskej ro\u013en\u00edckej kapl\u00e1nky, ktor\u00e1 p\u00f4sobila v Krasiczyne, bol s\u00fa\u010dasn\u00fd predseda Sejmu Marek Kuchci\u0144ski. Spolu s vtedaj\u0161\u00edm far\u00e1rom otcom Stanis\u0142awom Bartmi\u0144sk\u00fdm, pod pr\u00edsnou policajnou ochranou, organizoval Kuchci\u0144ski rekolekcie a predn\u00e1\u0161ky pre po\u013enohospod\u00e1rov a aktivistov Solidarity z cel\u00e9ho Po\u013eska. Ke\u010f po 13. decembri ch\u00fdbali lieky, potraviny a z\u00e1kladn\u00e9 potreby, pom\u00e1hal ban\u00edkom a robotn\u00edkom zo Sliezska a Novej Huty, obetiam pacifik\u00e1cie v bani Wujek, internovan\u00fdm a utl\u00e1\u010dan\u00fdm. - Ke\u010f bolo treba pom\u00f4c\u0165 Sliezsku, v\u017edy sa na neho dalo spo\u013eahn\u00fa\u0165,\" hovor\u00ed o mar\u0161\u00e1lovi p\u00e1ter Bartminski. <strong>Marek Kuchci\u0144ski<\/strong> Okrem in\u00e9ho sa podie\u013eal na presune internovan\u00fdch zo Sliezska do przemyskej diec\u00e9zy, vr\u00e1tane M\u00e1rie Jedynakovej, ktor\u00fa vydierala SB. Pomohol aj pri \u00fateku mimoriadne nepohodlnej osoby pre org\u00e1ny Po\u013eskej \u013eudovej republiky, 24 hod\u00edn denne sledovanej, vypo\u010d\u00favanej, zastra\u0161ovanej, ktorej spisy vytvoren\u00e9 SB maj\u00fa viac ako 9 tis\u00edc str\u00e1n - Czes\u0142awa Sad\u0142owsk\u00e9ho, ktor\u00fd na fare v Zbroczej Dudzi vytvoril okrem in\u00e9ho jedno z prv\u00fdch ro\u013en\u00edckych sebaobrann\u00fdch hnut\u00ed v Po\u013esku. Okrem toho mala farnos\u0165 ileg\u00e1lny rozhlas a tla\u010diare\u0148 a napriek dozoru \u0160tB poskytovala \u00fato\u010disko opozi\u010dn\u00edkom.<\/p>\n<p><em>mo<\/em><\/p>\n<p><a href=\"https:\/\/marekkuchcinski.pl\/wp-content\/uploads\/2018\/12\/K-w-stanie-wojennym.jpg\"><img fetchpriority=\"high\" decoding=\"async\" class=\"alignnone size-full wp-image-11853\" src=\"https:\/\/marekkuchcinski.pl\/wp-content\/uploads\/2018\/12\/K-w-stanie-wojennym.jpg\" alt=\"K w stanie wojennym\" width=\"1024\" height=\"1024\" srcset=\"https:\/\/marekkuchcinski.pl\/wp-content\/uploads\/2018\/12\/K-w-stanie-wojennym.jpg 1024w, https:\/\/marekkuchcinski.pl\/wp-content\/uploads\/2018\/12\/K-w-stanie-wojennym-150x150.jpg 150w, https:\/\/marekkuchcinski.pl\/wp-content\/uploads\/2018\/12\/K-w-stanie-wojennym-300x300.jpg 300w, https:\/\/marekkuchcinski.pl\/wp-content\/uploads\/2018\/12\/K-w-stanie-wojennym-768x768.jpg 768w\" sizes=\"(max-width: 1024px) 100vw, 1024px\" \/><\/a><\/p>\n<p>Marek Kuchci\u0144ski, predseda Sejmu, s deleg\u00e1ciou strany Pr\u00e1vo a spravodlivos\u0165 polo\u017eili kvety k hrobu blahoslaven\u00e9ho otca Jerzyho Popie\u0142uszku<a href=\"https:\/\/marekkuchcinski.pl\/wp-content\/uploads\/2018\/12\/LB1_4005.jpg\"><img decoding=\"async\" class=\"alignnone size-full wp-image-11855\" src=\"https:\/\/marekkuchcinski.pl\/wp-content\/uploads\/2018\/12\/LB1_4005.jpg\" alt=\"LB1_4005\" width=\"1620\" height=\"1080\" srcset=\"https:\/\/marekkuchcinski.pl\/wp-content\/uploads\/2018\/12\/LB1_4005.jpg 1620w, https:\/\/marekkuchcinski.pl\/wp-content\/uploads\/2018\/12\/LB1_4005-300x200.jpg 300w, https:\/\/marekkuchcinski.pl\/wp-content\/uploads\/2018\/12\/LB1_4005-768x512.jpg 768w, https:\/\/marekkuchcinski.pl\/wp-content\/uploads\/2018\/12\/LB1_4005-1024x683.jpg 1024w\" sizes=\"(max-width: 1620px) 100vw, 1620px\" \/><\/a> <a href=\"https:\/\/marekkuchcinski.pl\/wp-content\/uploads\/2018\/12\/LB1_4007.jpg\"><img decoding=\"async\" class=\"alignnone size-full wp-image-11856\" src=\"https:\/\/marekkuchcinski.pl\/wp-content\/uploads\/2018\/12\/LB1_4007.jpg\" alt=\"LB1_4007\" width=\"1620\" height=\"1080\" srcset=\"https:\/\/marekkuchcinski.pl\/wp-content\/uploads\/2018\/12\/LB1_4007.jpg 1620w, https:\/\/marekkuchcinski.pl\/wp-content\/uploads\/2018\/12\/LB1_4007-300x200.jpg 300w, https:\/\/marekkuchcinski.pl\/wp-content\/uploads\/2018\/12\/LB1_4007-768x512.jpg 768w, https:\/\/marekkuchcinski.pl\/wp-content\/uploads\/2018\/12\/LB1_4007-1024x683.jpg 1024w\" sizes=\"(max-width: 1620px) 100vw, 1620px\" \/><\/a><\/p>","protected":false},"excerpt":{"rendered":"<p>12 grudnia 1981 r. o godz. 14 gen. Wojciech Jaruzelski podj\u0105\u0142 decyzj\u0119 o wprowadzeniu stanu wojennego. 13 grudnia, w nocy z soboty na niedziel\u0119, o godz. 0:00 oddzia\u0142y ZOMO rozpocz\u0119\u0142y og\u00f3lnokrajow\u0105 akcj\u0119 aresztowa\u0144 dzia\u0142aczy opozycyjnych. Ok. 70 tys. \u017co\u0142nierzy Wojska Polskiego, 30 tys. funkcjonariuszy MSW, 1750 czo\u0142g\u00f3w i 1400 pojazd\u00f3w opancerzonych, 500 woz\u00f3w bojowych piechoty, [&hellip;]<\/p>","protected":false},"author":6,"featured_media":11861,"comment_status":"open","ping_status":"open","sticky":false,"template":"","format":"standard","meta":{"ngg_post_thumbnail":0,"footnotes":""},"categories":[49,77,3],"tags":[],"class_list":["post-11851","post","type-post","status-publish","format-standard","has-post-thumbnail","hentry","category-podkarpacie","category-wazne-daty","category-wydarzenia"],"yoast_head":"<!-- This site is optimized with the Yoast SEO plugin v24.7 - https:\/\/yoast.com\/wordpress\/plugins\/seo\/ -->\n<title>Ko\u015bci\u00f3\u0142 w stanie wojennym \u2013 najsilniejsze ogniwo walki z terrorem &#8211; Marek Kuchci\u0144ski<\/title>\n<meta name=\"robots\" content=\"index, follow, max-snippet:-1, max-image-preview:large, max-video-preview:-1\" \/>\n<link rel=\"canonical\" href=\"https:\/\/marekkuchcinski.pl\/sk\/podkarpacie\/kosciol-stanie-wojennym-najsilniejsze-ogniwo-walki-terrorem\/\" \/>\n<meta property=\"og:locale\" content=\"sk_SK\" \/>\n<meta property=\"og:type\" content=\"article\" \/>\n<meta property=\"og:title\" content=\"Ko\u015bci\u00f3\u0142 w stanie wojennym \u2013 najsilniejsze ogniwo walki z terrorem &#8211; Marek Kuchci\u0144ski\" \/>\n<meta property=\"og:description\" content=\"12 grudnia 1981 r. o godz. 14 gen. Wojciech Jaruzelski podj\u0105\u0142 decyzj\u0119 o wprowadzeniu stanu wojennego. 13 grudnia, w nocy z soboty na niedziel\u0119, o godz. 0:00 oddzia\u0142y ZOMO rozpocz\u0119\u0142y og\u00f3lnokrajow\u0105 akcj\u0119 aresztowa\u0144 dzia\u0142aczy opozycyjnych. Ok. 70 tys. \u017co\u0142nierzy Wojska Polskiego, 30 tys. funkcjonariuszy MSW, 1750 czo\u0142g\u00f3w i 1400 pojazd\u00f3w opancerzonych, 500 woz\u00f3w bojowych piechoty, [&hellip;]\" \/>\n<meta property=\"og:url\" content=\"https:\/\/marekkuchcinski.pl\/sk\/podkarpacie\/kosciol-stanie-wojennym-najsilniejsze-ogniwo-walki-terrorem\/\" \/>\n<meta property=\"og:site_name\" content=\"Marek Kuchci\u0144ski\" \/>\n<meta property=\"article:published_time\" content=\"2018-12-13T17:11:10+00:00\" \/>\n<meta property=\"article:modified_time\" content=\"2018-12-17T16:04:35+00:00\" \/>\n<meta property=\"og:image\" content=\"https:\/\/marekkuchcinski.pl\/wp-content\/uploads\/2018\/12\/Untitled-design-1.jpg\" \/>\n\t<meta property=\"og:image:width\" content=\"1024\" \/>\n\t<meta property=\"og:image:height\" content=\"768\" \/>\n\t<meta property=\"og:image:type\" content=\"image\/jpeg\" \/>\n<meta name=\"author\" content=\"admin\" \/>\n<meta name=\"twitter:card\" content=\"summary_large_image\" \/>\n<meta name=\"twitter:label1\" content=\"Autor\" \/>\n\t<meta name=\"twitter:data1\" content=\"admin\" \/>\n\t<meta name=\"twitter:label2\" content=\"Predpokladan\u00fd \u010das \u010d\u00edtania\" \/>\n\t<meta name=\"twitter:data2\" content=\"4 min\u00faty\" \/>\n<script type=\"application\/ld+json\" class=\"yoast-schema-graph\">{\"@context\":\"https:\/\/schema.org\",\"@graph\":[{\"@type\":\"Article\",\"@id\":\"https:\/\/marekkuchcinski.pl\/sk\/podkarpacie\/kosciol-stanie-wojennym-najsilniejsze-ogniwo-walki-terrorem\/#article\",\"isPartOf\":{\"@id\":\"https:\/\/marekkuchcinski.pl\/sk\/podkarpacie\/kosciol-stanie-wojennym-najsilniejsze-ogniwo-walki-terrorem\/\"},\"author\":{\"name\":\"admin\",\"@id\":\"https:\/\/marekkuchcinski.pl\/#\/schema\/person\/6f62700996b4d950b6ea2d1183b6c6be\"},\"headline\":\"Ko\u015bci\u00f3\u0142 w stanie wojennym \u2013 najsilniejsze ogniwo walki z terrorem\",\"datePublished\":\"2018-12-13T17:11:10+00:00\",\"dateModified\":\"2018-12-17T16:04:35+00:00\",\"mainEntityOfPage\":{\"@id\":\"https:\/\/marekkuchcinski.pl\/sk\/podkarpacie\/kosciol-stanie-wojennym-najsilniejsze-ogniwo-walki-terrorem\/\"},\"wordCount\":727,\"commentCount\":0,\"publisher\":{\"@id\":\"https:\/\/marekkuchcinski.pl\/#organization\"},\"image\":{\"@id\":\"https:\/\/marekkuchcinski.pl\/sk\/podkarpacie\/kosciol-stanie-wojennym-najsilniejsze-ogniwo-walki-terrorem\/#primaryimage\"},\"thumbnailUrl\":\"https:\/\/marekkuchcinski.pl\/wp-content\/uploads\/2018\/12\/Untitled-design-1.jpg\",\"articleSection\":[\"Podkarpacie\",\"Wa\u017cne daty\",\"Wydarzenia\"],\"inLanguage\":\"sk-SK\",\"potentialAction\":[{\"@type\":\"CommentAction\",\"name\":\"Comment\",\"target\":[\"https:\/\/marekkuchcinski.pl\/sk\/podkarpacie\/kosciol-stanie-wojennym-najsilniejsze-ogniwo-walki-terrorem\/#respond\"]}]},{\"@type\":\"WebPage\",\"@id\":\"https:\/\/marekkuchcinski.pl\/sk\/podkarpacie\/kosciol-stanie-wojennym-najsilniejsze-ogniwo-walki-terrorem\/\",\"url\":\"https:\/\/marekkuchcinski.pl\/sk\/podkarpacie\/kosciol-stanie-wojennym-najsilniejsze-ogniwo-walki-terrorem\/\",\"name\":\"Ko\u015bci\u00f3\u0142 w stanie wojennym \u2013 najsilniejsze ogniwo walki z terrorem &#8211; Marek Kuchci\u0144ski\",\"isPartOf\":{\"@id\":\"https:\/\/marekkuchcinski.pl\/#website\"},\"primaryImageOfPage\":{\"@id\":\"https:\/\/marekkuchcinski.pl\/sk\/podkarpacie\/kosciol-stanie-wojennym-najsilniejsze-ogniwo-walki-terrorem\/#primaryimage\"},\"image\":{\"@id\":\"https:\/\/marekkuchcinski.pl\/sk\/podkarpacie\/kosciol-stanie-wojennym-najsilniejsze-ogniwo-walki-terrorem\/#primaryimage\"},\"thumbnailUrl\":\"https:\/\/marekkuchcinski.pl\/wp-content\/uploads\/2018\/12\/Untitled-design-1.jpg\",\"datePublished\":\"2018-12-13T17:11:10+00:00\",\"dateModified\":\"2018-12-17T16:04:35+00:00\",\"breadcrumb\":{\"@id\":\"https:\/\/marekkuchcinski.pl\/sk\/podkarpacie\/kosciol-stanie-wojennym-najsilniejsze-ogniwo-walki-terrorem\/#breadcrumb\"},\"inLanguage\":\"sk-SK\",\"potentialAction\":[{\"@type\":\"ReadAction\",\"target\":[\"https:\/\/marekkuchcinski.pl\/sk\/podkarpacie\/kosciol-stanie-wojennym-najsilniejsze-ogniwo-walki-terrorem\/\"]}]},{\"@type\":\"ImageObject\",\"inLanguage\":\"sk-SK\",\"@id\":\"https:\/\/marekkuchcinski.pl\/sk\/podkarpacie\/kosciol-stanie-wojennym-najsilniejsze-ogniwo-walki-terrorem\/#primaryimage\",\"url\":\"https:\/\/marekkuchcinski.pl\/wp-content\/uploads\/2018\/12\/Untitled-design-1.jpg\",\"contentUrl\":\"https:\/\/marekkuchcinski.pl\/wp-content\/uploads\/2018\/12\/Untitled-design-1.jpg\",\"width\":1024,\"height\":768},{\"@type\":\"BreadcrumbList\",\"@id\":\"https:\/\/marekkuchcinski.pl\/sk\/podkarpacie\/kosciol-stanie-wojennym-najsilniejsze-ogniwo-walki-terrorem\/#breadcrumb\",\"itemListElement\":[{\"@type\":\"ListItem\",\"position\":1,\"name\":\"Strona g\u0142\u00f3wna\",\"item\":\"https:\/\/marekkuchcinski.pl\/\"},{\"@type\":\"ListItem\",\"position\":2,\"name\":\"Ko\u015bci\u00f3\u0142 w stanie wojennym \u2013 najsilniejsze ogniwo walki z terrorem\"}]},{\"@type\":\"WebSite\",\"@id\":\"https:\/\/marekkuchcinski.pl\/#website\",\"url\":\"https:\/\/marekkuchcinski.pl\/\",\"name\":\"Marek Kuchci\u0144ski\",\"description\":\"Pose\u0142 na sejm RP &ndash; okr\u0119g nr 22\",\"publisher\":{\"@id\":\"https:\/\/marekkuchcinski.pl\/#organization\"},\"potentialAction\":[{\"@type\":\"SearchAction\",\"target\":{\"@type\":\"EntryPoint\",\"urlTemplate\":\"https:\/\/marekkuchcinski.pl\/?s={search_term_string}\"},\"query-input\":{\"@type\":\"PropertyValueSpecification\",\"valueRequired\":true,\"valueName\":\"search_term_string\"}}],\"inLanguage\":\"sk-SK\"},{\"@type\":\"Organization\",\"@id\":\"https:\/\/marekkuchcinski.pl\/#organization\",\"name\":\"Marek Kuchci\u0144ski\",\"url\":\"https:\/\/marekkuchcinski.pl\/\",\"logo\":{\"@type\":\"ImageObject\",\"inLanguage\":\"sk-SK\",\"@id\":\"https:\/\/marekkuchcinski.pl\/#\/schema\/logo\/image\/\",\"url\":\"https:\/\/marekkuchcinski.pl\/wp-content\/uploads\/2022\/09\/Marek.jpg\",\"contentUrl\":\"https:\/\/marekkuchcinski.pl\/wp-content\/uploads\/2022\/09\/Marek.jpg\",\"width\":1600,\"height\":971,\"caption\":\"Marek Kuchci\u0144ski\"},\"image\":{\"@id\":\"https:\/\/marekkuchcinski.pl\/#\/schema\/logo\/image\/\"}},{\"@type\":\"Person\",\"@id\":\"https:\/\/marekkuchcinski.pl\/#\/schema\/person\/6f62700996b4d950b6ea2d1183b6c6be\",\"name\":\"admin\",\"image\":{\"@type\":\"ImageObject\",\"inLanguage\":\"sk-SK\",\"@id\":\"https:\/\/marekkuchcinski.pl\/#\/schema\/person\/image\/\",\"url\":\"https:\/\/secure.gravatar.com\/avatar\/4bab693b9d55c3d6b52c0296a8765085?s=96&d=mm&r=g\",\"contentUrl\":\"https:\/\/secure.gravatar.com\/avatar\/4bab693b9d55c3d6b52c0296a8765085?s=96&d=mm&r=g\",\"caption\":\"admin\"},\"url\":\"https:\/\/marekkuchcinski.pl\/sk\/author\/marta-olejnik\/\"}]}<\/script>\n<!-- \/ Yoast SEO plugin. -->","yoast_head_json":{"title":"Ko\u015bci\u00f3\u0142 w stanie wojennym \u2013 najsilniejsze ogniwo walki z terrorem &#8211; Marek Kuchci\u0144ski","robots":{"index":"index","follow":"follow","max-snippet":"max-snippet:-1","max-image-preview":"max-image-preview:large","max-video-preview":"max-video-preview:-1"},"canonical":"https:\/\/marekkuchcinski.pl\/sk\/podkarpacie\/kosciol-stanie-wojennym-najsilniejsze-ogniwo-walki-terrorem\/","og_locale":"sk_SK","og_type":"article","og_title":"Ko\u015bci\u00f3\u0142 w stanie wojennym \u2013 najsilniejsze ogniwo walki z terrorem &#8211; Marek Kuchci\u0144ski","og_description":"12 grudnia 1981 r. o godz. 14 gen. Wojciech Jaruzelski podj\u0105\u0142 decyzj\u0119 o wprowadzeniu stanu wojennego. 13 grudnia, w nocy z soboty na niedziel\u0119, o godz. 0:00 oddzia\u0142y ZOMO rozpocz\u0119\u0142y og\u00f3lnokrajow\u0105 akcj\u0119 aresztowa\u0144 dzia\u0142aczy opozycyjnych. Ok. 70 tys. \u017co\u0142nierzy Wojska Polskiego, 30 tys. funkcjonariuszy MSW, 1750 czo\u0142g\u00f3w i 1400 pojazd\u00f3w opancerzonych, 500 woz\u00f3w bojowych piechoty, [&hellip;]","og_url":"https:\/\/marekkuchcinski.pl\/sk\/podkarpacie\/kosciol-stanie-wojennym-najsilniejsze-ogniwo-walki-terrorem\/","og_site_name":"Marek Kuchci\u0144ski","article_published_time":"2018-12-13T17:11:10+00:00","article_modified_time":"2018-12-17T16:04:35+00:00","og_image":[{"width":1024,"height":768,"url":"https:\/\/marekkuchcinski.pl\/wp-content\/uploads\/2018\/12\/Untitled-design-1.jpg","type":"image\/jpeg"}],"author":"admin","twitter_card":"summary_large_image","twitter_misc":{"Autor":"admin","Predpokladan\u00fd \u010das \u010d\u00edtania":"4 min\u00faty"},"schema":{"@context":"https:\/\/schema.org","@graph":[{"@type":"Article","@id":"https:\/\/marekkuchcinski.pl\/sk\/podkarpacie\/kosciol-stanie-wojennym-najsilniejsze-ogniwo-walki-terrorem\/#article","isPartOf":{"@id":"https:\/\/marekkuchcinski.pl\/sk\/podkarpacie\/kosciol-stanie-wojennym-najsilniejsze-ogniwo-walki-terrorem\/"},"author":{"name":"admin","@id":"https:\/\/marekkuchcinski.pl\/#\/schema\/person\/6f62700996b4d950b6ea2d1183b6c6be"},"headline":"Ko\u015bci\u00f3\u0142 w stanie wojennym \u2013 najsilniejsze ogniwo walki z terrorem","datePublished":"2018-12-13T17:11:10+00:00","dateModified":"2018-12-17T16:04:35+00:00","mainEntityOfPage":{"@id":"https:\/\/marekkuchcinski.pl\/sk\/podkarpacie\/kosciol-stanie-wojennym-najsilniejsze-ogniwo-walki-terrorem\/"},"wordCount":727,"commentCount":0,"publisher":{"@id":"https:\/\/marekkuchcinski.pl\/#organization"},"image":{"@id":"https:\/\/marekkuchcinski.pl\/sk\/podkarpacie\/kosciol-stanie-wojennym-najsilniejsze-ogniwo-walki-terrorem\/#primaryimage"},"thumbnailUrl":"https:\/\/marekkuchcinski.pl\/wp-content\/uploads\/2018\/12\/Untitled-design-1.jpg","articleSection":["Podkarpacie","Wa\u017cne daty","Wydarzenia"],"inLanguage":"sk-SK","potentialAction":[{"@type":"CommentAction","name":"Comment","target":["https:\/\/marekkuchcinski.pl\/sk\/podkarpacie\/kosciol-stanie-wojennym-najsilniejsze-ogniwo-walki-terrorem\/#respond"]}]},{"@type":"WebPage","@id":"https:\/\/marekkuchcinski.pl\/sk\/podkarpacie\/kosciol-stanie-wojennym-najsilniejsze-ogniwo-walki-terrorem\/","url":"https:\/\/marekkuchcinski.pl\/sk\/podkarpacie\/kosciol-stanie-wojennym-najsilniejsze-ogniwo-walki-terrorem\/","name":"Ko\u015bci\u00f3\u0142 w stanie wojennym \u2013 najsilniejsze ogniwo walki z terrorem &#8211; Marek Kuchci\u0144ski","isPartOf":{"@id":"https:\/\/marekkuchcinski.pl\/#website"},"primaryImageOfPage":{"@id":"https:\/\/marekkuchcinski.pl\/sk\/podkarpacie\/kosciol-stanie-wojennym-najsilniejsze-ogniwo-walki-terrorem\/#primaryimage"},"image":{"@id":"https:\/\/marekkuchcinski.pl\/sk\/podkarpacie\/kosciol-stanie-wojennym-najsilniejsze-ogniwo-walki-terrorem\/#primaryimage"},"thumbnailUrl":"https:\/\/marekkuchcinski.pl\/wp-content\/uploads\/2018\/12\/Untitled-design-1.jpg","datePublished":"2018-12-13T17:11:10+00:00","dateModified":"2018-12-17T16:04:35+00:00","breadcrumb":{"@id":"https:\/\/marekkuchcinski.pl\/sk\/podkarpacie\/kosciol-stanie-wojennym-najsilniejsze-ogniwo-walki-terrorem\/#breadcrumb"},"inLanguage":"sk-SK","potentialAction":[{"@type":"ReadAction","target":["https:\/\/marekkuchcinski.pl\/sk\/podkarpacie\/kosciol-stanie-wojennym-najsilniejsze-ogniwo-walki-terrorem\/"]}]},{"@type":"ImageObject","inLanguage":"sk-SK","@id":"https:\/\/marekkuchcinski.pl\/sk\/podkarpacie\/kosciol-stanie-wojennym-najsilniejsze-ogniwo-walki-terrorem\/#primaryimage","url":"https:\/\/marekkuchcinski.pl\/wp-content\/uploads\/2018\/12\/Untitled-design-1.jpg","contentUrl":"https:\/\/marekkuchcinski.pl\/wp-content\/uploads\/2018\/12\/Untitled-design-1.jpg","width":1024,"height":768},{"@type":"BreadcrumbList","@id":"https:\/\/marekkuchcinski.pl\/sk\/podkarpacie\/kosciol-stanie-wojennym-najsilniejsze-ogniwo-walki-terrorem\/#breadcrumb","itemListElement":[{"@type":"ListItem","position":1,"name":"Strona g\u0142\u00f3wna","item":"https:\/\/marekkuchcinski.pl\/"},{"@type":"ListItem","position":2,"name":"Ko\u015bci\u00f3\u0142 w stanie wojennym \u2013 najsilniejsze ogniwo walki z terrorem"}]},{"@type":"WebSite","@id":"https:\/\/marekkuchcinski.pl\/#website","url":"https:\/\/marekkuchcinski.pl\/","name":"Marek Kuchci\u0144ski","description":"Pose\u0142 na sejm RP &ndash; okr\u0119g nr 22","publisher":{"@id":"https:\/\/marekkuchcinski.pl\/#organization"},"potentialAction":[{"@type":"SearchAction","target":{"@type":"EntryPoint","urlTemplate":"https:\/\/marekkuchcinski.pl\/?s={search_term_string}"},"query-input":{"@type":"PropertyValueSpecification","valueRequired":true,"valueName":"search_term_string"}}],"inLanguage":"sk-SK"},{"@type":"Organization","@id":"https:\/\/marekkuchcinski.pl\/#organization","name":"Marek Kuchci\u0144ski","url":"https:\/\/marekkuchcinski.pl\/","logo":{"@type":"ImageObject","inLanguage":"sk-SK","@id":"https:\/\/marekkuchcinski.pl\/#\/schema\/logo\/image\/","url":"https:\/\/marekkuchcinski.pl\/wp-content\/uploads\/2022\/09\/Marek.jpg","contentUrl":"https:\/\/marekkuchcinski.pl\/wp-content\/uploads\/2022\/09\/Marek.jpg","width":1600,"height":971,"caption":"Marek Kuchci\u0144ski"},"image":{"@id":"https:\/\/marekkuchcinski.pl\/#\/schema\/logo\/image\/"}},{"@type":"Person","@id":"https:\/\/marekkuchcinski.pl\/#\/schema\/person\/6f62700996b4d950b6ea2d1183b6c6be","name":"admin","image":{"@type":"ImageObject","inLanguage":"sk-SK","@id":"https:\/\/marekkuchcinski.pl\/#\/schema\/person\/image\/","url":"https:\/\/secure.gravatar.com\/avatar\/4bab693b9d55c3d6b52c0296a8765085?s=96&d=mm&r=g","contentUrl":"https:\/\/secure.gravatar.com\/avatar\/4bab693b9d55c3d6b52c0296a8765085?s=96&d=mm&r=g","caption":"admin"},"url":"https:\/\/marekkuchcinski.pl\/sk\/author\/marta-olejnik\/"}]}},"_links":{"self":[{"href":"https:\/\/marekkuchcinski.pl\/sk\/wp-json\/wp\/v2\/posts\/11851","targetHints":{"allow":["GET"]}}],"collection":[{"href":"https:\/\/marekkuchcinski.pl\/sk\/wp-json\/wp\/v2\/posts"}],"about":[{"href":"https:\/\/marekkuchcinski.pl\/sk\/wp-json\/wp\/v2\/types\/post"}],"author":[{"embeddable":true,"href":"https:\/\/marekkuchcinski.pl\/sk\/wp-json\/wp\/v2\/users\/6"}],"replies":[{"embeddable":true,"href":"https:\/\/marekkuchcinski.pl\/sk\/wp-json\/wp\/v2\/comments?post=11851"}],"version-history":[{"count":4,"href":"https:\/\/marekkuchcinski.pl\/sk\/wp-json\/wp\/v2\/posts\/11851\/revisions"}],"predecessor-version":[{"id":11968,"href":"https:\/\/marekkuchcinski.pl\/sk\/wp-json\/wp\/v2\/posts\/11851\/revisions\/11968"}],"wp:featuredmedia":[{"embeddable":true,"href":"https:\/\/marekkuchcinski.pl\/sk\/wp-json\/wp\/v2\/media\/11861"}],"wp:attachment":[{"href":"https:\/\/marekkuchcinski.pl\/sk\/wp-json\/wp\/v2\/media?parent=11851"}],"wp:term":[{"taxonomy":"category","embeddable":true,"href":"https:\/\/marekkuchcinski.pl\/sk\/wp-json\/wp\/v2\/categories?post=11851"},{"taxonomy":"post_tag","embeddable":true,"href":"https:\/\/marekkuchcinski.pl\/sk\/wp-json\/wp\/v2\/tags?post=11851"}],"curies":[{"name":"wp","href":"https:\/\/api.w.org\/{rel}","templated":true}]}}