{"id":11844,"date":"2018-12-13T15:53:56","date_gmt":"2018-12-13T14:53:56","guid":{"rendered":"https:\/\/marekkuchcinski.pl\/?p=11844"},"modified":"2018-12-13T15:59:29","modified_gmt":"2018-12-13T14:59:29","slug":"oceny-dzialalnosci-sejmu-grudniu-najwyzsze-11-tej-kadencji-wzrastaja-roku","status":"publish","type":"post","link":"https:\/\/marekkuchcinski.pl\/sk\/wydarzenia\/oceny-dzialalnosci-sejmu-grudniu-najwyzsze-11-tej-kadencji-wzrastaja-roku\/","title":{"rendered":"Hodnotenie \u010dinnosti Sejmu v decembri najvy\u0161\u0161ie za posledn\u00fdch 11 rokov a v tomto volebnom obdob\u00ed medziro\u010dne st\u00fapa"},"content":{"rendered":"<p>Z decembrov\u00e9ho prieskumu CBOS vypl\u00fdva, \u017ee skupina t\u00fdch, ktor\u00ed pozit\u00edvne hodnotia pr\u00e1cu Sejmu, je najvy\u0161\u0161ia za posledn\u00fdch 11 rokov. Tridsa\u0165jeden percent respondentov hodnotilo pr\u00e1cu Sejmu pozit\u00edvne.<\/p>\n<p><a href=\"https:\/\/marekkuchcinski.pl\/wp-content\/uploads\/2018\/12\/oceny.png\"><img fetchpriority=\"high\" decoding=\"async\" class=\"alignnone size-full wp-image-11845\" src=\"https:\/\/marekkuchcinski.pl\/wp-content\/uploads\/2018\/12\/oceny.png\" alt=\"oceny\" width=\"1263\" height=\"662\" srcset=\"https:\/\/marekkuchcinski.pl\/wp-content\/uploads\/2018\/12\/oceny.png 1263w, https:\/\/marekkuchcinski.pl\/wp-content\/uploads\/2018\/12\/oceny-300x157.png 300w, https:\/\/marekkuchcinski.pl\/wp-content\/uploads\/2018\/12\/oceny-768x403.png 768w, https:\/\/marekkuchcinski.pl\/wp-content\/uploads\/2018\/12\/oceny-1024x537.png 1024w\" sizes=\"(max-width: 1263px) 100vw, 1263px\" \/><\/a><\/p>","protected":false},"excerpt":{"rendered":"<p>Z decembrov\u00e9ho prieskumu CBOS vypl\u00fdva, \u017ee skupina t\u00fdch, ktor\u00ed pozit\u00edvne hodnotia pr\u00e1cu Sejmu, je najvy\u0161\u0161ia za posledn\u00fdch 11 rokov. Tridsa\u0165jeden percent respondentov hodnotilo pr\u00e1cu Sejmu pozit\u00edvne.<\/p>","protected":false},"author":6,"featured_media":11845,"comment_status":"open","ping_status":"open","sticky":false,"template":"","format":"standard","meta":{"ngg_post_thumbnail":0,"footnotes":""},"categories":[82,81,3],"tags":[],"class_list":["post-11844","post","type-post","status-publish","format-standard","has-post-thumbnail","hentry","category-prawo-i-sprawiedliwosc","category-wiesci-z-sejmu","category-wydarzenia"],"_links":{"self":[{"href":"https:\/\/marekkuchcinski.pl\/sk\/wp-json\/wp\/v2\/posts\/11844","targetHints":{"allow":["GET"]}}],"collection":[{"href":"https:\/\/marekkuchcinski.pl\/sk\/wp-json\/wp\/v2\/posts"}],"about":[{"href":"https:\/\/marekkuchcinski.pl\/sk\/wp-json\/wp\/v2\/types\/post"}],"author":[{"embeddable":true,"href":"https:\/\/marekkuchcinski.pl\/sk\/wp-json\/wp\/v2\/users\/6"}],"replies":[{"embeddable":true,"href":"https:\/\/marekkuchcinski.pl\/sk\/wp-json\/wp\/v2\/comments?post=11844"}],"version-history":[{"count":3,"href":"https:\/\/marekkuchcinski.pl\/sk\/wp-json\/wp\/v2\/posts\/11844\/revisions"}],"predecessor-version":[{"id":11848,"href":"https:\/\/marekkuchcinski.pl\/sk\/wp-json\/wp\/v2\/posts\/11844\/revisions\/11848"}],"wp:featuredmedia":[{"embeddable":true,"href":"https:\/\/marekkuchcinski.pl\/sk\/wp-json\/wp\/v2\/media\/11845"}],"wp:attachment":[{"href":"https:\/\/marekkuchcinski.pl\/sk\/wp-json\/wp\/v2\/media?parent=11844"}],"wp:term":[{"taxonomy":"category","embeddable":true,"href":"https:\/\/marekkuchcinski.pl\/sk\/wp-json\/wp\/v2\/categories?post=11844"},{"taxonomy":"post_tag","embeddable":true,"href":"https:\/\/marekkuchcinski.pl\/sk\/wp-json\/wp\/v2\/tags?post=11844"}],"curies":[{"name":"wp","href":"https:\/\/api.w.org\/{rel}","templated":true}]}}