{"id":11827,"date":"2018-12-13T15:34:13","date_gmt":"2018-12-13T14:34:13","guid":{"rendered":"https:\/\/marekkuchcinski.pl\/?p=11827"},"modified":"2018-12-13T17:53:22","modified_gmt":"2018-12-13T16:53:22","slug":"13-grudnia-1918-r-orleta-stoczyly-zwycieski-boj-o-przemysl","status":"publish","type":"post","link":"https:\/\/marekkuchcinski.pl\/sk\/wydarzenia\/13-grudnia-1918-r-orleta-stoczyly-zwycieski-boj-o-przemysl\/","title":{"rendered":"13. decembra 1918. Orli z Przemyslu vybojovali posledn\u00fa bitku"},"content":{"rendered":"<p>Hist\u00f3ria Przemyslsk\u00fdch orlov je mimoriadne dramatick\u00e1 a pohnut\u00e1. Na jese\u0148 1918 sa okrem in\u00fdch \u017eiakov a \u0161tudentov chopili zbran\u00ed a za slobodu svojej vlasti \u010dasto zaplatili najvy\u0161\u0161iu cenu \u017eivota. V \u00favode knihy Przemy\u015bl, odv\u00e1\u017ene mesto Marek Kuchci\u0144ski p\u00ed\u0161e:<\/p>\n<p><em>Ke\u010f Po\u013esko v roku 1918 z\u00edskalo nez\u00e1vislos\u0165, Przemy\u015bl sa tie\u017e - a medzi prv\u00fdmi - postavil do boja. P\u00e1ter kapit\u00e1n Jozef Pana\u015b povzbudil bojov\u00e9ho ducha. Tentoraz proti Ukrajincom. Obyvatelia Przemy\u015bla bojovali od za\u010diatku novembra 1918 o mosty cez rieku San, o okresy a uskuto\u010d\u0148ovali proti\u00fatoky od Zasanu a\u017e po prav\u00fd breh mesta. 11. novembra bol Przemy\u015bl slobodn\u00fd! Poliaci v\u0161ak pokra\u010dovali v bojoch v Ni\u017e\u0148ankoviciach (10. a 13. decembra) a v \u010fal\u0161\u00edch lokalit\u00e1ch. Bojov sa z\u00fa\u010dastnili z\u00e1stupcovia v\u0161etk\u00fdch gener\u00e1ci\u00ed, vr\u00e1tane Orlerov - \u0161tudentov przemysk\u00e9ho gymn\u00e1zia (t\u00ed, ktor\u00ed zahynuli, boli pochovan\u00ed vo ve\u013ekom symbolickom hrobe Orlerov na hlavnom cintor\u00edne). To by v\u0161ak nebolo mo\u017en\u00e9, keby sa po gener\u00e1cie nevytv\u00e1rali hodnotov\u00e9 z\u00e1klady vznikaj\u00faceho n\u00e1rodn\u00e9ho a nadn\u00e1rodn\u00e9ho spolo\u010denstva. Preto\u017ee Przemy\u015bl, podobne ako mnoh\u00e9 podobn\u00e9 mest\u00e1 Po\u013esko-litovsk\u00e9ho spolo\u010denstva, bol mestom Poliakov r\u00f4znych n\u00e1bo\u017eenstiev a n\u00e1rodnost\u00ed a identitu celej Przemy\u0161\u013eanskej zeme vytv\u00e1rali nielen Poliaci, ale aj \u017didia, Rus\u00edni, Ukrajinci, Ma\u010fari, Rak\u00fa\u0161ania, \u010cesi, Nemci a Arm\u00e9ni.\u00a0<\/em><\/p>\n<p><a href=\"https:\/\/marekkuchcinski.pl\/wp-content\/uploads\/2018\/12\/op.jpg\"><img fetchpriority=\"high\" decoding=\"async\" class=\"alignnone size-full wp-image-11828\" src=\"https:\/\/marekkuchcinski.pl\/wp-content\/uploads\/2018\/12\/op.jpg\" alt=\"op\" width=\"1024\" height=\"683\" srcset=\"https:\/\/marekkuchcinski.pl\/wp-content\/uploads\/2018\/12\/op.jpg 1024w, https:\/\/marekkuchcinski.pl\/wp-content\/uploads\/2018\/12\/op-300x200.jpg 300w, https:\/\/marekkuchcinski.pl\/wp-content\/uploads\/2018\/12\/op-768x512.jpg 768w\" sizes=\"(max-width: 1024px) 100vw, 1024px\" \/><\/a>Hrobka obrancov Przemyslu v Przemysle<a href=\"https:\/\/marekkuchcinski.pl\/wp-content\/uploads\/2018\/12\/orl\u0119ta-przemyskie-pomnik.jpg\"><img decoding=\"async\" class=\"alignnone size-full wp-image-11833\" src=\"https:\/\/marekkuchcinski.pl\/wp-content\/uploads\/2018\/12\/orl\u0119ta-przemyskie-pomnik.jpg\" alt=\"orl\u0119ta-przemyskie-pomnik\" width=\"800\" height=\"1200\" srcset=\"https:\/\/marekkuchcinski.pl\/wp-content\/uploads\/2018\/12\/orl\u0119ta-przemyskie-pomnik.jpg 800w, https:\/\/marekkuchcinski.pl\/wp-content\/uploads\/2018\/12\/orl\u0119ta-przemyskie-pomnik-200x300.jpg 200w, https:\/\/marekkuchcinski.pl\/wp-content\/uploads\/2018\/12\/orl\u0119ta-przemyskie-pomnik-768x1152.jpg 768w, https:\/\/marekkuchcinski.pl\/wp-content\/uploads\/2018\/12\/orl\u0119ta-przemyskie-pomnik-683x1024.jpg 683w\" sizes=\"(max-width: 800px) 100vw, 800px\" \/><\/a><a href=\"https:\/\/marekkuchcinski.pl\/wp-content\/uploads\/2018\/12\/Projekt_Pomnika_-_Pracownia_Rzezbiarska_Pawla_Karczmarczyka.jpg\"><img decoding=\"async\" class=\"alignnone wp-image-11834\" src=\"https:\/\/marekkuchcinski.pl\/wp-content\/uploads\/2018\/12\/Projekt_Pomnika_-_Pracownia_Rzezbiarska_Pawla_Karczmarczyka.jpg\" alt=\"Projekt_Pomnika_-_Pracownia_Rzezbiarska_Pawla_Karczmarczyka\" width=\"796\" height=\"1218\" srcset=\"https:\/\/marekkuchcinski.pl\/wp-content\/uploads\/2018\/12\/Projekt_Pomnika_-_Pracownia_Rzezbiarska_Pawla_Karczmarczyka.jpg 727w, https:\/\/marekkuchcinski.pl\/wp-content\/uploads\/2018\/12\/Projekt_Pomnika_-_Pracownia_Rzezbiarska_Pawla_Karczmarczyka-196x300.jpg 196w, https:\/\/marekkuchcinski.pl\/wp-content\/uploads\/2018\/12\/Projekt_Pomnika_-_Pracownia_Rzezbiarska_Pawla_Karczmarczyka-669x1024.jpg 669w\" sizes=\"(max-width: 796px) 100vw, 796px\" \/><\/a>N\u00e1vrh pomn\u00edka z roku 1037 (zbierka MNZP)<a href=\"https:\/\/marekkuchcinski.pl\/wp-content\/uploads\/2018\/12\/2_Obraz_0008-1.jpg\"><img loading=\"lazy\" decoding=\"async\" class=\"alignnone size-full wp-image-11839\" src=\"https:\/\/marekkuchcinski.pl\/wp-content\/uploads\/2018\/12\/2_Obraz_0008-1.jpg\" alt=\"_2_Obraz_0008\" width=\"1418\" height=\"1043\" srcset=\"https:\/\/marekkuchcinski.pl\/wp-content\/uploads\/2018\/12\/2_Obraz_0008-1.jpg 1418w, https:\/\/marekkuchcinski.pl\/wp-content\/uploads\/2018\/12\/2_Obraz_0008-1-300x221.jpg 300w, https:\/\/marekkuchcinski.pl\/wp-content\/uploads\/2018\/12\/2_Obraz_0008-1-768x565.jpg 768w, https:\/\/marekkuchcinski.pl\/wp-content\/uploads\/2018\/12\/2_Obraz_0008-1-1024x753.jpg 1024w\" sizes=\"(max-width: 1418px) 100vw, 1418px\" \/><\/a> <a href=\"https:\/\/marekkuchcinski.pl\/wp-content\/uploads\/2018\/12\/3_Obraz_0001-2.jpg\"><img loading=\"lazy\" decoding=\"async\" class=\"alignnone size-full wp-image-11840\" src=\"https:\/\/marekkuchcinski.pl\/wp-content\/uploads\/2018\/12\/3_Obraz_0001-2.jpg\" alt=\"_3_Obraz_0001\" width=\"1418\" height=\"1971\" srcset=\"https:\/\/marekkuchcinski.pl\/wp-content\/uploads\/2018\/12\/3_Obraz_0001-2.jpg 1418w, https:\/\/marekkuchcinski.pl\/wp-content\/uploads\/2018\/12\/3_Obraz_0001-2-216x300.jpg 216w, https:\/\/marekkuchcinski.pl\/wp-content\/uploads\/2018\/12\/3_Obraz_0001-2-768x1068.jpg 768w, https:\/\/marekkuchcinski.pl\/wp-content\/uploads\/2018\/12\/3_Obraz_0001-2-737x1024.jpg 737w\" sizes=\"(max-width: 1418px) 100vw, 1418px\" \/><\/a> <a href=\"https:\/\/marekkuchcinski.pl\/wp-content\/uploads\/2018\/12\/5_Obraz_0006-1.jpg\"><img loading=\"lazy\" decoding=\"async\" class=\"alignnone size-full wp-image-11841\" src=\"https:\/\/marekkuchcinski.pl\/wp-content\/uploads\/2018\/12\/5_Obraz_0006-1.jpg\" alt=\"_5_Obraz_0006\" width=\"4058\" height=\"6238\" srcset=\"https:\/\/marekkuchcinski.pl\/wp-content\/uploads\/2018\/12\/5_Obraz_0006-1.jpg 1332w, https:\/\/marekkuchcinski.pl\/wp-content\/uploads\/2018\/12\/5_Obraz_0006-1-195x300.jpg 195w, https:\/\/marekkuchcinski.pl\/wp-content\/uploads\/2018\/12\/5_Obraz_0006-1-768x1181.jpg 768w, https:\/\/marekkuchcinski.pl\/wp-content\/uploads\/2018\/12\/5_Obraz_0006-1-666x1024.jpg 666w\" sizes=\"(max-width: 4058px) 100vw, 4058px\" \/><\/a> <a href=\"https:\/\/marekkuchcinski.pl\/wp-content\/uploads\/2018\/12\/6_Obraz_0001-1.jpg\"><img loading=\"lazy\" decoding=\"async\" class=\"alignnone size-full wp-image-11842\" src=\"https:\/\/marekkuchcinski.pl\/wp-content\/uploads\/2018\/12\/6_Obraz_0001-1.jpg\" alt=\"_6_Obraz_0001\" width=\"1418\" height=\"890\" srcset=\"https:\/\/marekkuchcinski.pl\/wp-content\/uploads\/2018\/12\/6_Obraz_0001-1.jpg 1418w, https:\/\/marekkuchcinski.pl\/wp-content\/uploads\/2018\/12\/6_Obraz_0001-1-300x188.jpg 300w, https:\/\/marekkuchcinski.pl\/wp-content\/uploads\/2018\/12\/6_Obraz_0001-1-768x482.jpg 768w, https:\/\/marekkuchcinski.pl\/wp-content\/uploads\/2018\/12\/6_Obraz_0001-1-1024x643.jpg 1024w\" sizes=\"(max-width: 1418px) 100vw, 1418px\" \/><\/a><em>Obr\u00e1zky obrancov Przemy\u015bla poch\u00e1dzaj\u00fa zo zbierky N\u00e1rodn\u00e9ho m\u00fazea Przemy\u015bla<\/em><\/p>\n<p>&nbsp;<\/p>","protected":false},"excerpt":{"rendered":"<p>Historia Orl\u0105t Przemyskich jest\u00a0niezwykle dramatyczna i wzruszaj\u0105ca. Jesieni\u0105 1918 roku za bro\u0144 chwycili mi\u0119dzy innymi uczniowie oraz studenci, p\u0142ac\u0105c cz\u0119sto najwy\u017csz\u0105 cen\u0119 \u017cycia za wolno\u015b\u0107 ojczyzny. We wst\u0119pie do ksi\u0105\u017cki &#8222;Przemy\u015bl, miasto waleczne&#8221; Marek Kuchci\u0144ski pisze: W 1918 r., gdy Polska odzyskiwa\u0142a niepodleg\u0142o\u015b\u0107, tak\u017ce Przemy\u015bl \u2013 i to jako jeden z pierwszych \u2013 stan\u0105\u0142 do [&hellip;]<\/p>\n","protected":false},"author":6,"featured_media":11842,"comment_status":"open","ping_status":"open","sticky":false,"template":"","format":"standard","meta":{"ngg_post_thumbnail":0,"footnotes":""},"categories":[104,49,77,3],"tags":[],"class_list":["post-11827","post","type-post","status-publish","format-standard","has-post-thumbnail","hentry","category-lms","category-podkarpacie","category-wazne-daty","category-wydarzenia"],"_links":{"self":[{"href":"https:\/\/marekkuchcinski.pl\/sk\/wp-json\/wp\/v2\/posts\/11827","targetHints":{"allow":["GET"]}}],"collection":[{"href":"https:\/\/marekkuchcinski.pl\/sk\/wp-json\/wp\/v2\/posts"}],"about":[{"href":"https:\/\/marekkuchcinski.pl\/sk\/wp-json\/wp\/v2\/types\/post"}],"author":[{"embeddable":true,"href":"https:\/\/marekkuchcinski.pl\/sk\/wp-json\/wp\/v2\/users\/6"}],"replies":[{"embeddable":true,"href":"https:\/\/marekkuchcinski.pl\/sk\/wp-json\/wp\/v2\/comments?post=11827"}],"version-history":[{"count":9,"href":"https:\/\/marekkuchcinski.pl\/sk\/wp-json\/wp\/v2\/posts\/11827\/revisions"}],"predecessor-version":[{"id":11850,"href":"https:\/\/marekkuchcinski.pl\/sk\/wp-json\/wp\/v2\/posts\/11827\/revisions\/11850"}],"wp:featuredmedia":[{"embeddable":true,"href":"https:\/\/marekkuchcinski.pl\/sk\/wp-json\/wp\/v2\/media\/11842"}],"wp:attachment":[{"href":"https:\/\/marekkuchcinski.pl\/sk\/wp-json\/wp\/v2\/media?parent=11827"}],"wp:term":[{"taxonomy":"category","embeddable":true,"href":"https:\/\/marekkuchcinski.pl\/sk\/wp-json\/wp\/v2\/categories?post=11827"},{"taxonomy":"post_tag","embeddable":true,"href":"https:\/\/marekkuchcinski.pl\/sk\/wp-json\/wp\/v2\/tags?post=11827"}],"curies":[{"name":"wp","href":"https:\/\/api.w.org\/{rel}","templated":true}]}}