{"id":11821,"date":"2018-12-13T12:32:55","date_gmt":"2018-12-13T11:32:55","guid":{"rendered":"https:\/\/marekkuchcinski.pl\/?p=11821"},"modified":"2018-12-13T12:32:55","modified_gmt":"2018-12-13T11:32:55","slug":"13-grudnia-1981-roku-wprowadzono-polsce-stan-wojenny","status":"publish","type":"post","link":"https:\/\/marekkuchcinski.pl\/sk\/wazne-daty\/13-grudnia-1981-roku-wprowadzono-polsce-stan-wojenny\/","title":{"rendered":"13. decembra 1981 bolo v Po\u013esku vyhl\u00e1sen\u00e9 stann\u00e9 pr\u00e1vo"},"content":{"rendered":"<p>V noci z 12. na 13. decembra 1981 zaviedol re\u017eim gener\u00e1la Wojciecha Jaruzelsk\u00e9ho v Po\u013esku stann\u00e9 pr\u00e1vo. Vojensk\u00e1 rada n\u00e1rodnej sp\u00e1sy vyslala do ul\u00edc tanky s jednotkami arm\u00e1dy, ob\u010dianskych mil\u00edci\u00ed, ZOMO, ORMO a pr\u00edslu\u0161n\u00edkmi SB.<\/p>\n<p>Komunistick\u00e9 org\u00e1ny sa sna\u017eili zni\u010di\u0165 slobodn\u00e9ho ducha po\u013esk\u00e9ho n\u00e1roda. Viac ako 100 m\u0155tvych, takmer 10 000 internovan\u00fdch, tis\u00edce prenasledovan\u00fdch, vyhadzovan\u00fdch z pr\u00e1ce a n\u00faten\u00fdch emigrova\u0165 Poliakov - kone\u010dn\u00fd v\u00fdsledok tejto n\u00e1rodnej trag\u00e9die sa ur\u010dite nikdy definit\u00edvne nezist\u00ed. Obete pacifik\u00e1cie uho\u013enej bane Wujek a potla\u010denia demon\u0161tr\u00e1ci\u00ed v Gdansku, Kielcach, Krakove, Lubine, Novej Hute, Poznani, Var\u0161ave, Vroclave a na \u010fal\u0161\u00edch miestach, kde Poliaci odmietli by\u0165 zbaven\u00ed slobody, st\u00e1le \u010dakaj\u00fa na spravodlivos\u0165 za zlo\u010diny vojnov\u00e9ho stavu.<\/p>\n<p>Sejm Po\u013eskej republiky vzd\u00e1va hold obetiam vojnov\u00e9ho stavu a v\u0161etk\u00fdm, ktor\u00ed sa postavili na odpor komunistickej diktat\u00fare,\" uv\u00e1dza sa v uznesen\u00ed, ktor\u00e9 Sejm prijal 12. decembra.<\/p>\n<p><em>Foto: M. Olejnik<\/em><\/p>\n<p><a href=\"https:\/\/marekkuchcinski.pl\/wp-content\/uploads\/2018\/12\/13-grudnia-1.jpg\"><img fetchpriority=\"high\" decoding=\"async\" class=\"alignnone  wp-image-11824\" src=\"https:\/\/marekkuchcinski.pl\/wp-content\/uploads\/2018\/12\/13-grudnia-1.jpg\" alt=\"13 grudnia\" width=\"1062\" height=\"736\" srcset=\"https:\/\/marekkuchcinski.pl\/wp-content\/uploads\/2018\/12\/13-grudnia-1.jpg 593w, https:\/\/marekkuchcinski.pl\/wp-content\/uploads\/2018\/12\/13-grudnia-1-300x208.jpg 300w\" sizes=\"(max-width: 1062px) 100vw, 1062px\" \/><\/a><\/p>\n<p>13. decembra 2017: Poslanci parlamentu za stranu Pr\u00e1vo a spravodlivos\u0165 sa zi\u0161li pri pr\u00edle\u017eitosti v\u00fdro\u010dia vojnov\u00e9ho stavu<\/p>","protected":false},"excerpt":{"rendered":"<p>W nocy z 12 na 13 grudnia 1981 roku re\u017cim gen. Wojciecha Jaruzelskiego wprowadzi\u0142 w Polsce stan wojenny. Wojskowa Rada Ocalenia Narodowego wys\u0142a\u0142a na ulice czo\u0142gi wraz z jednostkami wojska, Milicji Obywatelskiej, ZOMO, ORMO oraz funkcjonariuszy SB. Komunistyczna w\u0142adza chcia\u0142a zniszczy\u0107 wolno\u015bciowego ducha Narodu Polskiego. Ponad 100 ofiar \u015bmiertelnych, prawie 10 tysi\u0119cy os\u00f3b internowanych, tysi\u0105ce [&hellip;]<\/p>","protected":false},"author":6,"featured_media":11824,"comment_status":"open","ping_status":"open","sticky":false,"template":"","format":"standard","meta":{"ngg_post_thumbnail":0,"footnotes":""},"categories":[77,3],"tags":[],"class_list":["post-11821","post","type-post","status-publish","format-standard","has-post-thumbnail","hentry","category-wazne-daty","category-wydarzenia"],"yoast_head":"<!-- This site is optimized with the Yoast SEO plugin v24.7 - https:\/\/yoast.com\/wordpress\/plugins\/seo\/ -->\n<title>13 grudnia 1981 roku wprowadzono w Polsce stan wojenny &#8211; Marek Kuchci\u0144ski<\/title>\n<meta name=\"robots\" content=\"index, follow, max-snippet:-1, max-image-preview:large, max-video-preview:-1\" \/>\n<link rel=\"canonical\" href=\"https:\/\/marekkuchcinski.pl\/sk\/wazne-daty\/13-grudnia-1981-roku-wprowadzono-polsce-stan-wojenny\/\" \/>\n<meta property=\"og:locale\" content=\"sk_SK\" \/>\n<meta property=\"og:type\" content=\"article\" \/>\n<meta property=\"og:title\" content=\"13 grudnia 1981 roku wprowadzono w Polsce stan wojenny &#8211; Marek Kuchci\u0144ski\" \/>\n<meta property=\"og:description\" content=\"W nocy z 12 na 13 grudnia 1981 roku re\u017cim gen. Wojciecha Jaruzelskiego wprowadzi\u0142 w Polsce stan wojenny. Wojskowa Rada Ocalenia Narodowego wys\u0142a\u0142a na ulice czo\u0142gi wraz z jednostkami wojska, Milicji Obywatelskiej, ZOMO, ORMO oraz funkcjonariuszy SB. Komunistyczna w\u0142adza chcia\u0142a zniszczy\u0107 wolno\u015bciowego ducha Narodu Polskiego. Ponad 100 ofiar \u015bmiertelnych, prawie 10 tysi\u0119cy os\u00f3b internowanych, tysi\u0105ce [&hellip;]\" \/>\n<meta property=\"og:url\" content=\"https:\/\/marekkuchcinski.pl\/sk\/wazne-daty\/13-grudnia-1981-roku-wprowadzono-polsce-stan-wojenny\/\" \/>\n<meta property=\"og:site_name\" content=\"Marek Kuchci\u0144ski\" \/>\n<meta property=\"article:published_time\" content=\"2018-12-13T11:32:55+00:00\" \/>\n<meta property=\"og:image\" content=\"https:\/\/marekkuchcinski.pl\/wp-content\/uploads\/2018\/12\/13-grudnia-1.jpg\" \/>\n\t<meta property=\"og:image:width\" content=\"593\" \/>\n\t<meta property=\"og:image:height\" content=\"411\" \/>\n\t<meta property=\"og:image:type\" content=\"image\/jpeg\" \/>\n<meta name=\"author\" content=\"admin\" \/>\n<meta name=\"twitter:card\" content=\"summary_large_image\" \/>\n<meta name=\"twitter:label1\" content=\"Autor\" \/>\n\t<meta name=\"twitter:data1\" content=\"admin\" \/>\n\t<meta name=\"twitter:label2\" content=\"Predpokladan\u00fd \u010das \u010d\u00edtania\" \/>\n\t<meta name=\"twitter:data2\" content=\"1 min\u00fata\" \/>\n<script type=\"application\/ld+json\" class=\"yoast-schema-graph\">{\"@context\":\"https:\/\/schema.org\",\"@graph\":[{\"@type\":\"Article\",\"@id\":\"https:\/\/marekkuchcinski.pl\/en\/wazne-daty\/13-grudnia-1981-roku-wprowadzono-polsce-stan-wojenny\/#article\",\"isPartOf\":{\"@id\":\"https:\/\/marekkuchcinski.pl\/en\/wazne-daty\/13-grudnia-1981-roku-wprowadzono-polsce-stan-wojenny\/\"},\"author\":{\"name\":\"admin\",\"@id\":\"https:\/\/marekkuchcinski.pl\/#\/schema\/person\/6f62700996b4d950b6ea2d1183b6c6be\"},\"headline\":\"13 grudnia 1981 roku wprowadzono w Polsce stan wojenny\",\"datePublished\":\"2018-12-13T11:32:55+00:00\",\"mainEntityOfPage\":{\"@id\":\"https:\/\/marekkuchcinski.pl\/en\/wazne-daty\/13-grudnia-1981-roku-wprowadzono-polsce-stan-wojenny\/\"},\"wordCount\":183,\"commentCount\":0,\"publisher\":{\"@id\":\"https:\/\/marekkuchcinski.pl\/#organization\"},\"image\":{\"@id\":\"https:\/\/marekkuchcinski.pl\/en\/wazne-daty\/13-grudnia-1981-roku-wprowadzono-polsce-stan-wojenny\/#primaryimage\"},\"thumbnailUrl\":\"https:\/\/marekkuchcinski.pl\/wp-content\/uploads\/2018\/12\/13-grudnia-1.jpg\",\"articleSection\":[\"Wa\u017cne daty\",\"Wydarzenia\"],\"inLanguage\":\"sk-SK\",\"potentialAction\":[{\"@type\":\"CommentAction\",\"name\":\"Comment\",\"target\":[\"https:\/\/marekkuchcinski.pl\/en\/wazne-daty\/13-grudnia-1981-roku-wprowadzono-polsce-stan-wojenny\/#respond\"]}]},{\"@type\":\"WebPage\",\"@id\":\"https:\/\/marekkuchcinski.pl\/en\/wazne-daty\/13-grudnia-1981-roku-wprowadzono-polsce-stan-wojenny\/\",\"url\":\"https:\/\/marekkuchcinski.pl\/en\/wazne-daty\/13-grudnia-1981-roku-wprowadzono-polsce-stan-wojenny\/\",\"name\":\"13 grudnia 1981 roku wprowadzono w Polsce stan wojenny &#8211; Marek Kuchci\u0144ski\",\"isPartOf\":{\"@id\":\"https:\/\/marekkuchcinski.pl\/#website\"},\"primaryImageOfPage\":{\"@id\":\"https:\/\/marekkuchcinski.pl\/en\/wazne-daty\/13-grudnia-1981-roku-wprowadzono-polsce-stan-wojenny\/#primaryimage\"},\"image\":{\"@id\":\"https:\/\/marekkuchcinski.pl\/en\/wazne-daty\/13-grudnia-1981-roku-wprowadzono-polsce-stan-wojenny\/#primaryimage\"},\"thumbnailUrl\":\"https:\/\/marekkuchcinski.pl\/wp-content\/uploads\/2018\/12\/13-grudnia-1.jpg\",\"datePublished\":\"2018-12-13T11:32:55+00:00\",\"breadcrumb\":{\"@id\":\"https:\/\/marekkuchcinski.pl\/en\/wazne-daty\/13-grudnia-1981-roku-wprowadzono-polsce-stan-wojenny\/#breadcrumb\"},\"inLanguage\":\"sk-SK\",\"potentialAction\":[{\"@type\":\"ReadAction\",\"target\":[\"https:\/\/marekkuchcinski.pl\/en\/wazne-daty\/13-grudnia-1981-roku-wprowadzono-polsce-stan-wojenny\/\"]}]},{\"@type\":\"ImageObject\",\"inLanguage\":\"sk-SK\",\"@id\":\"https:\/\/marekkuchcinski.pl\/en\/wazne-daty\/13-grudnia-1981-roku-wprowadzono-polsce-stan-wojenny\/#primaryimage\",\"url\":\"https:\/\/marekkuchcinski.pl\/wp-content\/uploads\/2018\/12\/13-grudnia-1.jpg\",\"contentUrl\":\"https:\/\/marekkuchcinski.pl\/wp-content\/uploads\/2018\/12\/13-grudnia-1.jpg\",\"width\":593,\"height\":411},{\"@type\":\"BreadcrumbList\",\"@id\":\"https:\/\/marekkuchcinski.pl\/en\/wazne-daty\/13-grudnia-1981-roku-wprowadzono-polsce-stan-wojenny\/#breadcrumb\",\"itemListElement\":[{\"@type\":\"ListItem\",\"position\":1,\"name\":\"Strona g\u0142\u00f3wna\",\"item\":\"https:\/\/marekkuchcinski.pl\/\"},{\"@type\":\"ListItem\",\"position\":2,\"name\":\"13 grudnia 1981 roku wprowadzono w Polsce stan wojenny\"}]},{\"@type\":\"WebSite\",\"@id\":\"https:\/\/marekkuchcinski.pl\/#website\",\"url\":\"https:\/\/marekkuchcinski.pl\/\",\"name\":\"Marek Kuchci\u0144ski\",\"description\":\"Pose\u0142 na sejm RP &ndash; okr\u0119g nr 22\",\"publisher\":{\"@id\":\"https:\/\/marekkuchcinski.pl\/#organization\"},\"potentialAction\":[{\"@type\":\"SearchAction\",\"target\":{\"@type\":\"EntryPoint\",\"urlTemplate\":\"https:\/\/marekkuchcinski.pl\/?s={search_term_string}\"},\"query-input\":{\"@type\":\"PropertyValueSpecification\",\"valueRequired\":true,\"valueName\":\"search_term_string\"}}],\"inLanguage\":\"sk-SK\"},{\"@type\":\"Organization\",\"@id\":\"https:\/\/marekkuchcinski.pl\/#organization\",\"name\":\"Marek Kuchci\u0144ski\",\"url\":\"https:\/\/marekkuchcinski.pl\/\",\"logo\":{\"@type\":\"ImageObject\",\"inLanguage\":\"sk-SK\",\"@id\":\"https:\/\/marekkuchcinski.pl\/#\/schema\/logo\/image\/\",\"url\":\"https:\/\/marekkuchcinski.pl\/wp-content\/uploads\/2022\/09\/Marek.jpg\",\"contentUrl\":\"https:\/\/marekkuchcinski.pl\/wp-content\/uploads\/2022\/09\/Marek.jpg\",\"width\":1600,\"height\":971,\"caption\":\"Marek Kuchci\u0144ski\"},\"image\":{\"@id\":\"https:\/\/marekkuchcinski.pl\/#\/schema\/logo\/image\/\"}},{\"@type\":\"Person\",\"@id\":\"https:\/\/marekkuchcinski.pl\/#\/schema\/person\/6f62700996b4d950b6ea2d1183b6c6be\",\"name\":\"admin\",\"image\":{\"@type\":\"ImageObject\",\"inLanguage\":\"sk-SK\",\"@id\":\"https:\/\/marekkuchcinski.pl\/#\/schema\/person\/image\/\",\"url\":\"https:\/\/secure.gravatar.com\/avatar\/4bab693b9d55c3d6b52c0296a8765085?s=96&d=mm&r=g\",\"contentUrl\":\"https:\/\/secure.gravatar.com\/avatar\/4bab693b9d55c3d6b52c0296a8765085?s=96&d=mm&r=g\",\"caption\":\"admin\"},\"url\":\"https:\/\/marekkuchcinski.pl\/sk\/author\/marta-olejnik\/\"}]}<\/script>\n<!-- \/ Yoast SEO plugin. -->","yoast_head_json":{"title":"13 grudnia 1981 roku wprowadzono w Polsce stan wojenny &#8211; Marek Kuchci\u0144ski","robots":{"index":"index","follow":"follow","max-snippet":"max-snippet:-1","max-image-preview":"max-image-preview:large","max-video-preview":"max-video-preview:-1"},"canonical":"https:\/\/marekkuchcinski.pl\/sk\/wazne-daty\/13-grudnia-1981-roku-wprowadzono-polsce-stan-wojenny\/","og_locale":"sk_SK","og_type":"article","og_title":"13 grudnia 1981 roku wprowadzono w Polsce stan wojenny &#8211; Marek Kuchci\u0144ski","og_description":"W nocy z 12 na 13 grudnia 1981 roku re\u017cim gen. Wojciecha Jaruzelskiego wprowadzi\u0142 w Polsce stan wojenny. Wojskowa Rada Ocalenia Narodowego wys\u0142a\u0142a na ulice czo\u0142gi wraz z jednostkami wojska, Milicji Obywatelskiej, ZOMO, ORMO oraz funkcjonariuszy SB. Komunistyczna w\u0142adza chcia\u0142a zniszczy\u0107 wolno\u015bciowego ducha Narodu Polskiego. Ponad 100 ofiar \u015bmiertelnych, prawie 10 tysi\u0119cy os\u00f3b internowanych, tysi\u0105ce [&hellip;]","og_url":"https:\/\/marekkuchcinski.pl\/sk\/wazne-daty\/13-grudnia-1981-roku-wprowadzono-polsce-stan-wojenny\/","og_site_name":"Marek Kuchci\u0144ski","article_published_time":"2018-12-13T11:32:55+00:00","og_image":[{"width":593,"height":411,"url":"https:\/\/marekkuchcinski.pl\/wp-content\/uploads\/2018\/12\/13-grudnia-1.jpg","type":"image\/jpeg"}],"author":"admin","twitter_card":"summary_large_image","twitter_misc":{"Autor":"admin","Predpokladan\u00fd \u010das \u010d\u00edtania":"1 min\u00fata"},"schema":{"@context":"https:\/\/schema.org","@graph":[{"@type":"Article","@id":"https:\/\/marekkuchcinski.pl\/en\/wazne-daty\/13-grudnia-1981-roku-wprowadzono-polsce-stan-wojenny\/#article","isPartOf":{"@id":"https:\/\/marekkuchcinski.pl\/en\/wazne-daty\/13-grudnia-1981-roku-wprowadzono-polsce-stan-wojenny\/"},"author":{"name":"admin","@id":"https:\/\/marekkuchcinski.pl\/#\/schema\/person\/6f62700996b4d950b6ea2d1183b6c6be"},"headline":"13 grudnia 1981 roku wprowadzono w Polsce stan wojenny","datePublished":"2018-12-13T11:32:55+00:00","mainEntityOfPage":{"@id":"https:\/\/marekkuchcinski.pl\/en\/wazne-daty\/13-grudnia-1981-roku-wprowadzono-polsce-stan-wojenny\/"},"wordCount":183,"commentCount":0,"publisher":{"@id":"https:\/\/marekkuchcinski.pl\/#organization"},"image":{"@id":"https:\/\/marekkuchcinski.pl\/en\/wazne-daty\/13-grudnia-1981-roku-wprowadzono-polsce-stan-wojenny\/#primaryimage"},"thumbnailUrl":"https:\/\/marekkuchcinski.pl\/wp-content\/uploads\/2018\/12\/13-grudnia-1.jpg","articleSection":["Wa\u017cne daty","Wydarzenia"],"inLanguage":"sk-SK","potentialAction":[{"@type":"CommentAction","name":"Comment","target":["https:\/\/marekkuchcinski.pl\/en\/wazne-daty\/13-grudnia-1981-roku-wprowadzono-polsce-stan-wojenny\/#respond"]}]},{"@type":"WebPage","@id":"https:\/\/marekkuchcinski.pl\/en\/wazne-daty\/13-grudnia-1981-roku-wprowadzono-polsce-stan-wojenny\/","url":"https:\/\/marekkuchcinski.pl\/en\/wazne-daty\/13-grudnia-1981-roku-wprowadzono-polsce-stan-wojenny\/","name":"13 grudnia 1981 roku wprowadzono w Polsce stan wojenny &#8211; Marek Kuchci\u0144ski","isPartOf":{"@id":"https:\/\/marekkuchcinski.pl\/#website"},"primaryImageOfPage":{"@id":"https:\/\/marekkuchcinski.pl\/en\/wazne-daty\/13-grudnia-1981-roku-wprowadzono-polsce-stan-wojenny\/#primaryimage"},"image":{"@id":"https:\/\/marekkuchcinski.pl\/en\/wazne-daty\/13-grudnia-1981-roku-wprowadzono-polsce-stan-wojenny\/#primaryimage"},"thumbnailUrl":"https:\/\/marekkuchcinski.pl\/wp-content\/uploads\/2018\/12\/13-grudnia-1.jpg","datePublished":"2018-12-13T11:32:55+00:00","breadcrumb":{"@id":"https:\/\/marekkuchcinski.pl\/en\/wazne-daty\/13-grudnia-1981-roku-wprowadzono-polsce-stan-wojenny\/#breadcrumb"},"inLanguage":"sk-SK","potentialAction":[{"@type":"ReadAction","target":["https:\/\/marekkuchcinski.pl\/en\/wazne-daty\/13-grudnia-1981-roku-wprowadzono-polsce-stan-wojenny\/"]}]},{"@type":"ImageObject","inLanguage":"sk-SK","@id":"https:\/\/marekkuchcinski.pl\/en\/wazne-daty\/13-grudnia-1981-roku-wprowadzono-polsce-stan-wojenny\/#primaryimage","url":"https:\/\/marekkuchcinski.pl\/wp-content\/uploads\/2018\/12\/13-grudnia-1.jpg","contentUrl":"https:\/\/marekkuchcinski.pl\/wp-content\/uploads\/2018\/12\/13-grudnia-1.jpg","width":593,"height":411},{"@type":"BreadcrumbList","@id":"https:\/\/marekkuchcinski.pl\/en\/wazne-daty\/13-grudnia-1981-roku-wprowadzono-polsce-stan-wojenny\/#breadcrumb","itemListElement":[{"@type":"ListItem","position":1,"name":"Strona g\u0142\u00f3wna","item":"https:\/\/marekkuchcinski.pl\/"},{"@type":"ListItem","position":2,"name":"13 grudnia 1981 roku wprowadzono w Polsce stan wojenny"}]},{"@type":"WebSite","@id":"https:\/\/marekkuchcinski.pl\/#website","url":"https:\/\/marekkuchcinski.pl\/","name":"Marek Kuchci\u0144ski","description":"Pose\u0142 na sejm RP &ndash; okr\u0119g nr 22","publisher":{"@id":"https:\/\/marekkuchcinski.pl\/#organization"},"potentialAction":[{"@type":"SearchAction","target":{"@type":"EntryPoint","urlTemplate":"https:\/\/marekkuchcinski.pl\/?s={search_term_string}"},"query-input":{"@type":"PropertyValueSpecification","valueRequired":true,"valueName":"search_term_string"}}],"inLanguage":"sk-SK"},{"@type":"Organization","@id":"https:\/\/marekkuchcinski.pl\/#organization","name":"Marek Kuchci\u0144ski","url":"https:\/\/marekkuchcinski.pl\/","logo":{"@type":"ImageObject","inLanguage":"sk-SK","@id":"https:\/\/marekkuchcinski.pl\/#\/schema\/logo\/image\/","url":"https:\/\/marekkuchcinski.pl\/wp-content\/uploads\/2022\/09\/Marek.jpg","contentUrl":"https:\/\/marekkuchcinski.pl\/wp-content\/uploads\/2022\/09\/Marek.jpg","width":1600,"height":971,"caption":"Marek Kuchci\u0144ski"},"image":{"@id":"https:\/\/marekkuchcinski.pl\/#\/schema\/logo\/image\/"}},{"@type":"Person","@id":"https:\/\/marekkuchcinski.pl\/#\/schema\/person\/6f62700996b4d950b6ea2d1183b6c6be","name":"admin","image":{"@type":"ImageObject","inLanguage":"sk-SK","@id":"https:\/\/marekkuchcinski.pl\/#\/schema\/person\/image\/","url":"https:\/\/secure.gravatar.com\/avatar\/4bab693b9d55c3d6b52c0296a8765085?s=96&d=mm&r=g","contentUrl":"https:\/\/secure.gravatar.com\/avatar\/4bab693b9d55c3d6b52c0296a8765085?s=96&d=mm&r=g","caption":"admin"},"url":"https:\/\/marekkuchcinski.pl\/sk\/author\/marta-olejnik\/"}]}},"_links":{"self":[{"href":"https:\/\/marekkuchcinski.pl\/sk\/wp-json\/wp\/v2\/posts\/11821","targetHints":{"allow":["GET"]}}],"collection":[{"href":"https:\/\/marekkuchcinski.pl\/sk\/wp-json\/wp\/v2\/posts"}],"about":[{"href":"https:\/\/marekkuchcinski.pl\/sk\/wp-json\/wp\/v2\/types\/post"}],"author":[{"embeddable":true,"href":"https:\/\/marekkuchcinski.pl\/sk\/wp-json\/wp\/v2\/users\/6"}],"replies":[{"embeddable":true,"href":"https:\/\/marekkuchcinski.pl\/sk\/wp-json\/wp\/v2\/comments?post=11821"}],"version-history":[{"count":2,"href":"https:\/\/marekkuchcinski.pl\/sk\/wp-json\/wp\/v2\/posts\/11821\/revisions"}],"predecessor-version":[{"id":11825,"href":"https:\/\/marekkuchcinski.pl\/sk\/wp-json\/wp\/v2\/posts\/11821\/revisions\/11825"}],"wp:featuredmedia":[{"embeddable":true,"href":"https:\/\/marekkuchcinski.pl\/sk\/wp-json\/wp\/v2\/media\/11824"}],"wp:attachment":[{"href":"https:\/\/marekkuchcinski.pl\/sk\/wp-json\/wp\/v2\/media?parent=11821"}],"wp:term":[{"taxonomy":"category","embeddable":true,"href":"https:\/\/marekkuchcinski.pl\/sk\/wp-json\/wp\/v2\/categories?post=11821"},{"taxonomy":"post_tag","embeddable":true,"href":"https:\/\/marekkuchcinski.pl\/sk\/wp-json\/wp\/v2\/tags?post=11821"}],"curies":[{"name":"wp","href":"https:\/\/api.w.org\/{rel}","templated":true}]}}