{"id":11771,"date":"2018-12-12T14:35:28","date_gmt":"2018-12-12T13:35:28","guid":{"rendered":"https:\/\/marekkuchcinski.pl\/?p=11771"},"modified":"2018-12-12T14:35:28","modified_gmt":"2018-12-12T13:35:28","slug":"marek-kuchcinski-nalezy-doceniac-ogromny-postep-naukach-medycznych","status":"publish","type":"post","link":"https:\/\/marekkuchcinski.pl\/sk\/wydarzenia\/marek-kuchcinski-nalezy-doceniac-ogromny-postep-naukach-medycznych\/","title":{"rendered":"Marek Kuchci\u0144ski: Ve\u013ek\u00fd pokrok v lek\u00e1rskej vede treba oceni\u0165"},"content":{"rendered":"<p>V Przemy\u015bli sa konala vedeck\u00e1 konferencia s n\u00e1zvom \"Pozit\u00edvne zmeny v zdravotn\u00edctve - modernos\u0165, komplexnos\u0165, dostupnos\u0165 lie\u010dby\". Konferencia mala n\u00e1zov \"Pozit\u00edvne zmeny v zdravotn\u00edctve - modernos\u0165, komplexnos\u0165, dostupnos\u0165 lie\u010dby\". Predseda Sejmu Marek Kuchci\u0144ski vo svojom liste \u00fa\u010dastn\u00edkom poznamenal, \u017ee zdravotn\u00edctvo je \u010dasto kritizovan\u00e9 bez toho, aby si v\u0161imlo obrovsk\u00fd pokrok, ku ktor\u00e9mu doch\u00e1dza v lek\u00e1rskej vede a vo v\u00fdvoji nov\u00fdch technol\u00f3gi\u00ed. - V\u010faka vedeck\u00e9mu mysleniu,\" nap\u00edsal re\u010dn\u00edk, \"diktovan\u00e9mu z\u00e1ujmom o \u013eudsk\u00e9 zdravie a \u017eivot, pokra\u010duje v\u00fdskum st\u00e1le lep\u0161\u00edch met\u00f3d a prostriedkov lie\u010dby. Ide o mimoriadne zodpovedn\u00fa a n\u00e1ro\u010dn\u00fa pr\u00e1cu. Sme svedkami revol\u00faci\u00ed v medic\u00edne a prelomov\u00fdch vyn\u00e1lezov. Nikto neocen\u00ed ich v\u00fdznam viac ako \u0161irok\u00fd okruh lek\u00e1rov a n\u00e1sledne ich pacientov.<\/p>\n<p>prepojenie:\u00a0<a href=\"https:\/\/marekkuchcinski.pl\/wp-content\/uploads\/2018\/12\/Pozytywne-zmiany-12-gr.pdf\">ZOZNAM<\/a><\/p>","protected":false},"excerpt":{"rendered":"<p>W Przemy\u015blu zorganizowano konferencj\u0119 naukow\u0105 pt. \u201ePozytywne zmiany w ochronie zdrowia \u2014 nowoczesno\u015b\u0107, kompleksowo\u015b\u0107, dost\u0119pno\u015b\u0107 w leczeniu\u201d. W li\u015bcie skierowanym do uczestnik\u00f3w marsza\u0142ek Sejmu Marek Kuchci\u0144ski zaznaczy\u0142, \u017ce cz\u0119sto krytykuje si\u0119 s\u0142u\u017cb\u0119 zdrowia, nie dostrzegaj\u0105c ogromnego post\u0119pu, jaki zachodzi w naukach medycznych oraz w rozwoju nowych technologii. &#8211; Dzi\u0119ki naukowej my\u015bli &#8211; pisze marsza\u0142ek &#8211; [&hellip;]<\/p>\n","protected":false},"author":6,"featured_media":11775,"comment_status":"open","ping_status":"open","sticky":false,"template":"","format":"standard","meta":{"ngg_post_thumbnail":0,"footnotes":""},"categories":[104,49,3],"tags":[87,88,128,129],"class_list":["post-11771","post","type-post","status-publish","format-standard","has-post-thumbnail","hentry","category-lms","category-podkarpacie","category-wydarzenia","tag-marek-kuchcinski","tag-marszalek-sejmu","tag-przemysl","tag-sluzba-zdrowia"],"_links":{"self":[{"href":"https:\/\/marekkuchcinski.pl\/sk\/wp-json\/wp\/v2\/posts\/11771","targetHints":{"allow":["GET"]}}],"collection":[{"href":"https:\/\/marekkuchcinski.pl\/sk\/wp-json\/wp\/v2\/posts"}],"about":[{"href":"https:\/\/marekkuchcinski.pl\/sk\/wp-json\/wp\/v2\/types\/post"}],"author":[{"embeddable":true,"href":"https:\/\/marekkuchcinski.pl\/sk\/wp-json\/wp\/v2\/users\/6"}],"replies":[{"embeddable":true,"href":"https:\/\/marekkuchcinski.pl\/sk\/wp-json\/wp\/v2\/comments?post=11771"}],"version-history":[{"count":3,"href":"https:\/\/marekkuchcinski.pl\/sk\/wp-json\/wp\/v2\/posts\/11771\/revisions"}],"predecessor-version":[{"id":11776,"href":"https:\/\/marekkuchcinski.pl\/sk\/wp-json\/wp\/v2\/posts\/11771\/revisions\/11776"}],"wp:featuredmedia":[{"embeddable":true,"href":"https:\/\/marekkuchcinski.pl\/sk\/wp-json\/wp\/v2\/media\/11775"}],"wp:attachment":[{"href":"https:\/\/marekkuchcinski.pl\/sk\/wp-json\/wp\/v2\/media?parent=11771"}],"wp:term":[{"taxonomy":"category","embeddable":true,"href":"https:\/\/marekkuchcinski.pl\/sk\/wp-json\/wp\/v2\/categories?post=11771"},{"taxonomy":"post_tag","embeddable":true,"href":"https:\/\/marekkuchcinski.pl\/sk\/wp-json\/wp\/v2\/tags?post=11771"}],"curies":[{"name":"wp","href":"https:\/\/api.w.org\/{rel}","templated":true}]}}