{"id":11739,"date":"2018-12-12T17:29:44","date_gmt":"2018-12-12T16:29:44","guid":{"rendered":"https:\/\/marekkuchcinski.pl\/?p=11739"},"modified":"2018-12-12T17:42:15","modified_gmt":"2018-12-12T16:42:15","slug":"potega-przyrody-architektura-tradycja-kultura-religia-polska-wschodnia-kadrze-adama-bujaka","status":"publish","type":"post","link":"https:\/\/marekkuchcinski.pl\/sk\/wydarzenia\/potega-przyrody-architektura-tradycja-kultura-religia-polska-wschodnia-kadrze-adama-bujaka\/","title":{"rendered":"Sila pr\u00edrody, architekt\u00fary, trad\u00edcie, kult\u00fary, n\u00e1bo\u017eenstva - v\u00fdchodn\u00e9 Po\u013esko v podan\u00ed Adama Bujaka"},"content":{"rendered":"<p><strong>Na 440 stran\u00e1ch albumu n\u00e1m fotograf Adam Bujak pribli\u017euje v\u00fdchodn\u00e9 Po\u013esko. 177 pohrani\u010dn\u00fdch miest sa jav\u00ed ako jedine\u010dn\u00e9 miesta, nezne\u010disten\u00e9 tov\u00e1r\u0148ami a v\u00fdfukov\u00fdmi plynmi, do ktor\u00fdch prich\u00e1dzaj\u00fa \u013eudia zo v\u0161etk\u00fdch k\u00fatov sveta. Vid\u00edme malebn\u00fd svet n\u00e1dhern\u00fdch pamiatok, h\u00f4r, svet presiaknut\u00fd slobodou, vlasteneckou trad\u00edciou a rozmanitou kult\u00farou.<\/strong><\/p>\n<p>Mar\u0161al Sejmu Marek Kuchci\u0144ski po\u010das propag\u00e1cie knihy zablaho\u017eelal Adamovi Bujakovi k zachyteniu v\u00fdnimo\u010dn\u00e9ho charakteru tejto \u010dasti Po\u013eska. Mar\u0161al pouk\u00e1zal na to, \u017ee sila a moc poch\u00e1dzaj\u00fa z kr\u00e1snej architekt\u00fary, krajiny a pr\u00edrody. Zd\u00f4raz\u0148oval historick\u00e9, pr\u00edrodn\u00e9 a kult\u00farne hodnoty v\u00fdchodn\u00e9ho Po\u013eska, ako aj vynikaj\u00face fotografick\u00e9 zachytenie r\u00f4znych momentov \u013eudsk\u00e9ho \u017eivota.<\/p>\n<p>Album obsahuje 600 fotografi\u00ed. Kniha je autorovou poctou 100. v\u00fdro\u010diu znovuz\u00edskania nez\u00e1vislosti Po\u013eska. Texty nap\u00edsal biskup Antoni Pacyfik Dydycz, dlhoro\u010dn\u00fd ordin\u00e1r v Drohiczyne. Vydavate\u013eom je Bia\u0142y Kruk. Pod z\u00e1\u0161titou predsedu Sejmu.<\/p>\n<p><em>Foto: Marta Marchlewska<\/em><\/p>\n<p><a href=\"https:\/\/marekkuchcinski.pl\/wp-content\/uploads\/2018\/12\/PW-.jpg\"><img fetchpriority=\"high\" decoding=\"async\" class=\"alignnone size-full wp-image-11787\" src=\"https:\/\/marekkuchcinski.pl\/wp-content\/uploads\/2018\/12\/PW-.jpg\" alt=\"PW\" width=\"7360\" height=\"4912\" srcset=\"https:\/\/marekkuchcinski.pl\/wp-content\/uploads\/2018\/12\/PW-.jpg 2048w, https:\/\/marekkuchcinski.pl\/wp-content\/uploads\/2018\/12\/PW--300x200.jpg 300w, https:\/\/marekkuchcinski.pl\/wp-content\/uploads\/2018\/12\/PW--768x513.jpg 768w, https:\/\/marekkuchcinski.pl\/wp-content\/uploads\/2018\/12\/PW--1024x683.jpg 1024w\" sizes=\"(max-width: 7360px) 100vw, 7360px\" \/><\/a><em><a href=\"https:\/\/marekkuchcinski.pl\/wp-content\/uploads\/2018\/12\/MMA_8494.jpg\"><img decoding=\"async\" class=\"alignnone size-full wp-image-11791\" src=\"https:\/\/marekkuchcinski.pl\/wp-content\/uploads\/2018\/12\/MMA_8494.jpg\" alt=\"MMA_8494\" width=\"7360\" height=\"4912\" srcset=\"https:\/\/marekkuchcinski.pl\/wp-content\/uploads\/2018\/12\/MMA_8494.jpg 2048w, https:\/\/marekkuchcinski.pl\/wp-content\/uploads\/2018\/12\/MMA_8494-300x200.jpg 300w, https:\/\/marekkuchcinski.pl\/wp-content\/uploads\/2018\/12\/MMA_8494-768x513.jpg 768w, https:\/\/marekkuchcinski.pl\/wp-content\/uploads\/2018\/12\/MMA_8494-1024x683.jpg 1024w\" sizes=\"(max-width: 7360px) 100vw, 7360px\" \/><\/a>foto v albume \"V\u00fdchodn\u00e9 Po\u013esko\"), Adam Bujak<\/em><a href=\"https:\/\/marekkuchcinski.pl\/wp-content\/uploads\/2018\/12\/DSC_0437.jpg\"><img decoding=\"async\" class=\"alignnone size-full wp-image-11765\" src=\"https:\/\/marekkuchcinski.pl\/wp-content\/uploads\/2018\/12\/DSC_0437.jpg\" alt=\"DSC_0437\" width=\"3368\" height=\"2371\" srcset=\"https:\/\/marekkuchcinski.pl\/wp-content\/uploads\/2018\/12\/DSC_0437.jpg 2048w, https:\/\/marekkuchcinski.pl\/wp-content\/uploads\/2018\/12\/DSC_0437-300x211.jpg 300w, https:\/\/marekkuchcinski.pl\/wp-content\/uploads\/2018\/12\/DSC_0437-768x541.jpg 768w, https:\/\/marekkuchcinski.pl\/wp-content\/uploads\/2018\/12\/DSC_0437-1024x721.jpg 1024w\" sizes=\"(max-width: 3368px) 100vw, 3368px\" \/><\/a> <a href=\"https:\/\/marekkuchcinski.pl\/wp-content\/uploads\/2018\/12\/DSC_0435.jpg\"><img loading=\"lazy\" decoding=\"async\" class=\"alignnone size-full wp-image-11767\" src=\"https:\/\/marekkuchcinski.pl\/wp-content\/uploads\/2018\/12\/DSC_0435.jpg\" alt=\"DSC_0435\" width=\"2657\" height=\"3491\" srcset=\"https:\/\/marekkuchcinski.pl\/wp-content\/uploads\/2018\/12\/DSC_0435.jpg 1559w, https:\/\/marekkuchcinski.pl\/wp-content\/uploads\/2018\/12\/DSC_0435-228x300.jpg 228w, https:\/\/marekkuchcinski.pl\/wp-content\/uploads\/2018\/12\/DSC_0435-768x1009.jpg 768w, https:\/\/marekkuchcinski.pl\/wp-content\/uploads\/2018\/12\/DSC_0435-779x1024.jpg 779w\" sizes=\"(max-width: 2657px) 100vw, 2657px\" \/><\/a><\/p>\n<p><a href=\"https:\/\/marekkuchcinski.pl\/wp-content\/uploads\/2018\/12\/ab.jpg\"><img loading=\"lazy\" decoding=\"async\" class=\"alignnone wp-image-11740\" src=\"https:\/\/marekkuchcinski.pl\/wp-content\/uploads\/2018\/12\/ab.jpg\" alt=\"ab\" width=\"1216\" height=\"812\" srcset=\"https:\/\/marekkuchcinski.pl\/wp-content\/uploads\/2018\/12\/ab.jpg 800w, https:\/\/marekkuchcinski.pl\/wp-content\/uploads\/2018\/12\/ab-300x200.jpg 300w, https:\/\/marekkuchcinski.pl\/wp-content\/uploads\/2018\/12\/ab-768x513.jpg 768w\" sizes=\"(max-width: 1216px) 100vw, 1216px\" \/><\/a><\/p>\n<p>V novembri 2017, po\u010das 17. n\u00e1rodn\u00e9ho festivalu po\u013eskej vlasteneckej piesne, piesne a po\u00e9zie v Lubaczowe, predseda Sejmu odovzdal Adamovi Bujakovi so\u0161ku \"Boh a vlas\u0165\". Vyznamenanie ude\u013euj\u00fa organiz\u00e1tori festivalu za vynikaj\u00face v\u00fdsledky v oblasti propag\u00e1cie po\u013eskej kult\u00fary. Fotograf roky dokumentoval \u017eivot a pontifik\u00e1t J\u00e1na Pavla II. Adam Bujak je dr\u017eite\u013eom mnoh\u00fdch po\u013esk\u00fdch i zahrani\u010dn\u00fdch ocenen\u00ed a autorom stoviek albumov, kn\u00edh a plag\u00e1tov. Tento rok dostal od prezidenta Po\u013eskej republiky Rad bieleho orla.<\/p>","protected":false},"excerpt":{"rendered":"<p>Na 440 kartach albumu fotograf Adam Bujak\u00a0przybli\u017ca\u00a0nam\u00a0Polsk\u0119 Wschodni\u0105. 177 miejscowo\u015bci pogranicza jawi si\u0119\u00a0 jako\u00a0wyj\u0105tkowe miejsca, nieska\u017cone fabrykami, spalinami, do kt\u00f3rych lgn\u0105 ludzie z r\u00f3\u017cnych zak\u0105tk\u00f3w globu. Widzimy malowniczy \u015bwiat wspania\u0142ych zabytk\u00f3w, g\u00f3r, \u015bwiat przesi\u0105kni\u0119ty wolno\u015bci\u0105, patriotyczn\u0105 tradycj\u0105 i r\u00f3\u017cnorodn\u0105 kultur\u0105. Podczas\u00a0promocji ksi\u0105\u017cki marsza\u0142ek Sejmu Marek Kuchci\u0144ski pogratulowa\u0142 Adamowi Bujakowi uchwycenia niezwyk\u0142ego\u00a0charakteru tej cz\u0119\u015bci Polski.\u00a0Marsza\u0142ek zaznaczy\u0142, [&hellip;]<\/p>\n","protected":false},"author":6,"featured_media":11767,"comment_status":"open","ping_status":"open","sticky":false,"template":"","format":"standard","meta":{"ngg_post_thumbnail":0,"footnotes":""},"categories":[49,3],"tags":[],"class_list":["post-11739","post","type-post","status-publish","format-standard","has-post-thumbnail","hentry","category-podkarpacie","category-wydarzenia"],"_links":{"self":[{"href":"https:\/\/marekkuchcinski.pl\/sk\/wp-json\/wp\/v2\/posts\/11739","targetHints":{"allow":["GET"]}}],"collection":[{"href":"https:\/\/marekkuchcinski.pl\/sk\/wp-json\/wp\/v2\/posts"}],"about":[{"href":"https:\/\/marekkuchcinski.pl\/sk\/wp-json\/wp\/v2\/types\/post"}],"author":[{"embeddable":true,"href":"https:\/\/marekkuchcinski.pl\/sk\/wp-json\/wp\/v2\/users\/6"}],"replies":[{"embeddable":true,"href":"https:\/\/marekkuchcinski.pl\/sk\/wp-json\/wp\/v2\/comments?post=11739"}],"version-history":[{"count":27,"href":"https:\/\/marekkuchcinski.pl\/sk\/wp-json\/wp\/v2\/posts\/11739\/revisions"}],"predecessor-version":[{"id":11792,"href":"https:\/\/marekkuchcinski.pl\/sk\/wp-json\/wp\/v2\/posts\/11739\/revisions\/11792"}],"wp:featuredmedia":[{"embeddable":true,"href":"https:\/\/marekkuchcinski.pl\/sk\/wp-json\/wp\/v2\/media\/11767"}],"wp:attachment":[{"href":"https:\/\/marekkuchcinski.pl\/sk\/wp-json\/wp\/v2\/media?parent=11739"}],"wp:term":[{"taxonomy":"category","embeddable":true,"href":"https:\/\/marekkuchcinski.pl\/sk\/wp-json\/wp\/v2\/categories?post=11739"},{"taxonomy":"post_tag","embeddable":true,"href":"https:\/\/marekkuchcinski.pl\/sk\/wp-json\/wp\/v2\/tags?post=11739"}],"curies":[{"name":"wp","href":"https:\/\/api.w.org\/{rel}","templated":true}]}}