{"id":11655,"date":"2018-12-09T12:46:38","date_gmt":"2018-12-09T11:46:38","guid":{"rendered":"https:\/\/marekkuchcinski.pl\/?p=11655"},"modified":"2018-12-12T14:37:22","modified_gmt":"2018-12-12T13:37:22","slug":"kola-gospodyn-wiejskich-beda-mogly-zarabiac-wystepowac-o-dotacje","status":"publish","type":"post","link":"https:\/\/marekkuchcinski.pl\/sk\/wydarzenia\/kola-gospodyn-wiejskich-beda-mogly-zarabiac-wystepowac-o-dotacje\/","title":{"rendered":"Zdru\u017eenia vidieckych \u017eien m\u00f4\u017eu z\u00edskava\u0165 a \u017eiada\u0165 o dot\u00e1cie. Prednos\u0165 maj\u00fa existuj\u00face"},"content":{"rendered":"<div dir=\"ltr\">\n<div dir=\"ltr\">\n<div id=\"gmail-applications\" class=\"gmail-row\">\n<dl class=\"gmail-punktory gmail-afx-punktory-border\">\n<dd>\n<hr \/>\n<h4 style=\"text-align: left;\"><span style=\"color: #000000;\">Sejm prijal z\u00e1kon o kr\u00fa\u017ekoch vidieckych \u017eien, ktor\u00fd obsahuje ve\u013emi konkr\u00e9tne - finan\u010dn\u00e9 a administrat\u00edvne - n\u00e1stroje na podporu tejto \u010dinnosti. Predov\u0161etk\u00fdm ide o skuto\u010dn\u00fa finan\u010dn\u00fa pomoc - od 3 do 5 tis\u00edc zlot\u00fdch na za\u010diatok, ale aj o da\u0148ov\u00e9 \u00fa\u013eavy, bezplatn\u00e9 pr\u00e1vne slu\u017eby, form\u00e1lne u\u013eah\u010denia. A \u00fapln\u00e1 sloboda vo\u013eby - bu\u010f ako doteraz, alebo pod\u013ea nov\u00fdch, jednoduch\u0161\u00edch pravidiel.<\/span><\/h4>\n<p>Pokyny na z\u00edskanie finan\u010dn\u00fdch prostriedkov pre Village Circle.<\/p>\n<p>Krok 1: zaregistrujte svoj KGW v Agent\u00fare pre re\u0161trukturaliz\u00e1ciu a moderniz\u00e1ciu po\u013enohospod\u00e1rstva.<\/p>\n<p>Krok 2: Otvorte si bankov\u00fd \u00fa\u010det.<\/p>\n<p>Krok 3: Za aktivity svojho kr\u00fa\u017eku zarobte od 3 000 do 5 000 libier.<\/p>\n<p><a href=\"https:\/\/marekkuchcinski.pl\/wp-content\/uploads\/2018\/12\/20181209_124841.jpg\"><img fetchpriority=\"high\" decoding=\"async\" class=\"alignnone size-full wp-image-11670\" src=\"https:\/\/marekkuchcinski.pl\/wp-content\/uploads\/2018\/12\/20181209_124841.jpg\" alt=\"_20181209_124841\" width=\"2160\" height=\"2577\" srcset=\"https:\/\/marekkuchcinski.pl\/wp-content\/uploads\/2018\/12\/20181209_124841.jpg 1717w, https:\/\/marekkuchcinski.pl\/wp-content\/uploads\/2018\/12\/20181209_124841-251x300.jpg 251w, https:\/\/marekkuchcinski.pl\/wp-content\/uploads\/2018\/12\/20181209_124841-768x916.jpg 768w, https:\/\/marekkuchcinski.pl\/wp-content\/uploads\/2018\/12\/20181209_124841-858x1024.jpg 858w\" sizes=\"(max-width: 2160px) 100vw, 2160px\" \/><\/a><\/p>\n<blockquote>\n<div dir=\"ltr\">\n<div dir=\"ltr\">\n<div id=\"gmail-applications\" class=\"gmail-row\" style=\"text-align: center;\">\n<dl class=\"gmail-punktory gmail-afx-punktory-border\">\n<dt><\/dt>\n<dd><span style=\"color: #000000;\"><a style=\"color: #000000;\" title=\"\u017diados\u0165 o vstup\" href=\"http:\/\/www.kobietygospodarnewyjatkowe.pl\/media\/66451\/Wniosek_o_wpis_KGW_MIIR.PDF\" target=\"_blank\">\u017diados\u0165 o z\u00e1pis kr\u00fa\u017eku do N\u00e1rodn\u00e9ho registra kr\u00fa\u017ekov vidieckych \u017eien<\/a><span class=\"gmail-file-details\">\u00a0(PDF 388 KB)<\/span><\/span><\/dd>\n<dt><\/dt>\n<dd><span style=\"color: #000000;\"><a style=\"color: #000000;\" title=\"Pr\u00edloha k \u017eiadosti\" href=\"http:\/\/www.kobietygospodarnewyjatkowe.pl\/media\/66449\/KGW_zalacznik_dla_zalozycieli_i_czlonkow_kola_MII.PDF\" target=\"_blank\">Pr\u00edloha k \u017eiadosti - zoznam \u010dlenov kruhu<\/a><span class=\"gmail-file-details\">\u00a0\u00a0(PDF 372 KB)<\/span><\/span><\/dd>\n<dt><\/dt>\n<dd><span style=\"color: #000000;\"><a style=\"color: #000000;\" title=\"Vzorov\u00e9 stanovy\" href=\"http:\/\/www.kobietygospodarnewyjatkowe.pl\/media\/66450\/STATUT_KGW.pdf\" target=\"_blank\">Modelov\u00e9 stanovy pre KGW<\/a><span class=\"gmail-file-details\">\u00a0(PDF 303 KB)<\/span><\/span><\/dd>\n<dt><\/dt>\n<dd><span style=\"color: #000000;\"><a style=\"color: #000000;\" title=\"Pokyny na vyplnenie \u017eiadosti\" href=\"http:\/\/www.kobietygospodarnewyjatkowe.pl\/media\/66448\/Instrukcja_wypelniania_wniosku_o_wpis_kola_gospodyn_wiejskich_do_KRKGW.pdf\" target=\"_blank\">Pokyny na vyplnenie \u017eiadosti a pr\u00edlohy\u00a0<\/a><span class=\"gmail-file-details\">\u00a0(PDF 424 KB)<\/span><\/span><\/dd>\n<dd><\/dd>\n<dd><\/dd>\n<\/dl>\n<\/div>\n<\/div>\n<\/div>\n<\/blockquote>\n<blockquote>\n<div dir=\"ltr\" style=\"text-align: center;\"><b>Programov\u00ed splnomocnenci v okresoch Podkarpatsk\u00e9ho vojvodstva:<\/b><\/div>\n<\/blockquote>\n<h2 id=\"gmail-Powiat bieszczadzki\" style=\"text-align: center;\"><span style=\"color: #000000;\">Bieszczadsk\u00fd okres<\/span><\/h2>\n<p style=\"text-align: center;\"><span style=\"color: #000000;\">Okresn\u00fd \u00farad Ustrzyki Dolne<\/span><\/p>\n<p style=\"text-align: center;\"><strong>Anna Karpijewicz<\/strong><\/p>\n<\/dd>\n<\/dl>\n<dl class=\"gmail-punktory gmail-afx-punktory-border\">\n<dd>\n<p style=\"text-align: center;\"><span style=\"color: #000000;\">Trhov\u00e9 n\u00e1mestie 6<\/span><\/p>\n<p style=\"text-align: center;\"><span style=\"color: #000000;\">38-700 Ustrzyki Dolne<\/span><\/p>\n<p style=\"text-align: center;\"><span style=\"color: #000000;\">tel. 13 461 37 61<\/span><\/p>\n<p style=\"text-align: center;\"><span style=\"color: #000000;\">fax 13 461 11 41<\/span><\/p>\n<h2 id=\"gmail-Powiat\u00a0brzozowski\" style=\"text-align: center;\"><span style=\"color: #000000;\">Powiat brzozowski<\/span><\/h2>\n<p style=\"text-align: center;\"><span style=\"color: #000000;\">Okresn\u00fd \u00farad Brzoz\u00f3w<\/span><\/p>\n<p style=\"text-align: center;\"><strong>Bo\u017cena Paczkowska<\/strong><\/p>\n<\/dd>\n<\/dl>\n<dl class=\"gmail-punktory gmail-afx-punktory-border\">\n<dd>\n<p style=\"text-align: center;\"><span style=\"color: #000000;\">Ulica 3go Maja 1<\/span><\/p>\n<p style=\"text-align: center;\"><span style=\"color: #000000;\">36-200 Brzoz\u00f3w<\/span><\/p>\n<p style=\"text-align: center;\"><span style=\"color: #000000;\">tel. 13 434 41 01<\/span><\/p>\n<p style=\"text-align: center;\"><span style=\"color: #000000;\">fax 13 434 31 61<\/span><\/p>\n<h2 id=\"gmail-Powiat\u00a0d\u0119bicki\" style=\"text-align: center;\"><span style=\"color: #000000;\">Okres Debica<\/span><\/h2>\n<p style=\"text-align: center;\"><span style=\"color: #000000;\">Okresn\u00fd \u00farad v Debici<\/span><\/p>\n<p style=\"text-align: center;\"><strong>Ewelina Ku\u015b<\/strong><\/p>\n<\/dd>\n<\/dl>\n<dl class=\"gmail-punktory gmail-afx-punktory-border\">\n<dd>\n<p style=\"text-align: center;\"><span style=\"color: #000000;\">Ulica Kolejowa 36<\/span><\/p>\n<p style=\"text-align: center;\"><span style=\"color: #000000;\">39-200 Debica<\/span><\/p>\n<p style=\"text-align: center;\"><span style=\"color: #000000;\">tel. 14 676 60 11<\/span><\/p>\n<p style=\"text-align: center;\"><span style=\"color: #000000;\">fax 14 670 35 73<\/span><\/p>\n<h2 id=\"gmail-Powiat\u00a0jaros\u0142awski\" style=\"text-align: center;\"><span style=\"color: #000000;\">Okres Jaros\u0142aw<\/span><\/h2>\n<p style=\"text-align: center;\"><span style=\"color: #000000;\">Okresn\u00fd \u00farad v Jaroslawi\u00a0<\/span><\/p>\n<p style=\"text-align: center;\"><strong>Krzysztof Piecuch<\/strong><\/p>\n<\/dd>\n<\/dl>\n<dl class=\"gmail-punktory gmail-afx-punktory-border\">\n<dd>\n<p style=\"text-align: center;\"><span style=\"color: #000000;\">Ulica Grunwaldzka 7<\/span><\/p>\n<p style=\"text-align: center;\"><span style=\"color: #000000;\">37-500 Jaroslaw<\/span><\/p>\n<p style=\"text-align: center;\"><span style=\"color: #000000;\">tel. 16 624 20 45<\/span><\/p>\n<p style=\"text-align: center;\"><span style=\"color: #000000;\">fax 16 623 29 11<\/span><\/p>\n<h2 id=\"gmail-Powiat\u00a0jasielski\" style=\"text-align: center;\"><span style=\"color: #000000;\">Okres Jasielsk<\/span><\/h2>\n<p style=\"text-align: center;\"><span style=\"color: #000000;\">Okresn\u00fd \u00farad Jaslo<\/span><\/p>\n<p style=\"text-align: center;\"><strong>Anna Byczek<\/strong><\/p>\n<\/dd>\n<\/dl>\n<dl class=\"gmail-punktory gmail-afx-punktory-border\">\n<dd>\n<p style=\"text-align: center;\"><span style=\"color: #000000;\">Ulica S\u0142owackiego 6<\/span><\/p>\n<p style=\"text-align: center;\"><span style=\"color: #000000;\">38-200 Jaslo<\/span><\/p>\n<p style=\"text-align: center;\"><span style=\"color: #000000;\">tel. 13 448 42 81<\/span><\/p>\n<p style=\"text-align: center;\"><span style=\"color: #000000;\">fax 13 448 08 50<\/span><\/p>\n<h2 id=\"gmail-Powiat\u00a0kolbuszowski\" style=\"text-align: center;\"><span style=\"color: #000000;\">Kolbuszowa Poviat<\/span><\/h2>\n<p style=\"text-align: center;\"><span style=\"color: #000000;\">Okresn\u00fd \u00farad v Kolbuszowej<\/span><\/p>\n<p style=\"text-align: center;\"><strong>Barbara Zygo<\/strong><\/p>\n<\/dd>\n<\/dl>\n<dl class=\"gmail-punktory gmail-afx-punktory-border\">\n<dd>\n<p style=\"text-align: center;\"><span style=\"color: #000000;\">Ulica Towarowa 4<\/span><\/p>\n<p style=\"text-align: center;\"><span style=\"color: #000000;\">36-100 Kolbuszowa<\/span><\/p>\n<p style=\"text-align: center;\"><span style=\"color: #000000;\">tel. 17 227 00 30<\/span><\/p>\n<p style=\"text-align: center;\"><span style=\"color: #000000;\">fax 17 227 21 62<\/span><\/p>\n<h2 id=\"gmail-Powiat\u00a0kro\u015bnie\u0144ski\" style=\"text-align: center;\"><span style=\"color: #000000;\">Okres Krosno<\/span><\/h2>\n<p style=\"text-align: center;\"><span style=\"color: #000000;\">Okresn\u00fd \u00farad Krosno\u00a0<\/span><\/p>\n<p style=\"text-align: center;\"><strong>Piotr Br\u0105giel<\/strong><\/p>\n<\/dd>\n<\/dl>\n<dl class=\"gmail-punktory gmail-afx-punktory-border\">\n<dd>\n<p style=\"text-align: center;\"><span style=\"color: #000000;\">Ulica \u017bwirki i Wigury 9<\/span><\/p>\n<p style=\"text-align: center;\"><span style=\"color: #000000;\">38-400 Krosno<\/span><\/p>\n<p style=\"text-align: center;\"><span style=\"color: #000000;\">tel. 13 420 40 81<\/span><\/p>\n<p style=\"text-align: center;\"><span style=\"color: #000000;\">fax 13 436 45 42<\/span><\/p>\n<h2 id=\"gmail-Powiat\u00a0leski\" style=\"text-align: center;\"><span style=\"color: #000000;\">Okres Leski<\/span><\/h2>\n<p style=\"text-align: center;\"><span style=\"color: #000000;\">Okresn\u00fd \u00farad v Lesku<\/span><\/p>\n<p style=\"text-align: center;\"><strong>Paulina Potoczna<\/strong><\/p>\n<\/dd>\n<\/dl>\n<dl class=\"gmail-punktory gmail-afx-punktory-border\">\n<dd>\n<p style=\"text-align: center;\"><span style=\"color: #000000;\">Ulica Moniuszki 6<\/span><\/p>\n<p style=\"text-align: center;\"><span style=\"color: #000000;\">38-600 Lesko<\/span><\/p>\n<p style=\"text-align: center;\"><span style=\"color: #000000;\">tel. 13 469 92 41<\/span><\/p>\n<p style=\"text-align: center;\"><span style=\"color: #000000;\">fax 13 469 65 80<\/span><\/p>\n<h2 id=\"gmail-Powiat\u00a0le\u017cajski\" style=\"text-align: center;\"><span style=\"color: #000000;\">Okres Lezajski<\/span><\/h2>\n<p style=\"text-align: center;\"><span style=\"color: #000000;\">Okresn\u00fd \u00farad v Le\u017eajsku<\/span><\/p>\n<p style=\"text-align: center;\"><strong>Grzegorz Kochman<\/strong><\/p>\n<\/dd>\n<\/dl>\n<dl class=\"gmail-punktory gmail-afx-punktory-border\">\n<dd>\n<p style=\"text-align: center;\"><span style=\"color: #000000;\">Ulica Mickiewicza 20<\/span><\/p>\n<p style=\"text-align: center;\"><span style=\"color: #000000;\">37-300 Le\u017eajsk<\/span><\/p>\n<p style=\"text-align: center;\"><span style=\"color: #000000;\">tel. 17 240 67 00<\/span><\/p>\n<p style=\"text-align: center;\"><span style=\"color: #000000;\">fax 17 242 62 58<\/span><\/p>\n<h2 id=\"gmail-Powiat lubaczowski\" style=\"text-align: center;\"><span style=\"color: #000000;\">Okres Lubaczow<\/span><\/h2>\n<p style=\"text-align: center;\"><span style=\"color: #000000;\">Okresn\u00fd \u00farad v Lubacz\u00f3we<\/span><\/p>\n<p style=\"text-align: center;\"><strong>Marlena Golenia<\/strong><\/p>\n<\/dd>\n<\/dl>\n<dl class=\"gmail-punktory gmail-afx-punktory-border\">\n<dd>\n<p style=\"text-align: center;\"><span style=\"color: #000000;\">Ulica Mazury 3<\/span><\/p>\n<p style=\"text-align: center;\"><span style=\"color: #000000;\">37-600 Lubacz\u00f3w<\/span><\/p>\n<p style=\"text-align: center;\"><span style=\"color: #000000;\">tel. 16 633 02 11<\/span><\/p>\n<p style=\"text-align: center;\"><span style=\"color: #000000;\">fax 16 632 46 48<\/span><\/p>\n<h2 id=\"gmail-Powiat\u00a0\u0142a\u0144cucki\" style=\"text-align: center;\"><span style=\"color: #000000;\">Okres \u0141a\u0144cut<\/span><\/h2>\n<p style=\"text-align: center;\"><span style=\"color: #000000;\">Okresn\u00fd \u00farad v \u0141a\u0144cute<\/span><\/p>\n<p style=\"text-align: center;\"><strong>Katarzyna \u015awi\u0119toniowska<\/strong><\/p>\n<\/dd>\n<\/dl>\n<dl class=\"gmail-punktory gmail-afx-punktory-border\">\n<dd>\n<p style=\"text-align: center;\"><span style=\"color: #000000;\">Ulica Traugutta 20<\/span><\/p>\n<p style=\"text-align: center;\"><span style=\"color: #000000;\">37-100 Lancut<\/span><\/p>\n<p style=\"text-align: center;\"><span style=\"color: #000000;\">tel. 17 224 03 30<\/span><\/p>\n<p style=\"text-align: center;\"><span style=\"color: #000000;\">fax 17 225 85 23<\/span><\/p>\n<h2 id=\"gmail-Powiat\u00a0mielecki\" style=\"text-align: center;\"><span style=\"color: #000000;\">Okres Mielec<\/span><\/h2>\n<p style=\"text-align: center;\"><span style=\"color: #000000;\">Okresn\u00fd \u00farad v Mielci<\/span><\/p>\n<p style=\"text-align: center;\"><strong>Wies\u0142aw Krupa<\/strong><\/p>\n<\/dd>\n<\/dl>\n<dl class=\"gmail-punktory gmail-afx-punktory-border\">\n<dd>\n<p style=\"text-align: center;\"><span style=\"color: #000000;\">1 Sienkiewicza St.<\/span><\/p>\n<p style=\"text-align: center;\"><span style=\"color: #000000;\">39-300 Mielec<\/span><\/p>\n<p style=\"text-align: center;\"><span style=\"color: #000000;\">tel. 17 581 06 10<\/span><\/p>\n<p style=\"text-align: center;\"><span style=\"color: #000000;\">fax 17 585 39 56<\/span><\/p>\n<h2 id=\"gmail-Powiat\u00a0ni\u017ca\u0144ski\" style=\"text-align: center;\"><span style=\"color: #000000;\">Okres Nisko<\/span><\/h2>\n<p style=\"text-align: center;\"><span style=\"color: #000000;\">Okresn\u00fd \u00farad v Nisku<\/span><\/p>\n<p style=\"text-align: center;\"><strong>Janusz Bronkiewicz<\/strong><\/p>\n<\/dd>\n<\/dl>\n<dl class=\"gmail-punktory gmail-afx-punktory-border\">\n<dd>\n<p style=\"text-align: center;\"><span style=\"color: #000000;\">Ulica Rzeszowska 42<\/span><\/p>\n<p style=\"text-align: center;\"><span style=\"color: #000000;\">37-400 Nisko<\/span><\/p>\n<p style=\"text-align: center;\"><span style=\"color: #000000;\">tel. 15 843 28 74<\/span><\/p>\n<p style=\"text-align: center;\"><span style=\"color: #000000;\">fax 15 841 54 01<\/span><\/p>\n<h2 id=\"gmail-Powiat\u00a0przemyski\" style=\"text-align: center;\"><span style=\"color: #000000;\">Povodie Przemy\u015bla<\/span><\/h2>\n<p style=\"text-align: center;\"><span style=\"color: #000000;\">Okresn\u00fd \u00farad v Przemy\u015bli<\/span><\/p>\n<p style=\"text-align: center;\"><strong>Anna Makara<\/strong><\/p>\n<\/dd>\n<\/dl>\n<dl class=\"gmail-punktory gmail-afx-punktory-border\">\n<dd>\n<p style=\"text-align: center;\"><span style=\"color: #000000;\">Ulica Grunwaldzka 58<\/span><\/p>\n<p style=\"text-align: center;\"><span style=\"color: #000000;\">37-700 Przemy\u015bl<\/span><\/p>\n<p style=\"text-align: center;\"><span style=\"color: #000000;\">tel. 16 677 00 63<\/span><\/p>\n<p style=\"text-align: center;\"><span style=\"color: #000000;\">fax 16 670 30 94<\/span><\/p>\n<h2 id=\"gmail-Powiat\u00a0przeworski\" style=\"text-align: center;\"><span style=\"color: #000000;\">Przeworski Poviat<\/span><\/h2>\n<p style=\"text-align: center;\"><span style=\"color: #000000;\">Okresn\u00fd \u00farad Przeworsk<\/span><\/p>\n<p style=\"text-align: center;\"><strong>Magdalena Ro\u017cek<\/strong><\/p>\n<\/dd>\n<\/dl>\n<dl class=\"gmail-punktory gmail-afx-punktory-border\">\n<dd>\n<p style=\"text-align: center;\"><span style=\"color: #000000;\">Ulica Budowlanych 1<\/span><\/p>\n<p style=\"text-align: center;\"><span style=\"color: #000000;\">37-200 Przeworsk<\/span><\/p>\n<p style=\"text-align: center;\"><span style=\"color: #000000;\">tel. 16 649 04 60<\/span><\/p>\n<p style=\"text-align: center;\"><span style=\"color: #000000;\">fax 16 648 66 47<\/span><\/p>\n<h2 id=\"gmail-Powiat\u00a0ropczycko-s\u0119dziszowski\" style=\"text-align: center;\"><span style=\"color: #000000;\">Ropczycko-s\u0119dziszowski poviat<\/span><\/h2>\n<p style=\"text-align: center;\"><span style=\"color: #000000;\">\u00a0 Okresn\u00fd \u00farad v Ropczyciach<\/span><\/p>\n<p style=\"text-align: center;\"><strong>Anna Wy\u017ckiewicz<\/strong><\/p>\n<\/dd>\n<\/dl>\n<dl class=\"gmail-punktory gmail-afx-punktory-border\">\n<dd>\n<p style=\"text-align: center;\"><span style=\"color: #000000;\">Barbary Street 4<\/span><\/p>\n<p style=\"text-align: center;\"><span style=\"color: #000000;\">39-100 Ropczyce<\/span><\/p>\n<p style=\"text-align: center;\"><span style=\"color: #000000;\">tel. 17 221 06 20<\/span><\/p>\n<p style=\"text-align: center;\"><span style=\"color: #000000;\">fax 17 221 85 36<\/span><\/p>\n<h2 id=\"gmail-Powiat\u00a0rzeszowski\" style=\"text-align: center;\"><span style=\"color: #000000;\">Rzesz\u00f3w Poviat<\/span><\/h2>\n<p style=\"text-align: center;\"><span style=\"color: #000000;\">\u00darad poviatu v Rzeszowe<\/span><\/p>\n<p style=\"text-align: center;\"><strong>Ernest Lasota<\/strong><\/p>\n<\/dd>\n<\/dl>\n<dl class=\"gmail-punktory gmail-afx-punktory-border\">\n<dd>\n<p style=\"text-align: center;\"><span style=\"color: #000000;\">Lubelsk\u00e1 46<\/span><\/p>\n<p style=\"text-align: center;\"><span style=\"color: #000000;\">35-233 Rzesz\u00f3w<\/span><\/p>\n<p style=\"text-align: center;\"><span style=\"color: #000000;\">tel. 17 860 22 41<\/span><\/p>\n<p style=\"text-align: center;\"><span style=\"color: #000000;\">fax 17 864 20 26<\/span><\/p>\n<h2 id=\"gmail-Powiat\u00a0sanocki\" style=\"text-align: center;\"><span style=\"color: #000000;\">Okres Sanocki<\/span><\/h2>\n<p style=\"text-align: center;\"><span style=\"color: #000000;\">Okresn\u00fd \u00farad v Sanoku<\/span><\/p>\n<p style=\"text-align: center;\"><strong>Lidia Lipka<\/strong><\/p>\n<\/dd>\n<\/dl>\n<dl class=\"gmail-punktory gmail-afx-punktory-border\">\n<dd>\n<p style=\"text-align: center;\"><span style=\"color: #000000;\">Ulica Mickiewicza 29<\/span><\/p>\n<p style=\"text-align: center;\"><span style=\"color: #000000;\">38-500 Sanok<\/span><\/p>\n<p style=\"text-align: center;\"><span style=\"color: #000000;\">tel. 13 464 68 61<\/span><\/p>\n<p style=\"text-align: center;\"><span style=\"color: #000000;\">fax 13 464 75 20<\/span><\/p>\n<h2 id=\"gmail-Powiat\u00a0stalowowolski\" style=\"text-align: center;\"><span style=\"color: #000000;\">Okres Stalowa Wola<\/span><\/h2>\n<p style=\"text-align: center;\"><span style=\"color: #000000;\">Okresn\u00fd \u00farad v Stalowej Woli<\/span><\/p>\n<p style=\"text-align: center;\"><strong>Marcin Chodorek<\/strong><\/p>\n<\/dd>\n<\/dl>\n<dl class=\"gmail-punktory gmail-afx-punktory-border\">\n<dd>\n<p style=\"text-align: center;\"><span style=\"color: #000000;\">Ulica Dmowskiego 10<\/span><\/p>\n<p style=\"text-align: center;\"><span style=\"color: #000000;\">37-450 Stalowa Wola<\/span><\/p>\n<p style=\"text-align: center;\"><span style=\"color: #000000;\">tel. 15 843 28 60<\/span><\/p>\n<p style=\"text-align: center;\"><span style=\"color: #000000;\">fax 15 844 54 74<\/span><\/p>\n<h2 id=\"gmail-Powiat\u00a0strzy\u017cowski\" style=\"text-align: center;\"><span style=\"color: #000000;\">Strzy\u017cowsk\u00fd okres<\/span><\/h2>\n<p style=\"text-align: center;\"><span style=\"color: #000000;\">Okresn\u00fd \u00farad Strzy\u017c\u00f3w\u00a0<\/span><\/p>\n<p style=\"text-align: center;\"><strong>Marta Nowak<\/strong><\/p>\n<\/dd>\n<\/dl>\n<dl class=\"gmail-punktory gmail-afx-punktory-border\">\n<dd>\n<p style=\"text-align: center;\"><span style=\"color: #000000;\">38 1-go Maja Street<\/span><\/p>\n<p style=\"text-align: center;\"><span style=\"color: #000000;\">38-100 Strzy\u017c\u00f3w<\/span><\/p>\n<p style=\"text-align: center;\"><span style=\"color: #000000;\">tel. 17 276 05 01<\/span><\/p>\n<p style=\"text-align: center;\"><span style=\"color: #000000;\">fax 17 276 10 18<\/span><\/p>\n<h2 id=\"gmail-Powiat\u00a0tarnobrzeski\" style=\"text-align: center;\"><span style=\"color: #000000;\">Okres Tarnobrzeg<\/span><\/h2>\n<p style=\"text-align: center;\"><span style=\"color: #000000;\">\u00a0Okresn\u00fd \u00farad Tarnobrzeg\u00a0<\/span><\/p>\n<p style=\"text-align: center;\"><strong>Grzegorz Kozik<\/strong><\/p>\n<\/dd>\n<\/dl>\n<dl class=\"gmail-punktory gmail-afx-punktory-border\">\n<dd>\n<p style=\"text-align: center;\"><span style=\"color: #000000;\">4a 1-go Maja St.<\/span><\/p>\n<p style=\"text-align: center;\"><span style=\"color: #000000;\">39-400 Tarnobrzeg<\/span><\/p>\n<p style=\"text-align: center;\"><span style=\"color: #000000;\">tel. 15 823 47 48<\/span><\/p>\n<p style=\"text-align: center;\"><span style=\"color: #000000;\">fax 15 822 95 51<\/span><\/p>\n<\/dd>\n<\/dl>\n<\/div>\n<\/div>\n<\/div>\n<p><span style=\"color: #000000;\"><a style=\"color: #000000;\" href=\"https:\/\/marekkuchcinski.pl\/wp-content\/uploads\/2018\/12\/Gospodynie-wiejskie.jpg\"><img decoding=\"async\" class=\"alignnone size-full wp-image-11656 alignleft\" src=\"https:\/\/marekkuchcinski.pl\/wp-content\/uploads\/2018\/12\/Gospodynie-wiejskie.jpg\" alt=\"Gospodynie wiejskie\" width=\"960\" height=\"720\" srcset=\"https:\/\/marekkuchcinski.pl\/wp-content\/uploads\/2018\/12\/Gospodynie-wiejskie.jpg 960w, https:\/\/marekkuchcinski.pl\/wp-content\/uploads\/2018\/12\/Gospodynie-wiejskie-300x225.jpg 300w, https:\/\/marekkuchcinski.pl\/wp-content\/uploads\/2018\/12\/Gospodynie-wiejskie-768x576.jpg 768w\" sizes=\"(max-width: 960px) 100vw, 960px\" \/><\/a><\/span><\/p>","protected":false},"excerpt":{"rendered":"<p>Sejm uchwali\u0142 ustaw\u0119 o Ko\u0142ach Gospody\u0144 Wiejskich, w kt\u00f3rej zawarto bardzo konkretne &#8211; finansowe i administracyjne &#8211; narz\u0119dzia wsparcia\u00a0tej dzia\u0142alno\u015bci. To przede wszystkim realna pomoc finansowa &#8211; od 3 do 5 tys. z\u0142otych na start, ale tak\u017ce ulgi podatkowe, bezp\u0142atna obs\u0142uga prawna, u\u0142atwienia formalne. I pe\u0142na swoboda wyboru &#8211; albo dzia\u0142alno\u015b\u0107 w dotychczasowej formie, albo [&hellip;]<\/p>\n","protected":false},"author":6,"featured_media":11656,"comment_status":"open","ping_status":"open","sticky":false,"template":"","format":"standard","meta":{"ngg_post_thumbnail":0,"footnotes":""},"categories":[49,82,3],"tags":[],"class_list":["post-11655","post","type-post","status-publish","format-standard","has-post-thumbnail","hentry","category-podkarpacie","category-prawo-i-sprawiedliwosc","category-wydarzenia"],"_links":{"self":[{"href":"https:\/\/marekkuchcinski.pl\/sk\/wp-json\/wp\/v2\/posts\/11655","targetHints":{"allow":["GET"]}}],"collection":[{"href":"https:\/\/marekkuchcinski.pl\/sk\/wp-json\/wp\/v2\/posts"}],"about":[{"href":"https:\/\/marekkuchcinski.pl\/sk\/wp-json\/wp\/v2\/types\/post"}],"author":[{"embeddable":true,"href":"https:\/\/marekkuchcinski.pl\/sk\/wp-json\/wp\/v2\/users\/6"}],"replies":[{"embeddable":true,"href":"https:\/\/marekkuchcinski.pl\/sk\/wp-json\/wp\/v2\/comments?post=11655"}],"version-history":[{"count":13,"href":"https:\/\/marekkuchcinski.pl\/sk\/wp-json\/wp\/v2\/posts\/11655\/revisions"}],"predecessor-version":[{"id":11777,"href":"https:\/\/marekkuchcinski.pl\/sk\/wp-json\/wp\/v2\/posts\/11655\/revisions\/11777"}],"wp:featuredmedia":[{"embeddable":true,"href":"https:\/\/marekkuchcinski.pl\/sk\/wp-json\/wp\/v2\/media\/11656"}],"wp:attachment":[{"href":"https:\/\/marekkuchcinski.pl\/sk\/wp-json\/wp\/v2\/media?parent=11655"}],"wp:term":[{"taxonomy":"category","embeddable":true,"href":"https:\/\/marekkuchcinski.pl\/sk\/wp-json\/wp\/v2\/categories?post=11655"},{"taxonomy":"post_tag","embeddable":true,"href":"https:\/\/marekkuchcinski.pl\/sk\/wp-json\/wp\/v2\/tags?post=11655"}],"curies":[{"name":"wp","href":"https:\/\/api.w.org\/{rel}","templated":true}]}}