{"id":11602,"date":"2018-12-09T12:53:59","date_gmt":"2018-12-09T11:53:59","guid":{"rendered":"https:\/\/marekkuchcinski.pl\/?p=11602"},"modified":"2018-12-09T17:18:55","modified_gmt":"2018-12-09T16:18:55","slug":"marek-kuchcinski-naszej-podkarpackiej-ziemi-konca-60-opozycyjne-dzialania-mialy-rownie-silny-wymiar-czasach-zolnierzy-wykletych","status":"publish","type":"post","link":"https:\/\/marekkuchcinski.pl\/sk\/wydarzenia\/marek-kuchcinski-naszej-podkarpackiej-ziemi-konca-60-opozycyjne-dzialania-mialy-rownie-silny-wymiar-czasach-zolnierzy-wykletych\/","title":{"rendered":"Marek Kuchci\u0144ski: V na\u0161om podkarpatskom regi\u00f3ne maj\u00fa opozi\u010dn\u00e9 aktivity od konca 60. rokov 20. storo\u010dia tak\u00fd siln\u00fd rozmer ako v \u010dasoch, ke\u010f sa tu pohybovali vojaci"},"content":{"rendered":"<p><strong>V Podkarpatskej filharm\u00f3nii v Rzeszowe sa konal Kongres represovan\u00fdch os\u00f4b, aktivistov Solidarity a veter\u00e1nov. Podujatie sa konalo pod \u010destnou z\u00e1\u0161titou predsedu Sejmu.<\/strong><\/p>\n<p>Marek Kuchci\u0144ski zd\u00f4raznil, \u017ee oslavy st\u00e9ho v\u00fdro\u010dia znovuz\u00edskania nez\u00e1vislosti Po\u013eska s\u00fa v celej krajine pr\u00edle\u017eitos\u0165ou pripomen\u00fa\u0165 si na\u0161u dlh\u00fa cestu k slobode a dvadsa\u0165 rokov mimoriadnej \u00fa\u010dasti celej spolo\u010dnosti na obnove druhej republiky.<\/p>\n<p>Predn\u00e1\u0161aj\u00faci pripomenul osobnosti, ktor\u00e9 \"\u010das triumfu \u013eudsk\u00e9ho myslenia, sily a energie\" in\u0161piroval k vytvoreniu vec\u00ed, ktor\u00e9 sa \u010dasto pou\u017e\u00edvaj\u00fa dodnes. Medzi nimi boli: Stefan Banach, jeden zo zakladate\u013eov modernej algebry; Karol Szymanowski, v\u00fdznamn\u00fd hudobn\u00fd skladate\u013e; J\u00f3zef Hoffman, vynikaj\u00faci klavirista a autor mnoh\u00fdch vyn\u00e1lezov, ako napr\u00edklad spinky, ktor\u00e1 sa dodnes pou\u017e\u00edva pod\u013ea vzoru hus\u013eov\u00e9ho k\u013e\u00fa\u010da; Jan Szczepanik z Mo\u015bciska, tvorca farebnej telev\u00edzie, alebo Henryk Magnuski, ktor\u00e9ho vysiela\u010dka sl\u00fa\u017eila cel\u00e9 desa\u0165ro\u010dia ako modern\u00fd mobiln\u00fd telef\u00f3n.<\/p>\n<p>Marek Kuchci\u0144ski zd\u00f4raznil, \u017ee 20 rokov trvaj\u00faca Druh\u00e1 republika bola obdob\u00edm, ke\u010f sa po\u010det po\u013eskej inteligencie zdvojn\u00e1sobil a z\u00e1rove\u0148 sa po\u010det analfabetov zn\u00ed\u017eil o polovicu. Bol to \u010das v\u00fdchovy st\u00e1tis\u00edcov \u0161pi\u010dkov\u00fdch odborn\u00edkov a mili\u00f3nov uvedomel\u00fdch vlastencov, pripraven\u00fdch obetova\u0165 sa za vlas\u0165. A napokon, je to obdobie zv\u00fd\u0161en\u00e9ho pocitu d\u00f4le\u017eitosti n\u00e1rodn\u00e9ho spolo\u010denstva a potreby stoto\u017eni\u0165 sa so zmyslom po\u013esk\u00e9ho \u0161t\u00e1tu. \u010cas posil\u0148ovania k\u013e\u00fa\u010dov\u00fdch individu\u00e1lnych a kolekt\u00edvnych hodn\u00f4t v spolo\u010denskom \u017eivote, ako je obetav\u00e1 slu\u017eba druh\u00fdm, pracovitos\u0165 a vytrvalos\u0165, a z\u00e1rove\u0148 \u010das ve\u013ek\u00fdch invest\u00edci\u00ed: CID s mestami ako Stalowa Wola, Rzesz\u00f3w, Mielec, Nowa D\u0119ba, Gdynia a Truskawiec, kde bolo za 20 rokov postaven\u00fdch viac ako 300 k\u00fape\u013en\u00fdch domov.<\/p>\n<p>Predseda Sejmu pouk\u00e1zal na to, \u017ee obdobie \u00faspe\u0161n\u00e9ho v\u00fdvoja preru\u0161ila desa\u0165ro\u010dia trvaj\u00faca nemeck\u00e1 a sovietska agresia vo\u010di Po\u013esku. - Ale my sme sa pustili do boja za obranu nez\u00e1vislosti, a to ozbrojen\u00fdmi prostriedkami aj opozi\u010dnou pr\u00e1cou. T\u00ed, ktor\u00ed bojovali so zbra\u0148ou v ruke, boli ozna\u010den\u00ed za zradcov n\u00e1roda. \u010cakalo ich v\u00e4zenie a \u010dasto aj rozsudok smrti. Ostatn\u00ed, ktor\u00ed sa vzopreli, boli vytla\u010den\u00ed na okraj spolo\u010dnosti. A\u017e v 21. storo\u010d\u00ed boli prekliati vojaci plne rehabilitovan\u00ed a a\u017e dnes ich v\u010faka po\u013esk\u00e9mu \u0161t\u00e1tu m\u00f4\u017eeme d\u00f4stojne pochova\u0165,\" povedal Marek Kuchci\u0144ski.<\/p>\n<p>- V na\u0161ej krajine na Podkarpatsku boli od konca 60. rokov minul\u00e9ho storo\u010dia opozi\u010dn\u00e9 aktivity rovnako siln\u00e9 ako aktivity elitn\u00fdch vojakov v 40. a za\u010diatkom 50. rokov minul\u00e9ho storo\u010dia. Pod veden\u00edm przemysk\u00e9ho arcibiskupa metropolitu Ignacyho Tokarczuka sme bojovali za re\u0161pektovanie \u013eudskej d\u00f4stojnosti, za pr\u00e1vo na slobodu svedomia a myslenia. Arcibiskup napriek z\u00e1kazom za\u010dal obrovsk\u00e9 dielo v\u00fdstavby kostolov, ktor\u00fdm v n\u00e1s prebudil t\u00fa\u017ebu \u017ei\u0165 bez z\u00e1kazov a komunistick\u00fdch direkt\u00edv,\" pripomenul predseda parlamentu. Zd\u00f4raznil tie\u017e vplyv, ktor\u00fd mali miestne spolo\u010denstv\u00e1 vytvoren\u00e9 na obranu cirkv\u00ed na vznik prv\u00fdch samostatn\u00fdch foriem organiz\u00e1cie z konca 70. rokov, ako bol V\u00fdbor na obranu veriacich v Kmieci v Przemy\u015bli s o. Michalski, Wit Siwiec, Stanis\u0142aw Sudo\u0142 \u010di Staszek Kusi\u0144ski, V\u00fdbor v Stalowej Woli s Janom Koz\u0142owsk\u00fdm, V\u00fdbor ro\u013en\u00edckej sebaobrany Rzeszowskej oblasti s Januszom Szkutnikom, otvoren\u00e9 vyst\u00fapenia na obranu p\u00f4dy v Bieszczadoch s Wie\u015bkom Nowack\u00fdm, okupa\u010dn\u00e9 \u0161trajky v Ustrzyckom Rzeszowe, Ustrzycko-Rzeszowsk\u00e9 dohody a ve\u013ek\u00e9 v\u00ed\u0165azstvo Solidarity a RI Solidarita.<\/p>\n<p>- Boli sme jednotn\u00ed. T\u00e1to jednota sa stala najv\u00e4\u010d\u0161ou zbra\u0148ou v boji proti komunistick\u00e9mu syst\u00e9mu nastolen\u00e9mu v Po\u013esku. Dnes, ke\u010f sa obzrieme sp\u00e4\u0165, m\u00f4\u017eeme smelo poveda\u0165, \u017ee komunizmus padol v\u010faka va\u0161ej odvahe, bojovej sile a odhodlaniu. Dali ste pr\u00edklad ostatn\u00fdm n\u00e1rodom, \u017ee slobodu a nez\u00e1vislos\u0165 si mus\u00edme n\u00e1rokova\u0165 a bojova\u0165 za \u0148u zo v\u0161etk\u00fdch s\u00edl. Za\u010dali sme ve\u013ek\u00fd pochod k nez\u00e1vislosti a ukon\u010dili sme ho ve\u013ek\u00fdm v\u00ed\u0165azstvom,\" tvrd\u00ed Marek Kuchci\u0144ski.<\/p>\n<p>Mar\u0161al vzdal najvy\u0161\u0161iu \u00factu vojnov\u00fdm veter\u00e1nom, protikomunistick\u00e9mu podzemiu a opozi\u010dn\u00fdm aktivistom z povojnov\u00fdch rokov a rokov Solidarity<\/p>\n<p>- Bez va\u0161ej obety a v\u00e1\u0161ho presved\u010denia o spr\u00e1vnosti boja, do ktor\u00e9ho ste sa pustili, by nebolo slobodn\u00e9ho a suver\u00e9nneho Po\u013eska. Bez vlastn\u00e9ho siln\u00e9ho \u0161t\u00e1tu by sme sl\u00fa\u017eili in\u00fdm,\" povedal.<\/p>\n<p>Stretnutie, ktor\u00e9 je s\u00fa\u010das\u0165ou projektu \"Nez\u00e1visl\u00e1 pam\u00e4\u0165 a hrdos\u0165 gener\u00e1ci\u00ed\", zorganizovala podkarpatsk\u00e1 vojvodky\u0148a Ewa Leniart.<\/p>\n<p><a href=\"https:\/\/marekkuchcinski.pl\/wp-content\/uploads\/2018\/12\/DSCF2115-1.jpg\"><img fetchpriority=\"high\" decoding=\"async\" class=\"alignnone size-full wp-image-11610\" src=\"https:\/\/marekkuchcinski.pl\/wp-content\/uploads\/2018\/12\/DSCF2115-1.jpg\" alt=\"DSCF2115 (1)\" width=\"3710\" height=\"2353\" srcset=\"https:\/\/marekkuchcinski.pl\/wp-content\/uploads\/2018\/12\/DSCF2115-1.jpg 2048w, https:\/\/marekkuchcinski.pl\/wp-content\/uploads\/2018\/12\/DSCF2115-1-300x190.jpg 300w, https:\/\/marekkuchcinski.pl\/wp-content\/uploads\/2018\/12\/DSCF2115-1-768x487.jpg 768w, https:\/\/marekkuchcinski.pl\/wp-content\/uploads\/2018\/12\/DSCF2115-1-1024x649.jpg 1024w\" sizes=\"(max-width: 3710px) 100vw, 3710px\" \/><\/a><a href=\"https:\/\/marekkuchcinski.pl\/wp-content\/uploads\/2018\/12\/DSCF2146-1.jpg\"><img decoding=\"async\" class=\"alignnone size-full wp-image-11604\" src=\"https:\/\/marekkuchcinski.pl\/wp-content\/uploads\/2018\/12\/DSCF2146-1.jpg\" alt=\"DSCF2146 (1)\" width=\"2636\" height=\"1661\" srcset=\"https:\/\/marekkuchcinski.pl\/wp-content\/uploads\/2018\/12\/DSCF2146-1.jpg 2048w, https:\/\/marekkuchcinski.pl\/wp-content\/uploads\/2018\/12\/DSCF2146-1-300x189.jpg 300w, https:\/\/marekkuchcinski.pl\/wp-content\/uploads\/2018\/12\/DSCF2146-1-768x484.jpg 768w, https:\/\/marekkuchcinski.pl\/wp-content\/uploads\/2018\/12\/DSCF2146-1-1024x645.jpg 1024w\" sizes=\"(max-width: 2636px) 100vw, 2636px\" \/><\/a>\u00a0Ewa Leniart<a href=\"https:\/\/marekkuchcinski.pl\/wp-content\/uploads\/2018\/12\/DSCF2155-1.jpg\"><img decoding=\"async\" class=\"alignnone size-full wp-image-11605\" src=\"https:\/\/marekkuchcinski.pl\/wp-content\/uploads\/2018\/12\/DSCF2155-1.jpg\" alt=\"DSCF2155 (1)\" width=\"4072\" height=\"2752\" srcset=\"https:\/\/marekkuchcinski.pl\/wp-content\/uploads\/2018\/12\/DSCF2155-1.jpg 2048w, https:\/\/marekkuchcinski.pl\/wp-content\/uploads\/2018\/12\/DSCF2155-1-300x203.jpg 300w, https:\/\/marekkuchcinski.pl\/wp-content\/uploads\/2018\/12\/DSCF2155-1-768x519.jpg 768w, https:\/\/marekkuchcinski.pl\/wp-content\/uploads\/2018\/12\/DSCF2155-1-1024x692.jpg 1024w\" sizes=\"(max-width: 4072px) 100vw, 4072px\" \/><\/a>Sl\u00e1vnos\u0165 ukon\u010dil koncert skupiny Pawla Steczkowsk\u00e9ho s n\u00e1zvom. \"Intern\u00e1tne piesne\"\u00a0<a href=\"https:\/\/marekkuchcinski.pl\/wp-content\/uploads\/2018\/12\/DSCF2157-1.jpg\"><img loading=\"lazy\" decoding=\"async\" class=\"alignnone size-full wp-image-11606\" src=\"https:\/\/marekkuchcinski.pl\/wp-content\/uploads\/2018\/12\/DSCF2157-1.jpg\" alt=\"DSCF2157 (1)\" width=\"4338\" height=\"2806\" srcset=\"https:\/\/marekkuchcinski.pl\/wp-content\/uploads\/2018\/12\/DSCF2157-1.jpg 2048w, https:\/\/marekkuchcinski.pl\/wp-content\/uploads\/2018\/12\/DSCF2157-1-300x194.jpg 300w, https:\/\/marekkuchcinski.pl\/wp-content\/uploads\/2018\/12\/DSCF2157-1-768x497.jpg 768w, https:\/\/marekkuchcinski.pl\/wp-content\/uploads\/2018\/12\/DSCF2157-1-1024x662.jpg 1024w\" sizes=\"(max-width: 4338px) 100vw, 4338px\" \/><\/a> <a href=\"https:\/\/marekkuchcinski.pl\/wp-content\/uploads\/2018\/12\/DSCF2174-1.jpg\"><img loading=\"lazy\" decoding=\"async\" class=\"alignnone size-full wp-image-11607\" src=\"https:\/\/marekkuchcinski.pl\/wp-content\/uploads\/2018\/12\/DSCF2174-1.jpg\" alt=\"DSCF2174 (1)\" width=\"3710\" height=\"2422\" srcset=\"https:\/\/marekkuchcinski.pl\/wp-content\/uploads\/2018\/12\/DSCF2174-1.jpg 2048w, https:\/\/marekkuchcinski.pl\/wp-content\/uploads\/2018\/12\/DSCF2174-1-300x196.jpg 300w, https:\/\/marekkuchcinski.pl\/wp-content\/uploads\/2018\/12\/DSCF2174-1-768x501.jpg 768w, https:\/\/marekkuchcinski.pl\/wp-content\/uploads\/2018\/12\/DSCF2174-1-1024x668.jpg 1024w\" sizes=\"(max-width: 3710px) 100vw, 3710px\" \/><\/a> <a href=\"https:\/\/marekkuchcinski.pl\/wp-content\/uploads\/2018\/12\/DSCF2246-1.jpg\"><img loading=\"lazy\" decoding=\"async\" class=\"alignnone size-full wp-image-11609\" src=\"https:\/\/marekkuchcinski.pl\/wp-content\/uploads\/2018\/12\/DSCF2246-1.jpg\" alt=\"DSCF2246 (1)\" width=\"4372\" height=\"3096\" srcset=\"https:\/\/marekkuchcinski.pl\/wp-content\/uploads\/2018\/12\/DSCF2246-1.jpg 2048w, https:\/\/marekkuchcinski.pl\/wp-content\/uploads\/2018\/12\/DSCF2246-1-300x212.jpg 300w, https:\/\/marekkuchcinski.pl\/wp-content\/uploads\/2018\/12\/DSCF2246-1-768x544.jpg 768w, https:\/\/marekkuchcinski.pl\/wp-content\/uploads\/2018\/12\/DSCF2246-1-1024x725.jpg 1024w\" sizes=\"(max-width: 4372px) 100vw, 4372px\" \/><\/a><\/p>\n<p>&nbsp;<\/p>","protected":false},"excerpt":{"rendered":"<p>W\u00a0Filharmonii Podkarpackiej w Rzeszowie odby\u0142 si\u0119 Kongres Os\u00f3b Represjonowanych, Dzia\u0142aczy Solidarno\u015bci i Kombatant\u00f3w. Patronat honorowy nad wydarzeniem obj\u0105\u0142 marsza\u0142ek Sejmu. Marek Kuchci\u0144ski podkre\u015bli\u0142, \u017ce w ca\u0142ym kraju obchody stulecia odzyskania przez Polsk\u0119 Niepodleg\u0142o\u015bci sta\u0142y si\u0119 sposobno\u015bci\u0105 do przypomnienia naszej d\u0142ugiej drogi wolno\u015bci oraz dwudziestu lat niezwyk\u0142ego zaanga\u017cowania ca\u0142ego spo\u0142ecze\u0144stwa w odbudow\u0119 II RP. Marsza\u0142ek przypomnia\u0142 [&hellip;]<\/p>","protected":false},"author":6,"featured_media":11612,"comment_status":"open","ping_status":"open","sticky":false,"template":"","format":"standard","meta":{"ngg_post_thumbnail":0,"footnotes":""},"categories":[49,82,3],"tags":[],"class_list":["post-11602","post","type-post","status-publish","format-standard","has-post-thumbnail","hentry","category-podkarpacie","category-prawo-i-sprawiedliwosc","category-wydarzenia"],"yoast_head":"<!-- This site is optimized with the Yoast SEO plugin v24.7 - https:\/\/yoast.com\/wordpress\/plugins\/seo\/ -->\n<title>Marek Kuchci\u0144ski: Na naszej podkarpackiej ziemi od ko\u0144ca lat 60. opozycyjne dzia\u0142ania mia\u0142y r\u00f3wnie silny wymiar jak w czasach \u017co\u0142nierzy wykl\u0119tych &#8211; Marek Kuchci\u0144ski<\/title>\n<meta name=\"robots\" content=\"index, follow, max-snippet:-1, max-image-preview:large, max-video-preview:-1\" \/>\n<link rel=\"canonical\" href=\"https:\/\/marekkuchcinski.pl\/sk\/wydarzenia\/marek-kuchcinski-naszej-podkarpackiej-ziemi-konca-60-opozycyjne-dzialania-mialy-rownie-silny-wymiar-czasach-zolnierzy-wykletych\/\" \/>\n<meta property=\"og:locale\" content=\"sk_SK\" \/>\n<meta property=\"og:type\" content=\"article\" \/>\n<meta property=\"og:title\" content=\"Marek Kuchci\u0144ski: Na naszej podkarpackiej ziemi od ko\u0144ca lat 60. opozycyjne dzia\u0142ania mia\u0142y r\u00f3wnie silny wymiar jak w czasach \u017co\u0142nierzy wykl\u0119tych &#8211; Marek Kuchci\u0144ski\" \/>\n<meta property=\"og:description\" content=\"W\u00a0Filharmonii Podkarpackiej w Rzeszowie odby\u0142 si\u0119 Kongres Os\u00f3b Represjonowanych, Dzia\u0142aczy Solidarno\u015bci i Kombatant\u00f3w. Patronat honorowy nad wydarzeniem obj\u0105\u0142 marsza\u0142ek Sejmu. Marek Kuchci\u0144ski podkre\u015bli\u0142, \u017ce w ca\u0142ym kraju obchody stulecia odzyskania przez Polsk\u0119 Niepodleg\u0142o\u015bci sta\u0142y si\u0119 sposobno\u015bci\u0105 do przypomnienia naszej d\u0142ugiej drogi wolno\u015bci oraz dwudziestu lat niezwyk\u0142ego zaanga\u017cowania ca\u0142ego spo\u0142ecze\u0144stwa w odbudow\u0119 II RP. Marsza\u0142ek przypomnia\u0142 [&hellip;]\" \/>\n<meta property=\"og:url\" content=\"https:\/\/marekkuchcinski.pl\/sk\/wydarzenia\/marek-kuchcinski-naszej-podkarpackiej-ziemi-konca-60-opozycyjne-dzialania-mialy-rownie-silny-wymiar-czasach-zolnierzy-wykletych\/\" \/>\n<meta property=\"og:site_name\" content=\"Marek Kuchci\u0144ski\" \/>\n<meta property=\"article:published_time\" content=\"2018-12-09T11:53:59+00:00\" \/>\n<meta property=\"article:modified_time\" content=\"2018-12-09T16:18:55+00:00\" \/>\n<meta property=\"og:image\" content=\"https:\/\/marekkuchcinski.pl\/wp-content\/uploads\/2018\/12\/PSX_20181209_103601.jpg\" \/>\n\t<meta property=\"og:image:width\" content=\"2048\" \/>\n\t<meta property=\"og:image:height\" content=\"1465\" \/>\n\t<meta property=\"og:image:type\" content=\"image\/jpeg\" \/>\n<meta name=\"author\" content=\"admin\" \/>\n<meta name=\"twitter:card\" content=\"summary_large_image\" \/>\n<meta name=\"twitter:label1\" content=\"Autor\" \/>\n\t<meta name=\"twitter:data1\" content=\"admin\" \/>\n\t<meta name=\"twitter:label2\" content=\"Predpokladan\u00fd \u010das \u010d\u00edtania\" \/>\n\t<meta name=\"twitter:data2\" content=\"4 min\u00faty\" \/>\n<script type=\"application\/ld+json\" class=\"yoast-schema-graph\">{\"@context\":\"https:\/\/schema.org\",\"@graph\":[{\"@type\":\"Article\",\"@id\":\"https:\/\/marekkuchcinski.pl\/en\/wydarzenia\/marek-kuchcinski-naszej-podkarpackiej-ziemi-konca-60-opozycyjne-dzialania-mialy-rownie-silny-wymiar-czasach-zolnierzy-wykletych\/#article\",\"isPartOf\":{\"@id\":\"https:\/\/marekkuchcinski.pl\/en\/wydarzenia\/marek-kuchcinski-naszej-podkarpackiej-ziemi-konca-60-opozycyjne-dzialania-mialy-rownie-silny-wymiar-czasach-zolnierzy-wykletych\/\"},\"author\":{\"name\":\"admin\",\"@id\":\"https:\/\/marekkuchcinski.pl\/#\/schema\/person\/6f62700996b4d950b6ea2d1183b6c6be\"},\"headline\":\"Marek Kuchci\u0144ski: Na naszej podkarpackiej ziemi od ko\u0144ca lat 60. opozycyjne dzia\u0142ania mia\u0142y r\u00f3wnie silny wymiar jak w czasach \u017co\u0142nierzy wykl\u0119tych\",\"datePublished\":\"2018-12-09T11:53:59+00:00\",\"dateModified\":\"2018-12-09T16:18:55+00:00\",\"mainEntityOfPage\":{\"@id\":\"https:\/\/marekkuchcinski.pl\/en\/wydarzenia\/marek-kuchcinski-naszej-podkarpackiej-ziemi-konca-60-opozycyjne-dzialania-mialy-rownie-silny-wymiar-czasach-zolnierzy-wykletych\/\"},\"wordCount\":811,\"commentCount\":0,\"publisher\":{\"@id\":\"https:\/\/marekkuchcinski.pl\/#organization\"},\"image\":{\"@id\":\"https:\/\/marekkuchcinski.pl\/en\/wydarzenia\/marek-kuchcinski-naszej-podkarpackiej-ziemi-konca-60-opozycyjne-dzialania-mialy-rownie-silny-wymiar-czasach-zolnierzy-wykletych\/#primaryimage\"},\"thumbnailUrl\":\"https:\/\/marekkuchcinski.pl\/wp-content\/uploads\/2018\/12\/PSX_20181209_103601.jpg\",\"articleSection\":[\"Podkarpacie\",\"Prawo i Sprawiedliwo\u015b\u0107\",\"Wydarzenia\"],\"inLanguage\":\"sk-SK\",\"potentialAction\":[{\"@type\":\"CommentAction\",\"name\":\"Comment\",\"target\":[\"https:\/\/marekkuchcinski.pl\/en\/wydarzenia\/marek-kuchcinski-naszej-podkarpackiej-ziemi-konca-60-opozycyjne-dzialania-mialy-rownie-silny-wymiar-czasach-zolnierzy-wykletych\/#respond\"]}]},{\"@type\":\"WebPage\",\"@id\":\"https:\/\/marekkuchcinski.pl\/en\/wydarzenia\/marek-kuchcinski-naszej-podkarpackiej-ziemi-konca-60-opozycyjne-dzialania-mialy-rownie-silny-wymiar-czasach-zolnierzy-wykletych\/\",\"url\":\"https:\/\/marekkuchcinski.pl\/en\/wydarzenia\/marek-kuchcinski-naszej-podkarpackiej-ziemi-konca-60-opozycyjne-dzialania-mialy-rownie-silny-wymiar-czasach-zolnierzy-wykletych\/\",\"name\":\"Marek Kuchci\u0144ski: Na naszej podkarpackiej ziemi od ko\u0144ca lat 60. opozycyjne dzia\u0142ania mia\u0142y r\u00f3wnie silny wymiar jak w czasach \u017co\u0142nierzy wykl\u0119tych &#8211; Marek Kuchci\u0144ski\",\"isPartOf\":{\"@id\":\"https:\/\/marekkuchcinski.pl\/#website\"},\"primaryImageOfPage\":{\"@id\":\"https:\/\/marekkuchcinski.pl\/en\/wydarzenia\/marek-kuchcinski-naszej-podkarpackiej-ziemi-konca-60-opozycyjne-dzialania-mialy-rownie-silny-wymiar-czasach-zolnierzy-wykletych\/#primaryimage\"},\"image\":{\"@id\":\"https:\/\/marekkuchcinski.pl\/en\/wydarzenia\/marek-kuchcinski-naszej-podkarpackiej-ziemi-konca-60-opozycyjne-dzialania-mialy-rownie-silny-wymiar-czasach-zolnierzy-wykletych\/#primaryimage\"},\"thumbnailUrl\":\"https:\/\/marekkuchcinski.pl\/wp-content\/uploads\/2018\/12\/PSX_20181209_103601.jpg\",\"datePublished\":\"2018-12-09T11:53:59+00:00\",\"dateModified\":\"2018-12-09T16:18:55+00:00\",\"breadcrumb\":{\"@id\":\"https:\/\/marekkuchcinski.pl\/en\/wydarzenia\/marek-kuchcinski-naszej-podkarpackiej-ziemi-konca-60-opozycyjne-dzialania-mialy-rownie-silny-wymiar-czasach-zolnierzy-wykletych\/#breadcrumb\"},\"inLanguage\":\"sk-SK\",\"potentialAction\":[{\"@type\":\"ReadAction\",\"target\":[\"https:\/\/marekkuchcinski.pl\/en\/wydarzenia\/marek-kuchcinski-naszej-podkarpackiej-ziemi-konca-60-opozycyjne-dzialania-mialy-rownie-silny-wymiar-czasach-zolnierzy-wykletych\/\"]}]},{\"@type\":\"ImageObject\",\"inLanguage\":\"sk-SK\",\"@id\":\"https:\/\/marekkuchcinski.pl\/en\/wydarzenia\/marek-kuchcinski-naszej-podkarpackiej-ziemi-konca-60-opozycyjne-dzialania-mialy-rownie-silny-wymiar-czasach-zolnierzy-wykletych\/#primaryimage\",\"url\":\"https:\/\/marekkuchcinski.pl\/wp-content\/uploads\/2018\/12\/PSX_20181209_103601.jpg\",\"contentUrl\":\"https:\/\/marekkuchcinski.pl\/wp-content\/uploads\/2018\/12\/PSX_20181209_103601.jpg\",\"width\":2048,\"height\":1465},{\"@type\":\"BreadcrumbList\",\"@id\":\"https:\/\/marekkuchcinski.pl\/en\/wydarzenia\/marek-kuchcinski-naszej-podkarpackiej-ziemi-konca-60-opozycyjne-dzialania-mialy-rownie-silny-wymiar-czasach-zolnierzy-wykletych\/#breadcrumb\",\"itemListElement\":[{\"@type\":\"ListItem\",\"position\":1,\"name\":\"Strona g\u0142\u00f3wna\",\"item\":\"https:\/\/marekkuchcinski.pl\/\"},{\"@type\":\"ListItem\",\"position\":2,\"name\":\"Marek Kuchci\u0144ski: Na naszej podkarpackiej ziemi od ko\u0144ca lat 60. opozycyjne dzia\u0142ania mia\u0142y r\u00f3wnie silny wymiar jak w czasach \u017co\u0142nierzy wykl\u0119tych\"}]},{\"@type\":\"WebSite\",\"@id\":\"https:\/\/marekkuchcinski.pl\/#website\",\"url\":\"https:\/\/marekkuchcinski.pl\/\",\"name\":\"Marek Kuchci\u0144ski\",\"description\":\"Pose\u0142 na sejm RP &ndash; okr\u0119g nr 22\",\"publisher\":{\"@id\":\"https:\/\/marekkuchcinski.pl\/#organization\"},\"potentialAction\":[{\"@type\":\"SearchAction\",\"target\":{\"@type\":\"EntryPoint\",\"urlTemplate\":\"https:\/\/marekkuchcinski.pl\/?s={search_term_string}\"},\"query-input\":{\"@type\":\"PropertyValueSpecification\",\"valueRequired\":true,\"valueName\":\"search_term_string\"}}],\"inLanguage\":\"sk-SK\"},{\"@type\":\"Organization\",\"@id\":\"https:\/\/marekkuchcinski.pl\/#organization\",\"name\":\"Marek Kuchci\u0144ski\",\"url\":\"https:\/\/marekkuchcinski.pl\/\",\"logo\":{\"@type\":\"ImageObject\",\"inLanguage\":\"sk-SK\",\"@id\":\"https:\/\/marekkuchcinski.pl\/#\/schema\/logo\/image\/\",\"url\":\"https:\/\/marekkuchcinski.pl\/wp-content\/uploads\/2022\/09\/Marek.jpg\",\"contentUrl\":\"https:\/\/marekkuchcinski.pl\/wp-content\/uploads\/2022\/09\/Marek.jpg\",\"width\":1600,\"height\":971,\"caption\":\"Marek Kuchci\u0144ski\"},\"image\":{\"@id\":\"https:\/\/marekkuchcinski.pl\/#\/schema\/logo\/image\/\"}},{\"@type\":\"Person\",\"@id\":\"https:\/\/marekkuchcinski.pl\/#\/schema\/person\/6f62700996b4d950b6ea2d1183b6c6be\",\"name\":\"admin\",\"image\":{\"@type\":\"ImageObject\",\"inLanguage\":\"sk-SK\",\"@id\":\"https:\/\/marekkuchcinski.pl\/#\/schema\/person\/image\/\",\"url\":\"https:\/\/secure.gravatar.com\/avatar\/4bab693b9d55c3d6b52c0296a8765085?s=96&d=mm&r=g\",\"contentUrl\":\"https:\/\/secure.gravatar.com\/avatar\/4bab693b9d55c3d6b52c0296a8765085?s=96&d=mm&r=g\",\"caption\":\"admin\"},\"url\":\"https:\/\/marekkuchcinski.pl\/sk\/author\/marta-olejnik\/\"}]}<\/script>\n<!-- \/ Yoast SEO plugin. -->","yoast_head_json":{"title":"Marek Kuchci\u0144ski: Na naszej podkarpackiej ziemi od ko\u0144ca lat 60. opozycyjne dzia\u0142ania mia\u0142y r\u00f3wnie silny wymiar jak w czasach \u017co\u0142nierzy wykl\u0119tych &#8211; Marek Kuchci\u0144ski","robots":{"index":"index","follow":"follow","max-snippet":"max-snippet:-1","max-image-preview":"max-image-preview:large","max-video-preview":"max-video-preview:-1"},"canonical":"https:\/\/marekkuchcinski.pl\/sk\/wydarzenia\/marek-kuchcinski-naszej-podkarpackiej-ziemi-konca-60-opozycyjne-dzialania-mialy-rownie-silny-wymiar-czasach-zolnierzy-wykletych\/","og_locale":"sk_SK","og_type":"article","og_title":"Marek Kuchci\u0144ski: Na naszej podkarpackiej ziemi od ko\u0144ca lat 60. opozycyjne dzia\u0142ania mia\u0142y r\u00f3wnie silny wymiar jak w czasach \u017co\u0142nierzy wykl\u0119tych &#8211; Marek Kuchci\u0144ski","og_description":"W\u00a0Filharmonii Podkarpackiej w Rzeszowie odby\u0142 si\u0119 Kongres Os\u00f3b Represjonowanych, Dzia\u0142aczy Solidarno\u015bci i Kombatant\u00f3w. Patronat honorowy nad wydarzeniem obj\u0105\u0142 marsza\u0142ek Sejmu. Marek Kuchci\u0144ski podkre\u015bli\u0142, \u017ce w ca\u0142ym kraju obchody stulecia odzyskania przez Polsk\u0119 Niepodleg\u0142o\u015bci sta\u0142y si\u0119 sposobno\u015bci\u0105 do przypomnienia naszej d\u0142ugiej drogi wolno\u015bci oraz dwudziestu lat niezwyk\u0142ego zaanga\u017cowania ca\u0142ego spo\u0142ecze\u0144stwa w odbudow\u0119 II RP. Marsza\u0142ek przypomnia\u0142 [&hellip;]","og_url":"https:\/\/marekkuchcinski.pl\/sk\/wydarzenia\/marek-kuchcinski-naszej-podkarpackiej-ziemi-konca-60-opozycyjne-dzialania-mialy-rownie-silny-wymiar-czasach-zolnierzy-wykletych\/","og_site_name":"Marek Kuchci\u0144ski","article_published_time":"2018-12-09T11:53:59+00:00","article_modified_time":"2018-12-09T16:18:55+00:00","og_image":[{"width":2048,"height":1465,"url":"https:\/\/marekkuchcinski.pl\/wp-content\/uploads\/2018\/12\/PSX_20181209_103601.jpg","type":"image\/jpeg"}],"author":"admin","twitter_card":"summary_large_image","twitter_misc":{"Autor":"admin","Predpokladan\u00fd \u010das \u010d\u00edtania":"4 min\u00faty"},"schema":{"@context":"https:\/\/schema.org","@graph":[{"@type":"Article","@id":"https:\/\/marekkuchcinski.pl\/en\/wydarzenia\/marek-kuchcinski-naszej-podkarpackiej-ziemi-konca-60-opozycyjne-dzialania-mialy-rownie-silny-wymiar-czasach-zolnierzy-wykletych\/#article","isPartOf":{"@id":"https:\/\/marekkuchcinski.pl\/en\/wydarzenia\/marek-kuchcinski-naszej-podkarpackiej-ziemi-konca-60-opozycyjne-dzialania-mialy-rownie-silny-wymiar-czasach-zolnierzy-wykletych\/"},"author":{"name":"admin","@id":"https:\/\/marekkuchcinski.pl\/#\/schema\/person\/6f62700996b4d950b6ea2d1183b6c6be"},"headline":"Marek Kuchci\u0144ski: Na naszej podkarpackiej ziemi od ko\u0144ca lat 60. opozycyjne dzia\u0142ania mia\u0142y r\u00f3wnie silny wymiar jak w czasach \u017co\u0142nierzy wykl\u0119tych","datePublished":"2018-12-09T11:53:59+00:00","dateModified":"2018-12-09T16:18:55+00:00","mainEntityOfPage":{"@id":"https:\/\/marekkuchcinski.pl\/en\/wydarzenia\/marek-kuchcinski-naszej-podkarpackiej-ziemi-konca-60-opozycyjne-dzialania-mialy-rownie-silny-wymiar-czasach-zolnierzy-wykletych\/"},"wordCount":811,"commentCount":0,"publisher":{"@id":"https:\/\/marekkuchcinski.pl\/#organization"},"image":{"@id":"https:\/\/marekkuchcinski.pl\/en\/wydarzenia\/marek-kuchcinski-naszej-podkarpackiej-ziemi-konca-60-opozycyjne-dzialania-mialy-rownie-silny-wymiar-czasach-zolnierzy-wykletych\/#primaryimage"},"thumbnailUrl":"https:\/\/marekkuchcinski.pl\/wp-content\/uploads\/2018\/12\/PSX_20181209_103601.jpg","articleSection":["Podkarpacie","Prawo i Sprawiedliwo\u015b\u0107","Wydarzenia"],"inLanguage":"sk-SK","potentialAction":[{"@type":"CommentAction","name":"Comment","target":["https:\/\/marekkuchcinski.pl\/en\/wydarzenia\/marek-kuchcinski-naszej-podkarpackiej-ziemi-konca-60-opozycyjne-dzialania-mialy-rownie-silny-wymiar-czasach-zolnierzy-wykletych\/#respond"]}]},{"@type":"WebPage","@id":"https:\/\/marekkuchcinski.pl\/en\/wydarzenia\/marek-kuchcinski-naszej-podkarpackiej-ziemi-konca-60-opozycyjne-dzialania-mialy-rownie-silny-wymiar-czasach-zolnierzy-wykletych\/","url":"https:\/\/marekkuchcinski.pl\/en\/wydarzenia\/marek-kuchcinski-naszej-podkarpackiej-ziemi-konca-60-opozycyjne-dzialania-mialy-rownie-silny-wymiar-czasach-zolnierzy-wykletych\/","name":"Marek Kuchci\u0144ski: Na naszej podkarpackiej ziemi od ko\u0144ca lat 60. opozycyjne dzia\u0142ania mia\u0142y r\u00f3wnie silny wymiar jak w czasach \u017co\u0142nierzy wykl\u0119tych &#8211; Marek Kuchci\u0144ski","isPartOf":{"@id":"https:\/\/marekkuchcinski.pl\/#website"},"primaryImageOfPage":{"@id":"https:\/\/marekkuchcinski.pl\/en\/wydarzenia\/marek-kuchcinski-naszej-podkarpackiej-ziemi-konca-60-opozycyjne-dzialania-mialy-rownie-silny-wymiar-czasach-zolnierzy-wykletych\/#primaryimage"},"image":{"@id":"https:\/\/marekkuchcinski.pl\/en\/wydarzenia\/marek-kuchcinski-naszej-podkarpackiej-ziemi-konca-60-opozycyjne-dzialania-mialy-rownie-silny-wymiar-czasach-zolnierzy-wykletych\/#primaryimage"},"thumbnailUrl":"https:\/\/marekkuchcinski.pl\/wp-content\/uploads\/2018\/12\/PSX_20181209_103601.jpg","datePublished":"2018-12-09T11:53:59+00:00","dateModified":"2018-12-09T16:18:55+00:00","breadcrumb":{"@id":"https:\/\/marekkuchcinski.pl\/en\/wydarzenia\/marek-kuchcinski-naszej-podkarpackiej-ziemi-konca-60-opozycyjne-dzialania-mialy-rownie-silny-wymiar-czasach-zolnierzy-wykletych\/#breadcrumb"},"inLanguage":"sk-SK","potentialAction":[{"@type":"ReadAction","target":["https:\/\/marekkuchcinski.pl\/en\/wydarzenia\/marek-kuchcinski-naszej-podkarpackiej-ziemi-konca-60-opozycyjne-dzialania-mialy-rownie-silny-wymiar-czasach-zolnierzy-wykletych\/"]}]},{"@type":"ImageObject","inLanguage":"sk-SK","@id":"https:\/\/marekkuchcinski.pl\/en\/wydarzenia\/marek-kuchcinski-naszej-podkarpackiej-ziemi-konca-60-opozycyjne-dzialania-mialy-rownie-silny-wymiar-czasach-zolnierzy-wykletych\/#primaryimage","url":"https:\/\/marekkuchcinski.pl\/wp-content\/uploads\/2018\/12\/PSX_20181209_103601.jpg","contentUrl":"https:\/\/marekkuchcinski.pl\/wp-content\/uploads\/2018\/12\/PSX_20181209_103601.jpg","width":2048,"height":1465},{"@type":"BreadcrumbList","@id":"https:\/\/marekkuchcinski.pl\/en\/wydarzenia\/marek-kuchcinski-naszej-podkarpackiej-ziemi-konca-60-opozycyjne-dzialania-mialy-rownie-silny-wymiar-czasach-zolnierzy-wykletych\/#breadcrumb","itemListElement":[{"@type":"ListItem","position":1,"name":"Strona g\u0142\u00f3wna","item":"https:\/\/marekkuchcinski.pl\/"},{"@type":"ListItem","position":2,"name":"Marek Kuchci\u0144ski: Na naszej podkarpackiej ziemi od ko\u0144ca lat 60. opozycyjne dzia\u0142ania mia\u0142y r\u00f3wnie silny wymiar jak w czasach \u017co\u0142nierzy wykl\u0119tych"}]},{"@type":"WebSite","@id":"https:\/\/marekkuchcinski.pl\/#website","url":"https:\/\/marekkuchcinski.pl\/","name":"Marek Kuchci\u0144ski","description":"Pose\u0142 na sejm RP &ndash; okr\u0119g nr 22","publisher":{"@id":"https:\/\/marekkuchcinski.pl\/#organization"},"potentialAction":[{"@type":"SearchAction","target":{"@type":"EntryPoint","urlTemplate":"https:\/\/marekkuchcinski.pl\/?s={search_term_string}"},"query-input":{"@type":"PropertyValueSpecification","valueRequired":true,"valueName":"search_term_string"}}],"inLanguage":"sk-SK"},{"@type":"Organization","@id":"https:\/\/marekkuchcinski.pl\/#organization","name":"Marek Kuchci\u0144ski","url":"https:\/\/marekkuchcinski.pl\/","logo":{"@type":"ImageObject","inLanguage":"sk-SK","@id":"https:\/\/marekkuchcinski.pl\/#\/schema\/logo\/image\/","url":"https:\/\/marekkuchcinski.pl\/wp-content\/uploads\/2022\/09\/Marek.jpg","contentUrl":"https:\/\/marekkuchcinski.pl\/wp-content\/uploads\/2022\/09\/Marek.jpg","width":1600,"height":971,"caption":"Marek Kuchci\u0144ski"},"image":{"@id":"https:\/\/marekkuchcinski.pl\/#\/schema\/logo\/image\/"}},{"@type":"Person","@id":"https:\/\/marekkuchcinski.pl\/#\/schema\/person\/6f62700996b4d950b6ea2d1183b6c6be","name":"admin","image":{"@type":"ImageObject","inLanguage":"sk-SK","@id":"https:\/\/marekkuchcinski.pl\/#\/schema\/person\/image\/","url":"https:\/\/secure.gravatar.com\/avatar\/4bab693b9d55c3d6b52c0296a8765085?s=96&d=mm&r=g","contentUrl":"https:\/\/secure.gravatar.com\/avatar\/4bab693b9d55c3d6b52c0296a8765085?s=96&d=mm&r=g","caption":"admin"},"url":"https:\/\/marekkuchcinski.pl\/sk\/author\/marta-olejnik\/"}]}},"_links":{"self":[{"href":"https:\/\/marekkuchcinski.pl\/sk\/wp-json\/wp\/v2\/posts\/11602","targetHints":{"allow":["GET"]}}],"collection":[{"href":"https:\/\/marekkuchcinski.pl\/sk\/wp-json\/wp\/v2\/posts"}],"about":[{"href":"https:\/\/marekkuchcinski.pl\/sk\/wp-json\/wp\/v2\/types\/post"}],"author":[{"embeddable":true,"href":"https:\/\/marekkuchcinski.pl\/sk\/wp-json\/wp\/v2\/users\/6"}],"replies":[{"embeddable":true,"href":"https:\/\/marekkuchcinski.pl\/sk\/wp-json\/wp\/v2\/comments?post=11602"}],"version-history":[{"count":39,"href":"https:\/\/marekkuchcinski.pl\/sk\/wp-json\/wp\/v2\/posts\/11602\/revisions"}],"predecessor-version":[{"id":11682,"href":"https:\/\/marekkuchcinski.pl\/sk\/wp-json\/wp\/v2\/posts\/11602\/revisions\/11682"}],"wp:featuredmedia":[{"embeddable":true,"href":"https:\/\/marekkuchcinski.pl\/sk\/wp-json\/wp\/v2\/media\/11612"}],"wp:attachment":[{"href":"https:\/\/marekkuchcinski.pl\/sk\/wp-json\/wp\/v2\/media?parent=11602"}],"wp:term":[{"taxonomy":"category","embeddable":true,"href":"https:\/\/marekkuchcinski.pl\/sk\/wp-json\/wp\/v2\/categories?post=11602"},{"taxonomy":"post_tag","embeddable":true,"href":"https:\/\/marekkuchcinski.pl\/sk\/wp-json\/wp\/v2\/tags?post=11602"}],"curies":[{"name":"wp","href":"https:\/\/api.w.org\/{rel}","templated":true}]}}