{"id":11589,"date":"2018-12-09T00:04:57","date_gmt":"2018-12-08T23:04:57","guid":{"rendered":"https:\/\/marekkuchcinski.pl\/?p=11589"},"modified":"2018-12-10T13:14:03","modified_gmt":"2018-12-10T12:14:03","slug":"budapeszt","status":"publish","type":"post","link":"https:\/\/marekkuchcinski.pl\/sk\/wydarzenia\/budapeszt\/","title":{"rendered":"Budape\u0161\u0165. Oslavy 100 rokov nez\u00e1vislosti Po\u013eska"},"content":{"rendered":"<p>&nbsp;<\/p>\n<p><iframe title=\"Prejav predsedu Sejmu v Budape\u0161ti pri pr\u00edle\u017eitosti 100. v\u00fdro\u010dia nez\u00e1vislosti\" width=\"800\" height=\"450\" src=\"https:\/\/www.youtube.com\/embed\/c9Z1T38D4FA?feature=oembed\" frameborder=\"0\" allow=\"accelerometer; autoplay; clipboard-write; encrypted-media; gyroscope; picture-in-picture\" allowfullscreen><\/iframe><\/p>\n<p dir=\"ltr\">Druh\u00e1 republika, ktorej 100. v\u00fdro\u010die si teraz pripom\u00edname, bola obdob\u00edm dramatick\u00fdch a \u0165a\u017ek\u00fdch chv\u00ed\u013e, ale aj obdob\u00edm triumfu \u013eudskej my\u0161lienky, sily a energie. Svoj\u00edm v\u00fdznamom \u010faleko presahuj\u00fa hranice Po\u013eska,\" povedal predseda Sejmu, ke\u010f otv\u00e1ral sl\u00e1vnostn\u00fa konferenciu v ma\u010farskom parlamente, pripraven\u00fa z iniciat\u00edvy predsedu N\u00e1rodn\u00e9ho zhroma\u017edenia L\u00e1szl\u00f3a K\u00f6v\u00e9ra a venovan\u00fa 100. v\u00fdro\u010diu znovuz\u00edskania nez\u00e1vislosti Po\u013eska.<\/p>\n<p dir=\"ltr\">Predseda Sejmu vo svojom prejave pripomenul, \u017ee Ma\u010farsko zohralo v\u00fdznamn\u00fa \u00falohu pri zrode druhej republiky, a pripomenul, \u017ee nieko\u013eko stoviek Ma\u010farov sl\u00fa\u017eilo v l\u00e9gi\u00e1ch Jozefa Pilsudsk\u00e9ho a \u017ee po\u010das vojny s bo\u013e\u0161evick\u00fdm Ruskom v roku 1920 by v\u00ed\u0165azstvo nebolo mo\u017en\u00e9 bez ma\u010farsk\u00fdch dod\u00e1vok mun\u00edcie a vojensk\u00fdch zbran\u00ed.<\/p>\n<p dir=\"ltr\">Ke\u010f hovoril o po\u013esko-ma\u010farskom priate\u013estve, ktor\u00e9 trvalo po\u010das cel\u00e9ho medzivojnov\u00e9ho obdobia, mar\u0161al Kuchci\u0144ski pripomenul telegram predsedu vl\u00e1dy P\u00e1la Telekiho nemeck\u00e9mu kancel\u00e1rovi Adolfovi Hitlerovi z j\u00fala 1939: \"Rad\u0161ej by som vyhodil do vzduchu na\u0161e \u017eelezni\u010dn\u00e9 trate, ako sa z\u00fa\u010dastnil na inv\u00e1zii do Po\u013eska. Je vecou n\u00e1rodnej cti Ma\u010farska nez\u00fa\u010dastni\u0165 sa na \u017eiadnej akcii proti Po\u013esku\". - Tento telegram bol nie\u010d\u00edm v\u00fdnimo\u010dn\u00fd. Tieto slov\u00e1 premi\u00e9ra Telekiho si dodnes uchov\u00e1vame vo v\u010fa\u010dnej pam\u00e4ti. Rovnako ako ve\u013ek\u00e1 pomoc, ktor\u00fa po\u010das druhej svetovej vojny poskytol ma\u010farsk\u00fd \u0161t\u00e1t, ale aj be\u017en\u00ed ma\u010farsk\u00ed ob\u010dania, desa\u0165tis\u00edcom ute\u010dencov z Po\u013eska, vr\u00e1tane mnoh\u00fdch det\u00ed \u017eidovsk\u00e9ho p\u00f4vodu,\" povedal.<\/p>\n<p dir=\"ltr\">Marek Kuchci\u0144ski s odkazom na spolo\u010dn\u00e9 po\u013esko-ma\u010farsk\u00e9 \u00fasilie o slobodu pripomenul symbolick\u00e9 momenty z ned\u00e1vnej hist\u00f3rie oboch n\u00e1rodov, ktor\u00e9 sa odohrali po\u010das Var\u0161avsk\u00e9ho povstania, Ma\u010farsk\u00e9ho povstania, udalost\u00ed Pra\u017eskej jari, obdobia \"Solidarity\" a za\u010diatku p\u00e1du komunizmu. - Na\u0161i ma\u010farsk\u00ed bratia boli vtedy s nami v \u0165a\u017ek\u00fdch chv\u00ed\u013each 21. storo\u010dia, ako bola katastrofa v Smolensku a smr\u0165 prezidenta Lecha Kaczynsk\u00e9ho v apr\u00edli 2010, ktor\u00e9mu bol ned\u00e1vno v Budape\u0161ti odhalen\u00fd pomn\u00edk. Rovnako ako busta mar\u0161ala J\u00f3zefa Pi\u0142sudsk\u00e9ho,\" poznamenal mar\u0161al Kuchci\u0144ski.<\/p>\n<p dir=\"ltr\">V z\u00e1vere svojho prejavu predseda Sejmu pripomenul symbolick\u00fa postavu Wac\u0142awa Felczaka, kuri\u00e9ra po\u013esk\u00e9ho podzemn\u00e9ho \u0161t\u00e1tu po\u010das druhej svetovej vojny a nesk\u00f4r v\u00fdznamn\u00e9ho historika a ve\u013ek\u00e9ho znalca Ma\u010farska, ktor\u00e9ho meno nes\u00fa in\u0161tit\u00facie zriaden\u00e9 v tomto roku: In\u0161tit\u00fat po\u013esko-ma\u010farskej spolupr\u00e1ce v Po\u013esku a jeho ma\u010farsk\u00fd partner, Nad\u00e1cia Wac\u0142awa Felczaka. Marek Kuchci\u0144ski pripomenul slov\u00e1 profesora Felczaka, ktor\u00e9 pod\u013ea neho charakterizuj\u00fa politiku Po\u013eska a Ma\u010farska po znovuz\u00edskan\u00ed nez\u00e1vislosti: \"Predov\u0161etk\u00fdm je na n\u00e1s, aby sme zabezpe\u010dili, \u017ee krajiny strednej Eur\u00f3py u\u017e nikdy nebud\u00fa ods\u00faden\u00e9 do poz\u00edcie cestuj\u00facich vo vlaku, ktor\u00fd ide smerom, ktor\u00fd sme si nevybrali, ani nezastavuje na zast\u00e1vkach, kde chceme. \"<\/p>\n<p dir=\"ltr\">Prezident L\u00e1szl\u00f3 K\u00f6v\u00e9r vo svojom z\u00e1vere\u010dnom pr\u00edhovore vyjadril pote\u0161enie z toho, \u017ee dnes m\u00f4\u017ee spolu s po\u013esk\u00fdm \u013eudom osl\u00e1vi\u0165 100. v\u00fdro\u010die na\u0161ej nez\u00e1vislosti. Pripomenul, \u017ee Po\u013esko a Ma\u010farsko maj\u00fa za sebou \u0165a\u017ek\u00fa hist\u00f3riu, z ktorej by sa mali pou\u010di\u0165 a nedovoli\u0165, aby sa v bud\u00facnosti cez ich krajiny prehnali cudzie vojsk\u00e1. Zd\u00f4raznil, \u017ee obe krajiny by sa teraz mali v spolupr\u00e1ci s krajinami Vy\u0161ehradskej skupiny stara\u0165 o rozvoj strednej Eur\u00f3py a br\u00e1ni\u0165 jej z\u00e1ujmy a kres\u0165ansk\u00fa identitu.<\/p>\n<p dir=\"ltr\">Na sl\u00e1vnosti vyst\u00fapili aj po\u013esk\u00ed a ma\u010farsk\u00ed historici. Po\u013esko zastupovali z\u00e1stupcovia Rady In\u0161tit\u00fatu Wac\u0142awa Felczaka pre po\u013esko-ma\u010farsk\u00fa spolupr\u00e1cu, profesor Arkadiusz Adamczyk a Dr. Adam Szabelski. Re\u010dn\u00edci predstavili po\u010detn\u00fdm zhroma\u017eden\u00fdm hos\u0165om z\u00e1klady a prvky po\u013esko-ma\u010farsk\u00e9ho priate\u013estva v r\u00f4znych obdobiach na\u0161ich dej\u00edn od roku 1918 a\u017e po s\u00fa\u010dasnos\u0165.<\/p>\n<p dir=\"ltr\">Po oslav\u00e1ch v parlamente sa predseda Sejmu vybral do s\u00eddla po\u013esk\u00e9ho ve\u013evyslanectva v Budape\u0161ti, kde sa stretol s ma\u010farskou po\u013eskou komunitou. Pri viano\u010dn\u00fdch \u017eelaniach pripomenul, \u017ee odch\u00e1dzaj\u00faci rok 2018 je pre Po\u013esko v\u00fdnimo\u010dn\u00fd z d\u00f4vodu 100. v\u00fdro\u010dia znovuz\u00edskania nez\u00e1vislosti Po\u013eska, ako aj v\u00fdro\u010dia 550. v\u00fdro\u010dia vzniku parlamentarizmu republiky - najdlh\u0161ie funguj\u00facej \u0161t\u00e1tnej in\u0161tit\u00facie v na\u0161ej vlasti. Marek Kuchci\u0144ski tie\u017e s uznan\u00edm hovoril o po\u013esko-ma\u010farsk\u00fdch vz\u0165ahoch. - V na\u0161om pr\u00edpade slobodn\u00e9 \u0161t\u00e1ty a slobodn\u00e9 n\u00e1rody navz\u00e1jom spolupracuj\u00fa a vy ako ma\u010farsk\u00e1 po\u013esk\u00e1 komunita ste toho najlep\u0161\u00edm d\u00f4kazom,\" povedal.<\/p>\n<p dir=\"ltr\"><span style=\"color: #000000;\">LINK:\u00a0<a style=\"color: #000000;\" href=\"https:\/\/marekkuchcinski.pl\/wp-content\/uploads\/2018\/12\/Ca\u0142e-wysta\u0328pienie-marsza\u0142ka-Sejmu-w-Budapeszczie.pdf\">Cel\u00fd prejav predsedu Sejmu v Budape\u0161ti<\/a><\/span><\/p>\n<p><a href=\"https:\/\/marekkuchcinski.pl\/wp-content\/uploads\/2018\/12\/RZ__0167.jpg\"><img fetchpriority=\"high\" decoding=\"async\" class=\"alignnone size-full wp-image-11596\" src=\"https:\/\/marekkuchcinski.pl\/wp-content\/uploads\/2018\/12\/RZ__0167.jpg\" alt=\"RZ__0167\" width=\"4464\" height=\"2976\" srcset=\"https:\/\/marekkuchcinski.pl\/wp-content\/uploads\/2018\/12\/RZ__0167.jpg 2048w, https:\/\/marekkuchcinski.pl\/wp-content\/uploads\/2018\/12\/RZ__0167-300x200.jpg 300w, https:\/\/marekkuchcinski.pl\/wp-content\/uploads\/2018\/12\/RZ__0167-768x512.jpg 768w, https:\/\/marekkuchcinski.pl\/wp-content\/uploads\/2018\/12\/RZ__0167-1024x683.jpg 1024w\" sizes=\"(max-width: 4464px) 100vw, 4464px\" \/><\/a><a href=\"https:\/\/marekkuchcinski.pl\/wp-content\/uploads\/2018\/12\/RZ__0077.view_.jpg\"><img decoding=\"async\" class=\"alignnone size-full wp-image-11590\" src=\"https:\/\/marekkuchcinski.pl\/wp-content\/uploads\/2018\/12\/RZ__0077.view_.jpg\" alt=\"RZ__0077.view\" width=\"800\" height=\"533\" srcset=\"https:\/\/marekkuchcinski.pl\/wp-content\/uploads\/2018\/12\/RZ__0077.view_.jpg 800w, https:\/\/marekkuchcinski.pl\/wp-content\/uploads\/2018\/12\/RZ__0077.view_-300x200.jpg 300w, https:\/\/marekkuchcinski.pl\/wp-content\/uploads\/2018\/12\/RZ__0077.view_-768x512.jpg 768w\" sizes=\"(max-width: 800px) 100vw, 800px\" \/><\/a> <a href=\"https:\/\/marekkuchcinski.pl\/wp-content\/uploads\/2018\/12\/RZ__0125.jpg\"><img decoding=\"async\" class=\"alignnone size-full wp-image-11592\" src=\"https:\/\/marekkuchcinski.pl\/wp-content\/uploads\/2018\/12\/RZ__0125.jpg\" alt=\"RZ__0125\" width=\"4464\" height=\"2976\" srcset=\"https:\/\/marekkuchcinski.pl\/wp-content\/uploads\/2018\/12\/RZ__0125.jpg 2048w, https:\/\/marekkuchcinski.pl\/wp-content\/uploads\/2018\/12\/RZ__0125-300x200.jpg 300w, https:\/\/marekkuchcinski.pl\/wp-content\/uploads\/2018\/12\/RZ__0125-768x512.jpg 768w, https:\/\/marekkuchcinski.pl\/wp-content\/uploads\/2018\/12\/RZ__0125-1024x683.jpg 1024w\" sizes=\"(max-width: 4464px) 100vw, 4464px\" \/><\/a> <a href=\"https:\/\/marekkuchcinski.pl\/wp-content\/uploads\/2018\/12\/RZ__0385.view_.jpg\"><img loading=\"lazy\" decoding=\"async\" class=\"alignnone size-full wp-image-11593\" src=\"https:\/\/marekkuchcinski.pl\/wp-content\/uploads\/2018\/12\/RZ__0385.view_.jpg\" alt=\"RZ__0385.view\" width=\"800\" height=\"533\" srcset=\"https:\/\/marekkuchcinski.pl\/wp-content\/uploads\/2018\/12\/RZ__0385.view_.jpg 800w, https:\/\/marekkuchcinski.pl\/wp-content\/uploads\/2018\/12\/RZ__0385.view_-300x200.jpg 300w, https:\/\/marekkuchcinski.pl\/wp-content\/uploads\/2018\/12\/RZ__0385.view_-768x512.jpg 768w\" sizes=\"(max-width: 800px) 100vw, 800px\" \/><\/a> <a href=\"https:\/\/marekkuchcinski.pl\/wp-content\/uploads\/2018\/12\/RZ__0598.view_.jpg\"><img loading=\"lazy\" decoding=\"async\" class=\"alignnone size-full wp-image-11594\" src=\"https:\/\/marekkuchcinski.pl\/wp-content\/uploads\/2018\/12\/RZ__0598.view_.jpg\" alt=\"RZ__0598.view\" width=\"800\" height=\"533\" srcset=\"https:\/\/marekkuchcinski.pl\/wp-content\/uploads\/2018\/12\/RZ__0598.view_.jpg 800w, https:\/\/marekkuchcinski.pl\/wp-content\/uploads\/2018\/12\/RZ__0598.view_-300x200.jpg 300w, https:\/\/marekkuchcinski.pl\/wp-content\/uploads\/2018\/12\/RZ__0598.view_-768x512.jpg 768w\" sizes=\"(max-width: 800px) 100vw, 800px\" \/><\/a><a href=\"https:\/\/marekkuchcinski.pl\/wp-content\/uploads\/2018\/12\/RZ__0897.jpg\"><img loading=\"lazy\" decoding=\"async\" class=\"alignnone size-full wp-image-11685\" src=\"https:\/\/marekkuchcinski.pl\/wp-content\/uploads\/2018\/12\/RZ__0897.jpg\" alt=\"RZ__0897\" width=\"2644\" height=\"1720\" srcset=\"https:\/\/marekkuchcinski.pl\/wp-content\/uploads\/2018\/12\/RZ__0897.jpg 2048w, https:\/\/marekkuchcinski.pl\/wp-content\/uploads\/2018\/12\/RZ__0897-300x195.jpg 300w, https:\/\/marekkuchcinski.pl\/wp-content\/uploads\/2018\/12\/RZ__0897-768x500.jpg 768w, https:\/\/marekkuchcinski.pl\/wp-content\/uploads\/2018\/12\/RZ__0897-1024x666.jpg 1024w\" sizes=\"(max-width: 2644px) 100vw, 2644px\" \/><\/a><\/p>\n<p><em>Foto: Rafa\u0142 Zambrzycki\/ Sejm<\/em><\/p>","protected":false},"excerpt":{"rendered":"<p>&nbsp; II Rzeczpospolita, kt\u00f3rej 100-letni\u0105 rocznic\u0119 ustanowienia w\u0142a\u015bnie obchodzimy, to czas moment\u00f3w dramatycznych i trudnych,\u00a0 ale te\u017c czas triumfu ludzkiej my\u015bli, si\u0142y i energii. Daleko swoim znaczeniem przekraczaj\u0105cych granice Polski &#8211; powiedzia\u0142 marsza\u0142ek Sejmu, otwieraj\u0105c w w\u0119gierskim Parlamencie uroczyst\u0105 konferencj\u0119 przygotowan\u0105 z inicjatywy przewodnicz\u0105cego Zgromadzenia Narodowego L\u00e1szl\u00f3 K\u00f6v\u00e9ra, po\u015bwi\u0119con\u0105 100-leciu odzyskania przez Polsk\u0119 niepodleg\u0142o\u015bci. Marsza\u0142ek [&hellip;]<\/p>","protected":false},"author":6,"featured_media":11590,"comment_status":"open","ping_status":"open","sticky":false,"template":"","format":"standard","meta":{"ngg_post_thumbnail":0,"footnotes":""},"categories":[50,3],"tags":[],"class_list":["post-11589","post","type-post","status-publish","format-standard","has-post-thumbnail","hentry","category-wspolpraca-miedzynarodowa","category-wydarzenia"],"yoast_head":"<!-- This site is optimized with the Yoast SEO plugin v24.7 - https:\/\/yoast.com\/wordpress\/plugins\/seo\/ -->\n<title>Budapeszt. Obchody 100-lecia odzyskania niepodleg\u0142o\u015bci przez Polsk\u0119 &#8211; Marek Kuchci\u0144ski<\/title>\n<meta name=\"robots\" content=\"index, follow, max-snippet:-1, max-image-preview:large, max-video-preview:-1\" \/>\n<link rel=\"canonical\" href=\"https:\/\/marekkuchcinski.pl\/sk\/wydarzenia\/budapeszt\/\" \/>\n<meta property=\"og:locale\" content=\"sk_SK\" \/>\n<meta property=\"og:type\" content=\"article\" \/>\n<meta property=\"og:title\" content=\"Budapeszt. Obchody 100-lecia odzyskania niepodleg\u0142o\u015bci przez Polsk\u0119 &#8211; Marek Kuchci\u0144ski\" \/>\n<meta property=\"og:description\" content=\"&nbsp; II Rzeczpospolita, kt\u00f3rej 100-letni\u0105 rocznic\u0119 ustanowienia w\u0142a\u015bnie obchodzimy, to czas moment\u00f3w dramatycznych i trudnych,\u00a0 ale te\u017c czas triumfu ludzkiej my\u015bli, si\u0142y i energii. Daleko swoim znaczeniem przekraczaj\u0105cych granice Polski &#8211; powiedzia\u0142 marsza\u0142ek Sejmu, otwieraj\u0105c w w\u0119gierskim Parlamencie uroczyst\u0105 konferencj\u0119 przygotowan\u0105 z inicjatywy przewodnicz\u0105cego Zgromadzenia Narodowego L\u00e1szl\u00f3 K\u00f6v\u00e9ra, po\u015bwi\u0119con\u0105 100-leciu odzyskania przez Polsk\u0119 niepodleg\u0142o\u015bci. Marsza\u0142ek [&hellip;]\" \/>\n<meta property=\"og:url\" content=\"https:\/\/marekkuchcinski.pl\/sk\/wydarzenia\/budapeszt\/\" \/>\n<meta property=\"og:site_name\" content=\"Marek Kuchci\u0144ski\" \/>\n<meta property=\"article:published_time\" content=\"2018-12-08T23:04:57+00:00\" \/>\n<meta property=\"article:modified_time\" content=\"2018-12-10T12:14:03+00:00\" \/>\n<meta property=\"og:image\" content=\"https:\/\/marekkuchcinski.pl\/wp-content\/uploads\/2018\/12\/RZ__0077.view_.jpg\" \/>\n\t<meta property=\"og:image:width\" content=\"800\" \/>\n\t<meta property=\"og:image:height\" content=\"533\" \/>\n\t<meta property=\"og:image:type\" content=\"image\/jpeg\" \/>\n<meta name=\"author\" content=\"admin\" \/>\n<meta name=\"twitter:card\" content=\"summary_large_image\" \/>\n<meta name=\"twitter:label1\" content=\"Autor\" \/>\n\t<meta name=\"twitter:data1\" content=\"admin\" \/>\n\t<meta name=\"twitter:label2\" content=\"Predpokladan\u00fd \u010das \u010d\u00edtania\" \/>\n\t<meta name=\"twitter:data2\" content=\"4 min\u00faty\" \/>\n<script type=\"application\/ld+json\" class=\"yoast-schema-graph\">{\"@context\":\"https:\/\/schema.org\",\"@graph\":[{\"@type\":\"Article\",\"@id\":\"https:\/\/marekkuchcinski.pl\/en\/wydarzenia\/budapeszt\/#article\",\"isPartOf\":{\"@id\":\"https:\/\/marekkuchcinski.pl\/en\/wydarzenia\/budapeszt\/\"},\"author\":{\"name\":\"admin\",\"@id\":\"https:\/\/marekkuchcinski.pl\/#\/schema\/person\/6f62700996b4d950b6ea2d1183b6c6be\"},\"headline\":\"Budapeszt. Obchody 100-lecia odzyskania niepodleg\u0142o\u015bci przez Polsk\u0119\",\"datePublished\":\"2018-12-08T23:04:57+00:00\",\"dateModified\":\"2018-12-10T12:14:03+00:00\",\"mainEntityOfPage\":{\"@id\":\"https:\/\/marekkuchcinski.pl\/en\/wydarzenia\/budapeszt\/\"},\"wordCount\":803,\"commentCount\":0,\"publisher\":{\"@id\":\"https:\/\/marekkuchcinski.pl\/#organization\"},\"image\":{\"@id\":\"https:\/\/marekkuchcinski.pl\/en\/wydarzenia\/budapeszt\/#primaryimage\"},\"thumbnailUrl\":\"https:\/\/marekkuchcinski.pl\/wp-content\/uploads\/2018\/12\/RZ__0077.view_.jpg\",\"articleSection\":[\"Wsp\u00f3\u0142praca mi\u0119dzynarodowa\",\"Wydarzenia\"],\"inLanguage\":\"sk-SK\",\"potentialAction\":[{\"@type\":\"CommentAction\",\"name\":\"Comment\",\"target\":[\"https:\/\/marekkuchcinski.pl\/en\/wydarzenia\/budapeszt\/#respond\"]}]},{\"@type\":\"WebPage\",\"@id\":\"https:\/\/marekkuchcinski.pl\/en\/wydarzenia\/budapeszt\/\",\"url\":\"https:\/\/marekkuchcinski.pl\/en\/wydarzenia\/budapeszt\/\",\"name\":\"Budapeszt. Obchody 100-lecia odzyskania niepodleg\u0142o\u015bci przez Polsk\u0119 &#8211; Marek Kuchci\u0144ski\",\"isPartOf\":{\"@id\":\"https:\/\/marekkuchcinski.pl\/#website\"},\"primaryImageOfPage\":{\"@id\":\"https:\/\/marekkuchcinski.pl\/en\/wydarzenia\/budapeszt\/#primaryimage\"},\"image\":{\"@id\":\"https:\/\/marekkuchcinski.pl\/en\/wydarzenia\/budapeszt\/#primaryimage\"},\"thumbnailUrl\":\"https:\/\/marekkuchcinski.pl\/wp-content\/uploads\/2018\/12\/RZ__0077.view_.jpg\",\"datePublished\":\"2018-12-08T23:04:57+00:00\",\"dateModified\":\"2018-12-10T12:14:03+00:00\",\"breadcrumb\":{\"@id\":\"https:\/\/marekkuchcinski.pl\/en\/wydarzenia\/budapeszt\/#breadcrumb\"},\"inLanguage\":\"sk-SK\",\"potentialAction\":[{\"@type\":\"ReadAction\",\"target\":[\"https:\/\/marekkuchcinski.pl\/en\/wydarzenia\/budapeszt\/\"]}]},{\"@type\":\"ImageObject\",\"inLanguage\":\"sk-SK\",\"@id\":\"https:\/\/marekkuchcinski.pl\/en\/wydarzenia\/budapeszt\/#primaryimage\",\"url\":\"https:\/\/marekkuchcinski.pl\/wp-content\/uploads\/2018\/12\/RZ__0077.view_.jpg\",\"contentUrl\":\"https:\/\/marekkuchcinski.pl\/wp-content\/uploads\/2018\/12\/RZ__0077.view_.jpg\",\"width\":800,\"height\":533},{\"@type\":\"BreadcrumbList\",\"@id\":\"https:\/\/marekkuchcinski.pl\/en\/wydarzenia\/budapeszt\/#breadcrumb\",\"itemListElement\":[{\"@type\":\"ListItem\",\"position\":1,\"name\":\"Strona g\u0142\u00f3wna\",\"item\":\"https:\/\/marekkuchcinski.pl\/\"},{\"@type\":\"ListItem\",\"position\":2,\"name\":\"Budapeszt. Obchody 100-lecia odzyskania niepodleg\u0142o\u015bci przez Polsk\u0119\"}]},{\"@type\":\"WebSite\",\"@id\":\"https:\/\/marekkuchcinski.pl\/#website\",\"url\":\"https:\/\/marekkuchcinski.pl\/\",\"name\":\"Marek Kuchci\u0144ski\",\"description\":\"Pose\u0142 na sejm RP &ndash; okr\u0119g nr 22\",\"publisher\":{\"@id\":\"https:\/\/marekkuchcinski.pl\/#organization\"},\"potentialAction\":[{\"@type\":\"SearchAction\",\"target\":{\"@type\":\"EntryPoint\",\"urlTemplate\":\"https:\/\/marekkuchcinski.pl\/?s={search_term_string}\"},\"query-input\":{\"@type\":\"PropertyValueSpecification\",\"valueRequired\":true,\"valueName\":\"search_term_string\"}}],\"inLanguage\":\"sk-SK\"},{\"@type\":\"Organization\",\"@id\":\"https:\/\/marekkuchcinski.pl\/#organization\",\"name\":\"Marek Kuchci\u0144ski\",\"url\":\"https:\/\/marekkuchcinski.pl\/\",\"logo\":{\"@type\":\"ImageObject\",\"inLanguage\":\"sk-SK\",\"@id\":\"https:\/\/marekkuchcinski.pl\/#\/schema\/logo\/image\/\",\"url\":\"https:\/\/marekkuchcinski.pl\/wp-content\/uploads\/2022\/09\/Marek.jpg\",\"contentUrl\":\"https:\/\/marekkuchcinski.pl\/wp-content\/uploads\/2022\/09\/Marek.jpg\",\"width\":1600,\"height\":971,\"caption\":\"Marek Kuchci\u0144ski\"},\"image\":{\"@id\":\"https:\/\/marekkuchcinski.pl\/#\/schema\/logo\/image\/\"}},{\"@type\":\"Person\",\"@id\":\"https:\/\/marekkuchcinski.pl\/#\/schema\/person\/6f62700996b4d950b6ea2d1183b6c6be\",\"name\":\"admin\",\"image\":{\"@type\":\"ImageObject\",\"inLanguage\":\"sk-SK\",\"@id\":\"https:\/\/marekkuchcinski.pl\/#\/schema\/person\/image\/\",\"url\":\"https:\/\/secure.gravatar.com\/avatar\/4bab693b9d55c3d6b52c0296a8765085?s=96&d=mm&r=g\",\"contentUrl\":\"https:\/\/secure.gravatar.com\/avatar\/4bab693b9d55c3d6b52c0296a8765085?s=96&d=mm&r=g\",\"caption\":\"admin\"},\"url\":\"https:\/\/marekkuchcinski.pl\/sk\/author\/marta-olejnik\/\"}]}<\/script>\n<!-- \/ Yoast SEO plugin. -->","yoast_head_json":{"title":"Budapeszt. Obchody 100-lecia odzyskania niepodleg\u0142o\u015bci przez Polsk\u0119 &#8211; Marek Kuchci\u0144ski","robots":{"index":"index","follow":"follow","max-snippet":"max-snippet:-1","max-image-preview":"max-image-preview:large","max-video-preview":"max-video-preview:-1"},"canonical":"https:\/\/marekkuchcinski.pl\/sk\/wydarzenia\/budapeszt\/","og_locale":"sk_SK","og_type":"article","og_title":"Budapeszt. Obchody 100-lecia odzyskania niepodleg\u0142o\u015bci przez Polsk\u0119 &#8211; Marek Kuchci\u0144ski","og_description":"&nbsp; II Rzeczpospolita, kt\u00f3rej 100-letni\u0105 rocznic\u0119 ustanowienia w\u0142a\u015bnie obchodzimy, to czas moment\u00f3w dramatycznych i trudnych,\u00a0 ale te\u017c czas triumfu ludzkiej my\u015bli, si\u0142y i energii. Daleko swoim znaczeniem przekraczaj\u0105cych granice Polski &#8211; powiedzia\u0142 marsza\u0142ek Sejmu, otwieraj\u0105c w w\u0119gierskim Parlamencie uroczyst\u0105 konferencj\u0119 przygotowan\u0105 z inicjatywy przewodnicz\u0105cego Zgromadzenia Narodowego L\u00e1szl\u00f3 K\u00f6v\u00e9ra, po\u015bwi\u0119con\u0105 100-leciu odzyskania przez Polsk\u0119 niepodleg\u0142o\u015bci. Marsza\u0142ek [&hellip;]","og_url":"https:\/\/marekkuchcinski.pl\/sk\/wydarzenia\/budapeszt\/","og_site_name":"Marek Kuchci\u0144ski","article_published_time":"2018-12-08T23:04:57+00:00","article_modified_time":"2018-12-10T12:14:03+00:00","og_image":[{"width":800,"height":533,"url":"https:\/\/marekkuchcinski.pl\/wp-content\/uploads\/2018\/12\/RZ__0077.view_.jpg","type":"image\/jpeg"}],"author":"admin","twitter_card":"summary_large_image","twitter_misc":{"Autor":"admin","Predpokladan\u00fd \u010das \u010d\u00edtania":"4 min\u00faty"},"schema":{"@context":"https:\/\/schema.org","@graph":[{"@type":"Article","@id":"https:\/\/marekkuchcinski.pl\/en\/wydarzenia\/budapeszt\/#article","isPartOf":{"@id":"https:\/\/marekkuchcinski.pl\/en\/wydarzenia\/budapeszt\/"},"author":{"name":"admin","@id":"https:\/\/marekkuchcinski.pl\/#\/schema\/person\/6f62700996b4d950b6ea2d1183b6c6be"},"headline":"Budapeszt. Obchody 100-lecia odzyskania niepodleg\u0142o\u015bci przez Polsk\u0119","datePublished":"2018-12-08T23:04:57+00:00","dateModified":"2018-12-10T12:14:03+00:00","mainEntityOfPage":{"@id":"https:\/\/marekkuchcinski.pl\/en\/wydarzenia\/budapeszt\/"},"wordCount":803,"commentCount":0,"publisher":{"@id":"https:\/\/marekkuchcinski.pl\/#organization"},"image":{"@id":"https:\/\/marekkuchcinski.pl\/en\/wydarzenia\/budapeszt\/#primaryimage"},"thumbnailUrl":"https:\/\/marekkuchcinski.pl\/wp-content\/uploads\/2018\/12\/RZ__0077.view_.jpg","articleSection":["Wsp\u00f3\u0142praca mi\u0119dzynarodowa","Wydarzenia"],"inLanguage":"sk-SK","potentialAction":[{"@type":"CommentAction","name":"Comment","target":["https:\/\/marekkuchcinski.pl\/en\/wydarzenia\/budapeszt\/#respond"]}]},{"@type":"WebPage","@id":"https:\/\/marekkuchcinski.pl\/en\/wydarzenia\/budapeszt\/","url":"https:\/\/marekkuchcinski.pl\/en\/wydarzenia\/budapeszt\/","name":"Budapeszt. Obchody 100-lecia odzyskania niepodleg\u0142o\u015bci przez Polsk\u0119 &#8211; Marek Kuchci\u0144ski","isPartOf":{"@id":"https:\/\/marekkuchcinski.pl\/#website"},"primaryImageOfPage":{"@id":"https:\/\/marekkuchcinski.pl\/en\/wydarzenia\/budapeszt\/#primaryimage"},"image":{"@id":"https:\/\/marekkuchcinski.pl\/en\/wydarzenia\/budapeszt\/#primaryimage"},"thumbnailUrl":"https:\/\/marekkuchcinski.pl\/wp-content\/uploads\/2018\/12\/RZ__0077.view_.jpg","datePublished":"2018-12-08T23:04:57+00:00","dateModified":"2018-12-10T12:14:03+00:00","breadcrumb":{"@id":"https:\/\/marekkuchcinski.pl\/en\/wydarzenia\/budapeszt\/#breadcrumb"},"inLanguage":"sk-SK","potentialAction":[{"@type":"ReadAction","target":["https:\/\/marekkuchcinski.pl\/en\/wydarzenia\/budapeszt\/"]}]},{"@type":"ImageObject","inLanguage":"sk-SK","@id":"https:\/\/marekkuchcinski.pl\/en\/wydarzenia\/budapeszt\/#primaryimage","url":"https:\/\/marekkuchcinski.pl\/wp-content\/uploads\/2018\/12\/RZ__0077.view_.jpg","contentUrl":"https:\/\/marekkuchcinski.pl\/wp-content\/uploads\/2018\/12\/RZ__0077.view_.jpg","width":800,"height":533},{"@type":"BreadcrumbList","@id":"https:\/\/marekkuchcinski.pl\/en\/wydarzenia\/budapeszt\/#breadcrumb","itemListElement":[{"@type":"ListItem","position":1,"name":"Strona g\u0142\u00f3wna","item":"https:\/\/marekkuchcinski.pl\/"},{"@type":"ListItem","position":2,"name":"Budapeszt. Obchody 100-lecia odzyskania niepodleg\u0142o\u015bci przez Polsk\u0119"}]},{"@type":"WebSite","@id":"https:\/\/marekkuchcinski.pl\/#website","url":"https:\/\/marekkuchcinski.pl\/","name":"Marek Kuchci\u0144ski","description":"Pose\u0142 na sejm RP &ndash; okr\u0119g nr 22","publisher":{"@id":"https:\/\/marekkuchcinski.pl\/#organization"},"potentialAction":[{"@type":"SearchAction","target":{"@type":"EntryPoint","urlTemplate":"https:\/\/marekkuchcinski.pl\/?s={search_term_string}"},"query-input":{"@type":"PropertyValueSpecification","valueRequired":true,"valueName":"search_term_string"}}],"inLanguage":"sk-SK"},{"@type":"Organization","@id":"https:\/\/marekkuchcinski.pl\/#organization","name":"Marek Kuchci\u0144ski","url":"https:\/\/marekkuchcinski.pl\/","logo":{"@type":"ImageObject","inLanguage":"sk-SK","@id":"https:\/\/marekkuchcinski.pl\/#\/schema\/logo\/image\/","url":"https:\/\/marekkuchcinski.pl\/wp-content\/uploads\/2022\/09\/Marek.jpg","contentUrl":"https:\/\/marekkuchcinski.pl\/wp-content\/uploads\/2022\/09\/Marek.jpg","width":1600,"height":971,"caption":"Marek Kuchci\u0144ski"},"image":{"@id":"https:\/\/marekkuchcinski.pl\/#\/schema\/logo\/image\/"}},{"@type":"Person","@id":"https:\/\/marekkuchcinski.pl\/#\/schema\/person\/6f62700996b4d950b6ea2d1183b6c6be","name":"admin","image":{"@type":"ImageObject","inLanguage":"sk-SK","@id":"https:\/\/marekkuchcinski.pl\/#\/schema\/person\/image\/","url":"https:\/\/secure.gravatar.com\/avatar\/4bab693b9d55c3d6b52c0296a8765085?s=96&d=mm&r=g","contentUrl":"https:\/\/secure.gravatar.com\/avatar\/4bab693b9d55c3d6b52c0296a8765085?s=96&d=mm&r=g","caption":"admin"},"url":"https:\/\/marekkuchcinski.pl\/sk\/author\/marta-olejnik\/"}]}},"_links":{"self":[{"href":"https:\/\/marekkuchcinski.pl\/sk\/wp-json\/wp\/v2\/posts\/11589","targetHints":{"allow":["GET"]}}],"collection":[{"href":"https:\/\/marekkuchcinski.pl\/sk\/wp-json\/wp\/v2\/posts"}],"about":[{"href":"https:\/\/marekkuchcinski.pl\/sk\/wp-json\/wp\/v2\/types\/post"}],"author":[{"embeddable":true,"href":"https:\/\/marekkuchcinski.pl\/sk\/wp-json\/wp\/v2\/users\/6"}],"replies":[{"embeddable":true,"href":"https:\/\/marekkuchcinski.pl\/sk\/wp-json\/wp\/v2\/comments?post=11589"}],"version-history":[{"count":9,"href":"https:\/\/marekkuchcinski.pl\/sk\/wp-json\/wp\/v2\/posts\/11589\/revisions"}],"predecessor-version":[{"id":11686,"href":"https:\/\/marekkuchcinski.pl\/sk\/wp-json\/wp\/v2\/posts\/11589\/revisions\/11686"}],"wp:featuredmedia":[{"embeddable":true,"href":"https:\/\/marekkuchcinski.pl\/sk\/wp-json\/wp\/v2\/media\/11590"}],"wp:attachment":[{"href":"https:\/\/marekkuchcinski.pl\/sk\/wp-json\/wp\/v2\/media?parent=11589"}],"wp:term":[{"taxonomy":"category","embeddable":true,"href":"https:\/\/marekkuchcinski.pl\/sk\/wp-json\/wp\/v2\/categories?post=11589"},{"taxonomy":"post_tag","embeddable":true,"href":"https:\/\/marekkuchcinski.pl\/sk\/wp-json\/wp\/v2\/tags?post=11589"}],"curies":[{"name":"wp","href":"https:\/\/api.w.org\/{rel}","templated":true}]}}