{"id":11575,"date":"2018-12-07T15:22:27","date_gmt":"2018-12-07T14:22:27","guid":{"rendered":"https:\/\/marekkuchcinski.pl\/?p=11575"},"modified":"2018-12-07T15:24:47","modified_gmt":"2018-12-07T14:24:47","slug":"marek-kuchcinski-produkty-regionalne-zyskuja-znaczeniu-powinnismy-dolozyc-wszelkich-staran-aby-promowac-je-we-wlasnym-kraju-europie-swiecie","status":"publish","type":"post","link":"https:\/\/marekkuchcinski.pl\/sk\/wydarzenia\/marek-kuchcinski-produkty-regionalne-zyskuja-znaczeniu-powinnismy-dolozyc-wszelkich-staran-aby-promowac-je-we-wlasnym-kraju-europie-swiecie\/","title":{"rendered":"Marek Kuchci\u0144ski: Region\u00e1lne v\u00fdrobky z\u00edskavaj\u00fa na v\u00fdzname. Mali by sme vynalo\u017ei\u0165 v\u0161etko \u00fasilie na ich propag\u00e1ciu v na\u0161ej krajine, v Eur\u00f3pe a vo svete."},"content":{"rendered":"<p><strong>Po\u013esk\u00e9 potraviny s\u00fa zdrav\u0161ie a chutnej\u0161ie a s rast\u00facim ekologick\u00fdm povedom\u00edm z\u00edskavaj\u00fa na hodnote. Nie nadarmo je najviac registrovan\u00fdch tradi\u010dn\u00fdch v\u00fdrobkov (viac ako 200) v kr\u00e1snom a zelenom Podkarpatskom regi\u00f3ne a \u013eudia tam \u017eij\u00fa najdlh\u0161ie.\u00a0<\/strong><\/p>\n<p>- Zdrav\u00e9 a kvalitn\u00e9 potraviny s\u00fa na trhu \u010doraz viac cenen\u00e9. Ekologick\u00e9 v\u00fdrobky. V\u010faka tomu sa vracaj\u00fa dobr\u00e9, tradi\u010dn\u00e9 chute a na v\u00fdzname z\u00edskavaj\u00fa netradi\u010dn\u00e9 region\u00e1lne v\u00fdrobky, ktor\u00e9 dok\u00e1\u017eu uspokoji\u0165 n\u00e1ro\u010dn\u00e9 chute spotrebite\u013eov - nap\u00edsal Marek Kuchci\u0144ski v liste \u00fa\u010dastn\u00edkom Ekogala na Podkarpatsku. Predseda Sejmu zd\u00f4raznil, \u017ee by sme mali vynalo\u017ei\u0165 maxim\u00e1lne \u00fasilie na propag\u00e1ciu region\u00e1lnych v\u00fdrobkov v na\u0161ej krajine, v Eur\u00f3pe a vo svete.<\/p>\n<p>Ochrana a podpora region\u00e1lnych a tradi\u010dn\u00fdch v\u00fdrobkov je jedn\u00fdm z najd\u00f4le\u017eitej\u0161\u00edch faktorov ovplyv\u0148uj\u00facich trvalo udr\u017eate\u013en\u00fd rozvoj vidieckych oblast\u00ed. Okrem toho sa chr\u00e1ni aj kult\u00farne dedi\u010dstvo vidieckych oblast\u00ed, \u010do vo ve\u013ekej miere prispieva k zv\u00fd\u0161eniu atrakt\u00edvnosti vidieckych oblast\u00ed a k rozvoju agroturistiky a vidieckeho cestovn\u00e9ho ruchu. (Ministerstvo po\u013enohospod\u00e1rstva a rozvoja vidieka)<\/p>\n<p><strong><span style=\"color: #339966;\"><a style=\"color: #339966;\" href=\"https:\/\/marekkuchcinski.pl\/wp-content\/uploads\/2018\/12\/Ekologia-7-grudnia.pdf\">ZOZNAM<\/a><\/span><\/strong><\/p>\n<p><a href=\"https:\/\/marekkuchcinski.pl\/wp-content\/uploads\/2018\/12\/Prod-reg.jpg\"><img fetchpriority=\"high\" decoding=\"async\" class=\"alignnone size-full wp-image-11579\" src=\"https:\/\/marekkuchcinski.pl\/wp-content\/uploads\/2018\/12\/Prod-reg.jpg\" alt=\"Prod reg\" width=\"869\" height=\"523\" srcset=\"https:\/\/marekkuchcinski.pl\/wp-content\/uploads\/2018\/12\/Prod-reg.jpg 869w, https:\/\/marekkuchcinski.pl\/wp-content\/uploads\/2018\/12\/Prod-reg-300x181.jpg 300w, https:\/\/marekkuchcinski.pl\/wp-content\/uploads\/2018\/12\/Prod-reg-768x462.jpg 768w\" sizes=\"(max-width: 869px) 100vw, 869px\" \/><\/a><\/p>\n<p><em>Podkarpatsk\u00e9 chute - Hospod\u00e1rske f\u00f3rum Krynica-Zdr\u00f3j, foto M. Olejnik<\/em><\/p>\n<p>&nbsp;<\/p>","protected":false},"excerpt":{"rendered":"<p>Polska \u017cywno\u015b\u0107 jest zdrowsza i smaczniejsza, a wraz ze wzrostem \u015bwiadomo\u015bci ekologicznej zyskuje na warto\u015bci. Nie bez przyczyny najwi\u0119cej zarejestrowanych produkt\u00f3w\u00a0tradycyjnych (ponad 200)\u00a0 jest na pi\u0119knym i zielonym Podkarpaciu, a ludzie \u017cyj\u0105 tam najd\u0142u\u017cej.\u00a0 &#8211; Zdrowa i wysokiej jako\u015bci \u017cywno\u015b\u0107 jest coraz bardziej doceniana na rynku. Produkty ekologiczne. dzi\u0119ki kt\u00f3rym powracaj\u0105 dobre, tradycyjne smaki oraz [&hellip;]<\/p>\n","protected":false},"author":6,"featured_media":11579,"comment_status":"open","ping_status":"open","sticky":false,"template":"","format":"standard","meta":{"ngg_post_thumbnail":0,"footnotes":""},"categories":[49,3],"tags":[],"class_list":["post-11575","post","type-post","status-publish","format-standard","has-post-thumbnail","hentry","category-podkarpacie","category-wydarzenia"],"_links":{"self":[{"href":"https:\/\/marekkuchcinski.pl\/sk\/wp-json\/wp\/v2\/posts\/11575","targetHints":{"allow":["GET"]}}],"collection":[{"href":"https:\/\/marekkuchcinski.pl\/sk\/wp-json\/wp\/v2\/posts"}],"about":[{"href":"https:\/\/marekkuchcinski.pl\/sk\/wp-json\/wp\/v2\/types\/post"}],"author":[{"embeddable":true,"href":"https:\/\/marekkuchcinski.pl\/sk\/wp-json\/wp\/v2\/users\/6"}],"replies":[{"embeddable":true,"href":"https:\/\/marekkuchcinski.pl\/sk\/wp-json\/wp\/v2\/comments?post=11575"}],"version-history":[{"count":5,"href":"https:\/\/marekkuchcinski.pl\/sk\/wp-json\/wp\/v2\/posts\/11575\/revisions"}],"predecessor-version":[{"id":11583,"href":"https:\/\/marekkuchcinski.pl\/sk\/wp-json\/wp\/v2\/posts\/11575\/revisions\/11583"}],"wp:featuredmedia":[{"embeddable":true,"href":"https:\/\/marekkuchcinski.pl\/sk\/wp-json\/wp\/v2\/media\/11579"}],"wp:attachment":[{"href":"https:\/\/marekkuchcinski.pl\/sk\/wp-json\/wp\/v2\/media?parent=11575"}],"wp:term":[{"taxonomy":"category","embeddable":true,"href":"https:\/\/marekkuchcinski.pl\/sk\/wp-json\/wp\/v2\/categories?post=11575"},{"taxonomy":"post_tag","embeddable":true,"href":"https:\/\/marekkuchcinski.pl\/sk\/wp-json\/wp\/v2\/tags?post=11575"}],"curies":[{"name":"wp","href":"https:\/\/api.w.org\/{rel}","templated":true}]}}