{"id":11543,"date":"2018-12-07T13:25:36","date_gmt":"2018-12-07T12:25:36","guid":{"rendered":"https:\/\/marekkuchcinski.pl\/?p=11543"},"modified":"2018-12-07T15:49:36","modified_gmt":"2018-12-07T14:49:36","slug":"podsumowanie-73-posiedzenie-sejmu-rp","status":"publish","type":"post","link":"https:\/\/marekkuchcinski.pl\/sk\/wydarzenia\/podsumowanie-73-posiedzenie-sejmu-rp\/","title":{"rendered":"Zhrnutie 73. zasadnutia po\u013esk\u00e9ho Sejmu"},"content":{"rendered":"<p dir=\"ltr\"><strong>Nezdanen\u00fd d\u00f4chodok<\/strong>,<strong>\u00a0zlep\u0161enie dostupnosti slu\u017eieb zdravotnej starostlivosti,<\/strong>\u00a0<strong>noveliz\u00e1cia z\u00e1kona o podpore rodiny a syst\u00e9me n\u00e1hradnej starostlivosti, lep\u0161\u00ed v\u00fdber v\u00fd\u017eivn\u00e9ho, zlep\u0161enie kvality ovzdu\u0161ia a zabezpe\u010denie bezpe\u010dnosti dod\u00e1vok tepla a energie - to boli niektor\u00e9 z t\u00e9m, ktor\u00fdmi sa poslanci zaoberali na 73. sch\u00f4dzi Sejmu.<\/strong><\/p>\n<p dir=\"ltr\">Spr\u00e1va o vykon\u00e1van\u00ed bola prijat\u00e1 vo \u0161tvrtok <strong>program 500 plus<\/strong> 2016-2017 \u0161t\u00e1tny tajomn\u00edk ministerstva rodiny, pr\u00e1ce a soci\u00e1lnej politiky Stanis\u0142aw Szwed, ktor\u00fd upozornil na jasn\u00fd n\u00e1rast p\u00f4rodnosti. Pod\u013ea \u00fadajov ministerstva bola v roku 2017 prv\u00fdkr\u00e1t prekro\u010den\u00e1 hranica viac ako 400 000 naroden\u00fdch det\u00ed, \u010do je v s\u00favislosti s demografick\u00fdmi ot\u00e1zkami dobr\u00e1 progn\u00f3za.<\/p>\n<p dir=\"ltr\"><span style=\"color: #800000;\"><strong>Uznesenia prijat\u00e9 Sejmom<\/strong><\/span><\/p>\n<p dir=\"ltr\"><a href=\"https:\/\/marekkuchcinski.pl\/wp-content\/uploads\/2018\/12\/kul_pol.jpg\"><img decoding=\"async\" class=\"wp-image-11585 size-thumbnail alignleft\" src=\"https:\/\/marekkuchcinski.pl\/wp-content\/uploads\/2018\/12\/kul_pol-150x150.jpg\" alt=\"kul_pol\" width=\"150\" height=\"150\" srcset=\"https:\/\/marekkuchcinski.pl\/wp-content\/uploads\/2018\/12\/kul_pol-150x150.jpg 150w, https:\/\/marekkuchcinski.pl\/wp-content\/uploads\/2018\/12\/kul_pol-300x300.jpg 300w, https:\/\/marekkuchcinski.pl\/wp-content\/uploads\/2018\/12\/kul_pol-768x768.jpg 768w, https:\/\/marekkuchcinski.pl\/wp-content\/uploads\/2018\/12\/kul_pol-1024x1024.jpg 1024w, https:\/\/marekkuchcinski.pl\/wp-content\/uploads\/2018\/12\/kul_pol.jpg 1650w\" sizes=\"(max-width: 150px) 100vw, 150px\" \/><\/a>Poslanci aklam\u00e1ciou schv\u00e1lili tento n\u00e1vrh predsedn\u00edctva Sejmu\u00a0<strong>rezol\u00facia o oslav\u00e1ch st\u00e9ho v\u00fdro\u010dia zalo\u017eenia Katol\u00edckej univerzity J\u00e1na Pavla II. v Lubline, <\/strong>V prvom polroku bola univerzita jedinou s\u00fakromnou katol\u00edckou univerzitou od Labe po Vladivostok.<\/p>\n<h5 dir=\"ltr\"><strong>prepojenie:<\/strong><span style=\"color: #800000;\"><strong>\u00a0<a style=\"color: #800000;\" href=\"https:\/\/marekkuchcinski.pl\/wp-content\/uploads\/2018\/12\/KUL-uchwa\u0142a.pdf\">Uznesenie KUL<\/a>\u00a0<\/strong><\/span><\/h5>\n<p dir=\"ltr\">Poslanci Eur\u00f3pskeho parlamentu tie\u017e prijali\u00a0<strong>rezol\u00faciu k 100. v\u00fdro\u010diu vydania dekr\u00e9tu hlavy \u0161t\u00e1tu o zriaden\u00ed Komun\u00e1lnych r\u00e1d v b\u00fdvalom Kongresovom kr\u00e1\u013eovstve<\/strong>Spr\u00e1va sa zameriava na d\u00f4le\u017eit\u00fd prvok budovania obnoven\u00e9ho \u0161t\u00e1tu, ktor\u00fdm bolo vytvorenie verejnej spr\u00e1vy vr\u00e1tane in\u0161tit\u00facie miestnej samospr\u00e1vy. Tento proces bol iniciovan\u00fd dekr\u00e9tom hlavy \u0161t\u00e1tu J\u00f3zefa Pi\u0142sudsk\u00e9ho z 27. novembra 1918 o zriaden\u00ed Komun\u00e1lnych r\u00e1d na \u00fazem\u00ed b\u00fdval\u00e9ho Kongresov\u00e9ho kr\u00e1\u013eovstva. Tento z\u00e1kon mal do\u010dasn\u00fd charakter a platil dovtedy, k\u00fdm Sejm neprijal z\u00e1kon o komun\u00e1lnej samospr\u00e1ve, ale umo\u017enil vo\u013ebu org\u00e1nov v nieko\u013ek\u00fdch stovk\u00e1ch obc\u00ed, \u010d\u00edm poskytol pevn\u00fd z\u00e1klad pre vznikaj\u00faci \u0161t\u00e1t.<\/p>\n<p dir=\"ltr\"><span style=\"color: #800000;\"><strong>Sejm prijal 10 z\u00e1konov<\/strong><\/span><\/p>\n<p dir=\"ltr\">Sejm rozhodol o zmene Ob\u010dianskeho z\u00e1konn\u00edka -\u00a0<strong>pri v\u00fdpo\u010dte \u00farokov z ome\u0161kania ned\u00f4jde k neod\u00f4vodnen\u00e9mu zv\u00fdhodneniu \u00faverov\u00fdch in\u0161tit\u00faci\u00ed<\/strong>. Poslanci odhlasovali aj novelu z\u00e1kona o medzin\u00e1rodn\u00fdch dohod\u00e1ch, ktorou sa do z\u00e1kona zav\u00e1dza pojem \"skon\u010denie platnosti medzin\u00e1rodnej dohody\". To umo\u017en\u00ed riadne informovanie o skon\u010den\u00ed platnosti medzin\u00e1rodn\u00fdch doh\u00f4d, ak je jeho d\u00f4vod in\u00fd ako vypovedanie Po\u013eskou republikou.<\/p>\n<p dir=\"ltr\">Sen\u00e1t dostane aj pozme\u0148uj\u00faci n\u00e1vrh, ktor\u00fdm sa zav\u00e1dzaj\u00fa ustanovenia umo\u017e\u0148uj\u00face pol\u00edcii uhradi\u0165 n\u00e1klady na do\u010dasn\u00e9 ubytovanie policajta, ktor\u00fd bol prelo\u017een\u00fd na v\u00fdkon slu\u017eby do in\u00e9ho miesta, po\u010das cel\u00e9ho obdobia v\u00fdkonu slu\u017eby. Poslanci schv\u00e1lili aj pozme\u0148uj\u00face a dopl\u0148uj\u00face n\u00e1vrhy, pod\u013ea ktor\u00fdch<span style=\"text-decoration: underline;\">\u00a0<\/span><strong>ktor\u00ed \u010dlenovia spr\u00e1vnej rady metropolitn\u00e9ho zdru\u017eenia, ako aj pokladn\u00edk a tajomn\u00edk bud\u00fa pod\u00e1va\u0165 lustra\u010dn\u00e9 vyhl\u00e1senia na rovnakom z\u00e1klade ako okrem in\u00e9ho \u010dlenovia vojvodskej rady<\/strong>.<\/p>\n<p dir=\"ltr\">Sejm zmenil a doplnil z\u00e1kon o transform\u00e1cii pr\u00e1va trval\u00e9ho u\u017e\u00edvania pozemkov ur\u010den\u00fdch na b\u00fdvanie na vlastn\u00edcke pr\u00e1vo k pozemkom.<u><strong>\u00a0<\/strong><\/u><strong>Zmena a doplnenie podpor\u00ed ob\u010danov pri z\u00edskavan\u00ed vlastn\u00edctva k pozemkom, ktor\u00e9 sl\u00fa\u017eia na uspokojovanie potrieb b\u00fdvania<\/strong>\u00a0(rodinn\u00e9 domy, byty vo viacbytov\u00fdch budov\u00e1ch, v ktor\u00fdch je aspo\u0148 polovica jednotiek obytn\u00fdch).<\/p>\n<p dir=\"ltr\">Parlament novelizoval z\u00e1kon o organizovan\u00ed a vykon\u00e1van\u00ed kult\u00farnej \u010dinnosti, ktor\u00fd okrem in\u00e9ho upravuje postup pri v\u00fdberov\u00fdch konaniach na miesta riadite\u013eov samospr\u00e1vnych kult\u00farnych in\u0161tit\u00faci\u00ed. Nov\u00e9 ustanovenia z\u00e1kona o povolaniach lek\u00e1ra a zubn\u00e9ho lek\u00e1ra a o pr\u00e1vach pacientov a o ombudsmanovi pre pr\u00e1va pacientov poskytn\u00fa pacientovi\u00a0<strong>pr\u00e1vo vyjadri\u0165 nes\u00fahlas so zverejnen\u00edm zdravotnej dokument\u00e1cie po\u010das svojho \u017eivota. Pacienti bud\u00fa dost\u00e1va\u0165 aj elektronick\u00e9 odpor\u00fa\u010dania<\/strong>.<\/p>\n<p dir=\"ltr\"><strong>Sejm prijal zmeny na zlep\u0161enie v\u00fdberu v\u00fd\u017eivn\u00e9ho. Zah\u0155\u0148aj\u00fa rie\u0161enia, ktor\u00e9 umo\u017enia \u00fa\u010dinnej\u0161iu profesion\u00e1lnu aktiv\u00e1ciu dl\u017en\u00edkov v\u00fd\u017eivn\u00e9ho<\/strong>.<\/p>\n<p dir=\"ltr\">Prijat\u00e1 novela z\u00e1kona o osobitnom rie\u0161en\u00ed plnenia z\u00e1kona o \u0161t\u00e1tnom rozpo\u010dte na rok 2018. zah\u0155\u0148a zv\u00fd\u0161enie zdrojov N\u00e1rodn\u00e9ho fondu zdravia, Reprivatiza\u010dn\u00e9ho fondu, Fondu pre miestne komunik\u00e1cie, Agent\u00fary pre re\u0161trukturaliz\u00e1ciu a moderniz\u00e1ciu po\u013enohospod\u00e1rstva a PKP PLK.<\/p>\n<p dir=\"ltr\"><span style=\"color: #800000;\"><strong>Z\u00e1kony, ktor\u00e9 m\u00e1 podp\u00edsa\u0165 prezident<\/strong><\/span><\/p>\n<p dir=\"ltr\">Novela z\u00e1kona o podpore termomoderniz\u00e1cie a rekon\u0161trukcie a niektor\u00fdch \u010fal\u0161\u00edch z\u00e1konov\u00a0<strong>umo\u017eni\u0165 tepeln\u00fa moderniz\u00e1ciu rodinn\u00fdch domov ob\u00fdvan\u00fdch \u013eu\u010fmi postihnut\u00fdmi energetickou chudobou a v\u00fdmenu alebo likvid\u00e1ciu vykurovac\u00edch zariaden\u00ed v podobe kotlov na pevn\u00e9 palivo, ktor\u00e9 nesp\u013a\u0148aj\u00fa emisn\u00e9 normy<\/strong>.<\/p>\n<p dir=\"ltr\">Z\u00e1kon o n\u00e1rodnom registri dl\u017en\u00edkov\u00a0<strong>stanovuje u\u013eah\u010denia v re\u0161trukturaliza\u010dn\u00fdch konaniach a konkurzoch podnikate\u013eov.<\/strong>. Je to reakcia na v\u00fdznamn\u00e9 probl\u00e9my re\u0161trukturaliza\u010dn\u00fdch a konkurzn\u00fdch s\u00fadov vypl\u00fdvaj\u00face z v\u00fdrazn\u00e9ho n\u00e1rastu po\u010dtu pr\u00edpadov, najm\u00e4 spotrebite\u013esk\u00fdch konkurzov. Vytvor\u00ed sa N\u00e1rodn\u00fd register dl\u017en\u00edkov, ktor\u00fd bude pr\u00edstupn\u00fd verejnosti, \u010do okrem in\u00e9ho znamen\u00e1, \u017ee ka\u017ed\u00fd bude m\u00f4c\u0165 nahliadnu\u0165 do \u00fadajov, ktor\u00e9 obsahuje, online.<\/p>\n<p dir=\"ltr\">Zmeny v z\u00e1kone o preukazoch toto\u017enosti spo\u010d\u00edvaj\u00fa v\u00a0<strong>vybavenie d\u00f4kazov prostriedkami elektronickej identifik\u00e1cie (osobn\u00fd profil), ktor\u00e9 poskytuj\u00fa vysok\u00fa \u00farove\u0148 d\u00f4veryhodnosti, aby bolo mo\u017en\u00e9 preuk\u00e1za\u0165 toto\u017enos\u0165 v online slu\u017eb\u00e1ch a podpisova\u0165 elektronick\u00e9 dokumenty<\/strong>.<\/p>\n<p dir=\"ltr\">Poslanci prijali pozme\u0148uj\u00face a dopl\u0148uj\u00face n\u00e1vrhy Sen\u00e1tu t\u00fdkaj\u00face sa zriadenia POLADA, t. j. oddelenia Antidopingov\u00e9ho v\u00fdskumn\u00e9ho in\u0161tit\u00fatu od \u0160portov\u00e9ho in\u0161tit\u00fatu - N\u00e1rodn\u00e9ho v\u00fdskumn\u00e9ho in\u0161tit\u00fatu a zriadenia po\u013esk\u00e9ho antidopingov\u00e9ho laborat\u00f3ria s pr\u00e1vnou subjektivitou. Z\u00e1kon bude zaslan\u00fd na st\u00f4l prezidenta.<\/p>\n<p dir=\"ltr\">Prv\u00fd pracovn\u00fd de\u0148 73. sch\u00f4dze Sejmu v stredu zah\u0155\u0148al\u00a0<strong>ot\u00e1zky s\u00favisiace so zlep\u0161en\u00edm dostupnosti slu\u017eieb zdravotnej starostlivosti<\/strong>\u00a0a\u00a0<strong>Novela z\u00e1kona o podpore rodiny a syst\u00e9mu n\u00e1hradnej starostlivosti<\/strong>.<\/p>\n<p dir=\"ltr\">Zasadnutie sa za\u010dalo zlo\u017een\u00edm s\u013eubu nov\u00fdch poslancov, ktor\u00ed zaujali svoje miesta po poslancoch, ktor\u00ed sa ujali funkcie v org\u00e1noch miestnej samospr\u00e1vy.<u>\u00a0<\/u><strong>S\u013eub pred rokovacou miestnos\u0165ou zlo\u017eili t\u00edto poslanci: Iwona Krawczyk, Grzegorz Lipiec, Danuta Nowicka, Pawe\u0142 Rychlik a S\u0142awomir Skwarek<\/strong>.<\/p>\n<p dir=\"ltr\">N\u00e1sledne poslanci v druhom \u010d\u00edtan\u00ed hlasovali o prezidentskom n\u00e1vrhu novely ob\u010dianskeho z\u00e1konn\u00edka, ktor\u00e9ho cie\u013eom je zru\u0161i\u0165 \u00fa\u010dtovanie \u00farokov z ome\u0161kan\u00fdch platieb. \u00da\u010dinok tejto zmeny a doplnenia m\u00e1 by\u0165\u00a0<strong>p\u00f4sobenie proti zvy\u0161ovaniu zadl\u017eenosti z\u00e1kazn\u00edkov a upadnutiu do tzv. dlhovej slu\u010dky<\/strong>. N\u00e1vrh bol post\u00fapen\u00fd Mimoriadnemu v\u00fdboru pre zmeny a doplnenia kodifik\u00e1ci\u00ed.<\/p>\n<p dir=\"ltr\">V prvom \u010d\u00edtan\u00ed bol prerokovan\u00fd aj vl\u00e1dny n\u00e1vrh novely z\u00e1kona o osobitnom rie\u0161en\u00ed plnenia z\u00e1kona o \u0161t\u00e1tnom rozpo\u010dte na rok 2018, po zamietnut\u00ed n\u00e1vrhu na zamietnutie n\u00e1vrhu v plnom rozsahu bol n\u00e1vrh post\u00fapen\u00fd V\u00fdboru pre verejn\u00e9 financie.<\/p>\n<p dir=\"ltr\">Poslanci uskuto\u010dnili prv\u00e9 \u010d\u00edtanie n\u00e1vrhu z\u00e1kona o podpore v\u00fdroby elektriny z vysoko\u00fa\u010dinnej kombinovanej v\u00fdroby.\u00a0<strong>O\u010dak\u00e1va sa, \u017ee prijatie t\u00fdchto rie\u0161en\u00ed zlep\u0161\u00ed kvalitu ovzdu\u0161ia a zabezpe\u010d\u00ed bezpe\u010dnos\u0165 dod\u00e1vok tepla a energie prostredn\u00edctvom s\u00fabe\u017enej v\u00fdroby elektriny a u\u017eito\u010dn\u00e9ho tepla v zariadeniach na kombinovan\u00fa v\u00fdrobu elektriny a tepla.<\/strong>. Po hlasovan\u00ed Sejm post\u00fapil n\u00e1vrh V\u00fdboru pre energetiku a \u0161t\u00e1tnu pokladnicu.<\/p>\n<p dir=\"ltr\">Poslanci ukon\u010dili druh\u00e9 \u010d\u00edtanie n\u00e1vrhu novely z\u00e1kona o po\u013eskej pol\u00edcii, ktor\u00fd predlo\u017eila komisia. N\u00e1vrh sa t\u00fdka\u00a0<strong>\u00fahradu n\u00e1kladov na do\u010dasn\u00e9 ubytovanie policajta, ktor\u00fd bol prelo\u017een\u00fd do slu\u017eby v inej lokalite, pol\u00edciou po\u010das cel\u00e9ho trvania tejto slu\u017eby<\/strong>. Sejm prist\u00fapi k tretiemu \u010d\u00edtaniu n\u00e1vrhu v bloku hlasovan\u00ed.<\/p>\n<p dir=\"ltr\">Sejm vykonal\u00a0<strong>Druh\u00e9 \u010d\u00edtanie n\u00e1vrhu, ktor\u00fdm sa zav\u00e1dzaj\u00fa ustanovenia, pod\u013ea ktor\u00fdch s\u00fa \u010dlenovia spr\u00e1vnej rady metropolitn\u00e9ho zdru\u017eenia, ako aj pokladn\u00edk a tajomn\u00edk tak\u00e9hoto zdru\u017eenia povinn\u00ed predklada\u0165 lustra\u010dn\u00e9 vyhl\u00e1senia<\/strong>. N\u00e1vrh Komisie sa t\u00fdka novely z\u00e1kona o spr\u00edstup\u0148ovan\u00ed inform\u00e1ci\u00ed o dokumentoch org\u00e1nov \u0161t\u00e1tnej bezpe\u010dnosti z rokov 1944 - 1990 a obsahu t\u00fdchto dokumentov. Sejm prist\u00fapi k tretiemu \u010d\u00edtaniu n\u00e1vrhu v hlasovacom bloku.<\/p>\n<p dir=\"ltr\">Parlament uskuto\u010dnil druh\u00e9 \u010d\u00edtanie n\u00e1vrhu novely z\u00e1kona o organizovan\u00ed a vykon\u00e1van\u00ed kult\u00farnych \u010dinnost\u00ed. N\u00e1vrh okrem in\u00e9ho upravuje postup pri v\u00fdberov\u00fdch konaniach na miesta riadite\u013eov samospr\u00e1vnych kult\u00farnych in\u0161tit\u00faci\u00ed. Sejm prist\u00fapi k tretiemu \u010d\u00edtaniu n\u00e1vrhu v hlasovacom bloku.<\/p>\n<p dir=\"ltr\">Sejm si vypo\u010dul spr\u00e1vu V\u00fdboru pre zdravotn\u00edctvo o zmen\u00e1ch a doplneniach z\u00e1kona o povolan\u00ed lek\u00e1ra a zub\u00e1ra a o pr\u00e1vach pacientov a ombudsmanovi pre pr\u00e1va pacientov. Nov\u00e9 nariadenia d\u00e1vaj\u00fa pacientovi pr\u00e1vo po\u010das svojho \u017eivota vyjadri\u0165 nes\u00fahlas so zverejnen\u00edm zdravotnej dokument\u00e1cie. Tretie \u010d\u00edtanie n\u00e1vrhu z\u00e1kona uskuto\u010dn\u00ed Sejm po\u010das hlasovacieho bloku.<\/p>\n<p dir=\"ltr\">V druhom \u010d\u00edtan\u00ed vl\u00e1dneho projektu zalo\u017eenia Nad\u00e1cie Priemyselnej platformy bud\u00facnosti, ktor\u00fd je d\u00f4sledkom realiz\u00e1cie projektu \"Po\u013esk\u00e1 priemyseln\u00e1 platforma 4.0\" zahrnut\u00e9ho do \"Strat\u00e9gie zodpovedn\u00e9ho rozvoja do roku 2020\", si poslanci vypo\u010duli spr\u00e1vu V\u00fdboru pre hospod\u00e1rstvo a rozvoj. V d\u00f4sledku pozme\u0148uj\u00facich a dopl\u0148uj\u00facich n\u00e1vrhov bol n\u00e1vrh vr\u00e1ten\u00fd tomuto v\u00fdboru na vypracovanie dodato\u010dnej spr\u00e1vy.<\/p>\n<p dir=\"ltr\">\u010eal\u0161\u00edm n\u00e1vrhom, ktor\u00fdm sa Sejm zaoberal v prvom \u010d\u00edtan\u00ed, bol vl\u00e1dny n\u00e1vrh na zmeny\u00a0<strong>z\u00e1kon o podpore rodiny a syst\u00e9me n\u00e1hradnej starostlivosti, ktor\u00fd m\u00e1 ovplyvni\u0165 dynamick\u00fd rozvoj rodinn\u00fdch foriem n\u00e1hradnej starostlivosti a zabezpe\u010di\u0165 stabiln\u00e9 prostredie pre rodinn\u00fa v\u00fdchovu det\u00ed zbaven\u00fdch rodi\u010dovskej starostlivosti<\/strong>. N\u00e1vrh bol pridelen\u00fd V\u00fdboru pre soci\u00e1lnu politiku a rodinu.<\/p>\n<p dir=\"ltr\">Sejm pokra\u010doval v pr\u00e1ci na nov\u00fdch predpisoch zameran\u00fdch na zlep\u0161enie v\u00fdberu v\u00fd\u017eivn\u00e9ho vypo\u010dut\u00edm spr\u00e1vy V\u00fdboru pre soci\u00e1lnu politiku a rodinu. Patria sem rie\u0161enia, ktor\u00e9<span style=\"text-decoration: underline;\">\u00a0<\/span><strong>umo\u017eni\u0165 \u00fa\u010dinnej\u0161iu profesion\u00e1lnu aktiv\u00e1ciu dl\u017en\u00edkov v\u00fd\u017eivn\u00e9ho.<\/strong>. N\u00e1vrh bol vr\u00e1ten\u00fd V\u00fdboru pre soci\u00e1lnu politiku a rodinu.<\/p>\n<p dir=\"ltr\">V Sejme sa uskuto\u010dnilo prv\u00e9 \u010d\u00edtanie vl\u00e1dneho n\u00e1vrhu z\u00e1kona o zmene a doplnen\u00ed niektor\u00fdch z\u00e1konov v s\u00favislosti so zabezpe\u010den\u00edm uplat\u0148ovania nariadenia Eur\u00f3pskeho parlamentu a Rady (E\u00da) 2016\/679. N\u00e1vrh sa t\u00fdka prisp\u00f4sobenia po\u013esk\u00e9ho pr\u00e1vneho poriadku nariadeniu RODO. N\u00e1vrh na zamietnutie n\u00e1vrhu v prvom \u010d\u00edtan\u00ed bol predlo\u017een\u00fd, Sejm sa bude n\u00e1vrhom zaobera\u0165 v hlasovacom bloku.<\/p>\n<p dir=\"ltr\">V prvom \u010d\u00edtan\u00ed bol tie\u017e prerokovan\u00fd vl\u00e1dny n\u00e1vrh novely z\u00e1kona o z\u00e1sad\u00e1ch hospod\u00e1renia s majetkom \u0161t\u00e1tu a niektor\u00fdch \u010fal\u0161\u00edch z\u00e1konov. V n\u00e1vrhu sa okrem in\u00e9ho ustanovuje zriadenie kapit\u00e1lov\u00e9ho investi\u010dn\u00e9ho fondu. Bol predlo\u017een\u00fd n\u00e1vrh na zamietnutie n\u00e1vrhu v prvom \u010d\u00edtan\u00ed, Sejm sa bude n\u00e1vrhom zaobera\u0165 v hlasovacom bloku.<\/p>\n<p dir=\"ltr\">Posledn\u00fdm dnes prerok\u00favan\u00fdm n\u00e1vrhom z\u00e1kona je druh\u00e9 \u010d\u00edtanie novely niektor\u00fdch z\u00e1konov v s\u00favislosti s\u00a0<strong>e-odkazovanie a \u010dakacie zoznamy na zdravotn\u00edcke slu\u017eby. Cie\u013eom zmien je predov\u0161etk\u00fdm objasni\u0165 rozsah dokumentov sprac\u00favan\u00fdch v elektronickej podobe<\/strong>. Ke\u010f\u017ee k n\u00e1vrhu boli predlo\u017een\u00e9 pozme\u0148uj\u00face a dopl\u0148uj\u00face n\u00e1vrhy, bol vr\u00e1ten\u00fd V\u00fdboru pre zdravie.<\/p>\n<p dir=\"ltr\"><em>Viac inform\u00e1ci\u00ed: sejm.gov.pl<\/em><\/p>\n<p dir=\"ltr\"><em>Foto: R. Zambrzycki, \u0141. B\u0142asikiewicz<\/em><\/p>","protected":false},"excerpt":{"rendered":"<p>Emerytura bez podatku,\u00a0poprawa dost\u0119pno\u015bci \u015bwiadcze\u0144 opieki zdrowotnej,\u00a0zmiana ustawy o wspieraniu rodziny i systemie pieczy zast\u0119pczej,\u00a0lepsza\u00a0\u015bci\u0105galno\u015b\u0107 aliment\u00f3w oraz\u00a0poprawa jako\u015bci powietrza i zapewnienie bezpiecze\u0144stwa dostaw ciep\u0142a i energii to\u00a0niekt\u00f3re\u00a0z problem\u00f3w, jakimi zaj\u0119li si\u0119 pos\u0142owie\u00a0podczas 73. posiedzenia Sejmu. W czwartek przyj\u0119to\u00a0sprawozdanie z realizacji programu 500 plus w latach 2016-2017.\u00a0Sekretarz Stanu w Ministerstwie Rodziny Pracy i Polityki Spo\u0142ecznej Stanis\u0142aw [&hellip;]<\/p>","protected":false},"author":6,"featured_media":11549,"comment_status":"open","ping_status":"open","sticky":false,"template":"","format":"standard","meta":{"ngg_post_thumbnail":0,"footnotes":""},"categories":[81,3],"tags":[],"class_list":["post-11543","post","type-post","status-publish","format-standard","has-post-thumbnail","hentry","category-wiesci-z-sejmu","category-wydarzenia"],"yoast_head":"<!-- This site is optimized with the Yoast SEO plugin v24.7 - https:\/\/yoast.com\/wordpress\/plugins\/seo\/ -->\n<title>Podsumowanie 73. posiedzenie Sejmu RP &#8211; Marek Kuchci\u0144ski<\/title>\n<meta name=\"robots\" content=\"index, follow, max-snippet:-1, max-image-preview:large, max-video-preview:-1\" \/>\n<link rel=\"canonical\" href=\"https:\/\/marekkuchcinski.pl\/sk\/wydarzenia\/podsumowanie-73-posiedzenie-sejmu-rp\/\" \/>\n<meta property=\"og:locale\" content=\"sk_SK\" \/>\n<meta property=\"og:type\" content=\"article\" \/>\n<meta property=\"og:title\" content=\"Podsumowanie 73. posiedzenie Sejmu RP &#8211; Marek Kuchci\u0144ski\" \/>\n<meta property=\"og:description\" content=\"Emerytura bez podatku,\u00a0poprawa dost\u0119pno\u015bci \u015bwiadcze\u0144 opieki zdrowotnej,\u00a0zmiana ustawy o wspieraniu rodziny i systemie pieczy zast\u0119pczej,\u00a0lepsza\u00a0\u015bci\u0105galno\u015b\u0107 aliment\u00f3w oraz\u00a0poprawa jako\u015bci powietrza i zapewnienie bezpiecze\u0144stwa dostaw ciep\u0142a i energii to\u00a0niekt\u00f3re\u00a0z problem\u00f3w, jakimi zaj\u0119li si\u0119 pos\u0142owie\u00a0podczas 73. posiedzenia Sejmu. W czwartek przyj\u0119to\u00a0sprawozdanie z realizacji programu 500 plus w latach 2016-2017.\u00a0Sekretarz Stanu w Ministerstwie Rodziny Pracy i Polityki Spo\u0142ecznej Stanis\u0142aw [&hellip;]\" \/>\n<meta property=\"og:url\" content=\"https:\/\/marekkuchcinski.pl\/sk\/wydarzenia\/podsumowanie-73-posiedzenie-sejmu-rp\/\" \/>\n<meta property=\"og:site_name\" content=\"Marek Kuchci\u0144ski\" \/>\n<meta property=\"article:published_time\" content=\"2018-12-07T12:25:36+00:00\" \/>\n<meta property=\"article:modified_time\" content=\"2018-12-07T14:49:36+00:00\" \/>\n<meta property=\"og:image\" content=\"https:\/\/marekkuchcinski.pl\/wp-content\/uploads\/2018\/12\/73-PS.jpg\" \/>\n\t<meta property=\"og:image:width\" content=\"1620\" \/>\n\t<meta property=\"og:image:height\" content=\"1080\" \/>\n\t<meta property=\"og:image:type\" content=\"image\/jpeg\" \/>\n<meta name=\"author\" content=\"admin\" \/>\n<meta name=\"twitter:card\" content=\"summary_large_image\" \/>\n<meta name=\"twitter:label1\" content=\"Autor\" \/>\n\t<meta name=\"twitter:data1\" content=\"admin\" \/>\n\t<meta name=\"twitter:label2\" content=\"Predpokladan\u00fd \u010das \u010d\u00edtania\" \/>\n\t<meta name=\"twitter:data2\" content=\"8 min\u00fat\" \/>\n<script type=\"application\/ld+json\" class=\"yoast-schema-graph\">{\"@context\":\"https:\/\/schema.org\",\"@graph\":[{\"@type\":\"Article\",\"@id\":\"https:\/\/marekkuchcinski.pl\/wydarzenia\/podsumowanie-73-posiedzenie-sejmu-rp\/#article\",\"isPartOf\":{\"@id\":\"https:\/\/marekkuchcinski.pl\/wydarzenia\/podsumowanie-73-posiedzenie-sejmu-rp\/\"},\"author\":{\"name\":\"admin\",\"@id\":\"https:\/\/marekkuchcinski.pl\/#\/schema\/person\/6f62700996b4d950b6ea2d1183b6c6be\"},\"headline\":\"Podsumowanie 73. posiedzenie Sejmu RP\",\"datePublished\":\"2018-12-07T12:25:36+00:00\",\"dateModified\":\"2018-12-07T14:49:36+00:00\",\"mainEntityOfPage\":{\"@id\":\"https:\/\/marekkuchcinski.pl\/wydarzenia\/podsumowanie-73-posiedzenie-sejmu-rp\/\"},\"wordCount\":1683,\"commentCount\":0,\"publisher\":{\"@id\":\"https:\/\/marekkuchcinski.pl\/#organization\"},\"image\":{\"@id\":\"https:\/\/marekkuchcinski.pl\/wydarzenia\/podsumowanie-73-posiedzenie-sejmu-rp\/#primaryimage\"},\"thumbnailUrl\":\"https:\/\/marekkuchcinski.pl\/wp-content\/uploads\/2018\/12\/73-PS.jpg\",\"articleSection\":[\"Wie\u015bci z Sejmu\",\"Wydarzenia\"],\"inLanguage\":\"sk-SK\",\"potentialAction\":[{\"@type\":\"CommentAction\",\"name\":\"Comment\",\"target\":[\"https:\/\/marekkuchcinski.pl\/wydarzenia\/podsumowanie-73-posiedzenie-sejmu-rp\/#respond\"]}]},{\"@type\":\"WebPage\",\"@id\":\"https:\/\/marekkuchcinski.pl\/wydarzenia\/podsumowanie-73-posiedzenie-sejmu-rp\/\",\"url\":\"https:\/\/marekkuchcinski.pl\/wydarzenia\/podsumowanie-73-posiedzenie-sejmu-rp\/\",\"name\":\"Podsumowanie 73. posiedzenie Sejmu RP &#8211; Marek Kuchci\u0144ski\",\"isPartOf\":{\"@id\":\"https:\/\/marekkuchcinski.pl\/#website\"},\"primaryImageOfPage\":{\"@id\":\"https:\/\/marekkuchcinski.pl\/wydarzenia\/podsumowanie-73-posiedzenie-sejmu-rp\/#primaryimage\"},\"image\":{\"@id\":\"https:\/\/marekkuchcinski.pl\/wydarzenia\/podsumowanie-73-posiedzenie-sejmu-rp\/#primaryimage\"},\"thumbnailUrl\":\"https:\/\/marekkuchcinski.pl\/wp-content\/uploads\/2018\/12\/73-PS.jpg\",\"datePublished\":\"2018-12-07T12:25:36+00:00\",\"dateModified\":\"2018-12-07T14:49:36+00:00\",\"breadcrumb\":{\"@id\":\"https:\/\/marekkuchcinski.pl\/wydarzenia\/podsumowanie-73-posiedzenie-sejmu-rp\/#breadcrumb\"},\"inLanguage\":\"sk-SK\",\"potentialAction\":[{\"@type\":\"ReadAction\",\"target\":[\"https:\/\/marekkuchcinski.pl\/wydarzenia\/podsumowanie-73-posiedzenie-sejmu-rp\/\"]}]},{\"@type\":\"ImageObject\",\"inLanguage\":\"sk-SK\",\"@id\":\"https:\/\/marekkuchcinski.pl\/wydarzenia\/podsumowanie-73-posiedzenie-sejmu-rp\/#primaryimage\",\"url\":\"https:\/\/marekkuchcinski.pl\/wp-content\/uploads\/2018\/12\/73-PS.jpg\",\"contentUrl\":\"https:\/\/marekkuchcinski.pl\/wp-content\/uploads\/2018\/12\/73-PS.jpg\",\"width\":1620,\"height\":1080},{\"@type\":\"BreadcrumbList\",\"@id\":\"https:\/\/marekkuchcinski.pl\/wydarzenia\/podsumowanie-73-posiedzenie-sejmu-rp\/#breadcrumb\",\"itemListElement\":[{\"@type\":\"ListItem\",\"position\":1,\"name\":\"Strona g\u0142\u00f3wna\",\"item\":\"https:\/\/marekkuchcinski.pl\/\"},{\"@type\":\"ListItem\",\"position\":2,\"name\":\"Podsumowanie 73. posiedzenie Sejmu RP\"}]},{\"@type\":\"WebSite\",\"@id\":\"https:\/\/marekkuchcinski.pl\/#website\",\"url\":\"https:\/\/marekkuchcinski.pl\/\",\"name\":\"Marek Kuchci\u0144ski\",\"description\":\"Pose\u0142 na sejm RP &ndash; okr\u0119g nr 22\",\"publisher\":{\"@id\":\"https:\/\/marekkuchcinski.pl\/#organization\"},\"potentialAction\":[{\"@type\":\"SearchAction\",\"target\":{\"@type\":\"EntryPoint\",\"urlTemplate\":\"https:\/\/marekkuchcinski.pl\/?s={search_term_string}\"},\"query-input\":{\"@type\":\"PropertyValueSpecification\",\"valueRequired\":true,\"valueName\":\"search_term_string\"}}],\"inLanguage\":\"sk-SK\"},{\"@type\":\"Organization\",\"@id\":\"https:\/\/marekkuchcinski.pl\/#organization\",\"name\":\"Marek Kuchci\u0144ski\",\"url\":\"https:\/\/marekkuchcinski.pl\/\",\"logo\":{\"@type\":\"ImageObject\",\"inLanguage\":\"sk-SK\",\"@id\":\"https:\/\/marekkuchcinski.pl\/#\/schema\/logo\/image\/\",\"url\":\"https:\/\/marekkuchcinski.pl\/wp-content\/uploads\/2022\/09\/Marek.jpg\",\"contentUrl\":\"https:\/\/marekkuchcinski.pl\/wp-content\/uploads\/2022\/09\/Marek.jpg\",\"width\":1600,\"height\":971,\"caption\":\"Marek Kuchci\u0144ski\"},\"image\":{\"@id\":\"https:\/\/marekkuchcinski.pl\/#\/schema\/logo\/image\/\"}},{\"@type\":\"Person\",\"@id\":\"https:\/\/marekkuchcinski.pl\/#\/schema\/person\/6f62700996b4d950b6ea2d1183b6c6be\",\"name\":\"admin\",\"image\":{\"@type\":\"ImageObject\",\"inLanguage\":\"sk-SK\",\"@id\":\"https:\/\/marekkuchcinski.pl\/#\/schema\/person\/image\/\",\"url\":\"https:\/\/secure.gravatar.com\/avatar\/4bab693b9d55c3d6b52c0296a8765085?s=96&d=mm&r=g\",\"contentUrl\":\"https:\/\/secure.gravatar.com\/avatar\/4bab693b9d55c3d6b52c0296a8765085?s=96&d=mm&r=g\",\"caption\":\"admin\"},\"url\":\"https:\/\/marekkuchcinski.pl\/sk\/author\/marta-olejnik\/\"}]}<\/script>\n<!-- \/ Yoast SEO plugin. -->","yoast_head_json":{"title":"Podsumowanie 73. posiedzenie Sejmu RP &#8211; Marek Kuchci\u0144ski","robots":{"index":"index","follow":"follow","max-snippet":"max-snippet:-1","max-image-preview":"max-image-preview:large","max-video-preview":"max-video-preview:-1"},"canonical":"https:\/\/marekkuchcinski.pl\/sk\/wydarzenia\/podsumowanie-73-posiedzenie-sejmu-rp\/","og_locale":"sk_SK","og_type":"article","og_title":"Podsumowanie 73. posiedzenie Sejmu RP &#8211; Marek Kuchci\u0144ski","og_description":"Emerytura bez podatku,\u00a0poprawa dost\u0119pno\u015bci \u015bwiadcze\u0144 opieki zdrowotnej,\u00a0zmiana ustawy o wspieraniu rodziny i systemie pieczy zast\u0119pczej,\u00a0lepsza\u00a0\u015bci\u0105galno\u015b\u0107 aliment\u00f3w oraz\u00a0poprawa jako\u015bci powietrza i zapewnienie bezpiecze\u0144stwa dostaw ciep\u0142a i energii to\u00a0niekt\u00f3re\u00a0z problem\u00f3w, jakimi zaj\u0119li si\u0119 pos\u0142owie\u00a0podczas 73. posiedzenia Sejmu. W czwartek przyj\u0119to\u00a0sprawozdanie z realizacji programu 500 plus w latach 2016-2017.\u00a0Sekretarz Stanu w Ministerstwie Rodziny Pracy i Polityki Spo\u0142ecznej Stanis\u0142aw [&hellip;]","og_url":"https:\/\/marekkuchcinski.pl\/sk\/wydarzenia\/podsumowanie-73-posiedzenie-sejmu-rp\/","og_site_name":"Marek Kuchci\u0144ski","article_published_time":"2018-12-07T12:25:36+00:00","article_modified_time":"2018-12-07T14:49:36+00:00","og_image":[{"width":1620,"height":1080,"url":"https:\/\/marekkuchcinski.pl\/wp-content\/uploads\/2018\/12\/73-PS.jpg","type":"image\/jpeg"}],"author":"admin","twitter_card":"summary_large_image","twitter_misc":{"Autor":"admin","Predpokladan\u00fd \u010das \u010d\u00edtania":"8 min\u00fat"},"schema":{"@context":"https:\/\/schema.org","@graph":[{"@type":"Article","@id":"https:\/\/marekkuchcinski.pl\/wydarzenia\/podsumowanie-73-posiedzenie-sejmu-rp\/#article","isPartOf":{"@id":"https:\/\/marekkuchcinski.pl\/wydarzenia\/podsumowanie-73-posiedzenie-sejmu-rp\/"},"author":{"name":"admin","@id":"https:\/\/marekkuchcinski.pl\/#\/schema\/person\/6f62700996b4d950b6ea2d1183b6c6be"},"headline":"Podsumowanie 73. posiedzenie Sejmu RP","datePublished":"2018-12-07T12:25:36+00:00","dateModified":"2018-12-07T14:49:36+00:00","mainEntityOfPage":{"@id":"https:\/\/marekkuchcinski.pl\/wydarzenia\/podsumowanie-73-posiedzenie-sejmu-rp\/"},"wordCount":1683,"commentCount":0,"publisher":{"@id":"https:\/\/marekkuchcinski.pl\/#organization"},"image":{"@id":"https:\/\/marekkuchcinski.pl\/wydarzenia\/podsumowanie-73-posiedzenie-sejmu-rp\/#primaryimage"},"thumbnailUrl":"https:\/\/marekkuchcinski.pl\/wp-content\/uploads\/2018\/12\/73-PS.jpg","articleSection":["Wie\u015bci z Sejmu","Wydarzenia"],"inLanguage":"sk-SK","potentialAction":[{"@type":"CommentAction","name":"Comment","target":["https:\/\/marekkuchcinski.pl\/wydarzenia\/podsumowanie-73-posiedzenie-sejmu-rp\/#respond"]}]},{"@type":"WebPage","@id":"https:\/\/marekkuchcinski.pl\/wydarzenia\/podsumowanie-73-posiedzenie-sejmu-rp\/","url":"https:\/\/marekkuchcinski.pl\/wydarzenia\/podsumowanie-73-posiedzenie-sejmu-rp\/","name":"Podsumowanie 73. posiedzenie Sejmu RP &#8211; Marek Kuchci\u0144ski","isPartOf":{"@id":"https:\/\/marekkuchcinski.pl\/#website"},"primaryImageOfPage":{"@id":"https:\/\/marekkuchcinski.pl\/wydarzenia\/podsumowanie-73-posiedzenie-sejmu-rp\/#primaryimage"},"image":{"@id":"https:\/\/marekkuchcinski.pl\/wydarzenia\/podsumowanie-73-posiedzenie-sejmu-rp\/#primaryimage"},"thumbnailUrl":"https:\/\/marekkuchcinski.pl\/wp-content\/uploads\/2018\/12\/73-PS.jpg","datePublished":"2018-12-07T12:25:36+00:00","dateModified":"2018-12-07T14:49:36+00:00","breadcrumb":{"@id":"https:\/\/marekkuchcinski.pl\/wydarzenia\/podsumowanie-73-posiedzenie-sejmu-rp\/#breadcrumb"},"inLanguage":"sk-SK","potentialAction":[{"@type":"ReadAction","target":["https:\/\/marekkuchcinski.pl\/wydarzenia\/podsumowanie-73-posiedzenie-sejmu-rp\/"]}]},{"@type":"ImageObject","inLanguage":"sk-SK","@id":"https:\/\/marekkuchcinski.pl\/wydarzenia\/podsumowanie-73-posiedzenie-sejmu-rp\/#primaryimage","url":"https:\/\/marekkuchcinski.pl\/wp-content\/uploads\/2018\/12\/73-PS.jpg","contentUrl":"https:\/\/marekkuchcinski.pl\/wp-content\/uploads\/2018\/12\/73-PS.jpg","width":1620,"height":1080},{"@type":"BreadcrumbList","@id":"https:\/\/marekkuchcinski.pl\/wydarzenia\/podsumowanie-73-posiedzenie-sejmu-rp\/#breadcrumb","itemListElement":[{"@type":"ListItem","position":1,"name":"Strona g\u0142\u00f3wna","item":"https:\/\/marekkuchcinski.pl\/"},{"@type":"ListItem","position":2,"name":"Podsumowanie 73. posiedzenie Sejmu RP"}]},{"@type":"WebSite","@id":"https:\/\/marekkuchcinski.pl\/#website","url":"https:\/\/marekkuchcinski.pl\/","name":"Marek Kuchci\u0144ski","description":"Pose\u0142 na sejm RP &ndash; okr\u0119g nr 22","publisher":{"@id":"https:\/\/marekkuchcinski.pl\/#organization"},"potentialAction":[{"@type":"SearchAction","target":{"@type":"EntryPoint","urlTemplate":"https:\/\/marekkuchcinski.pl\/?s={search_term_string}"},"query-input":{"@type":"PropertyValueSpecification","valueRequired":true,"valueName":"search_term_string"}}],"inLanguage":"sk-SK"},{"@type":"Organization","@id":"https:\/\/marekkuchcinski.pl\/#organization","name":"Marek Kuchci\u0144ski","url":"https:\/\/marekkuchcinski.pl\/","logo":{"@type":"ImageObject","inLanguage":"sk-SK","@id":"https:\/\/marekkuchcinski.pl\/#\/schema\/logo\/image\/","url":"https:\/\/marekkuchcinski.pl\/wp-content\/uploads\/2022\/09\/Marek.jpg","contentUrl":"https:\/\/marekkuchcinski.pl\/wp-content\/uploads\/2022\/09\/Marek.jpg","width":1600,"height":971,"caption":"Marek Kuchci\u0144ski"},"image":{"@id":"https:\/\/marekkuchcinski.pl\/#\/schema\/logo\/image\/"}},{"@type":"Person","@id":"https:\/\/marekkuchcinski.pl\/#\/schema\/person\/6f62700996b4d950b6ea2d1183b6c6be","name":"admin","image":{"@type":"ImageObject","inLanguage":"sk-SK","@id":"https:\/\/marekkuchcinski.pl\/#\/schema\/person\/image\/","url":"https:\/\/secure.gravatar.com\/avatar\/4bab693b9d55c3d6b52c0296a8765085?s=96&d=mm&r=g","contentUrl":"https:\/\/secure.gravatar.com\/avatar\/4bab693b9d55c3d6b52c0296a8765085?s=96&d=mm&r=g","caption":"admin"},"url":"https:\/\/marekkuchcinski.pl\/sk\/author\/marta-olejnik\/"}]}},"_links":{"self":[{"href":"https:\/\/marekkuchcinski.pl\/sk\/wp-json\/wp\/v2\/posts\/11543","targetHints":{"allow":["GET"]}}],"collection":[{"href":"https:\/\/marekkuchcinski.pl\/sk\/wp-json\/wp\/v2\/posts"}],"about":[{"href":"https:\/\/marekkuchcinski.pl\/sk\/wp-json\/wp\/v2\/types\/post"}],"author":[{"embeddable":true,"href":"https:\/\/marekkuchcinski.pl\/sk\/wp-json\/wp\/v2\/users\/6"}],"replies":[{"embeddable":true,"href":"https:\/\/marekkuchcinski.pl\/sk\/wp-json\/wp\/v2\/comments?post=11543"}],"version-history":[{"count":22,"href":"https:\/\/marekkuchcinski.pl\/sk\/wp-json\/wp\/v2\/posts\/11543\/revisions"}],"predecessor-version":[{"id":11588,"href":"https:\/\/marekkuchcinski.pl\/sk\/wp-json\/wp\/v2\/posts\/11543\/revisions\/11588"}],"wp:featuredmedia":[{"embeddable":true,"href":"https:\/\/marekkuchcinski.pl\/sk\/wp-json\/wp\/v2\/media\/11549"}],"wp:attachment":[{"href":"https:\/\/marekkuchcinski.pl\/sk\/wp-json\/wp\/v2\/media?parent=11543"}],"wp:term":[{"taxonomy":"category","embeddable":true,"href":"https:\/\/marekkuchcinski.pl\/sk\/wp-json\/wp\/v2\/categories?post=11543"},{"taxonomy":"post_tag","embeddable":true,"href":"https:\/\/marekkuchcinski.pl\/sk\/wp-json\/wp\/v2\/tags?post=11543"}],"curies":[{"name":"wp","href":"https:\/\/api.w.org\/{rel}","templated":true}]}}