{"id":11522,"date":"2018-12-06T11:42:29","date_gmt":"2018-12-06T10:42:29","guid":{"rendered":"https:\/\/marekkuchcinski.pl\/?p=11522"},"modified":"2018-12-06T13:45:02","modified_gmt":"2018-12-06T12:45:02","slug":"40-mln-zl-edukacje-aktywnosc-poprawe-zycia-seniorow","status":"publish","type":"post","link":"https:\/\/marekkuchcinski.pl\/sk\/wydarzenia\/40-mln-zl-edukacje-aktywnosc-poprawe-zycia-seniorow\/","title":{"rendered":"Seniori plus a starostlivos\u0165 75 plus: vzdel\u00e1vanie, akt\u00edvna \u00fa\u010das\u0165, lep\u0161ia kvalita \u017eivota a lep\u0161\u00ed pr\u00edstup k starostlivosti a \u0161pecializovan\u00fdm slu\u017eb\u00e1m"},"content":{"rendered":"<div id=\"column-2\" class=\"portlet-column portlet-column-first\">\n<div id=\"layout-column_column-2\" class=\"portlet-dropzone portlet-column-content portlet-column-content-first\">\n<div id=\"p_p_id_com_liferay_journal_content_web_portlet_JournalContentPortlet_INSTANCE_8GyoioMoRNQT_\" class=\"portlet-boundary portlet-boundary_com_liferay_journal_content_web_portlet_JournalContentPortlet_ portlet-static portlet-static-end portlet-decorate portlet-journal-content\">\n<section id=\"portlet_com_liferay_journal_content_web_portlet_JournalContentPortlet_INSTANCE_8GyoioMoRNQT\" class=\"portlet\">\n<div class=\"portlet-content\">\n<div class=\"portlet-content-container\">\n<div class=\"portlet-body\">\n<div class=\"journal-content-article\">\n<div class=\"article\">\n<p class=\"lead\"><span style=\"color: #ff6600;\"><strong>SENIOR PLUS<\/strong><\/span><\/p>\n<p class=\"lead\"><strong>Do 21. decembra je mo\u017en\u00e9 predklada\u0165 ponuky v s\u00fa\u0165a\u017ei o najlep\u0161ie projekty spolufinancovan\u00e9 z vl\u00e1dneho programu pre soci\u00e1lne aktivity star\u0161\u00edch \u013eud\u00ed na roky 2014 - 2020. V novom ro\u010dn\u00edku programu je k dispoz\u00edcii 40 mili\u00f3nov PLN.<\/strong><\/p>\n<div class=\"paragraph article_section_content\">\n<p><span style=\"color: #ff6600;\"><strong>Granty<\/strong><\/span><\/p>\n<p>O financovanie sa m\u00f4\u017eu uch\u00e1dza\u0165 okrem in\u00fdch aj mimovl\u00e1dne organiz\u00e1cie, soci\u00e1lne dru\u017estv\u00e1 a zdru\u017eenia miestnych samospr\u00e1v.<\/p>\n<p>- V\u00fd\u0161ka grantu je maxim\u00e1lne 200 tis\u00edc PLN.<\/p>\n<p>- Subjekty, ktor\u00e9 sa uch\u00e1dzaj\u00fa o financovanie, musia ma\u0165 aspo\u0148 10 % vlastn\u00fd pr\u00edspevok.<\/p>\n<p>V n\u00e1vrhu rozpo\u010dtu na rok 2019 je na program vy\u010dlenen\u00fdch celkovo 40 mili\u00f3nov PLN.<\/p>\n<p>Tieto prostriedky sa pou\u017eij\u00fa na financovanie projektov, ktor\u00e9 zlep\u0161ia kvalitu a \u00farove\u0148 \u017eivota star\u0161\u00edch ob\u010danov. Program bol vytvoren\u00fd pre \u013eud\u00ed, ktor\u00ed sa bl\u00ed\u017eia ku koncu svojho pracovn\u00e9ho \u017eivota.<\/p>\n<p><span style=\"color: #ff6600;\"><strong>Ponuka spolo\u010densk\u00fdch aktiv\u00edt<\/strong><\/span><\/p>\n<p>Spolufinancovanie zo strany \u0161t\u00e1tu je ur\u010den\u00e9 na vytvorenie ponuky spolo\u010densk\u00fdch aktiv\u00edt, ktor\u00e9 umo\u017e\u0148uj\u00fa rozv\u00edja\u0165 potenci\u00e1l \u013eud\u00ed nad 60 rokov. Prioritou je vzdel\u00e1vanie star\u0161\u00edch \u013eud\u00ed, spolo\u010densk\u00e1 \u010dinnos\u0165 podporuj\u00faca vn\u00fatrogenera\u010dn\u00fa a medzigenera\u010dn\u00fa integr\u00e1ciu, ako aj soci\u00e1lna particip\u00e1cia star\u0161\u00edch \u013eud\u00ed a soci\u00e1lne slu\u017eby pre seniorov.<\/p>\n<p>- Pr\u00edjemcami programu s\u00fa nielen star\u0161\u00ed ob\u010dania, ktor\u00ed m\u00f4\u017eu na jese\u0148 svojho \u017eivota vyu\u017ei\u0165 ponuku prisp\u00f4soben\u00fa ich potreb\u00e1m alebo zdravotn\u00e9mu stavu, ale aj mlad\u0161ie gener\u00e1cie, ktor\u00e9 m\u00f4\u017eu \u010derpa\u0165 zo \u017eivotn\u00fdch sk\u00fasenost\u00ed star\u0161\u00edch Poliakov,\" hovor\u00ed El\u017cbieta Rafalska, ministerka rodiny, pr\u00e1ce a soci\u00e1lnej politiky.<\/p>\n<p>V rokoch 2016 a\u017e 2018 bolo na realiz\u00e1ciu programu vy\u010dlenen\u00fdch takmer 114 mili\u00f3nov PLN. Z t\u00fdchto prostriedkov bolo spolufinancovan\u00fdch viac ako 1,1 tis\u00edca projektov, z ktor\u00fdch malo prospech takmer 450 tis\u00edc \u013eud\u00ed.<\/p>\n<p>Ponuky sa predkladaj\u00fa len v elektronickej verzii prostredn\u00edctvom gener\u00e1tora pon\u00fak, ktor\u00fd je k dispoz\u00edcii na adrese\u00a0<strong><span style=\"color: #000000;\"><a style=\"color: #000000;\" href=\"https:\/\/asos2019.mpips.gov.pl\/\">https:\/\/asos2019.mpips.gov.pl<\/a>.<\/span><\/strong><\/p>\n<p><strong><span style=\"color: #ff6600;\">75 PLUS STAROSTLIVOS\u0164<\/span><\/strong><\/p>\n<\/div>\n<div class=\"article_section_link\"><strong>Od 10. decembra do 11. janu\u00e1ra bud\u00fa m\u00f4c\u0165 obce \u017eiada\u0165 o financovanie v r\u00e1mci nov\u00e9ho ro\u010dn\u00edka programu \"Starostlivos\u0165 75+\" na poskytovanie opatrovate\u013esk\u00fdch slu\u017eieb vr\u00e1tane \u0161pecializovan\u00fdch opatrovate\u013esk\u00fdch slu\u017eieb pre osoby star\u0161ie ako 75 rokov.<\/strong><\/div>\n<div class=\"article_section_link\"><\/div>\n<div class=\"article_section_link\">\"Starostlivos\u0165 75+\" sa zaviedla od janu\u00e1ra 2018. Program bol spusten\u00fd pre \u013eud\u00ed star\u0161\u00edch ako 75 rokov. Jeho cie\u013eom je zv\u00fd\u0161i\u0165 dostupnos\u0165 slu\u017eieb starostlivosti vr\u00e1tane \u0161pecializovan\u00fdch slu\u017eieb. V r\u00e1mci programu m\u00f4\u017eu obce, ktor\u00e9 poskytuj\u00fa opatrovate\u013esk\u00e9 slu\u017eby samostatne a maj\u00fa maxim\u00e1lne 60 000 obyvate\u013eov, z\u00edska\u0165 finan\u010dn\u00e9 prostriedky na poskytovanie tak\u00fdchto slu\u017eieb. Do konca septembra sa do programu zapojilo 384 obc\u00ed, v r\u00e1mci ktor\u00fdch boli poskytnut\u00e9 slu\u017eby viac ako 2,2 tis\u00edc star\u0161\u00edm ob\u010danom v najd\u00f4stojnej\u0161om veku.<\/div>\n<\/div>\n<\/div>\n<\/div>\n<\/div>\n<\/div>\n<div class=\"article_section_link\"><\/div>\n<div class=\"portlet-content\">\n<div class=\"portlet-content-container\">\n<div class=\"portlet-body\">\n<div class=\"journal-content-article\">\n<div class=\"article\">\n<div class=\"article_section_link\" style=\"padding-left: 30px;\"><\/div>\n<div class=\"article_section_link\">\n<div class=\"gmail-paragraph gmail-article_section_content\" style=\"margin: 0px; padding-top: 0px; padding-right: 0px; padding-bottom: 0px;\">\n<p style=\"margin: 0px 0cm 1px; padding-top: 0px; padding-right: 0px; padding-bottom: 0px; text-align: left;\">\n<p style=\"margin: 0px 0cm 1px; padding-top: 0px; padding-right: 0px; padding-bottom: 0px; text-align: left;\"><span style=\"color: #ff6600;\"><strong><span style=\"font-size: 11pt;\">Zmeny\u00a0\u00a0<\/span><\/strong><\/span><\/p>\n<p><strong><span style=\"font-size: 11pt;\">Ministerstvo rodiny sa rozhodlo, \u017ee v bud\u00facom roku sa bude program \"Starostlivos\u0165 75+\" realizova\u0165 v roz\u0161\u00edrenom zlo\u017een\u00ed, aby sa mu dodala v\u00e4\u010d\u0161ia dynamika.<\/span><\/strong><\/p>\n<p style=\"margin: 0px 0cm 1px; padding-top: 0px; padding-right: 0px; padding-bottom: 0px; text-align: left;\"><span style=\"font-size: 11pt;\">- Od roku 2019 bude program ur\u010den\u00fd nielen pre osamel\u00fdch \u013eud\u00ed vo veku 75 rokov a viac (ako tomu bolo doteraz), ale aj pre seniorov, ktor\u00ed maj\u00fa rodiny, hovor\u00ed ministerka rodiny, pr\u00e1ce a soci\u00e1lnej politiky El\u017cbieta Rafalska.<\/span><\/p>\n<p style=\"margin: 0px 0cm 1px; padding-top: 0px; padding-right: 0px; padding-bottom: 0px; text-align: left;\"><span style=\"font-size: 11pt;\">V bud\u00facom roku bude program dostupn\u00fd aj pre obce, ktor\u00e9 poskytuj\u00fa opatrovate\u013esk\u00fa slu\u017ebu prostredn\u00edctvom soci\u00e1lnych dru\u017estiev zriaden\u00fdch miestnymi samospr\u00e1vnymi jednotkami. To umo\u017en\u00ed pokry\u0165 v\u00e4\u010d\u0161\u00ed po\u010det obc\u00ed.<\/span><\/p>\n<p style=\"margin: 0px 0cm 1px; padding-top: 0px; padding-right: 0px; padding-bottom: 0px; text-align: left;\"><span style=\"font-size: 11pt;\">Ministerstvo rodiny v m\u00e1ji 2018 uskuto\u010dnilo prieskum, z ktor\u00e9ho vyplynulo, \u017ee 376 obc\u00ed si nepln\u00ed \u00falohy vypl\u00fdvaj\u00face zo z\u00e1kona o soci\u00e1lnej pomoci a neorganizuje (ani neposkytuje) opatrovate\u013esk\u00fa slu\u017ebu vr\u00e1tane \u0161pecializovanej v mieste bydliska. D\u00f4le\u017eitou skupinou pr\u00edjemcov t\u00fdchto slu\u017eieb s\u00fa star\u0161\u00ed \u013eudia, ktor\u00ed u\u017e maj\u00fa 75 rokov.<\/span><\/p>\n<p style=\"margin: 0px 0cm 1px; padding-top: 0px; padding-right: 0px; padding-bottom: 0px; text-align: left;\"><span style=\"font-size: 11pt;\">Program \"Starostlivos\u0165 75+\" je reakciou na potrebu zv\u00fd\u0161i\u0165 dostupnos\u0165 tak\u00fdchto slu\u017eieb. Obce, ktor\u00e9 sa do programu zapoja, m\u00f4\u017eu po\u010d\u00edta\u0165 s finan\u010dnou podporou - a\u017e do v\u00fd\u0161ky 50 % predpokladan\u00fdch n\u00e1kladov na realiz\u00e1ciu \u00falohy.<\/span><\/p>\n<\/div>\n<\/div>\n<\/div>\n<\/div>\n<\/div>\n<div class=\"portlet-body\"><\/div>\n<\/div>\n<\/div>\n<\/section>\n<\/div>\n<\/div>\n<\/div>","protected":false},"excerpt":{"rendered":"<p>SENIOR PLUS Do 21 grudnia\u00a0mo\u017cna sk\u0142ada\u0107 oferty w konkursie na najlepsze projekty dofinansowane ze \u015brodk\u00f3w Rz\u0105dowego Programu na rzecz Aktywno\u015bci Spo\u0142ecznej Os\u00f3b Starszych na lata 2014-2020. W nowej edycji programu do wzi\u0119cia jest 40 mln z\u0142otych. Dotacje O dofinansowanie stara\u0107 mog\u0105 si\u0119 m.in. organizacje pozarz\u0105dowe, sp\u00f3\u0142dzielnie socjalne i stowarzyszenia jednostek samorz\u0105du terytorialnego. \u2022\u00a0 \u00a0Wysoko\u015b\u0107 dotacji [&hellip;]<\/p>","protected":false},"author":6,"featured_media":11527,"comment_status":"open","ping_status":"open","sticky":false,"template":"","format":"standard","meta":{"ngg_post_thumbnail":0,"footnotes":""},"categories":[49,82,3],"tags":[],"class_list":["post-11522","post","type-post","status-publish","format-standard","has-post-thumbnail","hentry","category-podkarpacie","category-prawo-i-sprawiedliwosc","category-wydarzenia"],"yoast_head":"<!-- This site is optimized with the Yoast SEO plugin v24.7 - https:\/\/yoast.com\/wordpress\/plugins\/seo\/ -->\n<title>Program Senior plus i Opieka 75 plus: edukacja, aktywno\u015b\u0107, poprawa \u017cycia senior\u00f3w oraz wi\u0119kszy dost\u0119p do us\u0142ug opieku\u0144czych i specjalistycznych &#8211; Marek Kuchci\u0144ski<\/title>\n<meta name=\"robots\" content=\"index, follow, max-snippet:-1, max-image-preview:large, max-video-preview:-1\" \/>\n<link rel=\"canonical\" href=\"https:\/\/marekkuchcinski.pl\/sk\/wydarzenia\/40-mln-zl-edukacje-aktywnosc-poprawe-zycia-seniorow\/\" \/>\n<meta property=\"og:locale\" content=\"sk_SK\" \/>\n<meta property=\"og:type\" content=\"article\" \/>\n<meta property=\"og:title\" content=\"Program Senior plus i Opieka 75 plus: edukacja, aktywno\u015b\u0107, poprawa \u017cycia senior\u00f3w oraz wi\u0119kszy dost\u0119p do us\u0142ug opieku\u0144czych i specjalistycznych &#8211; Marek Kuchci\u0144ski\" \/>\n<meta property=\"og:description\" content=\"SENIOR PLUS Do 21 grudnia\u00a0mo\u017cna sk\u0142ada\u0107 oferty w konkursie na najlepsze projekty dofinansowane ze \u015brodk\u00f3w Rz\u0105dowego Programu na rzecz Aktywno\u015bci Spo\u0142ecznej Os\u00f3b Starszych na lata 2014-2020. W nowej edycji programu do wzi\u0119cia jest 40 mln z\u0142otych. Dotacje O dofinansowanie stara\u0107 mog\u0105 si\u0119 m.in. organizacje pozarz\u0105dowe, sp\u00f3\u0142dzielnie socjalne i stowarzyszenia jednostek samorz\u0105du terytorialnego. \u2022\u00a0 \u00a0Wysoko\u015b\u0107 dotacji [&hellip;]\" \/>\n<meta property=\"og:url\" content=\"https:\/\/marekkuchcinski.pl\/sk\/wydarzenia\/40-mln-zl-edukacje-aktywnosc-poprawe-zycia-seniorow\/\" \/>\n<meta property=\"og:site_name\" content=\"Marek Kuchci\u0144ski\" \/>\n<meta property=\"article:published_time\" content=\"2018-12-06T10:42:29+00:00\" \/>\n<meta property=\"article:modified_time\" content=\"2018-12-06T12:45:02+00:00\" \/>\n<meta property=\"og:image\" content=\"https:\/\/marekkuchcinski.pl\/wp-content\/uploads\/2018\/12\/cae6cd95a6cc0217ff292c547633295a.jpg\" \/>\n\t<meta property=\"og:image:width\" content=\"1200\" \/>\n\t<meta property=\"og:image:height\" content=\"800\" \/>\n\t<meta property=\"og:image:type\" content=\"image\/jpeg\" \/>\n<meta name=\"author\" content=\"admin\" \/>\n<meta name=\"twitter:card\" content=\"summary_large_image\" \/>\n<meta name=\"twitter:label1\" content=\"Autor\" \/>\n\t<meta name=\"twitter:data1\" content=\"admin\" \/>\n\t<meta name=\"twitter:label2\" content=\"Predpokladan\u00fd \u010das \u010d\u00edtania\" \/>\n\t<meta name=\"twitter:data2\" content=\"3 min\u00faty\" \/>\n<script type=\"application\/ld+json\" class=\"yoast-schema-graph\">{\"@context\":\"https:\/\/schema.org\",\"@graph\":[{\"@type\":\"Article\",\"@id\":\"https:\/\/marekkuchcinski.pl\/cs\/wydarzenia\/40-mln-zl-edukacje-aktywnosc-poprawe-zycia-seniorow\/#article\",\"isPartOf\":{\"@id\":\"https:\/\/marekkuchcinski.pl\/cs\/wydarzenia\/40-mln-zl-edukacje-aktywnosc-poprawe-zycia-seniorow\/\"},\"author\":{\"name\":\"admin\",\"@id\":\"https:\/\/marekkuchcinski.pl\/#\/schema\/person\/6f62700996b4d950b6ea2d1183b6c6be\"},\"headline\":\"Program Senior plus i Opieka 75 plus: edukacja, aktywno\u015b\u0107, poprawa \u017cycia senior\u00f3w oraz wi\u0119kszy dost\u0119p do us\u0142ug opieku\u0144czych i specjalistycznych\",\"datePublished\":\"2018-12-06T10:42:29+00:00\",\"dateModified\":\"2018-12-06T12:45:02+00:00\",\"mainEntityOfPage\":{\"@id\":\"https:\/\/marekkuchcinski.pl\/cs\/wydarzenia\/40-mln-zl-edukacje-aktywnosc-poprawe-zycia-seniorow\/\"},\"wordCount\":677,\"commentCount\":0,\"publisher\":{\"@id\":\"https:\/\/marekkuchcinski.pl\/#organization\"},\"image\":{\"@id\":\"https:\/\/marekkuchcinski.pl\/cs\/wydarzenia\/40-mln-zl-edukacje-aktywnosc-poprawe-zycia-seniorow\/#primaryimage\"},\"thumbnailUrl\":\"https:\/\/marekkuchcinski.pl\/wp-content\/uploads\/2018\/12\/cae6cd95a6cc0217ff292c547633295a.jpg\",\"articleSection\":[\"Podkarpacie\",\"Prawo i Sprawiedliwo\u015b\u0107\",\"Wydarzenia\"],\"inLanguage\":\"sk-SK\",\"potentialAction\":[{\"@type\":\"CommentAction\",\"name\":\"Comment\",\"target\":[\"https:\/\/marekkuchcinski.pl\/cs\/wydarzenia\/40-mln-zl-edukacje-aktywnosc-poprawe-zycia-seniorow\/#respond\"]}]},{\"@type\":\"WebPage\",\"@id\":\"https:\/\/marekkuchcinski.pl\/cs\/wydarzenia\/40-mln-zl-edukacje-aktywnosc-poprawe-zycia-seniorow\/\",\"url\":\"https:\/\/marekkuchcinski.pl\/cs\/wydarzenia\/40-mln-zl-edukacje-aktywnosc-poprawe-zycia-seniorow\/\",\"name\":\"Program Senior plus i Opieka 75 plus: edukacja, aktywno\u015b\u0107, poprawa \u017cycia senior\u00f3w oraz wi\u0119kszy dost\u0119p do us\u0142ug opieku\u0144czych i specjalistycznych &#8211; Marek Kuchci\u0144ski\",\"isPartOf\":{\"@id\":\"https:\/\/marekkuchcinski.pl\/#website\"},\"primaryImageOfPage\":{\"@id\":\"https:\/\/marekkuchcinski.pl\/cs\/wydarzenia\/40-mln-zl-edukacje-aktywnosc-poprawe-zycia-seniorow\/#primaryimage\"},\"image\":{\"@id\":\"https:\/\/marekkuchcinski.pl\/cs\/wydarzenia\/40-mln-zl-edukacje-aktywnosc-poprawe-zycia-seniorow\/#primaryimage\"},\"thumbnailUrl\":\"https:\/\/marekkuchcinski.pl\/wp-content\/uploads\/2018\/12\/cae6cd95a6cc0217ff292c547633295a.jpg\",\"datePublished\":\"2018-12-06T10:42:29+00:00\",\"dateModified\":\"2018-12-06T12:45:02+00:00\",\"breadcrumb\":{\"@id\":\"https:\/\/marekkuchcinski.pl\/cs\/wydarzenia\/40-mln-zl-edukacje-aktywnosc-poprawe-zycia-seniorow\/#breadcrumb\"},\"inLanguage\":\"sk-SK\",\"potentialAction\":[{\"@type\":\"ReadAction\",\"target\":[\"https:\/\/marekkuchcinski.pl\/cs\/wydarzenia\/40-mln-zl-edukacje-aktywnosc-poprawe-zycia-seniorow\/\"]}]},{\"@type\":\"ImageObject\",\"inLanguage\":\"sk-SK\",\"@id\":\"https:\/\/marekkuchcinski.pl\/cs\/wydarzenia\/40-mln-zl-edukacje-aktywnosc-poprawe-zycia-seniorow\/#primaryimage\",\"url\":\"https:\/\/marekkuchcinski.pl\/wp-content\/uploads\/2018\/12\/cae6cd95a6cc0217ff292c547633295a.jpg\",\"contentUrl\":\"https:\/\/marekkuchcinski.pl\/wp-content\/uploads\/2018\/12\/cae6cd95a6cc0217ff292c547633295a.jpg\",\"width\":1200,\"height\":800},{\"@type\":\"BreadcrumbList\",\"@id\":\"https:\/\/marekkuchcinski.pl\/cs\/wydarzenia\/40-mln-zl-edukacje-aktywnosc-poprawe-zycia-seniorow\/#breadcrumb\",\"itemListElement\":[{\"@type\":\"ListItem\",\"position\":1,\"name\":\"Strona g\u0142\u00f3wna\",\"item\":\"https:\/\/marekkuchcinski.pl\/\"},{\"@type\":\"ListItem\",\"position\":2,\"name\":\"Program Senior plus i Opieka 75 plus: edukacja, aktywno\u015b\u0107, poprawa \u017cycia senior\u00f3w oraz wi\u0119kszy dost\u0119p do us\u0142ug opieku\u0144czych i specjalistycznych\"}]},{\"@type\":\"WebSite\",\"@id\":\"https:\/\/marekkuchcinski.pl\/#website\",\"url\":\"https:\/\/marekkuchcinski.pl\/\",\"name\":\"Marek Kuchci\u0144ski\",\"description\":\"Pose\u0142 na sejm RP &ndash; okr\u0119g nr 22\",\"publisher\":{\"@id\":\"https:\/\/marekkuchcinski.pl\/#organization\"},\"potentialAction\":[{\"@type\":\"SearchAction\",\"target\":{\"@type\":\"EntryPoint\",\"urlTemplate\":\"https:\/\/marekkuchcinski.pl\/?s={search_term_string}\"},\"query-input\":{\"@type\":\"PropertyValueSpecification\",\"valueRequired\":true,\"valueName\":\"search_term_string\"}}],\"inLanguage\":\"sk-SK\"},{\"@type\":\"Organization\",\"@id\":\"https:\/\/marekkuchcinski.pl\/#organization\",\"name\":\"Marek Kuchci\u0144ski\",\"url\":\"https:\/\/marekkuchcinski.pl\/\",\"logo\":{\"@type\":\"ImageObject\",\"inLanguage\":\"sk-SK\",\"@id\":\"https:\/\/marekkuchcinski.pl\/#\/schema\/logo\/image\/\",\"url\":\"https:\/\/marekkuchcinski.pl\/wp-content\/uploads\/2022\/09\/Marek.jpg\",\"contentUrl\":\"https:\/\/marekkuchcinski.pl\/wp-content\/uploads\/2022\/09\/Marek.jpg\",\"width\":1600,\"height\":971,\"caption\":\"Marek Kuchci\u0144ski\"},\"image\":{\"@id\":\"https:\/\/marekkuchcinski.pl\/#\/schema\/logo\/image\/\"}},{\"@type\":\"Person\",\"@id\":\"https:\/\/marekkuchcinski.pl\/#\/schema\/person\/6f62700996b4d950b6ea2d1183b6c6be\",\"name\":\"admin\",\"image\":{\"@type\":\"ImageObject\",\"inLanguage\":\"sk-SK\",\"@id\":\"https:\/\/marekkuchcinski.pl\/#\/schema\/person\/image\/\",\"url\":\"https:\/\/secure.gravatar.com\/avatar\/4bab693b9d55c3d6b52c0296a8765085?s=96&d=mm&r=g\",\"contentUrl\":\"https:\/\/secure.gravatar.com\/avatar\/4bab693b9d55c3d6b52c0296a8765085?s=96&d=mm&r=g\",\"caption\":\"admin\"},\"url\":\"https:\/\/marekkuchcinski.pl\/sk\/author\/marta-olejnik\/\"}]}<\/script>\n<!-- \/ Yoast SEO plugin. -->","yoast_head_json":{"title":"Program Senior plus i Opieka 75 plus: edukacja, aktywno\u015b\u0107, poprawa \u017cycia senior\u00f3w oraz wi\u0119kszy dost\u0119p do us\u0142ug opieku\u0144czych i specjalistycznych &#8211; Marek Kuchci\u0144ski","robots":{"index":"index","follow":"follow","max-snippet":"max-snippet:-1","max-image-preview":"max-image-preview:large","max-video-preview":"max-video-preview:-1"},"canonical":"https:\/\/marekkuchcinski.pl\/sk\/wydarzenia\/40-mln-zl-edukacje-aktywnosc-poprawe-zycia-seniorow\/","og_locale":"sk_SK","og_type":"article","og_title":"Program Senior plus i Opieka 75 plus: edukacja, aktywno\u015b\u0107, poprawa \u017cycia senior\u00f3w oraz wi\u0119kszy dost\u0119p do us\u0142ug opieku\u0144czych i specjalistycznych &#8211; Marek Kuchci\u0144ski","og_description":"SENIOR PLUS Do 21 grudnia\u00a0mo\u017cna sk\u0142ada\u0107 oferty w konkursie na najlepsze projekty dofinansowane ze \u015brodk\u00f3w Rz\u0105dowego Programu na rzecz Aktywno\u015bci Spo\u0142ecznej Os\u00f3b Starszych na lata 2014-2020. W nowej edycji programu do wzi\u0119cia jest 40 mln z\u0142otych. Dotacje O dofinansowanie stara\u0107 mog\u0105 si\u0119 m.in. organizacje pozarz\u0105dowe, sp\u00f3\u0142dzielnie socjalne i stowarzyszenia jednostek samorz\u0105du terytorialnego. \u2022\u00a0 \u00a0Wysoko\u015b\u0107 dotacji [&hellip;]","og_url":"https:\/\/marekkuchcinski.pl\/sk\/wydarzenia\/40-mln-zl-edukacje-aktywnosc-poprawe-zycia-seniorow\/","og_site_name":"Marek Kuchci\u0144ski","article_published_time":"2018-12-06T10:42:29+00:00","article_modified_time":"2018-12-06T12:45:02+00:00","og_image":[{"width":1200,"height":800,"url":"https:\/\/marekkuchcinski.pl\/wp-content\/uploads\/2018\/12\/cae6cd95a6cc0217ff292c547633295a.jpg","type":"image\/jpeg"}],"author":"admin","twitter_card":"summary_large_image","twitter_misc":{"Autor":"admin","Predpokladan\u00fd \u010das \u010d\u00edtania":"3 min\u00faty"},"schema":{"@context":"https:\/\/schema.org","@graph":[{"@type":"Article","@id":"https:\/\/marekkuchcinski.pl\/cs\/wydarzenia\/40-mln-zl-edukacje-aktywnosc-poprawe-zycia-seniorow\/#article","isPartOf":{"@id":"https:\/\/marekkuchcinski.pl\/cs\/wydarzenia\/40-mln-zl-edukacje-aktywnosc-poprawe-zycia-seniorow\/"},"author":{"name":"admin","@id":"https:\/\/marekkuchcinski.pl\/#\/schema\/person\/6f62700996b4d950b6ea2d1183b6c6be"},"headline":"Program Senior plus i Opieka 75 plus: edukacja, aktywno\u015b\u0107, poprawa \u017cycia senior\u00f3w oraz wi\u0119kszy dost\u0119p do us\u0142ug opieku\u0144czych i specjalistycznych","datePublished":"2018-12-06T10:42:29+00:00","dateModified":"2018-12-06T12:45:02+00:00","mainEntityOfPage":{"@id":"https:\/\/marekkuchcinski.pl\/cs\/wydarzenia\/40-mln-zl-edukacje-aktywnosc-poprawe-zycia-seniorow\/"},"wordCount":677,"commentCount":0,"publisher":{"@id":"https:\/\/marekkuchcinski.pl\/#organization"},"image":{"@id":"https:\/\/marekkuchcinski.pl\/cs\/wydarzenia\/40-mln-zl-edukacje-aktywnosc-poprawe-zycia-seniorow\/#primaryimage"},"thumbnailUrl":"https:\/\/marekkuchcinski.pl\/wp-content\/uploads\/2018\/12\/cae6cd95a6cc0217ff292c547633295a.jpg","articleSection":["Podkarpacie","Prawo i Sprawiedliwo\u015b\u0107","Wydarzenia"],"inLanguage":"sk-SK","potentialAction":[{"@type":"CommentAction","name":"Comment","target":["https:\/\/marekkuchcinski.pl\/cs\/wydarzenia\/40-mln-zl-edukacje-aktywnosc-poprawe-zycia-seniorow\/#respond"]}]},{"@type":"WebPage","@id":"https:\/\/marekkuchcinski.pl\/cs\/wydarzenia\/40-mln-zl-edukacje-aktywnosc-poprawe-zycia-seniorow\/","url":"https:\/\/marekkuchcinski.pl\/cs\/wydarzenia\/40-mln-zl-edukacje-aktywnosc-poprawe-zycia-seniorow\/","name":"Program Senior plus i Opieka 75 plus: edukacja, aktywno\u015b\u0107, poprawa \u017cycia senior\u00f3w oraz wi\u0119kszy dost\u0119p do us\u0142ug opieku\u0144czych i specjalistycznych &#8211; Marek Kuchci\u0144ski","isPartOf":{"@id":"https:\/\/marekkuchcinski.pl\/#website"},"primaryImageOfPage":{"@id":"https:\/\/marekkuchcinski.pl\/cs\/wydarzenia\/40-mln-zl-edukacje-aktywnosc-poprawe-zycia-seniorow\/#primaryimage"},"image":{"@id":"https:\/\/marekkuchcinski.pl\/cs\/wydarzenia\/40-mln-zl-edukacje-aktywnosc-poprawe-zycia-seniorow\/#primaryimage"},"thumbnailUrl":"https:\/\/marekkuchcinski.pl\/wp-content\/uploads\/2018\/12\/cae6cd95a6cc0217ff292c547633295a.jpg","datePublished":"2018-12-06T10:42:29+00:00","dateModified":"2018-12-06T12:45:02+00:00","breadcrumb":{"@id":"https:\/\/marekkuchcinski.pl\/cs\/wydarzenia\/40-mln-zl-edukacje-aktywnosc-poprawe-zycia-seniorow\/#breadcrumb"},"inLanguage":"sk-SK","potentialAction":[{"@type":"ReadAction","target":["https:\/\/marekkuchcinski.pl\/cs\/wydarzenia\/40-mln-zl-edukacje-aktywnosc-poprawe-zycia-seniorow\/"]}]},{"@type":"ImageObject","inLanguage":"sk-SK","@id":"https:\/\/marekkuchcinski.pl\/cs\/wydarzenia\/40-mln-zl-edukacje-aktywnosc-poprawe-zycia-seniorow\/#primaryimage","url":"https:\/\/marekkuchcinski.pl\/wp-content\/uploads\/2018\/12\/cae6cd95a6cc0217ff292c547633295a.jpg","contentUrl":"https:\/\/marekkuchcinski.pl\/wp-content\/uploads\/2018\/12\/cae6cd95a6cc0217ff292c547633295a.jpg","width":1200,"height":800},{"@type":"BreadcrumbList","@id":"https:\/\/marekkuchcinski.pl\/cs\/wydarzenia\/40-mln-zl-edukacje-aktywnosc-poprawe-zycia-seniorow\/#breadcrumb","itemListElement":[{"@type":"ListItem","position":1,"name":"Strona g\u0142\u00f3wna","item":"https:\/\/marekkuchcinski.pl\/"},{"@type":"ListItem","position":2,"name":"Program Senior plus i Opieka 75 plus: edukacja, aktywno\u015b\u0107, poprawa \u017cycia senior\u00f3w oraz wi\u0119kszy dost\u0119p do us\u0142ug opieku\u0144czych i specjalistycznych"}]},{"@type":"WebSite","@id":"https:\/\/marekkuchcinski.pl\/#website","url":"https:\/\/marekkuchcinski.pl\/","name":"Marek Kuchci\u0144ski","description":"Pose\u0142 na sejm RP &ndash; okr\u0119g nr 22","publisher":{"@id":"https:\/\/marekkuchcinski.pl\/#organization"},"potentialAction":[{"@type":"SearchAction","target":{"@type":"EntryPoint","urlTemplate":"https:\/\/marekkuchcinski.pl\/?s={search_term_string}"},"query-input":{"@type":"PropertyValueSpecification","valueRequired":true,"valueName":"search_term_string"}}],"inLanguage":"sk-SK"},{"@type":"Organization","@id":"https:\/\/marekkuchcinski.pl\/#organization","name":"Marek Kuchci\u0144ski","url":"https:\/\/marekkuchcinski.pl\/","logo":{"@type":"ImageObject","inLanguage":"sk-SK","@id":"https:\/\/marekkuchcinski.pl\/#\/schema\/logo\/image\/","url":"https:\/\/marekkuchcinski.pl\/wp-content\/uploads\/2022\/09\/Marek.jpg","contentUrl":"https:\/\/marekkuchcinski.pl\/wp-content\/uploads\/2022\/09\/Marek.jpg","width":1600,"height":971,"caption":"Marek Kuchci\u0144ski"},"image":{"@id":"https:\/\/marekkuchcinski.pl\/#\/schema\/logo\/image\/"}},{"@type":"Person","@id":"https:\/\/marekkuchcinski.pl\/#\/schema\/person\/6f62700996b4d950b6ea2d1183b6c6be","name":"admin","image":{"@type":"ImageObject","inLanguage":"sk-SK","@id":"https:\/\/marekkuchcinski.pl\/#\/schema\/person\/image\/","url":"https:\/\/secure.gravatar.com\/avatar\/4bab693b9d55c3d6b52c0296a8765085?s=96&d=mm&r=g","contentUrl":"https:\/\/secure.gravatar.com\/avatar\/4bab693b9d55c3d6b52c0296a8765085?s=96&d=mm&r=g","caption":"admin"},"url":"https:\/\/marekkuchcinski.pl\/sk\/author\/marta-olejnik\/"}]}},"_links":{"self":[{"href":"https:\/\/marekkuchcinski.pl\/sk\/wp-json\/wp\/v2\/posts\/11522","targetHints":{"allow":["GET"]}}],"collection":[{"href":"https:\/\/marekkuchcinski.pl\/sk\/wp-json\/wp\/v2\/posts"}],"about":[{"href":"https:\/\/marekkuchcinski.pl\/sk\/wp-json\/wp\/v2\/types\/post"}],"author":[{"embeddable":true,"href":"https:\/\/marekkuchcinski.pl\/sk\/wp-json\/wp\/v2\/users\/6"}],"replies":[{"embeddable":true,"href":"https:\/\/marekkuchcinski.pl\/sk\/wp-json\/wp\/v2\/comments?post=11522"}],"version-history":[{"count":16,"href":"https:\/\/marekkuchcinski.pl\/sk\/wp-json\/wp\/v2\/posts\/11522\/revisions"}],"predecessor-version":[{"id":11541,"href":"https:\/\/marekkuchcinski.pl\/sk\/wp-json\/wp\/v2\/posts\/11522\/revisions\/11541"}],"wp:featuredmedia":[{"embeddable":true,"href":"https:\/\/marekkuchcinski.pl\/sk\/wp-json\/wp\/v2\/media\/11527"}],"wp:attachment":[{"href":"https:\/\/marekkuchcinski.pl\/sk\/wp-json\/wp\/v2\/media?parent=11522"}],"wp:term":[{"taxonomy":"category","embeddable":true,"href":"https:\/\/marekkuchcinski.pl\/sk\/wp-json\/wp\/v2\/categories?post=11522"},{"taxonomy":"post_tag","embeddable":true,"href":"https:\/\/marekkuchcinski.pl\/sk\/wp-json\/wp\/v2\/tags?post=11522"}],"curies":[{"name":"wp","href":"https:\/\/api.w.org\/{rel}","templated":true}]}}