{"id":11516,"date":"2018-12-06T10:51:58","date_gmt":"2018-12-06T09:51:58","guid":{"rendered":"https:\/\/marekkuchcinski.pl\/?p=11516"},"modified":"2018-12-06T10:51:58","modified_gmt":"2018-12-06T09:51:58","slug":"bedzie-wiecej-zlobkow-klubow-dla-malych-dzieci-ruszyl-program-maluch-plus-2019","status":"publish","type":"post","link":"https:\/\/marekkuchcinski.pl\/sk\/wydarzenia\/bedzie-wiecej-zlobkow-klubow-dla-malych-dzieci-ruszyl-program-maluch-plus-2019\/","title":{"rendered":"Bude viac jasl\u00ed a klubov pre mal\u00e9 deti - za\u010dal sa program \"Toddler Plus\" 2019"},"content":{"rendered":"<p><strong>Program \"Maluch Plus\" predpoklad\u00e1 vytvorenie pribli\u017ene 12 000 nov\u00fdch jasl\u00ed a klubov pre deti do troch rokov v celom Po\u013esku a dotovanie viac ako 40 000 u\u017e funguj\u00facich jasl\u00ed. V roku 2017 vl\u00e1da na tento \u00fa\u010del vy\u010dlen\u00ed pol miliardy zlot\u00fdch.\u00a0<\/strong><\/p>\n<section class=\"row title_row\">\n<div class=\"main-column\">\n<div class=\"large-7 medium-12 small-12\">\n<h1 class=\"page_title\">MALUCH+ 2019<\/h1>\n<\/div>\n<\/div>\n<\/section>\n<section id=\"content\">\n<div id=\"main-content\" class=\"columns-1-2-1\">\n<div class=\"portlet-layout row\">\u00a0VEREJN\u00c1 S\u00da\u0164A\u017d O FINAN\u010cN\u00da PODPORU NA \u00daLOHY S\u00daVISIACE S ROZVOJOM ZARIADEN\u00cd STAROSTLIVOSTI O DETI DO 3 ROKOV \"MALUCH+\" 2019<\/div>\n<div class=\"portlet-layout row\">\n<div class=\"main-column\">\n<div id=\"column-2\" class=\"portlet-column portlet-column-first\">\n<div id=\"layout-column_column-2\" class=\"portlet-dropzone portlet-column-content portlet-column-content-first\">\n<div id=\"p_p_id_com_liferay_journal_content_web_portlet_JournalContentPortlet_INSTANCE_ISjUFbjhUn99_\" class=\"portlet-boundary portlet-boundary_com_liferay_journal_content_web_portlet_JournalContentPortlet_ portlet-static portlet-static-end portlet-decorate portlet-journal-content\">\n<section id=\"portlet_com_liferay_journal_content_web_portlet_JournalContentPortlet_INSTANCE_ISjUFbjhUn99\" class=\"portlet\">\n<div class=\"portlet-content\">\n<div class=\"portlet-content-container\">\n<div class=\"portlet-body\">\n<div class=\"journal-content-article\">\n<div class=\"article\">\n<div class=\"paragraph article_section_content\">\n<p>Ministerka rodiny, pr\u00e1ce a soci\u00e1lnej politiky vyz\u00fdva subjekty, ktor\u00e9 prev\u00e1dzkuj\u00fa zariadenia starostlivosti o deti do 3 rokov, a subjekty, ktor\u00e9 pl\u00e1nuj\u00fa tak\u00e9to zariadenia prev\u00e1dzkova\u0165, aby sa zapojili do \u010fal\u0161ieho ro\u010dn\u00edka programu MALUCH+. Na ro\u010dn\u00edk 2019 bolo vy\u010dlenen\u00fdch 450 mili\u00f3nov PLN.<\/p>\n<p>Minister rodiny, pr\u00e1ce a soci\u00e1lnej politiky na z\u00e1klade \u010dl\u00e1nku 62 z\u00e1kona zo 4. febru\u00e1ra 2011 o starostlivosti o deti do 3 rokov (Zbierka z\u00e1konov z roku 2018, polo\u017eka 603 v znen\u00ed neskor\u0161\u00edch predpisov) vyhlasuje v r\u00e1mci programu ministerstva \"MALUCH+\" na rozvoj zariaden\u00ed starostlivosti o deti do 3 rokov, \u010falej len \"program\" - s\u00fa\u0165a\u017e \"MALUCH+\" 2019. Finan\u010dn\u00e9 prostriedky bud\u00fa pridelen\u00e9 na vytvorenie a udr\u017eanie miest starostlivosti v jasliach, detsk\u00fdch kluboch a denn\u00fdch centr\u00e1ch.<\/p>\n<ol>\n<li>Na rok 2019 bolo na program vy\u010dlenen\u00fdch 450 mili\u00f3nov PLN.<\/li>\n<li>\u00dazemn\u00e9 samospr\u00e1vne celky, fyzick\u00e9 osoby, pr\u00e1vnick\u00e9 osoby a organiza\u010dn\u00e9 zlo\u017eky bez pr\u00e1vnej subjektivity (vr\u00e1tane vysok\u00fdch \u0161k\u00f4l a spolupracuj\u00facich subjektov) uveden\u00e9 v \u010dl\u00e1nku 8 ods. 1 z\u00e1kona zo 4. febru\u00e1ra 2011 o starostlivosti o deti do troch rokov veku (Zbierka z\u00e1konov z roku 2018, polo\u017eka 603 v znen\u00ed neskor\u0161\u00edch predpisov) m\u00f4\u017eu po\u017eiada\u0165 o spolufinancovanie formou \u00fa\u010delovej dot\u00e1cie zo \u0161t\u00e1tneho rozpo\u010dtu a o prostriedky z Fondu pr\u00e1ce.<\/li>\n<li>Program \"MALUCH+\" 2019 pozost\u00e1va zo 4 modulov, ktor\u00e9 dotuj\u00fa opatrenia na vytvorenie a udr\u017eanie miest v zariadeniach starostlivosti o deti do 3 rokov, t. j. jasle, detsk\u00e9 kluby a denn\u00e9 opatrovate\u013esk\u00e9 slu\u017eby.<\/li>\n<\/ol>\n<p>-\u00a0<strong>Modul 1a (pre obce)<\/strong>\u00a0- spolufinancovanie sa poskytne na vytvorenie miest starostlivosti a ich prev\u00e1dzku, ako aj na vytvorenie miest v t\u00fdch obciach, v ktor\u00fdch ku d\u0148u predlo\u017eenia s\u00fa\u0165a\u017en\u00e9ho n\u00e1vrhu nefunguj\u00fa \u017eiadne jasle alebo detsk\u00e9 kluby zriaden\u00e9 miestnymi samospr\u00e1vnymi jednotkami a \u00faloha sa t\u00fdka vytvorenia miest pre najviac 20% det\u00ed vo veku 1 - 2 roky v obci a v\u00fd\u0161ka spolufinancovania po\u017eadovan\u00e9ho na \u00falohu spo\u010d\u00edvaj\u00facu vo vytvoren\u00ed nov\u00fdch miest starostlivosti v obci nepresahuje 3 mili\u00f3ny PLN (uveden\u00e9 podmienky musia by\u0165 splnen\u00e9 spolo\u010dne);<\/p>\n<p>-\u00a0<strong>Modul 1b (pre obce)<\/strong>\u00a0- Finan\u010dn\u00e9 prostriedky sa poskytn\u00fa na zriadenie miest starostlivosti a ich prev\u00e1dzku, ako aj na zriadenie samotn\u00fdch miest, ktor\u00e9 sa bud\u00fa realizova\u0165 v obciach, v ktor\u00fdch ku d\u0148u predlo\u017eenia v\u00fdzvy na predkladanie \u017eiadost\u00ed:<\/p>\n<p>1) s\u00fa v prev\u00e1dzke detsk\u00e9 jasle alebo detsk\u00e9 kluby a v\u00fd\u0161ka po\u017eadovan\u00fdch finan\u010dn\u00fdch prostriedkov na \u00falohu vytvorenia nov\u00fdch miest starostlivosti v obci nepresahuje 5 mil,<\/p>\n<p>2) neboli v prev\u00e1dzke \u017eiadne jasle alebo detsk\u00e9 kluby, ale \u00faloha sa t\u00fdka vytvorenia miest pre viac ako 20% det\u00ed v 1. - 2. ro\u010dn\u00edku v obci, alebo dot\u00e1cia po\u017eadovan\u00e1 na \u00falohu zah\u0155\u0148aj\u00facu vytvorenie nov\u00fdch miest starostlivosti v obci presahuje 3 mil;<\/p>\n<p>Obec, ktor\u00e1 realizuje invest\u00edcie do b\u00fdvania v oblasti programu \"Mieszkanie+\", m\u00f4\u017ee po\u017eiada\u0165 o dot\u00e1ciu na vytvorenie miest pre opatrovate\u013esk\u00fa slu\u017ebu v moduloch 1a a 1b. Z prostriedkov programu MALUCH+ mo\u017eno podpori\u0165 vytvorenie zariaden\u00ed starostlivosti o deti do troch rokov v oblasti invest\u00edci\u00ed realizovan\u00fdch v r\u00e1mci programu Mieszkanie+.<\/p>\n<p>-\u00a0<strong>Modul 2 (pre obce)<\/strong>\u00a0- prev\u00e1dzka miest starostlivosti, ktor\u00e9 vytvorili miestne org\u00e1ny s \u00fa\u010das\u0165ou programu (t. j. predch\u00e1dzaj\u00face vydania), bude dotovan\u00e1,<\/p>\n<p><strong>- Modul 3 (pre in\u00e9 subjekty ako obce)<\/strong>\u00a0- Vytvorenie nov\u00fdch miest starostlivosti a ich prev\u00e1dzka, ako aj vytvorenie samotn\u00fdch miest, bud\u00fa dotovan\u00e9.<\/p>\n<p>-\u00a0<strong>Modul 4 (pre in\u00e9 subjekty ako obce)<\/strong>\u00a0- Poskytovanie funk\u010dn\u00fdch miest v opatrovate\u013esk\u00fdch zariadeniach bude dotovan\u00e9.<\/p>\n<p>Prednos\u0165 bud\u00fa ma\u0165 miestne org\u00e1ny (moduly 1a, 1b a 2). Zvy\u0161n\u00e9 prostriedky bud\u00fa pridelen\u00e9 in\u00fdm subjektom ako obciam.<\/p>\n<ol start=\"4\">\n<li>Financovanie sa vz\u0165ahuje na \u00falohy vykon\u00e1van\u00e9 v roku 2019.<\/li>\n<li>Term\u00edn na predkladanie pon\u00fak:<\/li>\n<\/ol>\n<p>- Pre modul 1a a 1b - 28. decembra 2018.<\/p>\n<p>- pre modul 2 - 28. decembra 2018.<\/p>\n<p>- pre modul 3 - 28. decembra 2018.<\/p>\n<p>- pre modul 4 - 28. decembra 2018.<\/p>\n<ol start=\"6\">\n<li>Ponuky sa m\u00f4\u017eu predklada\u0165 p\u00edsomne krajsk\u00e9mu \u00faradu pr\u00edslu\u0161n\u00e9mu pod\u013ea s\u00eddla obce, v ktorej sa prev\u00e1dzkuje alebo pl\u00e1nuje zriadi\u0165 zariadenie starostlivosti, alebo elektronicky prostredn\u00edctvom platformy ePUAP na \u00fa\u010det pr\u00edslu\u0161n\u00e9ho krajsk\u00e9ho \u00faradu.<\/li>\n<li>Po zhroma\u017eden\u00ed inform\u00e1ci\u00ed od guvern\u00e9rov provinci\u00ed o ponuk\u00e1ch, ktor\u00e9 sp\u013a\u0148aj\u00fa podmienky programu, minister rozhodne o rozsahu (v\u00fdber modulu alebo modulov), sp\u00f4sobe (krit\u00e9ri\u00e1 a v\u00e1hy krit\u00e9ri\u00ed) rozdelenia finan\u010dn\u00fdch prostriedkov na program a o v\u00fd\u0161ke finan\u010dn\u00fdch prostriedkov pre pr\u00edjemcov.<\/li>\n<li>V\u00fdsledky s\u00fa\u0165a\u017ee bud\u00fa uverejnen\u00e9 na webovej str\u00e1nke\u00a0<u>www.gov.pl\/rodzina<\/u>do 28. febru\u00e1ra 2019.<\/li>\n<li>Subjekty, ktor\u00e9 z\u00edskaj\u00fa finan\u010dn\u00e9 prostriedky na vytvorenie miest v zariadeniach starostlivosti o deti do troch rokov z ed\u00edcie 2019 (modul 1 a 3), s\u00fa povinn\u00e9 zachova\u0165 tieto miesta po dobu piatich rokov, t. j. do 31. decembra 2024.<\/li>\n<li>Podrobn\u00e9 pravidl\u00e1 s\u00fa\u0165a\u017ee s\u00fa uveden\u00e9 v programe ministerstva \"MALUCH+\" 2019 na rozvoj zariaden\u00ed starostlivosti o deti do 3 rokov.<\/li>\n<\/ol>\n<p><strong>UPOZORNENIE: V pr\u00edpade s\u00fa\u0165a\u017en\u00e9ho modulu 1a a 1b (tabu\u013eka \u010d. 1) s\u00fa \u00fadaje o po\u010dte det\u00ed vo veku 1 - 2 rokov v obci pod\u013ea \u010cS\u00da (k 30.6.2018) uveden\u00e9 na z\u00e1klade tabu\u013eky \u010d. 12 publik\u00e1cie \u010cS\u00da \"Obyvate\u013estvo. Stav a \u0161trukt\u00fara a prirodzen\u00fd pohyb v \u00fazemnej \u010dasti v roku 2018. (k 30. j\u00fanu)\"<\/strong><\/p>\n<p><span style=\"color: #808080;\"><strong>viac: https:\/\/www.gov.pl\/web\/rodzina\/maluch-2019<\/strong><\/span><\/p>\n<\/div>\n<\/div>\n<\/div>\n<\/div>\n<\/div>\n<\/div>\n<\/section>\n<\/div>\n<\/div>\n<\/div>\n<\/div>\n<\/div>\n<\/div>\n<\/section>\n<p><a href=\"https:\/\/marekkuchcinski.pl\/wp-content\/uploads\/2018\/12\/47380405_2213570868859130_7806777658108280832_n.png\"><img fetchpriority=\"high\" decoding=\"async\" class=\"alignnone size-full wp-image-11518\" src=\"https:\/\/marekkuchcinski.pl\/wp-content\/uploads\/2018\/12\/47380405_2213570868859130_7806777658108280832_n.png\" alt=\"47380405_2213570868859130_7806777658108280832_n\" width=\"802\" height=\"451\" srcset=\"https:\/\/marekkuchcinski.pl\/wp-content\/uploads\/2018\/12\/47380405_2213570868859130_7806777658108280832_n.png 802w, https:\/\/marekkuchcinski.pl\/wp-content\/uploads\/2018\/12\/47380405_2213570868859130_7806777658108280832_n-300x169.png 300w, https:\/\/marekkuchcinski.pl\/wp-content\/uploads\/2018\/12\/47380405_2213570868859130_7806777658108280832_n-768x432.png 768w\" sizes=\"(max-width: 802px) 100vw, 802px\" \/><\/a><\/p>","protected":false},"excerpt":{"rendered":"<p>Program \u201eMaluch Plus\u201d zak\u0142ada utworzenie oko\u0142o 12 tysi\u0119cy nowych \u017c\u0142obk\u00f3w i klub\u00f3w dla dzieci do trzeciego roku \u017cycia w ca\u0142ej Polsce i dofinansowanie ponad 40 tysi\u0119cy tych, kt\u00f3re ju\u017c dzia\u0142aj\u0105. W 2017 roku rz\u0105d\u00a0przeznaczy na ten cel p\u00f3\u0142 miliarda z\u0142otych.\u00a0 MALUCH+ 2019 \u00a0OTWARTY KONKURS OFERT NA FINANSOWE WSPIERANIE ZADA\u0143 Z ZAKRESU ROZWOJU INSTYTUCJI OPIEKI NAD [&hellip;]<\/p>\n","protected":false},"author":6,"featured_media":11518,"comment_status":"open","ping_status":"open","sticky":false,"template":"","format":"standard","meta":{"ngg_post_thumbnail":0,"footnotes":""},"categories":[49,82,3],"tags":[],"class_list":["post-11516","post","type-post","status-publish","format-standard","has-post-thumbnail","hentry","category-podkarpacie","category-prawo-i-sprawiedliwosc","category-wydarzenia"],"_links":{"self":[{"href":"https:\/\/marekkuchcinski.pl\/sk\/wp-json\/wp\/v2\/posts\/11516","targetHints":{"allow":["GET"]}}],"collection":[{"href":"https:\/\/marekkuchcinski.pl\/sk\/wp-json\/wp\/v2\/posts"}],"about":[{"href":"https:\/\/marekkuchcinski.pl\/sk\/wp-json\/wp\/v2\/types\/post"}],"author":[{"embeddable":true,"href":"https:\/\/marekkuchcinski.pl\/sk\/wp-json\/wp\/v2\/users\/6"}],"replies":[{"embeddable":true,"href":"https:\/\/marekkuchcinski.pl\/sk\/wp-json\/wp\/v2\/comments?post=11516"}],"version-history":[{"count":3,"href":"https:\/\/marekkuchcinski.pl\/sk\/wp-json\/wp\/v2\/posts\/11516\/revisions"}],"predecessor-version":[{"id":11521,"href":"https:\/\/marekkuchcinski.pl\/sk\/wp-json\/wp\/v2\/posts\/11516\/revisions\/11521"}],"wp:featuredmedia":[{"embeddable":true,"href":"https:\/\/marekkuchcinski.pl\/sk\/wp-json\/wp\/v2\/media\/11518"}],"wp:attachment":[{"href":"https:\/\/marekkuchcinski.pl\/sk\/wp-json\/wp\/v2\/media?parent=11516"}],"wp:term":[{"taxonomy":"category","embeddable":true,"href":"https:\/\/marekkuchcinski.pl\/sk\/wp-json\/wp\/v2\/categories?post=11516"},{"taxonomy":"post_tag","embeddable":true,"href":"https:\/\/marekkuchcinski.pl\/sk\/wp-json\/wp\/v2\/tags?post=11516"}],"curies":[{"name":"wp","href":"https:\/\/api.w.org\/{rel}","templated":true}]}}