{"id":11486,"date":"2018-12-04T19:53:16","date_gmt":"2018-12-04T18:53:16","guid":{"rendered":"https:\/\/marekkuchcinski.pl\/?p=11486"},"modified":"2018-12-04T20:07:04","modified_gmt":"2018-12-04T19:07:04","slug":"swieta-barbara-cala-gornicza-brac-otacza-opieka-zapewniajac-poczucie-bezpieczenstwa-oraz-pewnosc-jutrzejszego-szczescie-kolejne-lata-2","status":"publish","type":"post","link":"https:\/\/marekkuchcinski.pl\/sk\/wydarzenia\/swieta-barbara-cala-gornicza-brac-otacza-opieka-zapewniajac-poczucie-bezpieczenstwa-oraz-pewnosc-jutrzejszego-szczescie-kolejne-lata-2\/","title":{"rendered":"Nech sv\u00e4t\u00e1 Barbora ochra\u0148uje v\u0161etk\u00fdch ban\u00edkov a poskytne im pocit bezpe\u010dia a istotu zajtraj\u0161ka a \u0161\u0165astia na \u010fal\u0161ie roky."},"content":{"rendered":"<p><strong>Odvaha, obetavos\u0165, pokora pred vy\u0161\u0161ou mocou a ve\u013ek\u00e1 \u00facta k ich pr\u00e1ci s\u00fa vlastnosti, ktor\u00e9 sa n\u00e1m v pam\u00e4ti vyn\u00e1raj\u00fa pri spomienke na ban\u00edkov. Dne\u0161n\u00fd de\u0148 je oslavou \u013eud\u00ed, ktor\u00ed ka\u017ed\u00fd de\u0148 \u010delia nebezpe\u010denstvu, aby n\u00e1m bolo teplej\u0161ie, jasnej\u0161ie a bezpe\u010dnej\u0161ie.<\/strong><\/p>\n<p>Pri pr\u00edle\u017eitosti sviatku sv\u00e4tej Barbory adresoval predseda Sejmu Marek Kuchci\u0144ski ban\u00edkom listy, v ktor\u00fdch im okrem in\u00e9ho za\u017eelal ve\u013ea \u0161\u0165astia v osobnom \u017eivote a v pr\u00e1ci.<\/p>\n<p>- Nech sv\u00e4t\u00e1 Barbora ochra\u0148uje cel\u00fa ban\u00edcku komunitu a poskytne jej pocit bezpe\u010dia a istoty pre zajtraj\u0161ok a \u0161\u0165astia na \u010fal\u0161ie roky,\" nap\u00edsal predseda parlamentu.<\/p>\n<h4><span style=\"color: #000000;\"><a style=\"color: #000000;\" href=\"https:\/\/marekkuchcinski.pl\/wp-content\/uploads\/2018\/12\/Barbo\u0301rka.pdf\">ZOZNAM 1<\/a><\/span><\/h4>\n<h4><span style=\"color: #000000;\"><a style=\"color: #000000;\" href=\"https:\/\/marekkuchcinski.pl\/wp-content\/uploads\/2018\/12\/Barbo\u0301rka-Krosno-1.pdf\">LIST 2<\/a><\/span><\/h4>\n<p><a href=\"https:\/\/marekkuchcinski.pl\/wp-content\/uploads\/2018\/12\/bar.jpg\"><img fetchpriority=\"high\" decoding=\"async\" class=\"alignnone size-full wp-image-11487\" src=\"https:\/\/marekkuchcinski.pl\/wp-content\/uploads\/2018\/12\/bar.jpg\" alt=\"bar\" width=\"3864\" height=\"2358\" srcset=\"https:\/\/marekkuchcinski.pl\/wp-content\/uploads\/2018\/12\/bar.jpg 2048w, https:\/\/marekkuchcinski.pl\/wp-content\/uploads\/2018\/12\/bar-300x183.jpg 300w, https:\/\/marekkuchcinski.pl\/wp-content\/uploads\/2018\/12\/bar-768x469.jpg 768w, https:\/\/marekkuchcinski.pl\/wp-content\/uploads\/2018\/12\/bar-1024x625.jpg 1024w\" sizes=\"(max-width: 3864px) 100vw, 3864px\" \/><\/a><\/p>","protected":false},"excerpt":{"rendered":"<p>Odwaga, po\u015bwi\u0119cenie, pokora przed si\u0142\u0105 wy\u017csz\u0105 i wielki szacunek do pracy to cechy, jakie podsuwa nam pami\u0119\u0107, kiedy my\u015blimy o g\u00f3rnikach. Dzi\u015b \u015bwi\u0119to ludzi, kt\u00f3rzy codziennie stawiaj\u0105 czo\u0142a niebezpiecze\u0144stwu, \u017ceby nam by\u0142o cieplej, ja\u015bniej, bezpieczniej. Z okazji Barb\u00f3rki listy do G\u00f3rnik\u00f3w skierowa\u0142 marsza\u0142ek Sejmu Marek Kuchci\u0144ski, \u017cycz\u0105c m.in.\u00a0wszelkiej pomy\u015blno\u015bci w \u017cyciu osobistym i w pracy [&hellip;]<\/p>\n","protected":false},"author":6,"featured_media":11487,"comment_status":"open","ping_status":"open","sticky":false,"template":"","format":"standard","meta":{"ngg_post_thumbnail":0,"footnotes":""},"categories":[104,49,77,3],"tags":[],"class_list":["post-11486","post","type-post","status-publish","format-standard","has-post-thumbnail","hentry","category-lms","category-podkarpacie","category-wazne-daty","category-wydarzenia"],"_links":{"self":[{"href":"https:\/\/marekkuchcinski.pl\/sk\/wp-json\/wp\/v2\/posts\/11486","targetHints":{"allow":["GET"]}}],"collection":[{"href":"https:\/\/marekkuchcinski.pl\/sk\/wp-json\/wp\/v2\/posts"}],"about":[{"href":"https:\/\/marekkuchcinski.pl\/sk\/wp-json\/wp\/v2\/types\/post"}],"author":[{"embeddable":true,"href":"https:\/\/marekkuchcinski.pl\/sk\/wp-json\/wp\/v2\/users\/6"}],"replies":[{"embeddable":true,"href":"https:\/\/marekkuchcinski.pl\/sk\/wp-json\/wp\/v2\/comments?post=11486"}],"version-history":[{"count":5,"href":"https:\/\/marekkuchcinski.pl\/sk\/wp-json\/wp\/v2\/posts\/11486\/revisions"}],"predecessor-version":[{"id":11495,"href":"https:\/\/marekkuchcinski.pl\/sk\/wp-json\/wp\/v2\/posts\/11486\/revisions\/11495"}],"wp:featuredmedia":[{"embeddable":true,"href":"https:\/\/marekkuchcinski.pl\/sk\/wp-json\/wp\/v2\/media\/11487"}],"wp:attachment":[{"href":"https:\/\/marekkuchcinski.pl\/sk\/wp-json\/wp\/v2\/media?parent=11486"}],"wp:term":[{"taxonomy":"category","embeddable":true,"href":"https:\/\/marekkuchcinski.pl\/sk\/wp-json\/wp\/v2\/categories?post=11486"},{"taxonomy":"post_tag","embeddable":true,"href":"https:\/\/marekkuchcinski.pl\/sk\/wp-json\/wp\/v2\/tags?post=11486"}],"curies":[{"name":"wp","href":"https:\/\/api.w.org\/{rel}","templated":true}]}}