{"id":11358,"date":"2018-12-03T09:55:39","date_gmt":"2018-12-03T08:55:39","guid":{"rendered":"https:\/\/marekkuchcinski.pl\/?p=11358"},"modified":"2018-12-03T10:45:25","modified_gmt":"2018-12-03T09:45:25","slug":"marek-kuchcinski-terytorialsow-stoja-wami-wazkie-trudne-zadania-wobec-wspolczesnosci-wolnosciowego-dziedzictwa","status":"publish","type":"post","link":"https:\/\/marekkuchcinski.pl\/sk\/wydarzenia\/marek-kuchcinski-terytorialsow-stoja-wami-wazkie-trudne-zadania-wobec-wspolczesnosci-wolnosciowego-dziedzictwa\/","title":{"rendered":"Marek Kuchci\u0144ski na \"Territorials\": \u010cel\u00edte d\u00f4le\u017eit\u00fdm a n\u00e1ro\u010dn\u00fdm \u00faloh\u00e1m v s\u00favislosti so s\u00fa\u010dasnos\u0165ou, ako aj s dedi\u010dstvom slobody."},"content":{"rendered":"<p>V Tarnobrzegu zlo\u017eilo vojensk\u00fa pr\u00edsahu 147 vojakov 3. brig\u00e1dy Podkarpatskej teritori\u00e1lnej obrany, pomenovanej po plukovn\u00edkovi \u0141ukaszovi Ciepli\u0144skom pseud. P\u0142ug. List nov\u00fdm \"Teritori\u00e1lom\" adresoval Marek Kuchci\u0144ski.<\/p>\n<p><em>Som presved\u010den\u00fd, \u017ee pre vojakov aj ich bl\u00edzkych je pr\u00edsaha v\u00fdnimo\u010dn\u00fdm okamihom v ich \u017eivote, okamihom, ktor\u00fd v nich vyvol\u00e1va em\u00f3cie, rados\u0165 a hrdos\u0165 a nav\u017edy zostane v ich pam\u00e4ti. Bez oh\u013eadu na \u010das, miesto a okolnosti sa slov\u00e1 ror\u00e1tov vryj\u00fa hlboko do s\u0155dc. S\u00fa ve\u013ek\u00fdm z\u00e1v\u00e4zkom prijat\u00fdm a\u017e do konca \u017eivota, z\u00e1v\u00e4zkom vo\u010di vlasti a n\u00e1rodu. Pred vojakmi 3. podkarpatskej brig\u00e1dy \u00fazemnej obrany stoja d\u00f4le\u017eit\u00e9 a n\u00e1ro\u010dn\u00e9 \u00falohy v s\u00favislosti so s\u00fa\u010dasnos\u0165ou, ako aj s odkazom slobody. Nepochybujem o tom, \u017ee ich v\u0161etky vykon\u00e1te pr\u00edkladn\u00fdm sp\u00f4sobom. E\u0161te raz srde\u010dne blaho\u017eel\u00e1m novozlo\u017een\u00fdm pr\u00edsah\u00e1m,\" nap\u00edsal predseda Sejmu.<\/em><\/p>\n<p><a href=\"https:\/\/marekkuchcinski.pl\/wp-content\/uploads\/2018\/12\/Terytorialsi-1.pdf\">ZOZNAM<\/a><\/p>","protected":false},"excerpt":{"rendered":"<p>147 \u017co\u0142nierzy 3. Podkarpackiej Brygady Obrony Terytorialnej im. pu\u0142kownika \u0141ukasza Ciepli\u0144skiego ps. P\u0142ug,\u00a0z\u0142o\u017cy\u0142o w Tarnobrzegu przysi\u0119g\u0119 wojskow\u0105. List do nowych &#8222;Terytorials\u00f3w&#8221; skierowa\u0142 Marek Kuchci\u0144ski. Przekonany jestem, \u017ce zar\u00f3wno dla \u017co\u0142nierzy, jak i ich najbli\u017cszych przysi\u0119ga jest wyj\u0105tkowym momentem w \u017cyciu, chwil\u0105, kt\u00f3ra budzi wzruszenie, rado\u015b\u0107 i dum\u0119, jak r\u00f3wnie\u017c na zawsze pozostanie we wspomnieniach. Bez [&hellip;]<\/p>\n","protected":false},"author":6,"featured_media":11359,"comment_status":"open","ping_status":"open","sticky":false,"template":"","format":"standard","meta":{"ngg_post_thumbnail":0,"footnotes":""},"categories":[104,49,3],"tags":[],"class_list":["post-11358","post","type-post","status-publish","format-standard","has-post-thumbnail","hentry","category-lms","category-podkarpacie","category-wydarzenia"],"_links":{"self":[{"href":"https:\/\/marekkuchcinski.pl\/sk\/wp-json\/wp\/v2\/posts\/11358","targetHints":{"allow":["GET"]}}],"collection":[{"href":"https:\/\/marekkuchcinski.pl\/sk\/wp-json\/wp\/v2\/posts"}],"about":[{"href":"https:\/\/marekkuchcinski.pl\/sk\/wp-json\/wp\/v2\/types\/post"}],"author":[{"embeddable":true,"href":"https:\/\/marekkuchcinski.pl\/sk\/wp-json\/wp\/v2\/users\/6"}],"replies":[{"embeddable":true,"href":"https:\/\/marekkuchcinski.pl\/sk\/wp-json\/wp\/v2\/comments?post=11358"}],"version-history":[{"count":4,"href":"https:\/\/marekkuchcinski.pl\/sk\/wp-json\/wp\/v2\/posts\/11358\/revisions"}],"predecessor-version":[{"id":11373,"href":"https:\/\/marekkuchcinski.pl\/sk\/wp-json\/wp\/v2\/posts\/11358\/revisions\/11373"}],"wp:featuredmedia":[{"embeddable":true,"href":"https:\/\/marekkuchcinski.pl\/sk\/wp-json\/wp\/v2\/media\/11359"}],"wp:attachment":[{"href":"https:\/\/marekkuchcinski.pl\/sk\/wp-json\/wp\/v2\/media?parent=11358"}],"wp:term":[{"taxonomy":"category","embeddable":true,"href":"https:\/\/marekkuchcinski.pl\/sk\/wp-json\/wp\/v2\/categories?post=11358"},{"taxonomy":"post_tag","embeddable":true,"href":"https:\/\/marekkuchcinski.pl\/sk\/wp-json\/wp\/v2\/tags?post=11358"}],"curies":[{"name":"wp","href":"https:\/\/api.w.org\/{rel}","templated":true}]}}