{"id":11237,"date":"2018-11-26T15:38:16","date_gmt":"2018-11-26T14:38:16","guid":{"rendered":"https:\/\/marekkuchcinski.pl\/?p=11237"},"modified":"2018-11-26T16:04:56","modified_gmt":"2018-11-26T15:04:56","slug":"przemysl-o-polskiej-tradycji-parlamentarnej-550-rocznice-powstania-polskiego-parlamentaryzmu","status":"publish","type":"post","link":"https:\/\/marekkuchcinski.pl\/sk\/wydarzenia\/przemysl-o-polskiej-tradycji-parlamentarnej-550-rocznice-powstania-polskiego-parlamentaryzmu\/","title":{"rendered":"Przemy\u015bl: O po\u013eskej parlamentnej trad\u00edcii pri pr\u00edle\u017eitosti 550. v\u00fdro\u010dia po\u013esk\u00e9ho parlamentarizmu"},"content":{"rendered":"<p>Tento rok oslavujeme 550 rokov parlamentarizmu republiky. V roku 1468 bol zriaden\u00fd Sejm Po\u013esk\u00e9ho kr\u00e1\u013eovstva v dvojkomorovej forme: Sen\u00e1t a Poslaneck\u00e1 snemov\u0148a. Kr\u00e1\u013e Kazim\u00edr Jagelovsk\u00fd, v\u00fdznamn\u00fd predstavite\u013e Jagelovcov - ve\u013ekej stredoeur\u00f3pskej dynastie - pozval poslancov zvolen\u00fdch na region\u00e1lnych zhroma\u017edeniach, aby rokovali o ot\u00e1zkach t\u00fdkaj\u00facich sa vtedaj\u0161ieho \u0161t\u00e1tu - na\u0161ej republiky,\" pripomenul predseda Sejmu Marek Kuchci\u0144ski po\u010das osl\u00e1v 550. v\u00fdro\u010dia po\u013esk\u00e9ho parlamentarizmu.<\/p>\n<p>Mar\u0161al zd\u00f4raznil, \u017ee takto vznikol po\u013esk\u00fd parlamentarizmus, ktor\u00fd sa sklad\u00e1 z kr\u00e1\u013ea, sen\u00e1tu a poslaneckej snemovne. Trvalo to cel\u00e9 st\u00e1ro\u010dia, pri\u010dom Sejm vyjadroval z\u00e1ujmy \u0161t\u00e1tu a vykon\u00e1val jeho suverenitu, t. j. vyd\u00e1val z\u00e1kony, prij\u00edmal najd\u00f4le\u017eitej\u0161ie rozhodnutia vr\u00e1tane vojny a dan\u00ed. Stal sa miestom kompromisu medzi kr\u00e1\u013eom a politick\u00fdm \u013eudom, ktor\u00fd zastupoval v\u00f4\u013eu \u013eudu, t. j. obyvate\u013eov v\u0161etk\u00fdch kraj\u00edn.<\/p>\n<p>Po\u013esk\u00e1 parlamentn\u00e1 trad\u00edcia sa formovala na \u00fazem\u00ed, kde sa prel\u00ednalo mnoho etnick\u00fdch skup\u00edn a kult\u00far, n\u00e1bo\u017eenstiev a konfesi\u00ed, zvykov a trad\u00edci\u00ed. Stal sa in\u0161pir\u00e1ciou pre obyvate\u013eov mnoh\u00fdch kraj\u00edn: po\u013eskej, rus\u00ednskej - Bielej, \u010ciernej a \u010cervenej Rusi, litovskej, kurlandskej, livonskej, moldavskej a pruskej.<\/p>\n<p>V obci S\u0105dowa Wisznia, ktor\u00e1 sa nach\u00e1dza v\u00fdchodne od Przemy\u015bla, sa stretol sejmik \u013dvovskej, Przemy\u0161\u013eanskej a Sanockej oblasti.<\/p>\n<p>Z oblasti Przemy\u015bla poch\u00e1dzali politici, ktor\u00ed sa v\u00fdznamne zap\u00edsali do na\u0161ich n\u00e1rodn\u00fdch dej\u00edn. Medzi ne patrili: Andrzej Maksymilian Fredro - predseda Poslaneckej snemovne, v\u00fdznamn\u00fd filozof, zakladate\u013e kl\u00e1\u0161tora a kostola v Kalwarii Pac\u0142awskej; Stanis\u0142aw Jan Jab\u0142onowski - sen\u00e1tor, ve\u013ek\u00fd hejtman Koruny a vojvoda Rus\u00ednov; Stanis\u0142aw Sarnowski - biskup a ve\u013ek\u00fd referent Koruny. V Przemy\u015bli p\u00f4sobili v\u00fdznamn\u00ed humanisti: Jan Herburt - autor mnoh\u00fdch diel o diplomacii, ktor\u00e9 sa v Eur\u00f3pe pova\u017euj\u00fa za klasick\u00e9, a Stanis\u0142aw Orzechowski - ktor\u00fd p\u00edsal o Poliakoch ako o orloch, pre ktor\u00fdch je sloboda synonymom po\u013eskosti, z\u00e1kladom politick\u00e9ho syst\u00e9mu a z\u00e1kladnou hodnotou.<\/p>\n<p>Konferencie organizovan\u00e9 pri pr\u00edle\u017eitosti 550. v\u00fdro\u010dia po\u013esk\u00e9ho parlamentarizmu predstavuj\u00fa jedine\u010dnos\u0165 Sejmu v jeho za\u010diatkoch, ktor\u00fd mal trval\u00fd vplyv na n\u00e1rodn\u00fa identitu nielen Poliakov, ale aj ostatn\u00fdch obyvate\u013eov na\u0161ej \u010dasti Eur\u00f3py. Marek Kuchci\u0144ski zd\u00f4raznil, \u017ee parlamentarizmus sa stal z\u00e1kladom politickej kult\u00fary v strednej Eur\u00f3pe a umo\u017enil formova\u0165 politick\u00fa subjektivitu zalo\u017een\u00fa na slobode ch\u00e1panej republik\u00e1nsky, t. j. na \u00fa\u010dasti na politickom \u017eivote.<\/p>\n<p>Predseda pripomenul, \u017ee v roku 1505 bola prijat\u00e1 politick\u00e1 z\u00e1sada \"ni\u010d o n\u00e1s bez n\u00e1s\". O tom, ak\u00fd pevn\u00fd z\u00e1klad to bol, sved\u010dia \u00faspechy Po\u013esko-litovskej \u00fanie - jedine\u010dn\u00e9ho civiliza\u010dn\u00e9ho priestoru v Eur\u00f3pe. - Jeho osud ur\u010dil identitu modernej po\u013eskej \u0161t\u00e1tnosti, ktor\u00e1 sa znovuzrodila pred 100 rokmi, ako aj dne\u0161n\u00e9ho Po\u013eska, povedal Kuchci\u0144ski.<\/p>\n<p>V mene historickej obce konferenciu sl\u00e1vnostne otvoril profesor Dariusz Kupisz z Univerzity Marie Curie-Sk\u0142odowskej v Lubline. Historik upozornil na skuto\u010dnos\u0165, \u017ee v\u00fdskum profesora Wac\u0142awa Urszczuka uv\u00e1dza rok 1468 ako vyvrcholenie dlh\u00e9ho procesu formovania parlamentnej reprezent\u00e1cie s pr\u00e1vomocou rozhodova\u0165 v mene voli\u010dov. - Sejmy sa zvol\u00e1vali u\u017e nieko\u013eko desa\u0165ro\u010d\u00ed pred rokom 1468, ale hoci sa na nich \u0161\u013eachta z\u00fa\u010dast\u0148ovala vo ve\u013ekom po\u010dte, neboli reprezent\u00e1ciou voli\u010dov. Mechanizmus vo\u013eby poslancov sa objavil a\u017e nesk\u00f4r,\" vysvetlil profesor Kupisz.<\/p>\n<p dir=\"ltr\">Profesor Zbigniew Rau z Lod\u017eskej univerzity hovoril o v\u00fdzname politick\u00e9ho myslenia 17. storo\u010dia pre n\u00e1rodn\u00fa identitu Poliakov. Pod\u013ea neho sa vtedaj\u0161ia politika vyzna\u010dovala subjektivitou a suverenitou. - Bola to politika, ktor\u00fa uplat\u0148ovali ob\u010dania Po\u013esko-litovskej \u00fanie, nie zahrani\u010dn\u00e9 mocnosti, a sl\u00fa\u017eila zmyslu existencie Po\u013esko-litovskej \u00fanie. Prof. Rau zd\u00f4raznil, \u017ee v neskor\u0161\u00edch gener\u00e1ci\u00e1ch sa po\u013esk\u00e1 politika zu\u017eovala bu\u010f na snahu o nez\u00e1vislos\u0165, alebo na politiku \u00fastupkov.<\/p>\n<p dir=\"ltr\">Dr. Marek Tracz-Tryniecki z Lod\u017eskej univerzity hovoril o \u00fa\u010dasti Andrzeja Maksymiliana Fredra na prvom Sejme v roku 1652, pri\u010dom zd\u00f4raznil, \u017ee Fredro bol jedn\u00fdm z t\u00fdch, ktor\u00ed protestovali proti preru\u0161eniu zasadnut\u00ed. - Bol najv\u00e4\u010d\u0161ou osobnos\u0165ou a najv\u00e4\u010d\u0161\u00edm parlamentn\u00fdm mar\u0161alom na Sejme po\u010das vl\u00e1dy J\u00e1na Kazimierza. U\u017e ako predseda osudn\u00e9ho Sejmu v roku 1652 sa Fredro presl\u00e1vil ako bezkonkuren\u010dne najv\u00fdraznej\u0161\u00ed poslanec. Dok\u00e1zal spoji\u0165 republik\u00e1nske my\u0161lienky s ur\u010ditou nez\u00e1vislos\u0165ou vo\u010di dvoru i radik\u00e1lnej opoz\u00edcii a so snahou pozdvihn\u00fa\u0165 politick\u00e9 postavenie Sejmu na vy\u0161\u0161iu \u00farove\u0148.<\/p>\n<p dir=\"ltr\">Dr. Lucjan Fac, z\u00e1stupca N\u00e1rodn\u00e9ho m\u00fazea Przemy\u0161lsk\u00e9ho regi\u00f3nu, sa vo svojom prejave zmienil o polo\u017een\u00ed kvetov mar\u0161\u00e1lom Kuchci\u0144sk\u00fdm k pam\u00e4tnej tabuli Andrzeja Maksymiliana Fredru v kostole sv\u00e4t\u00e9ho Antona Padu\u00e1nskeho v Przemy\u015bli, ktor\u00e9 predch\u00e1dzalo rozprave. - Ke\u010f som st\u00e1l pri hrobe Andreja Fredru, c\u00edtil som sa ako historik ve\u013emi naplnen\u00fd. Mar\u0161alsk\u00e1 str\u00e1\u017e Sejmu republiky stojaca pri tomto epitafe je kr\u00e1snym obrazom, ktor\u00fd bol z\u00e1sluhou n\u00e1\u0161ho rod\u00e1ka,\" zd\u00f4raznil.<\/p>\n<p dir=\"ltr\">Parlamentn\u00fa \u010dinnos\u0165 z\u00e1stupcov Herburtovcov predstavila Justyna Ga\u0142uszko z Jagelovskej univerzity. -Na formovan\u00ed politick\u00fdch princ\u00edpov Po\u013esko-litovskej \u00fanie sa akt\u00edvne podie\u013eali obyvatelia Przemy\u0161\u013ea z rodu Herburtovcov, ktor\u00ed sa po\u010das dvoch storo\u010d\u00ed svojej existencie presl\u00e1vili svojou vzdelanos\u0165ou, rytierstvom a oddanos\u0165ou katol\u00edckej viere, - zd\u00f4raznil Ga\u0142uszko.<\/p>\n<p dir=\"ltr\">Politick\u00e9 myslenie Stanis\u0142awa Orzechowsk\u00e9ho bolo predmetom prezent\u00e1cie Dr. Jana Musia\u0142a zo \u0160t\u00e1tnej \u0161koly v\u00fdchodnej Eur\u00f3py v Przemy\u015bli. - Bol jedn\u00fdm z hlavn\u00fdch tvorcov koncepcie slobody \u0161\u013eachty a hnutia na obranu pr\u00e1v \u0161\u013eachty. O Poliakoch p\u00edsal ako o orloch, pre ktor\u00fdch je sloboda synonymom po\u013eskosti, z\u00e1kladom syst\u00e9mu a z\u00e1kladnou hodnotou,\" povedal Dr. Musia\u0142.<\/p>\n<p dir=\"ltr\">Mechanizmus fungovania predsejmov\u00fdch sejmikov v S\u0105dowej Wiszni v 17. storo\u010d\u00ed predstavil Dr. Andrzej Kr\u00f3l zo Spolo\u010dnosti priate\u013eov vedy v Przemy\u015bli. - Rokovanie wisznianskeho sejmiku, ktor\u00fd zastupoval sejmiky kraj\u00edn \u013dvov, Przemy\u015bl a Sanok, bolo podobn\u00e9 pravidl\u00e1m ostatn\u00fdch korunn\u00fdch sejmikov. Absencia p\u00edsomn\u00fdch pravidiel upravuj\u00facich jej fungovanie poukazuje na dominantn\u00fa \u00falohu praxe a zvykov,\" zd\u00f4raznil Dr. Kr\u00f3l.<\/p>\n<p dir=\"ltr\">Prof. Wies\u0142aw Bondyra z Univerzity M\u00e1rie Curie-Sklodowskej, ktor\u00fd hovoril o parlamentnom zast\u00fapen\u00ed Przemy\u015bla v saskom obdob\u00ed, zd\u00f4raznil, \u017ee hoci sa v tomto obdob\u00ed nerealizoval model zlep\u0161enia parlamentn\u00e9ho \u017eivota, objavili sa prv\u00e9 postul\u00e1ty o potrebe zavedenia v\u00e4\u010d\u0161inov\u00e9ho volebn\u00e9ho syst\u00e9mu. - Hesl\u00e1 o slobode sa neopustili, ale vidiac postupn\u00fd rozpad po\u013esk\u00e9ho \u0161t\u00e1tu, poslanci Przemy\u015bla sa vyslovili aj za v\u00e4\u010d\u0161iu centraliz\u00e1ciu \u0161t\u00e1tnej moci a reformu deliber\u00e1cie, vysvetlil.<\/p>\n<p dir=\"ltr\">Posledn\u00fdm re\u010dn\u00edkom bol profesor Adam Per\u0142akowski z Jagelovskej univerzity, ktor\u00fd vo svojom vyst\u00fapen\u00ed h\u013eadal odpove\u010f na ot\u00e1zku, \u010di bol parlamentarizmus stanislavovskej epochy novou kvalitou alebo tvoriv\u00fdm pokra\u010dovan\u00edm. Profesor pouk\u00e1zal na to, \u017ee stanislavovsk\u00e1 epocha bola obdob\u00edm konfeder\u00e1ci\u00ed a \u017ee ke\u010f sa o tejto forme snemu diskutovalo, \u017eiaden zo snemov sa nerozpadol a neskon\u010dil legislat\u00edvnym \u00faspechom. - Stanislavove \u010dasy s\u00fa vynikaj\u00facim pr\u00edkladom zrodu nov\u00e9ho zmyslu pre ob\u010dianstvo. \u0160t\u00fadie ukazuj\u00fa, \u017ee od \u0161tvorro\u010dn\u00e9ho Sejmu, ktor\u00fd zaviedol mno\u017estvo reforiem, sa v Po\u013esku vytvorilo povedomie, \u017ee bez \u00fa\u010dasti Sejmu nemo\u017eno v krajine uskuto\u010dni\u0165 k\u013e\u00fa\u010dov\u00e9 zmeny, preto\u017ee sila n\u00e1roda je v m\u00fadrych a zodpovedn\u00fdch poslancoch, ktor\u00ed sa riadia spolo\u010dn\u00fdm dobrom,\" povedal profesor Per\u0142akowski.<\/p>\n<p dir=\"ltr\">Po\u010das konferencie riadite\u013e Zemsk\u00e9ho m\u00fazea v Przemy\u015bli Jan Jarosz predstavil autorom publik\u00e1cie \"Mesto stato\u010dnosti. Przemy\u015bl w 100. rocznic\u0119 odzyskania niepodleg\u0142o\u015bci\" rekon\u0161truovan\u00fd z roku 1918. Hviezdy z Przemyslu ako po\u010fakovanie za ich pr\u00edspevok k vytvoreniu knihy. Publik\u00e1ciu vydalo vydavate\u013estvo Sejm a jej spoluautormi s\u00fa Marek Kuchci\u0144ski a podpredseda Sejmu Ryszard Terlecki.<\/p>\n<p dir=\"ltr\">Konferencii predch\u00e1dzala sv\u00e4t\u00e1 om\u0161a v artikul\u00e1rnej bazilike sv\u00e4t\u00e9ho J\u00e1na Krstite\u013ea a Nanebovzatia Panny M\u00e1rie. Na z\u00e1ver d\u0148a sa zasa v Kult\u00farnom centre v Przemy\u015bli uskuto\u010dnil koncert nez\u00e1visl\u00fdch piesn\u00ed od Sarmatie po l\u00e9gie.<\/p>\n<p dir=\"ltr\">Na podujat\u00ed sa z\u00fa\u010dastnili poslanci, predstavitelia miestnej samospr\u00e1vy, historici a m\u00fazejn\u00edci. Medzi hos\u0165ami boli Adrienne K\u00f6rmendy, gener\u00e1lna konzulka Ma\u010farska, podkarpatsk\u00e1 gubern\u00e1torka Ewa Leniart a n\u00e1mestn\u00edk mar\u0161ala Podkarpatskej Rusi Piotr Pilch.<\/p>\n<p dir=\"ltr\"><a href=\"https:\/\/marekkuchcinski.pl\/wp-content\/uploads\/2018\/11\/DSCF1925-1.jpg\"><img fetchpriority=\"high\" decoding=\"async\" class=\"alignnone size-full wp-image-11278\" src=\"https:\/\/marekkuchcinski.pl\/wp-content\/uploads\/2018\/11\/DSCF1925-1.jpg\" alt=\"DSCF1925 (1)\" width=\"4146\" height=\"2782\" srcset=\"https:\/\/marekkuchcinski.pl\/wp-content\/uploads\/2018\/11\/DSCF1925-1.jpg 2048w, https:\/\/marekkuchcinski.pl\/wp-content\/uploads\/2018\/11\/DSCF1925-1-300x201.jpg 300w, https:\/\/marekkuchcinski.pl\/wp-content\/uploads\/2018\/11\/DSCF1925-1-768x515.jpg 768w, https:\/\/marekkuchcinski.pl\/wp-content\/uploads\/2018\/11\/DSCF1925-1-1024x687.jpg 1024w\" sizes=\"(max-width: 4146px) 100vw, 4146px\" \/><\/a> <a href=\"https:\/\/marekkuchcinski.pl\/wp-content\/uploads\/2018\/11\/DSCF1924.jpg\"><img decoding=\"async\" class=\"alignnone size-full wp-image-11295\" src=\"https:\/\/marekkuchcinski.pl\/wp-content\/uploads\/2018\/11\/DSCF1924.jpg\" alt=\"DSCF1924\" width=\"4470\" height=\"2904\" srcset=\"https:\/\/marekkuchcinski.pl\/wp-content\/uploads\/2018\/11\/DSCF1924.jpg 2048w, https:\/\/marekkuchcinski.pl\/wp-content\/uploads\/2018\/11\/DSCF1924-300x195.jpg 300w, https:\/\/marekkuchcinski.pl\/wp-content\/uploads\/2018\/11\/DSCF1924-768x499.jpg 768w, https:\/\/marekkuchcinski.pl\/wp-content\/uploads\/2018\/11\/DSCF1924-1024x665.jpg 1024w\" sizes=\"(max-width: 4470px) 100vw, 4470px\" \/><\/a><a href=\"https:\/\/marekkuchcinski.pl\/wp-content\/uploads\/2018\/11\/DSCF1962-1-23.jpg\"><img decoding=\"async\" class=\"alignnone size-full wp-image-11314\" src=\"https:\/\/marekkuchcinski.pl\/wp-content\/uploads\/2018\/11\/DSCF1962-1-23.jpg\" alt=\"DSCF1962 (1) 23\" width=\"3714\" height=\"2702\" srcset=\"https:\/\/marekkuchcinski.pl\/wp-content\/uploads\/2018\/11\/DSCF1962-1-23.jpg 2048w, https:\/\/marekkuchcinski.pl\/wp-content\/uploads\/2018\/11\/DSCF1962-1-23-300x218.jpg 300w, https:\/\/marekkuchcinski.pl\/wp-content\/uploads\/2018\/11\/DSCF1962-1-23-768x559.jpg 768w, https:\/\/marekkuchcinski.pl\/wp-content\/uploads\/2018\/11\/DSCF1962-1-23-1024x745.jpg 1024w\" sizes=\"(max-width: 3714px) 100vw, 3714px\" \/><\/a> <a href=\"https:\/\/marekkuchcinski.pl\/wp-content\/uploads\/2018\/11\/DSCF1965.jpg\"><img loading=\"lazy\" decoding=\"async\" class=\"alignnone size-full wp-image-11282\" src=\"https:\/\/marekkuchcinski.pl\/wp-content\/uploads\/2018\/11\/DSCF1965.jpg\" alt=\"DSCF1965\" width=\"4896\" height=\"3264\" srcset=\"https:\/\/marekkuchcinski.pl\/wp-content\/uploads\/2018\/11\/DSCF1965.jpg 2048w, https:\/\/marekkuchcinski.pl\/wp-content\/uploads\/2018\/11\/DSCF1965-300x200.jpg 300w, https:\/\/marekkuchcinski.pl\/wp-content\/uploads\/2018\/11\/DSCF1965-768x512.jpg 768w, https:\/\/marekkuchcinski.pl\/wp-content\/uploads\/2018\/11\/DSCF1965-1024x683.jpg 1024w\" sizes=\"(max-width: 4896px) 100vw, 4896px\" \/><\/a> <a href=\"https:\/\/marekkuchcinski.pl\/wp-content\/uploads\/2018\/11\/DSCF1973.jpg\"><img loading=\"lazy\" decoding=\"async\" class=\"alignnone size-full wp-image-11283\" src=\"https:\/\/marekkuchcinski.pl\/wp-content\/uploads\/2018\/11\/DSCF1973.jpg\" alt=\"DSCF1973\" width=\"4896\" height=\"3264\" srcset=\"https:\/\/marekkuchcinski.pl\/wp-content\/uploads\/2018\/11\/DSCF1973.jpg 2048w, https:\/\/marekkuchcinski.pl\/wp-content\/uploads\/2018\/11\/DSCF1973-300x200.jpg 300w, https:\/\/marekkuchcinski.pl\/wp-content\/uploads\/2018\/11\/DSCF1973-768x512.jpg 768w, https:\/\/marekkuchcinski.pl\/wp-content\/uploads\/2018\/11\/DSCF1973-1024x683.jpg 1024w\" sizes=\"(max-width: 4896px) 100vw, 4896px\" \/><\/a> <a href=\"https:\/\/marekkuchcinski.pl\/wp-content\/uploads\/2018\/11\/DSCF1996-1.jpg\"><img loading=\"lazy\" decoding=\"async\" class=\"alignnone size-full wp-image-11284\" src=\"https:\/\/marekkuchcinski.pl\/wp-content\/uploads\/2018\/11\/DSCF1996-1.jpg\" alt=\"DSCF1996 (1)\" width=\"4239\" height=\"2648\" srcset=\"https:\/\/marekkuchcinski.pl\/wp-content\/uploads\/2018\/11\/DSCF1996-1.jpg 2048w, https:\/\/marekkuchcinski.pl\/wp-content\/uploads\/2018\/11\/DSCF1996-1-300x187.jpg 300w, https:\/\/marekkuchcinski.pl\/wp-content\/uploads\/2018\/11\/DSCF1996-1-768x480.jpg 768w, https:\/\/marekkuchcinski.pl\/wp-content\/uploads\/2018\/11\/DSCF1996-1-1024x640.jpg 1024w\" sizes=\"(max-width: 4239px) 100vw, 4239px\" \/><\/a><a href=\"https:\/\/marekkuchcinski.pl\/wp-content\/uploads\/2018\/11\/PSX_20181126_154800.jpg\"><img loading=\"lazy\" decoding=\"async\" class=\"alignnone size-full wp-image-11305\" src=\"https:\/\/marekkuchcinski.pl\/wp-content\/uploads\/2018\/11\/PSX_20181126_154800.jpg\" alt=\"PSX_20181126_154800\" width=\"3092\" height=\"2637\" srcset=\"https:\/\/marekkuchcinski.pl\/wp-content\/uploads\/2018\/11\/PSX_20181126_154800.jpg 2048w, https:\/\/marekkuchcinski.pl\/wp-content\/uploads\/2018\/11\/PSX_20181126_154800-300x256.jpg 300w, https:\/\/marekkuchcinski.pl\/wp-content\/uploads\/2018\/11\/PSX_20181126_154800-768x655.jpg 768w, https:\/\/marekkuchcinski.pl\/wp-content\/uploads\/2018\/11\/PSX_20181126_154800-1024x873.jpg 1024w\" sizes=\"(max-width: 3092px) 100vw, 3092px\" \/><\/a><\/p>\n<p dir=\"ltr\"><em>Foto: M. Olejnik<\/em><\/p>","protected":false},"excerpt":{"rendered":"<p>W tym roku obchodzimy 550-lecie Parlamentaryzmu Rzeczypospolitej. W 1468 roku powsta\u0142 Sejm Kr\u00f3lestwa Polskiego w postaci dwuizbowej: senat i izba poselska. Kr\u00f3l Kazimierz Jagiello\u0144czyk, wybitny przedstawiciel Jagiellon\u00f3w \u2013 wielkiej \u015brodkowoeuropejskiej dynastii, zaprosi\u0142 pos\u0142\u00f3w wybranych na sejmikach ziemskich, \u017ceby naradza\u0107 si\u0119 nad sprawami \u00f3wczesnego pa\u0144stwa \u2013 naszej Rzeczypospolitej &#8211; przypomnia\u0142 marsza\u0142ek Sejmu Marek Kuchci\u0144ski podczas obchod\u00f3w [&hellip;]<\/p>","protected":false},"author":6,"featured_media":11315,"comment_status":"open","ping_status":"open","sticky":false,"template":"","format":"standard","meta":{"ngg_post_thumbnail":0,"footnotes":""},"categories":[49,77,81,3],"tags":[],"class_list":["post-11237","post","type-post","status-publish","format-standard","has-post-thumbnail","hentry","category-podkarpacie","category-wazne-daty","category-wiesci-z-sejmu","category-wydarzenia"],"yoast_head":"<!-- This site is optimized with the Yoast SEO plugin v24.7 - https:\/\/yoast.com\/wordpress\/plugins\/seo\/ -->\n<title>Przemy\u015bl: O polskiej tradycji parlamentarnej w 550. rocznic\u0119 powstania polskiego parlamentaryzmu &#8211; Marek Kuchci\u0144ski<\/title>\n<meta name=\"robots\" content=\"index, follow, max-snippet:-1, max-image-preview:large, max-video-preview:-1\" \/>\n<link rel=\"canonical\" href=\"https:\/\/marekkuchcinski.pl\/sk\/wydarzenia\/przemysl-o-polskiej-tradycji-parlamentarnej-550-rocznice-powstania-polskiego-parlamentaryzmu\/\" \/>\n<meta property=\"og:locale\" content=\"sk_SK\" \/>\n<meta property=\"og:type\" content=\"article\" \/>\n<meta property=\"og:title\" content=\"Przemy\u015bl: O polskiej tradycji parlamentarnej w 550. rocznic\u0119 powstania polskiego parlamentaryzmu &#8211; Marek Kuchci\u0144ski\" \/>\n<meta property=\"og:description\" content=\"W tym roku obchodzimy 550-lecie Parlamentaryzmu Rzeczypospolitej. W 1468 roku powsta\u0142 Sejm Kr\u00f3lestwa Polskiego w postaci dwuizbowej: senat i izba poselska. Kr\u00f3l Kazimierz Jagiello\u0144czyk, wybitny przedstawiciel Jagiellon\u00f3w \u2013 wielkiej \u015brodkowoeuropejskiej dynastii, zaprosi\u0142 pos\u0142\u00f3w wybranych na sejmikach ziemskich, \u017ceby naradza\u0107 si\u0119 nad sprawami \u00f3wczesnego pa\u0144stwa \u2013 naszej Rzeczypospolitej &#8211; przypomnia\u0142 marsza\u0142ek Sejmu Marek Kuchci\u0144ski podczas obchod\u00f3w [&hellip;]\" \/>\n<meta property=\"og:url\" content=\"https:\/\/marekkuchcinski.pl\/sk\/wydarzenia\/przemysl-o-polskiej-tradycji-parlamentarnej-550-rocznice-powstania-polskiego-parlamentaryzmu\/\" \/>\n<meta property=\"og:site_name\" content=\"Marek Kuchci\u0144ski\" \/>\n<meta property=\"article:published_time\" content=\"2018-11-26T14:38:16+00:00\" \/>\n<meta property=\"article:modified_time\" content=\"2018-11-26T15:04:56+00:00\" \/>\n<meta property=\"og:image\" content=\"https:\/\/marekkuchcinski.pl\/wp-content\/uploads\/2018\/11\/DSCF1973-2.jpg\" \/>\n\t<meta property=\"og:image:width\" content=\"2048\" \/>\n\t<meta property=\"og:image:height\" content=\"1318\" \/>\n\t<meta property=\"og:image:type\" content=\"image\/jpeg\" \/>\n<meta name=\"author\" content=\"admin\" \/>\n<meta name=\"twitter:card\" content=\"summary_large_image\" \/>\n<meta name=\"twitter:label1\" content=\"Autor\" \/>\n\t<meta name=\"twitter:data1\" content=\"admin\" \/>\n\t<meta name=\"twitter:label2\" content=\"Predpokladan\u00fd \u010das \u010d\u00edtania\" \/>\n\t<meta name=\"twitter:data2\" content=\"7 min\u00fat\" \/>\n<script type=\"application\/ld+json\" class=\"yoast-schema-graph\">{\"@context\":\"https:\/\/schema.org\",\"@graph\":[{\"@type\":\"Article\",\"@id\":\"https:\/\/marekkuchcinski.pl\/uk\/wydarzenia\/przemysl-o-polskiej-tradycji-parlamentarnej-550-rocznice-powstania-polskiego-parlamentaryzmu\/#article\",\"isPartOf\":{\"@id\":\"https:\/\/marekkuchcinski.pl\/uk\/wydarzenia\/przemysl-o-polskiej-tradycji-parlamentarnej-550-rocznice-powstania-polskiego-parlamentaryzmu\/\"},\"author\":{\"name\":\"admin\",\"@id\":\"https:\/\/marekkuchcinski.pl\/#\/schema\/person\/6f62700996b4d950b6ea2d1183b6c6be\"},\"headline\":\"Przemy\u015bl: O polskiej tradycji parlamentarnej w 550. rocznic\u0119 powstania polskiego parlamentaryzmu\",\"datePublished\":\"2018-11-26T14:38:16+00:00\",\"dateModified\":\"2018-11-26T15:04:56+00:00\",\"mainEntityOfPage\":{\"@id\":\"https:\/\/marekkuchcinski.pl\/uk\/wydarzenia\/przemysl-o-polskiej-tradycji-parlamentarnej-550-rocznice-powstania-polskiego-parlamentaryzmu\/\"},\"wordCount\":1387,\"commentCount\":0,\"publisher\":{\"@id\":\"https:\/\/marekkuchcinski.pl\/#organization\"},\"image\":{\"@id\":\"https:\/\/marekkuchcinski.pl\/uk\/wydarzenia\/przemysl-o-polskiej-tradycji-parlamentarnej-550-rocznice-powstania-polskiego-parlamentaryzmu\/#primaryimage\"},\"thumbnailUrl\":\"https:\/\/marekkuchcinski.pl\/wp-content\/uploads\/2018\/11\/DSCF1973-2.jpg\",\"articleSection\":[\"Podkarpacie\",\"Wa\u017cne daty\",\"Wie\u015bci z Sejmu\",\"Wydarzenia\"],\"inLanguage\":\"sk-SK\",\"potentialAction\":[{\"@type\":\"CommentAction\",\"name\":\"Comment\",\"target\":[\"https:\/\/marekkuchcinski.pl\/uk\/wydarzenia\/przemysl-o-polskiej-tradycji-parlamentarnej-550-rocznice-powstania-polskiego-parlamentaryzmu\/#respond\"]}]},{\"@type\":\"WebPage\",\"@id\":\"https:\/\/marekkuchcinski.pl\/uk\/wydarzenia\/przemysl-o-polskiej-tradycji-parlamentarnej-550-rocznice-powstania-polskiego-parlamentaryzmu\/\",\"url\":\"https:\/\/marekkuchcinski.pl\/uk\/wydarzenia\/przemysl-o-polskiej-tradycji-parlamentarnej-550-rocznice-powstania-polskiego-parlamentaryzmu\/\",\"name\":\"Przemy\u015bl: O polskiej tradycji parlamentarnej w 550. rocznic\u0119 powstania polskiego parlamentaryzmu &#8211; Marek Kuchci\u0144ski\",\"isPartOf\":{\"@id\":\"https:\/\/marekkuchcinski.pl\/#website\"},\"primaryImageOfPage\":{\"@id\":\"https:\/\/marekkuchcinski.pl\/uk\/wydarzenia\/przemysl-o-polskiej-tradycji-parlamentarnej-550-rocznice-powstania-polskiego-parlamentaryzmu\/#primaryimage\"},\"image\":{\"@id\":\"https:\/\/marekkuchcinski.pl\/uk\/wydarzenia\/przemysl-o-polskiej-tradycji-parlamentarnej-550-rocznice-powstania-polskiego-parlamentaryzmu\/#primaryimage\"},\"thumbnailUrl\":\"https:\/\/marekkuchcinski.pl\/wp-content\/uploads\/2018\/11\/DSCF1973-2.jpg\",\"datePublished\":\"2018-11-26T14:38:16+00:00\",\"dateModified\":\"2018-11-26T15:04:56+00:00\",\"breadcrumb\":{\"@id\":\"https:\/\/marekkuchcinski.pl\/uk\/wydarzenia\/przemysl-o-polskiej-tradycji-parlamentarnej-550-rocznice-powstania-polskiego-parlamentaryzmu\/#breadcrumb\"},\"inLanguage\":\"sk-SK\",\"potentialAction\":[{\"@type\":\"ReadAction\",\"target\":[\"https:\/\/marekkuchcinski.pl\/uk\/wydarzenia\/przemysl-o-polskiej-tradycji-parlamentarnej-550-rocznice-powstania-polskiego-parlamentaryzmu\/\"]}]},{\"@type\":\"ImageObject\",\"inLanguage\":\"sk-SK\",\"@id\":\"https:\/\/marekkuchcinski.pl\/uk\/wydarzenia\/przemysl-o-polskiej-tradycji-parlamentarnej-550-rocznice-powstania-polskiego-parlamentaryzmu\/#primaryimage\",\"url\":\"https:\/\/marekkuchcinski.pl\/wp-content\/uploads\/2018\/11\/DSCF1973-2.jpg\",\"contentUrl\":\"https:\/\/marekkuchcinski.pl\/wp-content\/uploads\/2018\/11\/DSCF1973-2.jpg\",\"width\":2048,\"height\":1318},{\"@type\":\"BreadcrumbList\",\"@id\":\"https:\/\/marekkuchcinski.pl\/uk\/wydarzenia\/przemysl-o-polskiej-tradycji-parlamentarnej-550-rocznice-powstania-polskiego-parlamentaryzmu\/#breadcrumb\",\"itemListElement\":[{\"@type\":\"ListItem\",\"position\":1,\"name\":\"Strona g\u0142\u00f3wna\",\"item\":\"https:\/\/marekkuchcinski.pl\/\"},{\"@type\":\"ListItem\",\"position\":2,\"name\":\"Przemy\u015bl: O polskiej tradycji parlamentarnej w 550. rocznic\u0119 powstania polskiego parlamentaryzmu\"}]},{\"@type\":\"WebSite\",\"@id\":\"https:\/\/marekkuchcinski.pl\/#website\",\"url\":\"https:\/\/marekkuchcinski.pl\/\",\"name\":\"Marek Kuchci\u0144ski\",\"description\":\"Pose\u0142 na sejm RP &ndash; okr\u0119g nr 22\",\"publisher\":{\"@id\":\"https:\/\/marekkuchcinski.pl\/#organization\"},\"potentialAction\":[{\"@type\":\"SearchAction\",\"target\":{\"@type\":\"EntryPoint\",\"urlTemplate\":\"https:\/\/marekkuchcinski.pl\/?s={search_term_string}\"},\"query-input\":{\"@type\":\"PropertyValueSpecification\",\"valueRequired\":true,\"valueName\":\"search_term_string\"}}],\"inLanguage\":\"sk-SK\"},{\"@type\":\"Organization\",\"@id\":\"https:\/\/marekkuchcinski.pl\/#organization\",\"name\":\"Marek Kuchci\u0144ski\",\"url\":\"https:\/\/marekkuchcinski.pl\/\",\"logo\":{\"@type\":\"ImageObject\",\"inLanguage\":\"sk-SK\",\"@id\":\"https:\/\/marekkuchcinski.pl\/#\/schema\/logo\/image\/\",\"url\":\"https:\/\/marekkuchcinski.pl\/wp-content\/uploads\/2022\/09\/Marek.jpg\",\"contentUrl\":\"https:\/\/marekkuchcinski.pl\/wp-content\/uploads\/2022\/09\/Marek.jpg\",\"width\":1600,\"height\":971,\"caption\":\"Marek Kuchci\u0144ski\"},\"image\":{\"@id\":\"https:\/\/marekkuchcinski.pl\/#\/schema\/logo\/image\/\"}},{\"@type\":\"Person\",\"@id\":\"https:\/\/marekkuchcinski.pl\/#\/schema\/person\/6f62700996b4d950b6ea2d1183b6c6be\",\"name\":\"admin\",\"image\":{\"@type\":\"ImageObject\",\"inLanguage\":\"sk-SK\",\"@id\":\"https:\/\/marekkuchcinski.pl\/#\/schema\/person\/image\/\",\"url\":\"https:\/\/secure.gravatar.com\/avatar\/4bab693b9d55c3d6b52c0296a8765085?s=96&d=mm&r=g\",\"contentUrl\":\"https:\/\/secure.gravatar.com\/avatar\/4bab693b9d55c3d6b52c0296a8765085?s=96&d=mm&r=g\",\"caption\":\"admin\"},\"url\":\"https:\/\/marekkuchcinski.pl\/sk\/author\/marta-olejnik\/\"}]}<\/script>\n<!-- \/ Yoast SEO plugin. -->","yoast_head_json":{"title":"Przemy\u015bl: O polskiej tradycji parlamentarnej w 550. rocznic\u0119 powstania polskiego parlamentaryzmu &#8211; Marek Kuchci\u0144ski","robots":{"index":"index","follow":"follow","max-snippet":"max-snippet:-1","max-image-preview":"max-image-preview:large","max-video-preview":"max-video-preview:-1"},"canonical":"https:\/\/marekkuchcinski.pl\/sk\/wydarzenia\/przemysl-o-polskiej-tradycji-parlamentarnej-550-rocznice-powstania-polskiego-parlamentaryzmu\/","og_locale":"sk_SK","og_type":"article","og_title":"Przemy\u015bl: O polskiej tradycji parlamentarnej w 550. rocznic\u0119 powstania polskiego parlamentaryzmu &#8211; Marek Kuchci\u0144ski","og_description":"W tym roku obchodzimy 550-lecie Parlamentaryzmu Rzeczypospolitej. W 1468 roku powsta\u0142 Sejm Kr\u00f3lestwa Polskiego w postaci dwuizbowej: senat i izba poselska. Kr\u00f3l Kazimierz Jagiello\u0144czyk, wybitny przedstawiciel Jagiellon\u00f3w \u2013 wielkiej \u015brodkowoeuropejskiej dynastii, zaprosi\u0142 pos\u0142\u00f3w wybranych na sejmikach ziemskich, \u017ceby naradza\u0107 si\u0119 nad sprawami \u00f3wczesnego pa\u0144stwa \u2013 naszej Rzeczypospolitej &#8211; przypomnia\u0142 marsza\u0142ek Sejmu Marek Kuchci\u0144ski podczas obchod\u00f3w [&hellip;]","og_url":"https:\/\/marekkuchcinski.pl\/sk\/wydarzenia\/przemysl-o-polskiej-tradycji-parlamentarnej-550-rocznice-powstania-polskiego-parlamentaryzmu\/","og_site_name":"Marek Kuchci\u0144ski","article_published_time":"2018-11-26T14:38:16+00:00","article_modified_time":"2018-11-26T15:04:56+00:00","og_image":[{"width":2048,"height":1318,"url":"https:\/\/marekkuchcinski.pl\/wp-content\/uploads\/2018\/11\/DSCF1973-2.jpg","type":"image\/jpeg"}],"author":"admin","twitter_card":"summary_large_image","twitter_misc":{"Autor":"admin","Predpokladan\u00fd \u010das \u010d\u00edtania":"7 min\u00fat"},"schema":{"@context":"https:\/\/schema.org","@graph":[{"@type":"Article","@id":"https:\/\/marekkuchcinski.pl\/uk\/wydarzenia\/przemysl-o-polskiej-tradycji-parlamentarnej-550-rocznice-powstania-polskiego-parlamentaryzmu\/#article","isPartOf":{"@id":"https:\/\/marekkuchcinski.pl\/uk\/wydarzenia\/przemysl-o-polskiej-tradycji-parlamentarnej-550-rocznice-powstania-polskiego-parlamentaryzmu\/"},"author":{"name":"admin","@id":"https:\/\/marekkuchcinski.pl\/#\/schema\/person\/6f62700996b4d950b6ea2d1183b6c6be"},"headline":"Przemy\u015bl: O polskiej tradycji parlamentarnej w 550. rocznic\u0119 powstania polskiego parlamentaryzmu","datePublished":"2018-11-26T14:38:16+00:00","dateModified":"2018-11-26T15:04:56+00:00","mainEntityOfPage":{"@id":"https:\/\/marekkuchcinski.pl\/uk\/wydarzenia\/przemysl-o-polskiej-tradycji-parlamentarnej-550-rocznice-powstania-polskiego-parlamentaryzmu\/"},"wordCount":1387,"commentCount":0,"publisher":{"@id":"https:\/\/marekkuchcinski.pl\/#organization"},"image":{"@id":"https:\/\/marekkuchcinski.pl\/uk\/wydarzenia\/przemysl-o-polskiej-tradycji-parlamentarnej-550-rocznice-powstania-polskiego-parlamentaryzmu\/#primaryimage"},"thumbnailUrl":"https:\/\/marekkuchcinski.pl\/wp-content\/uploads\/2018\/11\/DSCF1973-2.jpg","articleSection":["Podkarpacie","Wa\u017cne daty","Wie\u015bci z Sejmu","Wydarzenia"],"inLanguage":"sk-SK","potentialAction":[{"@type":"CommentAction","name":"Comment","target":["https:\/\/marekkuchcinski.pl\/uk\/wydarzenia\/przemysl-o-polskiej-tradycji-parlamentarnej-550-rocznice-powstania-polskiego-parlamentaryzmu\/#respond"]}]},{"@type":"WebPage","@id":"https:\/\/marekkuchcinski.pl\/uk\/wydarzenia\/przemysl-o-polskiej-tradycji-parlamentarnej-550-rocznice-powstania-polskiego-parlamentaryzmu\/","url":"https:\/\/marekkuchcinski.pl\/uk\/wydarzenia\/przemysl-o-polskiej-tradycji-parlamentarnej-550-rocznice-powstania-polskiego-parlamentaryzmu\/","name":"Przemy\u015bl: O polskiej tradycji parlamentarnej w 550. rocznic\u0119 powstania polskiego parlamentaryzmu &#8211; Marek Kuchci\u0144ski","isPartOf":{"@id":"https:\/\/marekkuchcinski.pl\/#website"},"primaryImageOfPage":{"@id":"https:\/\/marekkuchcinski.pl\/uk\/wydarzenia\/przemysl-o-polskiej-tradycji-parlamentarnej-550-rocznice-powstania-polskiego-parlamentaryzmu\/#primaryimage"},"image":{"@id":"https:\/\/marekkuchcinski.pl\/uk\/wydarzenia\/przemysl-o-polskiej-tradycji-parlamentarnej-550-rocznice-powstania-polskiego-parlamentaryzmu\/#primaryimage"},"thumbnailUrl":"https:\/\/marekkuchcinski.pl\/wp-content\/uploads\/2018\/11\/DSCF1973-2.jpg","datePublished":"2018-11-26T14:38:16+00:00","dateModified":"2018-11-26T15:04:56+00:00","breadcrumb":{"@id":"https:\/\/marekkuchcinski.pl\/uk\/wydarzenia\/przemysl-o-polskiej-tradycji-parlamentarnej-550-rocznice-powstania-polskiego-parlamentaryzmu\/#breadcrumb"},"inLanguage":"sk-SK","potentialAction":[{"@type":"ReadAction","target":["https:\/\/marekkuchcinski.pl\/uk\/wydarzenia\/przemysl-o-polskiej-tradycji-parlamentarnej-550-rocznice-powstania-polskiego-parlamentaryzmu\/"]}]},{"@type":"ImageObject","inLanguage":"sk-SK","@id":"https:\/\/marekkuchcinski.pl\/uk\/wydarzenia\/przemysl-o-polskiej-tradycji-parlamentarnej-550-rocznice-powstania-polskiego-parlamentaryzmu\/#primaryimage","url":"https:\/\/marekkuchcinski.pl\/wp-content\/uploads\/2018\/11\/DSCF1973-2.jpg","contentUrl":"https:\/\/marekkuchcinski.pl\/wp-content\/uploads\/2018\/11\/DSCF1973-2.jpg","width":2048,"height":1318},{"@type":"BreadcrumbList","@id":"https:\/\/marekkuchcinski.pl\/uk\/wydarzenia\/przemysl-o-polskiej-tradycji-parlamentarnej-550-rocznice-powstania-polskiego-parlamentaryzmu\/#breadcrumb","itemListElement":[{"@type":"ListItem","position":1,"name":"Strona g\u0142\u00f3wna","item":"https:\/\/marekkuchcinski.pl\/"},{"@type":"ListItem","position":2,"name":"Przemy\u015bl: O polskiej tradycji parlamentarnej w 550. rocznic\u0119 powstania polskiego parlamentaryzmu"}]},{"@type":"WebSite","@id":"https:\/\/marekkuchcinski.pl\/#website","url":"https:\/\/marekkuchcinski.pl\/","name":"Marek Kuchci\u0144ski","description":"Pose\u0142 na sejm RP &ndash; okr\u0119g nr 22","publisher":{"@id":"https:\/\/marekkuchcinski.pl\/#organization"},"potentialAction":[{"@type":"SearchAction","target":{"@type":"EntryPoint","urlTemplate":"https:\/\/marekkuchcinski.pl\/?s={search_term_string}"},"query-input":{"@type":"PropertyValueSpecification","valueRequired":true,"valueName":"search_term_string"}}],"inLanguage":"sk-SK"},{"@type":"Organization","@id":"https:\/\/marekkuchcinski.pl\/#organization","name":"Marek Kuchci\u0144ski","url":"https:\/\/marekkuchcinski.pl\/","logo":{"@type":"ImageObject","inLanguage":"sk-SK","@id":"https:\/\/marekkuchcinski.pl\/#\/schema\/logo\/image\/","url":"https:\/\/marekkuchcinski.pl\/wp-content\/uploads\/2022\/09\/Marek.jpg","contentUrl":"https:\/\/marekkuchcinski.pl\/wp-content\/uploads\/2022\/09\/Marek.jpg","width":1600,"height":971,"caption":"Marek Kuchci\u0144ski"},"image":{"@id":"https:\/\/marekkuchcinski.pl\/#\/schema\/logo\/image\/"}},{"@type":"Person","@id":"https:\/\/marekkuchcinski.pl\/#\/schema\/person\/6f62700996b4d950b6ea2d1183b6c6be","name":"admin","image":{"@type":"ImageObject","inLanguage":"sk-SK","@id":"https:\/\/marekkuchcinski.pl\/#\/schema\/person\/image\/","url":"https:\/\/secure.gravatar.com\/avatar\/4bab693b9d55c3d6b52c0296a8765085?s=96&d=mm&r=g","contentUrl":"https:\/\/secure.gravatar.com\/avatar\/4bab693b9d55c3d6b52c0296a8765085?s=96&d=mm&r=g","caption":"admin"},"url":"https:\/\/marekkuchcinski.pl\/sk\/author\/marta-olejnik\/"}]}},"_links":{"self":[{"href":"https:\/\/marekkuchcinski.pl\/sk\/wp-json\/wp\/v2\/posts\/11237","targetHints":{"allow":["GET"]}}],"collection":[{"href":"https:\/\/marekkuchcinski.pl\/sk\/wp-json\/wp\/v2\/posts"}],"about":[{"href":"https:\/\/marekkuchcinski.pl\/sk\/wp-json\/wp\/v2\/types\/post"}],"author":[{"embeddable":true,"href":"https:\/\/marekkuchcinski.pl\/sk\/wp-json\/wp\/v2\/users\/6"}],"replies":[{"embeddable":true,"href":"https:\/\/marekkuchcinski.pl\/sk\/wp-json\/wp\/v2\/comments?post=11237"}],"version-history":[{"count":17,"href":"https:\/\/marekkuchcinski.pl\/sk\/wp-json\/wp\/v2\/posts\/11237\/revisions"}],"predecessor-version":[{"id":11316,"href":"https:\/\/marekkuchcinski.pl\/sk\/wp-json\/wp\/v2\/posts\/11237\/revisions\/11316"}],"wp:featuredmedia":[{"embeddable":true,"href":"https:\/\/marekkuchcinski.pl\/sk\/wp-json\/wp\/v2\/media\/11315"}],"wp:attachment":[{"href":"https:\/\/marekkuchcinski.pl\/sk\/wp-json\/wp\/v2\/media?parent=11237"}],"wp:term":[{"taxonomy":"category","embeddable":true,"href":"https:\/\/marekkuchcinski.pl\/sk\/wp-json\/wp\/v2\/categories?post=11237"},{"taxonomy":"post_tag","embeddable":true,"href":"https:\/\/marekkuchcinski.pl\/sk\/wp-json\/wp\/v2\/tags?post=11237"}],"curies":[{"name":"wp","href":"https:\/\/api.w.org\/{rel}","templated":true}]}}