{"id":11217,"date":"2018-11-25T11:22:52","date_gmt":"2018-11-25T10:22:52","guid":{"rendered":"https:\/\/marekkuchcinski.pl\/?p=11217"},"modified":"2018-11-26T11:33:47","modified_gmt":"2018-11-26T10:33:47","slug":"kolejarze-pelnili-swoja-sluzbe-najwyzszym-oddaniem-dajac-wielokrotne-dowody-patriotyzmu-profesjonalizmu-odpowiedzialnosci-list-marszalka-sejmu","status":"publish","type":"post","link":"https:\/\/marekkuchcinski.pl\/sk\/wydarzenia\/kolejarze-pelnili-swoja-sluzbe-najwyzszym-oddaniem-dajac-wielokrotne-dowody-patriotyzmu-profesjonalizmu-odpowiedzialnosci-list-marszalka-sejmu\/","title":{"rendered":"\u017delezni\u010diari vykon\u00e1vali svoju slu\u017ebu s maxim\u00e1lnou oddanos\u0165ou, opakovane dokazovali vlastenectvo, profesionalitu a zodpovednos\u0165 - List predsedu Sejmu"},"content":{"rendered":"<p class=\"p2\" style=\"text-align: left;\"><span class=\"s9\">Povolanie spoluzodpovedn\u00e9ho<\/span>leyer obklopen\u00fd <span class=\"s10\">je v <\/span>na\u0161e k<span class=\"s4\">raj <\/span>ve\u013ek\u00fd re\u0161pekt. <span class=\"s2\">Na str\u00e1nke <\/span><span class=\"s9\">dobr\u00e9 <\/span><span class=\"s4\">n\u00e1zov\u00a0<\/span><span class=\"s4\">cel\u00e9ho sveta<\/span><span class=\"s9\">kruhy <\/span><span class=\"s2\">pracoval <\/span><span class=\"s9\">gener\u00e1cie <\/span><span class=\"s11\">\u013eudia <\/span>zapojen\u00e9 <span class=\"s1\">nie <\/span><span class=\"s11\">iba\u00a0<\/span><span class=\"s2\">w <\/span>vykon\u00e1vanie ka\u017edodenn\u00fdch <span class=\"s9\">povinnosti, ale <\/span><span class=\"s8\">tie\u017e <\/span><span class=\"s11\">w <\/span><span class=\"s9\">aktivity <\/span>nez\u00e1vislos\u0165. <span class=\"s2\">Dr\u017eali <\/span><span class=\"s9\">jeho\u00a0<\/span>slu\u017eba\u00a0<span class=\"s7\">z <\/span><span class=\"s1\">najvy\u0161\u0161ia <\/span>venovanie, <span class=\"s3\">poskytovanie <\/span><span class=\"s1\">viacn\u00e1sobn\u00e9 <\/span>d\u00f4kaz vlastenectva, <span class=\"s4\">profesionalita\u00a0<\/span><span class=\"s1\">i <\/span>zodpovednos\u0165.<\/p>\n<p class=\"p2\">\u017deleznice <span class=\"s9\">jednotn\u00fd <\/span><span class=\"s3\">je . <\/span>tak\u017ee <span class=\"s4\">symbol <\/span><span class=\"s9\">kr\u00e1sne <\/span>trad\u00edcie, mnoho <span class=\"s9\">\u00faspechy, <\/span><span class=\"s4\">ktor\u00fd\u00a0<\/span><span class=\"s9\">s\u00fa\u00a0<\/span>d\u00f4le\u017eit\u00e9\u00a0<span class=\"s9\">karta\u00a0<\/span><span class=\"s2\">w <\/span>hist\u00f3ria obnovy <span class=\"s1\">slobody <\/span>na\u0161e <span class=\"s6\">Domovina. <\/span><span class=\"s1\">Patr\u00ed k <\/span>ich akt\u00edvna \u00fa\u010das\u0165 <span class=\"s10\">w <\/span><span class=\"s9\">bojuje <\/span>nez\u00e1vislos\u0165, <span class=\"s3\">ako napr. <\/span><span class=\"s9\">aj \u00fa\u010das\u0165\u00a0<\/span><span class=\"s10\">w <\/span>f\u00fazia <span class=\"s6\">krajiny\u00a0<\/span>roztrhan\u00e9 prie\u010dkami. <span class=\"s1\">Ethos <\/span>pod\u00e1vanie <span class=\"s1\">Domovina <\/span>zv\u00fdraznen\u00e9\u00a0<span class=\"s10\">z\u00edskajte\u00a0<\/span><span class=\"s4\">tie\u017e <\/span>cez <span class=\"s1\">\u010dinnos\u0165\u00a0<\/span><span class=\"s9\">sprisahanie, <\/span><span class=\"s11\">a <\/span>potom <span class=\"s11\">w <\/span>povojnov\u00e9 roky. Ako dedi\u010dia <span class=\"s1\">tieto <\/span><span class=\"s6\">chv\u00e1lyhodn\u00e9\u00a0<\/span><span class=\"s9\">trad\u00edcie, <\/span>pokra\u010dova\u0165\u00a0<span class=\"s2\">ich <\/span><span class=\"s1\">dnes\u00a0<\/span>\u0160t\u00e1t prostredn\u00edctvom slu\u017eby\u00a0<span class=\"s8\">spolo\u010dnos\u0165.\u00a0<\/span><span class=\"s3\">Z <\/span>svtysfakcjq <span class=\"s9\">prijat\u00e9 <\/span><span class=\"s1\">tak\u017ee spr\u00e1va, <\/span>2e <span class=\"s1\">v cene <\/span><span class=\"s9\">sig <\/span>\u0160t\u00e1t pri oslav\u00e1ch storo\u010dnice <span class=\"s4\">zotavenia <\/span><span class=\"s1\">nez\u00e1vislos\u0165. <\/span><span class=\"s6\">V\u0161etk\u00fdm <\/span>podkarpackie <span class=\"s4\">\u017eelezni\u010diari\u00a0<\/span><span class=\"s2\">R\u00e1d by som si \u017eelal<\/span><span class=\"s1\">\u00a0<\/span><span class=\"s10\">mnoh\u00e9 <\/span><span class=\"s4\">\u00faspech <\/span><span class=\"s12\">w <\/span>\u010falej <span class=\"s2\">pr\u00e1ca. \u017b<\/span>To by som si prial, <span class=\"s11\">pod\u013ea <\/span><span class=\"s4\">dne\u0161n\u00e9 <\/span>udalosti <span class=\"s4\">b\u00fdval\u00fd\u00a0<\/span><span class=\"s1\">pre <\/span>Va\u0161a pr\u00edle\u017eitos\u0165\u00a0<span class=\"s9\">na zamyslenie <\/span>nad <span class=\"s6\">cenn\u00e9 <\/span>\u00faspechy a <span class=\"s6\">motiv\u00e1cia\u00a0<\/span><span class=\"s9\">na <\/span>vytvorenie <span class=\"s8\">nov\u00e9,\u00a0<\/span>ambici\u00f3zny <span class=\"s4\">pl\u00e1ny.<\/span><\/p>\n<p class=\"p5\"><span class=\"s13\">St\u00e1le <\/span><span class=\"s6\">raz <\/span>\u00faprimne <span class=\"s4\">Pozdravy <\/span><span class=\"s9\">a ja sa prip\u00e1jam<\/span>\u00a0<span class=\"s6\">v\u00fdrazy <\/span>re\u0161pektova\u0165.<\/p>\n<p class=\"p5\"><em>Marek Kuchci\u0144ski<\/em><\/p>\n<p class=\"p5\" style=\"padding-left: 30px;\"><a href=\"https:\/\/marekkuchcinski.pl\/wp-content\/uploads\/2018\/11\/DSCF1814-1-1.jpg\"><img fetchpriority=\"high\" decoding=\"async\" class=\"alignnone size-full wp-image-11249\" src=\"https:\/\/marekkuchcinski.pl\/wp-content\/uploads\/2018\/11\/DSCF1814-1-1.jpg\" alt=\"DSCF1814-1\" width=\"3441\" height=\"1951\" srcset=\"https:\/\/marekkuchcinski.pl\/wp-content\/uploads\/2018\/11\/DSCF1814-1-1.jpg 2048w, https:\/\/marekkuchcinski.pl\/wp-content\/uploads\/2018\/11\/DSCF1814-1-1-300x170.jpg 300w, https:\/\/marekkuchcinski.pl\/wp-content\/uploads\/2018\/11\/DSCF1814-1-1-768x435.jpg 768w, https:\/\/marekkuchcinski.pl\/wp-content\/uploads\/2018\/11\/DSCF1814-1-1-1024x581.jpg 1024w\" sizes=\"(max-width: 3441px) 100vw, 3441px\" \/><\/a><!--more--><\/p>\n<p class=\"p5\">Most v Przemy\u015bli, ktor\u00fd navrhol Gustave Eiffel, kon\u0161trukt\u00e9r Par\u00ed\u017eskej ve\u017ee<\/p>\n<p class=\"p5\"><em>Foto: M. Olejnik<\/em><\/p>","protected":false},"excerpt":{"rendered":"<p>Zaw\u00f3d kolejarza otoczony jest w naszym kraju du\u017cym szacunkiem. Na dobre imi\u0119\u00a0ca\u0142ego \u015brodowiska pracowa\u0142y pokolenia ludzi zaanga\u017cowanych nie tylko\u00a0w wykonywanie codziennych obowi\u0105zk\u00f3w, lecz tak\u017ce w dzia\u0142ania niepodleglo\u015bciowe. Pe\u0142nili swoj\u0105\u00a0s\u0142u\u017cb\u0119\u00a0z najwy\u017cszym oddaniem, daj\u0105c wielokrotne dowody patriotyzmu, profesjonalizmu\u00a0i odpowiedzialno\u015bci. Kolejarski mundur jest wi\u0119c symbolem pi\u0119knych tradycji, wielu dokona\u0144, kt\u00f3re\u00a0stanowi\u0105\u00a0wa\u017cn\u0105\u00a0kart\u0119\u00a0w dziejach odzyskiwania wolno\u015bci naszej Ojczyzny. Nale\u017cy do nich [&hellip;]<\/p>\n","protected":false},"author":6,"featured_media":11252,"comment_status":"open","ping_status":"open","sticky":false,"template":"","format":"standard","meta":{"ngg_post_thumbnail":0,"footnotes":""},"categories":[104,49,77,3],"tags":[],"class_list":["post-11217","post","type-post","status-publish","format-standard","has-post-thumbnail","hentry","category-lms","category-podkarpacie","category-wazne-daty","category-wydarzenia"],"_links":{"self":[{"href":"https:\/\/marekkuchcinski.pl\/sk\/wp-json\/wp\/v2\/posts\/11217","targetHints":{"allow":["GET"]}}],"collection":[{"href":"https:\/\/marekkuchcinski.pl\/sk\/wp-json\/wp\/v2\/posts"}],"about":[{"href":"https:\/\/marekkuchcinski.pl\/sk\/wp-json\/wp\/v2\/types\/post"}],"author":[{"embeddable":true,"href":"https:\/\/marekkuchcinski.pl\/sk\/wp-json\/wp\/v2\/users\/6"}],"replies":[{"embeddable":true,"href":"https:\/\/marekkuchcinski.pl\/sk\/wp-json\/wp\/v2\/comments?post=11217"}],"version-history":[{"count":10,"href":"https:\/\/marekkuchcinski.pl\/sk\/wp-json\/wp\/v2\/posts\/11217\/revisions"}],"predecessor-version":[{"id":11275,"href":"https:\/\/marekkuchcinski.pl\/sk\/wp-json\/wp\/v2\/posts\/11217\/revisions\/11275"}],"wp:featuredmedia":[{"embeddable":true,"href":"https:\/\/marekkuchcinski.pl\/sk\/wp-json\/wp\/v2\/media\/11252"}],"wp:attachment":[{"href":"https:\/\/marekkuchcinski.pl\/sk\/wp-json\/wp\/v2\/media?parent=11217"}],"wp:term":[{"taxonomy":"category","embeddable":true,"href":"https:\/\/marekkuchcinski.pl\/sk\/wp-json\/wp\/v2\/categories?post=11217"},{"taxonomy":"post_tag","embeddable":true,"href":"https:\/\/marekkuchcinski.pl\/sk\/wp-json\/wp\/v2\/tags?post=11217"}],"curies":[{"name":"wp","href":"https:\/\/api.w.org\/{rel}","templated":true}]}}