{"id":10866,"date":"2018-11-19T19:49:59","date_gmt":"2018-11-19T18:49:59","guid":{"rendered":"https:\/\/marekkuchcinski.pl\/?p=10866"},"modified":"2018-11-19T20:01:21","modified_gmt":"2018-11-19T19:01:21","slug":"podkarpacie-nowym-zarzadem-sejmiku-wojewodztwa","status":"publish","type":"post","link":"https:\/\/marekkuchcinski.pl\/sk\/wydarzenia\/podkarpacie-nowym-zarzadem-sejmiku-wojewodztwa\/","title":{"rendered":"Podkarpatsko s nov\u00fdm veden\u00edm v zhroma\u017eden\u00ed vojvodstva"},"content":{"rendered":"<p>W\u0142adys\u0142aw Ortyl (PiS), ktor\u00e9ho kandidat\u00faru podporilo 25 poslancov, bol op\u00e4\u0165 zvolen\u00fd za mar\u0161ala Podkarpatsk\u00e9ho vojvodstva. Piotr Pilch a Ewa Draus (strana Pr\u00e1vo a spravodlivos\u0165) sa stali podpredsedami. \u010eal\u0161\u00edmi \u010dlenmi rady s\u00fa Maria Kurowska (Solidarna Polska ) a Stanis\u0142aw Kruczek (Porozumienie).<\/p>\n<p>Za predsedu Sejmiku bol zvolen\u00fd Jerzy Borcz (riadite\u013e pobo\u010dky N\u00e1rodn\u00e9ho centra podpory po\u013enohospod\u00e1rstva v Rzeszowe). Podporilo ho 24 \u010dlenov rady. Podpredsedom sa stal Jerzy Cypry\u015b (Pr\u00e1vo a spravodlivos\u0165), ktor\u00fd bol predt\u00fdm predsedom Sejmiku.<\/p>\n<p>V 33-\u010dlennom zhroma\u017eden\u00ed Podkarpatsk\u00e9ho vojvodstva m\u00e1 PiS 25 kresiel, Koalicja Obywatelska p\u00e4\u0165 a PSL tri.<\/p>\n<p><a href=\"https:\/\/marekkuchcinski.pl\/wp-content\/uploads\/2018\/11\/DSCF8969-1.jpg\"><img fetchpriority=\"high\" decoding=\"async\" class=\"alignnone size-full wp-image-10870\" src=\"https:\/\/marekkuchcinski.pl\/wp-content\/uploads\/2018\/11\/DSCF8969-1.jpg\" alt=\"DSCF8969 (1)\" width=\"1937\" height=\"1497\" srcset=\"https:\/\/marekkuchcinski.pl\/wp-content\/uploads\/2018\/11\/DSCF8969-1.jpg 1937w, https:\/\/marekkuchcinski.pl\/wp-content\/uploads\/2018\/11\/DSCF8969-1-300x232.jpg 300w, https:\/\/marekkuchcinski.pl\/wp-content\/uploads\/2018\/11\/DSCF8969-1-768x594.jpg 768w, https:\/\/marekkuchcinski.pl\/wp-content\/uploads\/2018\/11\/DSCF8969-1-1024x791.jpg 1024w\" sizes=\"(max-width: 1937px) 100vw, 1937px\" \/><\/a><\/p>\n<p><em>Foto: M. Olejnik<\/em><\/p>","protected":false},"excerpt":{"rendered":"<p>Marsza\u0142kiem wojew\u00f3dztwa podkarpackiego ponownie zosta\u0142 W\u0142adys\u0142aw Ortyl (PiS), kt\u00f3rego kandydatur\u0119 popar\u0142o 25 radnych. Wicemarsza\u0142kami zostali Piotr Pilch i Ewa Draus (PiS). Pozostali cz\u0142onkowie zarz\u0105du to Maria Kurowska (Solidarna Polska ) i Stanis\u0142aw Kruczek (Porozumienie). Na przewodnicz\u0105cego sejmiku\u00a0wybrano\u00a0Jerzego Borcza (dyrektora rzeszowskiego oddzia\u0142u Krajowego O\u015brodka Wsparcia Rolnictwa). Popar\u0142o go 24 radnych. Z kolei pe\u0142ni\u0105cy dot\u0105d funkcj\u0119 przewodnicz\u0105cego [&hellip;]<\/p>\n","protected":false},"author":6,"featured_media":10870,"comment_status":"open","ping_status":"open","sticky":false,"template":"","format":"standard","meta":{"ngg_post_thumbnail":0,"footnotes":""},"categories":[49,82,3],"tags":[],"class_list":["post-10866","post","type-post","status-publish","format-standard","has-post-thumbnail","hentry","category-podkarpacie","category-prawo-i-sprawiedliwosc","category-wydarzenia"],"_links":{"self":[{"href":"https:\/\/marekkuchcinski.pl\/sk\/wp-json\/wp\/v2\/posts\/10866","targetHints":{"allow":["GET"]}}],"collection":[{"href":"https:\/\/marekkuchcinski.pl\/sk\/wp-json\/wp\/v2\/posts"}],"about":[{"href":"https:\/\/marekkuchcinski.pl\/sk\/wp-json\/wp\/v2\/types\/post"}],"author":[{"embeddable":true,"href":"https:\/\/marekkuchcinski.pl\/sk\/wp-json\/wp\/v2\/users\/6"}],"replies":[{"embeddable":true,"href":"https:\/\/marekkuchcinski.pl\/sk\/wp-json\/wp\/v2\/comments?post=10866"}],"version-history":[{"count":8,"href":"https:\/\/marekkuchcinski.pl\/sk\/wp-json\/wp\/v2\/posts\/10866\/revisions"}],"predecessor-version":[{"id":10875,"href":"https:\/\/marekkuchcinski.pl\/sk\/wp-json\/wp\/v2\/posts\/10866\/revisions\/10875"}],"wp:featuredmedia":[{"embeddable":true,"href":"https:\/\/marekkuchcinski.pl\/sk\/wp-json\/wp\/v2\/media\/10870"}],"wp:attachment":[{"href":"https:\/\/marekkuchcinski.pl\/sk\/wp-json\/wp\/v2\/media?parent=10866"}],"wp:term":[{"taxonomy":"category","embeddable":true,"href":"https:\/\/marekkuchcinski.pl\/sk\/wp-json\/wp\/v2\/categories?post=10866"},{"taxonomy":"post_tag","embeddable":true,"href":"https:\/\/marekkuchcinski.pl\/sk\/wp-json\/wp\/v2\/tags?post=10866"}],"curies":[{"name":"wp","href":"https:\/\/api.w.org\/{rel}","templated":true}]}}