{"id":10784,"date":"2018-11-21T13:00:43","date_gmt":"2018-11-21T12:00:43","guid":{"rendered":"https:\/\/marekkuchcinski.pl\/?p=10784"},"modified":"2018-11-27T10:48:46","modified_gmt":"2018-11-27T09:48:46","slug":"spotkania-mieszkancami-podkarpacia-wybory-samorzadowe-2018","status":"publish","type":"post","link":"https:\/\/marekkuchcinski.pl\/sk\/prawo-i-sprawiedliwosc\/spotkania-mieszkancami-podkarpacia-wybory-samorzadowe-2018\/","title":{"rendered":"Stretnutia s obyvate\u013emi Podkarpatska: 1. - 31. okt\u00f3bra"},"content":{"rendered":"<p><strong>1. okt\u00f3bra<\/strong><\/p>\n<p>V Pola\u0144czyku predseda Sejmu otvoril konferenciu \"Program pre Bieszczady\" Ministerstva infra\u0161trukt\u00fary a rozvoja. Marek Kuchci\u0144ski povedal, \u017ee konferencia sa za\u010d\u00edna s ve\u013ek\u00fdmi n\u00e1dejami, preto\u017ee v\u010faka \"Programu pre Bieszczady\" sa buduje zna\u010dka, ktor\u00e1 bude charakterizova\u0165 na\u0161u \u010das\u0165 Karp\u00e1t. \"Program pre Bieszczady\" je \u010fal\u0161ou etapou politiky rozvoja cel\u00fdch Karp\u00e1t a dnes sa v Pola\u0144czyku realizuj\u00fa predch\u00e1dzaj\u00face ministersk\u00e9 vyhl\u00e1senia.<\/p>\n<p>Minister Jerzy Kwieci\u0144ski predstavil predpoklady \"Programu pre Bieszczady\" ako odpove\u010f vl\u00e1dy na miestne probl\u00e9my. Kwieci\u0144ski zd\u00f4raznil, \u017ee takto ministerstvo pod jeho veden\u00edm dodr\u017eiava slovo a dokon\u010duje to, \u010do bolo s\u013e\u00faben\u00e9 vo febru\u00e1ri po\u010das 20. konferencie Karpatsk\u00e1 Eur\u00f3pa v Przemy\u015bli.<\/p>\n<p>Na z\u00e1klade konzult\u00e1ci\u00ed v r\u00e1mci Strat\u00e9gie zodpovedn\u00e9ho rozvoja a in\u0161pir\u00e1cie Jaroslawa Kaczy\u0144sk\u00e9ho, predsedu PiS, bol vytvoren\u00fd \u0161peci\u00e1lny \"Program pre Bieszczady\". Tento program m\u00e1 4 priority:<\/p>\n<ol>\n<li>Bieszczady bl\u00edzko (dostupnos\u0165 regi\u00f3nu)<\/li>\n<li>Bieszczady pre obyvate\u013eov (zlep\u0161enie kvality \u017eivota)<\/li>\n<li>Zelen\u00e9 Bieszczady<\/li>\n<li>Podnikate\u013esk\u00e9 bieszczady.<\/li>\n<\/ol>\n<p>Program je zalo\u017een\u00fd na spolupr\u00e1ci medzi miestnou samospr\u00e1vou a vl\u00e1dou. Minister tie\u017e zd\u00f4raznil, \u017ee podobn\u00e9 v\u00fdsledky mo\u017eno dosiahnu\u0165 len tam, kde je tak\u00e1to spolupr\u00e1ca zaru\u010den\u00e1.<br \/>\nV r\u00e1mci \"Programu pre Bieszczady\" bude Ministerstvo region\u00e1lneho rozvoja spolupracova\u0165 s region\u00e1lnou samospr\u00e1vou, miestnymi samospr\u00e1vami, mimovl\u00e1dnymi organiz\u00e1ciami, in\u0161tit\u00faciami a podnikate\u013emi. V\u010faka tomuto programu bude oblas\u0165 Bieszczad a aktivity realizovan\u00e9 v r\u00e1mci programu vyhl\u00e1sen\u00e9ho v Pola\u0144czyku pova\u017eovan\u00e9 za prioritn\u00e9.<\/p>\n<p>Minister Jerzy Kwieci\u0144ski aj mar\u0161al Marek Kuchci\u0144ski maj\u00fa z\u00e1ujem roz\u0161\u00edri\u0165 aktivity s\u00favisiace s t\u00fdmto programom aj na pohrani\u010dn\u00e9 oblasti na Slovensku a Ukrajine. Nechceme, aby boli Bieszczady rozdelen\u00e9 hranicami. V\u010faka Programu pre Bieszczady bude mo\u017en\u00e9 t\u00fato oblas\u0165 ozna\u010di\u0165 nielen za kr\u00e1snu, ale aj za n\u00e1dherne sa rozv\u00edjaj\u00facu.<br \/>\n<a href=\"https:\/\/marekkuchcinski.pl\/wp-content\/uploads\/2018\/11\/42917032_2537896696490411_8333435502950612992_n.jpg\"><img fetchpriority=\"high\" decoding=\"async\" class=\"alignnone size-full wp-image-10969\" src=\"https:\/\/marekkuchcinski.pl\/wp-content\/uploads\/2018\/11\/42917032_2537896696490411_8333435502950612992_n.jpg\" alt=\"42917032_2537896696490411_8333435502950612992_n\" width=\"2048\" height=\"1536\" srcset=\"https:\/\/marekkuchcinski.pl\/wp-content\/uploads\/2018\/11\/42917032_2537896696490411_8333435502950612992_n.jpg 2048w, https:\/\/marekkuchcinski.pl\/wp-content\/uploads\/2018\/11\/42917032_2537896696490411_8333435502950612992_n-300x225.jpg 300w, https:\/\/marekkuchcinski.pl\/wp-content\/uploads\/2018\/11\/42917032_2537896696490411_8333435502950612992_n-768x576.jpg 768w, https:\/\/marekkuchcinski.pl\/wp-content\/uploads\/2018\/11\/42917032_2537896696490411_8333435502950612992_n-1024x768.jpg 1024w\" sizes=\"(max-width: 2048px) 100vw, 2048px\" \/><\/a> <a href=\"https:\/\/marekkuchcinski.pl\/wp-content\/uploads\/2018\/11\/42861047_586175085131161_7534889671172554752_n.jpg\"><img decoding=\"async\" class=\"alignnone size-full wp-image-10971\" src=\"https:\/\/marekkuchcinski.pl\/wp-content\/uploads\/2018\/11\/42861047_586175085131161_7534889671172554752_n.jpg\" alt=\"42861047_586175085131161_7534889671172554752_n\" width=\"2048\" height=\"1536\" srcset=\"https:\/\/marekkuchcinski.pl\/wp-content\/uploads\/2018\/11\/42861047_586175085131161_7534889671172554752_n.jpg 2048w, https:\/\/marekkuchcinski.pl\/wp-content\/uploads\/2018\/11\/42861047_586175085131161_7534889671172554752_n-300x225.jpg 300w, https:\/\/marekkuchcinski.pl\/wp-content\/uploads\/2018\/11\/42861047_586175085131161_7534889671172554752_n-768x576.jpg 768w, https:\/\/marekkuchcinski.pl\/wp-content\/uploads\/2018\/11\/42861047_586175085131161_7534889671172554752_n-1024x768.jpg 1024w\" sizes=\"(max-width: 2048px) 100vw, 2048px\" \/><\/a><\/p>\n<p><strong>6. okt\u00f3bra<\/strong><\/p>\n<p><strong>Chlodice: stretnutie s obyvate\u013emi<\/strong><br \/>\n<a href=\"https:\/\/marekkuchcinski.pl\/wp-content\/uploads\/2018\/11\/Ch\u0142opice-1-1.jpg\"><img decoding=\"async\" class=\"alignnone size-full wp-image-10785\" src=\"https:\/\/marekkuchcinski.pl\/wp-content\/uploads\/2018\/11\/Ch\u0142opice-1-1.jpg\" alt=\"Ch\u0142opice 1 (1)\" width=\"1728\" height=\"1296\" srcset=\"https:\/\/marekkuchcinski.pl\/wp-content\/uploads\/2018\/11\/Ch\u0142opice-1-1.jpg 1728w, https:\/\/marekkuchcinski.pl\/wp-content\/uploads\/2018\/11\/Ch\u0142opice-1-1-300x225.jpg 300w, https:\/\/marekkuchcinski.pl\/wp-content\/uploads\/2018\/11\/Ch\u0142opice-1-1-768x576.jpg 768w, https:\/\/marekkuchcinski.pl\/wp-content\/uploads\/2018\/11\/Ch\u0142opice-1-1-1024x768.jpg 1024w\" sizes=\"(max-width: 1728px) 100vw, 1728px\" \/><\/a> <a href=\"https:\/\/marekkuchcinski.pl\/wp-content\/uploads\/2018\/11\/Ch\u0142opice-1-2.jpg\"><img loading=\"lazy\" decoding=\"async\" class=\"alignnone size-full wp-image-10786\" src=\"https:\/\/marekkuchcinski.pl\/wp-content\/uploads\/2018\/11\/Ch\u0142opice-1-2.jpg\" alt=\"Ch\u0142opice 1 (2)\" width=\"1728\" height=\"1296\" srcset=\"https:\/\/marekkuchcinski.pl\/wp-content\/uploads\/2018\/11\/Ch\u0142opice-1-2.jpg 1728w, https:\/\/marekkuchcinski.pl\/wp-content\/uploads\/2018\/11\/Ch\u0142opice-1-2-300x225.jpg 300w, https:\/\/marekkuchcinski.pl\/wp-content\/uploads\/2018\/11\/Ch\u0142opice-1-2-768x576.jpg 768w, https:\/\/marekkuchcinski.pl\/wp-content\/uploads\/2018\/11\/Ch\u0142opice-1-2-1024x768.jpg 1024w\" sizes=\"(max-width: 1728px) 100vw, 1728px\" \/><\/a><br \/>\nPredseda po\u013esk\u00e9ho Sejmu pred stretnut\u00edm s obyvate\u013emi polo\u017eil kvety k buste zosnul\u00e9ho prezidenta Lecha Kaczy\u0144sk\u00e9ho v Z\u00e1kladnej \u0161kole Lecha Kaczy\u0144sk\u00e9ho v Ch\u0142opiciach.<br \/>\nMarek Kuchci\u0144ski pripomenul slov\u00e1 Lecha Kaczy\u0144sk\u00e9ho, \u017ee solidarita \u0161t\u00e1tu je jeho schopnos\u0165 podeli\u0165 sa o svoju silu s t\u00fdmi, ktor\u00ed ju potrebuj\u00fa. Na \u00farovni n\u00e1\u0161ho vojvodstva dosahujeme v\u00fdsledky aj solid\u00e1rnou spolupr\u00e1cou na v\u0161etk\u00fdch \u00farovniach \u0161t\u00e1tnej spr\u00e1vy, ktor\u00e9 tu dnes zastupujeme.<\/p>\n<p><strong>Jaros\u0142aw: Okresn\u00fd zjazd PiS<\/strong><\/p>\n<p><a href=\"https:\/\/marekkuchcinski.pl\/wp-content\/uploads\/2018\/11\/Jaros\u0142aw-5.jpg\"><img loading=\"lazy\" decoding=\"async\" class=\"alignnone size-full wp-image-10788\" src=\"https:\/\/marekkuchcinski.pl\/wp-content\/uploads\/2018\/11\/Jaros\u0142aw-5.jpg\" alt=\"Jaros\u0142aw 5\" width=\"960\" height=\"720\" srcset=\"https:\/\/marekkuchcinski.pl\/wp-content\/uploads\/2018\/11\/Jaros\u0142aw-5.jpg 960w, https:\/\/marekkuchcinski.pl\/wp-content\/uploads\/2018\/11\/Jaros\u0142aw-5-300x225.jpg 300w, https:\/\/marekkuchcinski.pl\/wp-content\/uploads\/2018\/11\/Jaros\u0142aw-5-768x576.jpg 768w\" sizes=\"(max-width: 960px) 100vw, 960px\" \/><br \/>\n<\/a>Predseda parlamentu zd\u00f4raznil, \u017ee za posledn\u00e9 tri roky sa v medzin\u00e1rodnej politike \u0161t\u00e1tu uskuto\u010dnili ve\u013emi v\u00e1\u017ene zmeny s cie\u013eom br\u00e1ni\u0165 po\u013esk\u00fa suverenitu vo vz\u0165ahu k E\u00da. Ve\u013emi \u00fa\u010dinn\u00e1 je aj dom\u00e1ca politika. - V Sejme pracujeme na nieko\u013ek\u00fdch d\u00f4le\u017eit\u00fdch projektoch: Fond miestnych komunik\u00e1ci\u00ed, program zatep\u013eovania domov, ob\u010diansky rozpo\u010det pre mest\u00e1 s pr\u00e1vom \u017eupy, osobitn\u00fd fond solidarity,\" povedal Kuchci\u0144ski.<\/p>\n<p><strong>Krosno: volebn\u00fd zjazd PiS za \u00fa\u010dasti Jaroslawa Kaczy\u0144sk\u00e9ho\u00a0<\/strong><\/p>\n<p><a href=\"https:\/\/marekkuchcinski.pl\/wp-content\/uploads\/2018\/11\/Krosno-2.jpg\"><img loading=\"lazy\" decoding=\"async\" class=\"alignnone size-full wp-image-10790\" src=\"https:\/\/marekkuchcinski.pl\/wp-content\/uploads\/2018\/11\/Krosno-2.jpg\" alt=\"Krosno 2\" width=\"720\" height=\"960\" srcset=\"https:\/\/marekkuchcinski.pl\/wp-content\/uploads\/2018\/11\/Krosno-2.jpg 720w, https:\/\/marekkuchcinski.pl\/wp-content\/uploads\/2018\/11\/Krosno-2-225x300.jpg 225w\" sizes=\"(max-width: 720px) 100vw, 720px\" \/><\/a> <a href=\"https:\/\/marekkuchcinski.pl\/wp-content\/uploads\/2018\/11\/Krosno-3.jpg\"><img loading=\"lazy\" decoding=\"async\" class=\"alignnone size-full wp-image-10791\" src=\"https:\/\/marekkuchcinski.pl\/wp-content\/uploads\/2018\/11\/Krosno-3.jpg\" alt=\"Krosno 3\" width=\"640\" height=\"864\" srcset=\"https:\/\/marekkuchcinski.pl\/wp-content\/uploads\/2018\/11\/Krosno-3.jpg 640w, https:\/\/marekkuchcinski.pl\/wp-content\/uploads\/2018\/11\/Krosno-3-222x300.jpg 222w\" sizes=\"(max-width: 640px) 100vw, 640px\" \/><\/a><br \/>\nPredseda strany Pr\u00e1vo a spravodlivos\u0165 zd\u00f4raznil, \u017ee aby bol \u010dlovek dobr\u00fdm politikom, mus\u00ed sa riadi\u0165 vlastenectvom. Podkarpatsk\u00fd regi\u00f3n t\u00fdmto slov\u00e1m dokonale rozumie.<\/p>\n<p><strong>7. okt\u00f3bra<\/strong><\/p>\n<p><strong>Jasionka pri Rzeszowe: region\u00e1lny zjazd PiS (za \u00fa\u010dasti predsedu vl\u00e1dy Mateusza Morawieck\u00e9ho a predsedu PiS Jaroslawa Kaczy\u0144sk\u00e9ho)<\/strong><\/p>\n<p><a href=\"https:\/\/marekkuchcinski.pl\/wp-content\/uploads\/2018\/11\/Jasionka-1.jpg\"><img loading=\"lazy\" decoding=\"async\" class=\"alignnone size-full wp-image-10798\" src=\"https:\/\/marekkuchcinski.pl\/wp-content\/uploads\/2018\/11\/Jasionka-1.jpg\" alt=\"Jasionka 1\" width=\"960\" height=\"720\" srcset=\"https:\/\/marekkuchcinski.pl\/wp-content\/uploads\/2018\/11\/Jasionka-1.jpg 960w, https:\/\/marekkuchcinski.pl\/wp-content\/uploads\/2018\/11\/Jasionka-1-300x225.jpg 300w, https:\/\/marekkuchcinski.pl\/wp-content\/uploads\/2018\/11\/Jasionka-1-768x576.jpg 768w\" sizes=\"(max-width: 960px) 100vw, 960px\" \/><\/a> <a href=\"https:\/\/marekkuchcinski.pl\/wp-content\/uploads\/2018\/11\/Jasionka-4.jpg\"><img loading=\"lazy\" decoding=\"async\" class=\"alignnone size-full wp-image-10801\" src=\"https:\/\/marekkuchcinski.pl\/wp-content\/uploads\/2018\/11\/Jasionka-4.jpg\" alt=\"Jasionka 4\" width=\"960\" height=\"720\" srcset=\"https:\/\/marekkuchcinski.pl\/wp-content\/uploads\/2018\/11\/Jasionka-4.jpg 960w, https:\/\/marekkuchcinski.pl\/wp-content\/uploads\/2018\/11\/Jasionka-4-300x225.jpg 300w, https:\/\/marekkuchcinski.pl\/wp-content\/uploads\/2018\/11\/Jasionka-4-768x576.jpg 768w\" sizes=\"(max-width: 960px) 100vw, 960px\" \/><\/a> <a href=\"https:\/\/marekkuchcinski.pl\/wp-content\/uploads\/2018\/11\/Jasionka-5.jpg\"><img loading=\"lazy\" decoding=\"async\" class=\"alignnone size-full wp-image-10802\" src=\"https:\/\/marekkuchcinski.pl\/wp-content\/uploads\/2018\/11\/Jasionka-5.jpg\" alt=\"Jasionka 5\" width=\"960\" height=\"720\" srcset=\"https:\/\/marekkuchcinski.pl\/wp-content\/uploads\/2018\/11\/Jasionka-5.jpg 960w, https:\/\/marekkuchcinski.pl\/wp-content\/uploads\/2018\/11\/Jasionka-5-300x225.jpg 300w, https:\/\/marekkuchcinski.pl\/wp-content\/uploads\/2018\/11\/Jasionka-5-768x576.jpg 768w\" sizes=\"(max-width: 960px) 100vw, 960px\" \/><\/a> <a href=\"https:\/\/marekkuchcinski.pl\/wp-content\/uploads\/2018\/11\/Jasionka-6.jpg\"><img loading=\"lazy\" decoding=\"async\" class=\"alignnone size-full wp-image-10803\" src=\"https:\/\/marekkuchcinski.pl\/wp-content\/uploads\/2018\/11\/Jasionka-6.jpg\" alt=\"Jasionka 6\" width=\"960\" height=\"720\" srcset=\"https:\/\/marekkuchcinski.pl\/wp-content\/uploads\/2018\/11\/Jasionka-6.jpg 960w, https:\/\/marekkuchcinski.pl\/wp-content\/uploads\/2018\/11\/Jasionka-6-300x225.jpg 300w, https:\/\/marekkuchcinski.pl\/wp-content\/uploads\/2018\/11\/Jasionka-6-768x576.jpg 768w\" sizes=\"(max-width: 960px) 100vw, 960px\" \/><\/a> <a href=\"https:\/\/marekkuchcinski.pl\/wp-content\/uploads\/2018\/11\/Jasionka-7.jpg\"><img loading=\"lazy\" decoding=\"async\" class=\"alignnone size-full wp-image-10804\" src=\"https:\/\/marekkuchcinski.pl\/wp-content\/uploads\/2018\/11\/Jasionka-7.jpg\" alt=\"Jasionka 7\" width=\"960\" height=\"720\" srcset=\"https:\/\/marekkuchcinski.pl\/wp-content\/uploads\/2018\/11\/Jasionka-7.jpg 960w, https:\/\/marekkuchcinski.pl\/wp-content\/uploads\/2018\/11\/Jasionka-7-300x225.jpg 300w, https:\/\/marekkuchcinski.pl\/wp-content\/uploads\/2018\/11\/Jasionka-7-768x576.jpg 768w\" sizes=\"(max-width: 960px) 100vw, 960px\" \/><\/a><\/p>\n<p>Jaros\u0142aw Kaczy\u0144ski: Sme v krajine, kde m\u00e1 PiS najv\u00e4\u010d\u0161iu podporu. S\u00fa tu potrebn\u00e9 ve\u013ek\u00e9 amb\u00edcie. Koniec koncov, Podkarpatsko m\u00e1 priemyseln\u00e9 trad\u00edcie, na ktor\u00e9 mo\u017eno nadviaza\u0165. Nach\u00e1dzaj\u00fa sa tu kult\u00farne a intelektu\u00e1lne zdroje. Re\u0161pektuj\u00fa sa tradi\u010dn\u00e9 hodnoty. Mus\u00edme t\u00fato infra\u0161trukt\u00faru a my\u0161lienky doplni\u0165 a napredova\u0165. T\u00e1to krajina m\u00f4\u017ee by\u0165 motorom pre cel\u00fa na\u0161u krajinu.<\/p>\n<p>Premi\u00e9r Mateusz Morawiecki: V\u010faka spojeniu vlastenectva s v\u00f4\u013eou ozdravi\u0165 verejn\u00e9 financie a \u0161t\u00e1tne in\u0161tit\u00facie sa buduj\u00fa centr\u00e1, ako je toto v\u00fdstavisko, kde sa nach\u00e1dzame, cesty, ako je Via Carpatia, ktor\u00e1 by sa mala vola\u0165 cestou Lecha Kaczy\u0144sk\u00e9ho.<br \/>\nModern\u00fd, inovat\u00edvny priemysel na Podkarpatsku bude v nasleduj\u00facich rokoch na\u0161ou vizitkou. V priebehu piatich rokov sa \u0165a\u017eba plynu na Podkarpatsku zv\u00fd\u0161i o 28 % a \u0165a\u017eobn\u00e9 zdroje o 64 %. V 127 obciach Podkarpatska sa zv\u00fd\u0161ia pr\u00edjmy z \u0165a\u017eby plynu.<\/p>\n<p><strong>11. okt\u00f3bra <\/strong><\/p>\n<p><strong>Predseda Sejmu sa z\u00fa\u010dastnil na Medzin\u00e1rodnom f\u00f3re karpatskej spolupr\u00e1ce v Rzeszowe a nav\u0161t\u00edvil aj okres Jaros\u0142aw (\u0141azy, Radymno, Sko\u0142osz\u00f3w).<\/strong><br \/>\nZd\u00f4raznil, \u017ee si je ist\u00fd, \u017ee kandid\u00e1ti, ktor\u00fdch odporu\u010dila strana Pr\u00e1vo a spravodlivos\u0165, sa postaraj\u00fa o podkarpatsk\u00fd regi\u00f3n. Vyzval \u013eud\u00ed, aby ich volili, \"aby sme mohli spolo\u010dne pokra\u010dova\u0165 v zmene na\u0161ej krajiny. - Chceme v\u00e1m sl\u00fa\u017ei\u0165, chceme sl\u00fa\u017ei\u0165 Po\u013esku s oh\u013eadom na bud\u00face gener\u00e1cie. Svoje s\u013euby sme splnili. Heslo volebnej kampane je opr\u00e1vnen\u00e9. Do volieb ideme so vzt\u00fd\u010denou hlavou,\" povedal mar\u0161al.<\/p>\n<p><a href=\"https:\/\/marekkuchcinski.pl\/wp-content\/uploads\/2018\/11\/11.10-pow.-jaros\u0142awski-1.jpg\"><img loading=\"lazy\" decoding=\"async\" class=\"alignnone size-full wp-image-10810\" src=\"https:\/\/marekkuchcinski.pl\/wp-content\/uploads\/2018\/11\/11.10-pow.-jaros\u0142awski-1.jpg\" alt=\"11.10 pow. jaros\u0142awski 1\" width=\"3701\" height=\"2471\" srcset=\"https:\/\/marekkuchcinski.pl\/wp-content\/uploads\/2018\/11\/11.10-pow.-jaros\u0142awski-1.jpg 2048w, https:\/\/marekkuchcinski.pl\/wp-content\/uploads\/2018\/11\/11.10-pow.-jaros\u0142awski-1-300x200.jpg 300w, https:\/\/marekkuchcinski.pl\/wp-content\/uploads\/2018\/11\/11.10-pow.-jaros\u0142awski-1-768x513.jpg 768w, https:\/\/marekkuchcinski.pl\/wp-content\/uploads\/2018\/11\/11.10-pow.-jaros\u0142awski-1-1024x684.jpg 1024w\" sizes=\"(max-width: 3701px) 100vw, 3701px\" \/><\/a> <a href=\"https:\/\/marekkuchcinski.pl\/wp-content\/uploads\/2018\/11\/11.10-pow.-jaros\u0142awski-2.jpg\"><img loading=\"lazy\" decoding=\"async\" class=\"alignnone size-full wp-image-10811\" src=\"https:\/\/marekkuchcinski.pl\/wp-content\/uploads\/2018\/11\/11.10-pow.-jaros\u0142awski-2.jpg\" alt=\"11.10 pow. jaros\u0142awski 2\" width=\"2100\" height=\"1313\" srcset=\"https:\/\/marekkuchcinski.pl\/wp-content\/uploads\/2018\/11\/11.10-pow.-jaros\u0142awski-2.jpg 2100w, https:\/\/marekkuchcinski.pl\/wp-content\/uploads\/2018\/11\/11.10-pow.-jaros\u0142awski-2-300x188.jpg 300w, https:\/\/marekkuchcinski.pl\/wp-content\/uploads\/2018\/11\/11.10-pow.-jaros\u0142awski-2-768x480.jpg 768w, https:\/\/marekkuchcinski.pl\/wp-content\/uploads\/2018\/11\/11.10-pow.-jaros\u0142awski-2-1024x640.jpg 1024w\" sizes=\"(max-width: 2100px) 100vw, 2100px\" \/><\/a> <a href=\"https:\/\/marekkuchcinski.pl\/wp-content\/uploads\/2018\/11\/11.10-pow.-jaros\u0142awski-3.jpg\"><img loading=\"lazy\" decoding=\"async\" class=\"alignnone size-full wp-image-10812\" src=\"https:\/\/marekkuchcinski.pl\/wp-content\/uploads\/2018\/11\/11.10-pow.-jaros\u0142awski-3.jpg\" alt=\"11.10 pow. jaros\u0142awski 3\" width=\"4000\" height=\"3000\" srcset=\"https:\/\/marekkuchcinski.pl\/wp-content\/uploads\/2018\/11\/11.10-pow.-jaros\u0142awski-3.jpg 2048w, https:\/\/marekkuchcinski.pl\/wp-content\/uploads\/2018\/11\/11.10-pow.-jaros\u0142awski-3-300x225.jpg 300w, https:\/\/marekkuchcinski.pl\/wp-content\/uploads\/2018\/11\/11.10-pow.-jaros\u0142awski-3-768x576.jpg 768w, https:\/\/marekkuchcinski.pl\/wp-content\/uploads\/2018\/11\/11.10-pow.-jaros\u0142awski-3-1024x768.jpg 1024w\" sizes=\"(max-width: 4000px) 100vw, 4000px\" \/><\/a> <a href=\"https:\/\/marekkuchcinski.pl\/wp-content\/uploads\/2018\/11\/11.10-pow.-jaros\u0142awski-4.jpg\"><img loading=\"lazy\" decoding=\"async\" class=\"alignnone size-full wp-image-10813\" src=\"https:\/\/marekkuchcinski.pl\/wp-content\/uploads\/2018\/11\/11.10-pow.-jaros\u0142awski-4.jpg\" alt=\"11.10 pow. jaros\u0142awski 4\" width=\"4000\" height=\"3000\" srcset=\"https:\/\/marekkuchcinski.pl\/wp-content\/uploads\/2018\/11\/11.10-pow.-jaros\u0142awski-4.jpg 2048w, https:\/\/marekkuchcinski.pl\/wp-content\/uploads\/2018\/11\/11.10-pow.-jaros\u0142awski-4-300x225.jpg 300w, https:\/\/marekkuchcinski.pl\/wp-content\/uploads\/2018\/11\/11.10-pow.-jaros\u0142awski-4-768x576.jpg 768w, https:\/\/marekkuchcinski.pl\/wp-content\/uploads\/2018\/11\/11.10-pow.-jaros\u0142awski-4-1024x768.jpg 1024w\" sizes=\"(max-width: 4000px) 100vw, 4000px\" \/><\/a> <a href=\"https:\/\/marekkuchcinski.pl\/wp-content\/uploads\/2018\/11\/11.10-pow.-jaros\u0142awski-5.jpg\"><img loading=\"lazy\" decoding=\"async\" class=\"alignnone size-full wp-image-10814\" src=\"https:\/\/marekkuchcinski.pl\/wp-content\/uploads\/2018\/11\/11.10-pow.-jaros\u0142awski-5.jpg\" alt=\"11.10 pow. jaros\u0142awski 5\" width=\"1335\" height=\"803\" srcset=\"https:\/\/marekkuchcinski.pl\/wp-content\/uploads\/2018\/11\/11.10-pow.-jaros\u0142awski-5.jpg 1335w, https:\/\/marekkuchcinski.pl\/wp-content\/uploads\/2018\/11\/11.10-pow.-jaros\u0142awski-5-300x180.jpg 300w, https:\/\/marekkuchcinski.pl\/wp-content\/uploads\/2018\/11\/11.10-pow.-jaros\u0142awski-5-768x462.jpg 768w, https:\/\/marekkuchcinski.pl\/wp-content\/uploads\/2018\/11\/11.10-pow.-jaros\u0142awski-5-1024x616.jpg 1024w\" sizes=\"(max-width: 1335px) 100vw, 1335px\" \/><\/a> <a href=\"https:\/\/marekkuchcinski.pl\/wp-content\/uploads\/2018\/11\/11.10-pow.-jaros\u0142awski-6.jpg\"><img loading=\"lazy\" decoding=\"async\" class=\"alignnone size-full wp-image-10815\" src=\"https:\/\/marekkuchcinski.pl\/wp-content\/uploads\/2018\/11\/11.10-pow.-jaros\u0142awski-6.jpg\" alt=\"11.10 pow. jaros\u0142awski 6\" width=\"3724\" height=\"2307\" srcset=\"https:\/\/marekkuchcinski.pl\/wp-content\/uploads\/2018\/11\/11.10-pow.-jaros\u0142awski-6.jpg 2048w, https:\/\/marekkuchcinski.pl\/wp-content\/uploads\/2018\/11\/11.10-pow.-jaros\u0142awski-6-300x186.jpg 300w, https:\/\/marekkuchcinski.pl\/wp-content\/uploads\/2018\/11\/11.10-pow.-jaros\u0142awski-6-768x476.jpg 768w, https:\/\/marekkuchcinski.pl\/wp-content\/uploads\/2018\/11\/11.10-pow.-jaros\u0142awski-6-1024x634.jpg 1024w\" sizes=\"(max-width: 3724px) 100vw, 3724px\" \/><\/a> <a href=\"https:\/\/marekkuchcinski.pl\/wp-content\/uploads\/2018\/11\/11.10-pow.-jaros\u0142awski-7.jpg\"><img loading=\"lazy\" decoding=\"async\" class=\"alignnone size-full wp-image-10816\" src=\"https:\/\/marekkuchcinski.pl\/wp-content\/uploads\/2018\/11\/11.10-pow.-jaros\u0142awski-7.jpg\" alt=\"11.10 pow. jaros\u0142awski 7\" width=\"1876\" height=\"1466\" srcset=\"https:\/\/marekkuchcinski.pl\/wp-content\/uploads\/2018\/11\/11.10-pow.-jaros\u0142awski-7.jpg 1876w, https:\/\/marekkuchcinski.pl\/wp-content\/uploads\/2018\/11\/11.10-pow.-jaros\u0142awski-7-300x234.jpg 300w, https:\/\/marekkuchcinski.pl\/wp-content\/uploads\/2018\/11\/11.10-pow.-jaros\u0142awski-7-768x600.jpg 768w, https:\/\/marekkuchcinski.pl\/wp-content\/uploads\/2018\/11\/11.10-pow.-jaros\u0142awski-7-1024x800.jpg 1024w\" sizes=\"(max-width: 1876px) 100vw, 1876px\" \/><\/a><\/p>\n<p dir=\"ltr\"><strong>\u00a011. okt\u00f3bra<\/strong><\/p>\n<p dir=\"ltr\"><strong>Medzin\u00e1rodn\u00e9 f\u00f3rum karpatskej spolupr\u00e1ce<\/strong><\/p>\n<p dir=\"ltr\">Z poh\u013eadu parlamentu, org\u00e1nov ka\u017ed\u00e9ho \u0161t\u00e1tu zapojen\u00e9ho do Karpatsk\u00e9ho euroregi\u00f3nu, je na\u0161ou prvoradou \u00falohou zabezpe\u010di\u0165 bezpe\u010dnos\u0165 na\u0161ich ob\u010danov. Tento pojem bezpe\u010dnosti sa m\u00f4\u017ee vz\u0165ahova\u0165 na v\u0161etky oblasti \u010dinnosti: od oblasti kult\u00fary, ochrany pr\u00edrody a \u017eivotn\u00e9ho prostredia a\u017e po tvrd\u00fa ekonomiku a politiku \u010di doslovne ch\u00e1pan\u00fa bezpe\u010dnos\u0165 - povedal predseda Sejmu Marek Kuchci\u0144ski pri otvoren\u00ed Medzin\u00e1rodn\u00e9ho f\u00f3ra karpatskej spolupr\u00e1ce vo \u0161tvrtok <strong>v Rzeszowe<\/strong>.<\/p>\n<p dir=\"ltr\">Podujatie spojen\u00e9 s 25. v\u00fdro\u010d\u00edm Karpatsk\u00e9ho euroregi\u00f3nu sa konalo pod mottom \"Karpaty - spolo\u010dn\u00fd soci\u00e1lny a hospod\u00e1rsky priestor na prahu nov\u00fdch v\u00fdziev\". - Z poh\u013eadu posledn\u00fdch 25 rokov existencie Karpatsk\u00e9ho euroregi\u00f3nu vid\u00edme, ak\u00e1 d\u00f4le\u017eit\u00e1 je spolupr\u00e1ca medzi prostred\u00edm a verejn\u00fdmi org\u00e1nmi jednotliv\u00fdch segmentov: miestnej, samospr\u00e1vnej a \u0161t\u00e1tnej spr\u00e1vy v na\u0161ej \u010dasti Eur\u00f3py, - povedal Marek Kuchci\u0144ski. - Takto chceme vyvodi\u0165 spr\u00e1vne z\u00e1very z na\u0161ej minulosti, ktor\u00e1 bola pre mnoh\u00fdch predkov niekedy n\u00e1dhern\u00e1, hrdinsk\u00e1, ale aj dramatick\u00e1. Spolupr\u00e1ca a n\u00e1vrhy vypl\u00fdvaj\u00face z \u010dinnosti Karpatsk\u00e9ho euroregi\u00f3nu s\u00fa dlhodob\u00e9 n\u00e1vrhy, a to aj z toho d\u00f4vodu, \u017ee ide o n\u00e1vrh spolupr\u00e1ce medzi r\u00f4znymi prostrediami a r\u00f4znymi org\u00e1nmi. Nejde len o spolupr\u00e1cu medzi miestnymi org\u00e1nmi vojvodstva, vojvodom a vojvodstvom alebo okresom a krajom. Ide o r\u00f4zne n\u00e1vrhy, na ktor\u00fdch sa podie\u013eaj\u00fa mimovl\u00e1dne organiz\u00e1cie, in\u0161tit\u00facie, podniky, ale aj \u0161t\u00e1tne org\u00e1ny v r\u00e1mci spolupr\u00e1ce. T\u00e1to forma \u010dinnosti je d\u00f4le\u017eit\u00e1 pre posilnenie spolupr\u00e1ce medzi krajinami strednej Eur\u00f3py, hoci geograficky hovor\u00edme len o jednom regi\u00f3ne, o Karpatoch, ale v rovnakom zmysle mus\u00edme hovori\u0165 o celej strednej Eur\u00f3pe. Ak hovor\u00edme o bud\u00facnosti a rozvoji tak\u00fdch iniciat\u00edv, ako je Inter-Morze alebo Tri-Morze, je zrejm\u00e9, \u017ee Karpatsk\u00fd euroregi\u00f3n m\u00e1 pripraven\u00fa rotu pre rozvoj takejto spolupr\u00e1ce po\u010das celej tejto gener\u00e1cie - zhodnotil predseda Sejmu.<\/p>\n<p dir=\"ltr\">Po\u010das f\u00f3ra sa diskutovalo o viacer\u00fdch hlavn\u00fdch t\u00e9mach, medzi nimi \"Karpaty - medzi v\u0161ednos\u0165ou \u017eivota a snom o moci... M\u00f4\u017ee si eur\u00f3pska perif\u00e9ria dovoli\u0165 civiliza\u010dn\u00fd skok?\", \"Odolnos\u0165 vo\u010di in\u0161pir\u00e1cii? M\u00f4\u017eu eur\u00f3pske sk\u00fasenosti pom\u00f4c\u0165 vytvori\u0165 v Karpatoch destin\u00e1ciu svetov\u00e9ho v\u00fdznamu?\", \"Zelen\u00e9 steny. Ako optimalizova\u0165 spolupr\u00e1cu medzi chr\u00e1nen\u00fdmi oblas\u0165ami a soci\u00e1lno-ekonomick\u00fdm prostred\u00edm pre rozvoj?\", \"Kde je m\u00fadros\u0165? Stratili sme ho vo vedomostiach. Kde s\u00fa vedomosti? Stratili sme ho v inform\u00e1ci\u00e1ch... Ako vyu\u017ei\u0165 inform\u00e1cie pri riaden\u00ed procesov \u00fazemn\u00e9ho rozvoja?\".<\/p>\n<p dir=\"ltr\">Diskutovalo sa aj o nov\u00fdch trendoch a v\u00fdvoji, ako aj o budovan\u00ed zna\u010dky a propag\u00e1cii Karp\u00e1t na internete po\u010das panelov \"Ako efekt\u00edvne a v\u00fdhodne preda\u0165 zna\u010dku miesta?\" a \"Soci\u00e1lne m\u00e9di\u00e1 a blogosf\u00e9ra\": \"Dobr\u00e1 komunik\u00e1cia stimuluje ako \u010dierna k\u00e1va. A rovnako \u0165a\u017eko sa po \u0148om zasp\u00e1va. Ako efekt\u00edvne budova\u0165 z\u00e1ujem v blogosf\u00e9re? Je mo\u017en\u00e9 sa tematicky a \u00fazemne integrova\u0165 v okol\u00ed Karp\u00e1t?<\/p>\n<p dir=\"ltr\"><strong>12. okt\u00f3bra<\/strong><\/p>\n<p><strong>Predseda Sejmu sa z\u00fa\u010dastnil na sl\u00e1vnostnom odhalen\u00ed a posv\u00e4ten\u00ed sochy sv\u00e4tej Katar\u00edny Alexandrijskej v Jasle.<\/strong><\/p>\n<p>- Sv\u00e4t\u00e1 Katar\u00edna je patr\u00f3nkou v\u00fdnimo\u010dn\u00fdch \u013eud\u00ed. Na mieste, ktor\u00e9 malo by\u0165 za\u010diatkom roka 2015 vyraden\u00e9 z prev\u00e1dzky, odhal\u00edme sochu. Som r\u00e1d, \u017ee sa n\u00e1m ho v\u010faka v\u00e1m podarilo zachr\u00e1ni\u0165 a obnovi\u0165. Nech patr\u00f3nka bdie nad v\u0161etk\u00fdmi zamestnancami - povedal Marek Kuchci\u0144ski.<\/p>\n<p><strong>Predseda parlamentu sa z\u00fa\u010dastnil aj na sl\u00e1vnostnom otvoren\u00ed a posv\u00e4ten\u00ed atletick\u00e9ho \u0161tadi\u00f3na v \u0161kolskom komplexe profesora Teodora Marchlewsk\u00e9ho.<\/strong><\/p>\n<p>- Atletick\u00fd \u0161tadi\u00f3n v <strong>Trzcinica<\/strong> je dobr\u00fdm pr\u00edkladom spolupr\u00e1ce medzi vl\u00e1dou a miestnou samospr\u00e1vou. Zariadenie bolo vybudovan\u00e9 okrem in\u00e9ho v\u010faka finan\u010dn\u00fdm prostriedkom z ministerstva \u0161portu a cestovn\u00e9ho ruchu. Po\u013esk\u00e1 vl\u00e1da podporuje rozvoj nielen ve\u013ek\u00fdch, ale aj mal\u00fdch miest. Kon\u00e1me tak, aby sme okrem in\u00e9ho mohli prostredn\u00edctvom tak\u00fdchto invest\u00edci\u00ed prispie\u0165 k obnove po\u013esk\u00e9ho \u0161t\u00e1tu. Prajem ve\u013ea \u00faspechov a v\u00ed\u0165azstiev v\u0161etk\u00fdm, ktor\u00ed bud\u00fa vyu\u017e\u00edva\u0165 tento \u0161tadi\u00f3n.<\/p>\n<p><a href=\"https:\/\/marekkuchcinski.pl\/wp-content\/uploads\/2018\/11\/12.10-Trzcinica-1.jpg\"><img loading=\"lazy\" decoding=\"async\" class=\"alignnone size-full wp-image-10827\" src=\"https:\/\/marekkuchcinski.pl\/wp-content\/uploads\/2018\/11\/12.10-Trzcinica-1.jpg\" alt=\"12.10 Trzcinica 1\" width=\"2000\" height=\"1500\" srcset=\"https:\/\/marekkuchcinski.pl\/wp-content\/uploads\/2018\/11\/12.10-Trzcinica-1.jpg 2000w, https:\/\/marekkuchcinski.pl\/wp-content\/uploads\/2018\/11\/12.10-Trzcinica-1-300x225.jpg 300w, https:\/\/marekkuchcinski.pl\/wp-content\/uploads\/2018\/11\/12.10-Trzcinica-1-768x576.jpg 768w, https:\/\/marekkuchcinski.pl\/wp-content\/uploads\/2018\/11\/12.10-Trzcinica-1-1024x768.jpg 1024w\" sizes=\"(max-width: 2000px) 100vw, 2000px\" \/><\/a> <a href=\"https:\/\/marekkuchcinski.pl\/wp-content\/uploads\/2018\/11\/12.10-Trzcinica-4.jpg\"><img loading=\"lazy\" decoding=\"async\" class=\"alignnone size-full wp-image-10828\" src=\"https:\/\/marekkuchcinski.pl\/wp-content\/uploads\/2018\/11\/12.10-Trzcinica-4.jpg\" alt=\"12.10 Trzcinica 4\" width=\"2000\" height=\"1500\" srcset=\"https:\/\/marekkuchcinski.pl\/wp-content\/uploads\/2018\/11\/12.10-Trzcinica-4.jpg 2000w, https:\/\/marekkuchcinski.pl\/wp-content\/uploads\/2018\/11\/12.10-Trzcinica-4-300x225.jpg 300w, https:\/\/marekkuchcinski.pl\/wp-content\/uploads\/2018\/11\/12.10-Trzcinica-4-768x576.jpg 768w, https:\/\/marekkuchcinski.pl\/wp-content\/uploads\/2018\/11\/12.10-Trzcinica-4-1024x768.jpg 1024w\" sizes=\"(max-width: 2000px) 100vw, 2000px\" \/><\/a><a href=\"https:\/\/marekkuchcinski.pl\/wp-content\/uploads\/2018\/11\/12.10-Trzcinica-7.jpg\"><img loading=\"lazy\" decoding=\"async\" class=\"alignnone size-full wp-image-10830\" src=\"https:\/\/marekkuchcinski.pl\/wp-content\/uploads\/2018\/11\/12.10-Trzcinica-7.jpg\" alt=\"12.10 Trzcinica 7\" width=\"1998\" height=\"1400\" srcset=\"https:\/\/marekkuchcinski.pl\/wp-content\/uploads\/2018\/11\/12.10-Trzcinica-7.jpg 1998w, https:\/\/marekkuchcinski.pl\/wp-content\/uploads\/2018\/11\/12.10-Trzcinica-7-300x210.jpg 300w, https:\/\/marekkuchcinski.pl\/wp-content\/uploads\/2018\/11\/12.10-Trzcinica-7-768x538.jpg 768w, https:\/\/marekkuchcinski.pl\/wp-content\/uploads\/2018\/11\/12.10-Trzcinica-7-1024x718.jpg 1024w\" sizes=\"(max-width: 1998px) 100vw, 1998px\" \/><\/a><\/p>\n<p><strong>Mar\u0161al nav\u0161t\u00edvil<\/strong> <strong>Okres Krosno (Korczyna, Iwonicz-Zdr\u00f3j, Zr\u0119cin, Dukla)<\/strong>. - V miestnej samospr\u00e1ve potrebujeme dobr\u00fdch partnerov. Vyz\u00fdvam v\u00e1s, aby ste sa z\u00fa\u010dastnili na vo\u013eb\u00e1ch a volili na\u0161ich kandid\u00e1tov. Chceme by\u0165 spokojn\u00ed s na\u0161imi mal\u00fdmi domovinami. Dobr\u00e1 zmena by mala zasiahnu\u0165 v\u0161ade, vr\u00e1tane miestnych samospr\u00e1v.<\/p>\n<p><a href=\"https:\/\/marekkuchcinski.pl\/wp-content\/uploads\/2018\/11\/12.10-pow.-kro\u015bnie\u0144ski-12.jpg\"><img loading=\"lazy\" decoding=\"async\" class=\"alignnone size-full wp-image-10832\" src=\"https:\/\/marekkuchcinski.pl\/wp-content\/uploads\/2018\/11\/12.10-pow.-kro\u015bnie\u0144ski-12.jpg\" alt=\"12.10 pow. kro\u015bnie\u0144ski 12\" width=\"2000\" height=\"1500\" srcset=\"https:\/\/marekkuchcinski.pl\/wp-content\/uploads\/2018\/11\/12.10-pow.-kro\u015bnie\u0144ski-12.jpg 2000w, https:\/\/marekkuchcinski.pl\/wp-content\/uploads\/2018\/11\/12.10-pow.-kro\u015bnie\u0144ski-12-300x225.jpg 300w, https:\/\/marekkuchcinski.pl\/wp-content\/uploads\/2018\/11\/12.10-pow.-kro\u015bnie\u0144ski-12-768x576.jpg 768w, https:\/\/marekkuchcinski.pl\/wp-content\/uploads\/2018\/11\/12.10-pow.-kro\u015bnie\u0144ski-12-1024x768.jpg 1024w\" sizes=\"(max-width: 2000px) 100vw, 2000px\" \/><\/a> <a href=\"https:\/\/marekkuchcinski.pl\/wp-content\/uploads\/2018\/11\/12.10-pow.-kro\u015bnie\u0144ski-11.jpg\"><img loading=\"lazy\" decoding=\"async\" class=\"alignnone size-full wp-image-10833\" src=\"https:\/\/marekkuchcinski.pl\/wp-content\/uploads\/2018\/11\/12.10-pow.-kro\u015bnie\u0144ski-11.jpg\" alt=\"12.10 pow. kro\u015bnie\u0144ski 11\" width=\"2000\" height=\"1500\" srcset=\"https:\/\/marekkuchcinski.pl\/wp-content\/uploads\/2018\/11\/12.10-pow.-kro\u015bnie\u0144ski-11.jpg 2000w, https:\/\/marekkuchcinski.pl\/wp-content\/uploads\/2018\/11\/12.10-pow.-kro\u015bnie\u0144ski-11-300x225.jpg 300w, https:\/\/marekkuchcinski.pl\/wp-content\/uploads\/2018\/11\/12.10-pow.-kro\u015bnie\u0144ski-11-768x576.jpg 768w, https:\/\/marekkuchcinski.pl\/wp-content\/uploads\/2018\/11\/12.10-pow.-kro\u015bnie\u0144ski-11-1024x768.jpg 1024w\" sizes=\"(max-width: 2000px) 100vw, 2000px\" \/><\/a> <a href=\"https:\/\/marekkuchcinski.pl\/wp-content\/uploads\/2018\/11\/12.10-pow.-kro\u015bnie\u0144ski-10.jpg\"><img loading=\"lazy\" decoding=\"async\" class=\"alignnone size-full wp-image-10834\" src=\"https:\/\/marekkuchcinski.pl\/wp-content\/uploads\/2018\/11\/12.10-pow.-kro\u015bnie\u0144ski-10.jpg\" alt=\"12.10 pow. kro\u015bnie\u0144ski 10\" width=\"2000\" height=\"1500\" srcset=\"https:\/\/marekkuchcinski.pl\/wp-content\/uploads\/2018\/11\/12.10-pow.-kro\u015bnie\u0144ski-10.jpg 2000w, https:\/\/marekkuchcinski.pl\/wp-content\/uploads\/2018\/11\/12.10-pow.-kro\u015bnie\u0144ski-10-300x225.jpg 300w, https:\/\/marekkuchcinski.pl\/wp-content\/uploads\/2018\/11\/12.10-pow.-kro\u015bnie\u0144ski-10-768x576.jpg 768w, https:\/\/marekkuchcinski.pl\/wp-content\/uploads\/2018\/11\/12.10-pow.-kro\u015bnie\u0144ski-10-1024x768.jpg 1024w\" sizes=\"(max-width: 2000px) 100vw, 2000px\" \/><\/a> <a href=\"https:\/\/marekkuchcinski.pl\/wp-content\/uploads\/2018\/11\/12.10-pow.-kro\u015bnie\u0144ski-9.jpg\"><img loading=\"lazy\" decoding=\"async\" class=\"alignnone size-full wp-image-10835\" src=\"https:\/\/marekkuchcinski.pl\/wp-content\/uploads\/2018\/11\/12.10-pow.-kro\u015bnie\u0144ski-9.jpg\" alt=\"12.10 pow. kro\u015bnie\u0144ski 9\" width=\"2000\" height=\"1500\" srcset=\"https:\/\/marekkuchcinski.pl\/wp-content\/uploads\/2018\/11\/12.10-pow.-kro\u015bnie\u0144ski-9.jpg 2000w, https:\/\/marekkuchcinski.pl\/wp-content\/uploads\/2018\/11\/12.10-pow.-kro\u015bnie\u0144ski-9-300x225.jpg 300w, https:\/\/marekkuchcinski.pl\/wp-content\/uploads\/2018\/11\/12.10-pow.-kro\u015bnie\u0144ski-9-768x576.jpg 768w, https:\/\/marekkuchcinski.pl\/wp-content\/uploads\/2018\/11\/12.10-pow.-kro\u015bnie\u0144ski-9-1024x768.jpg 1024w\" sizes=\"(max-width: 2000px) 100vw, 2000px\" \/><\/a> <a href=\"https:\/\/marekkuchcinski.pl\/wp-content\/uploads\/2018\/11\/12.10-pow.-kro\u015bnie\u0144ski-6.jpg\"><img loading=\"lazy\" decoding=\"async\" class=\"alignnone size-full wp-image-10838\" src=\"https:\/\/marekkuchcinski.pl\/wp-content\/uploads\/2018\/11\/12.10-pow.-kro\u015bnie\u0144ski-6.jpg\" alt=\"12.10 pow. kro\u015bnie\u0144ski 6\" width=\"1773\" height=\"1062\" srcset=\"https:\/\/marekkuchcinski.pl\/wp-content\/uploads\/2018\/11\/12.10-pow.-kro\u015bnie\u0144ski-6.jpg 1773w, https:\/\/marekkuchcinski.pl\/wp-content\/uploads\/2018\/11\/12.10-pow.-kro\u015bnie\u0144ski-6-300x180.jpg 300w, https:\/\/marekkuchcinski.pl\/wp-content\/uploads\/2018\/11\/12.10-pow.-kro\u015bnie\u0144ski-6-768x460.jpg 768w, https:\/\/marekkuchcinski.pl\/wp-content\/uploads\/2018\/11\/12.10-pow.-kro\u015bnie\u0144ski-6-1024x613.jpg 1024w\" sizes=\"(max-width: 1773px) 100vw, 1773px\" \/><\/a> <a href=\"https:\/\/marekkuchcinski.pl\/wp-content\/uploads\/2018\/11\/12.10-pow.-kro\u015bnie\u0144ski-2.jpg\"><img loading=\"lazy\" decoding=\"async\" class=\"alignnone size-full wp-image-10842\" src=\"https:\/\/marekkuchcinski.pl\/wp-content\/uploads\/2018\/11\/12.10-pow.-kro\u015bnie\u0144ski-2.jpg\" alt=\"12.10 pow. kro\u015bnie\u0144ski 2\" width=\"2000\" height=\"1500\" srcset=\"https:\/\/marekkuchcinski.pl\/wp-content\/uploads\/2018\/11\/12.10-pow.-kro\u015bnie\u0144ski-2.jpg 2000w, https:\/\/marekkuchcinski.pl\/wp-content\/uploads\/2018\/11\/12.10-pow.-kro\u015bnie\u0144ski-2-300x225.jpg 300w, https:\/\/marekkuchcinski.pl\/wp-content\/uploads\/2018\/11\/12.10-pow.-kro\u015bnie\u0144ski-2-768x576.jpg 768w, https:\/\/marekkuchcinski.pl\/wp-content\/uploads\/2018\/11\/12.10-pow.-kro\u015bnie\u0144ski-2-1024x768.jpg 1024w\" sizes=\"(max-width: 2000px) 100vw, 2000px\" \/><\/a><\/p>\n<p><strong>13. okt\u00f3bra <\/strong><\/p>\n<p><strong>Mar\u0161al sa z\u00fa\u010dastnil na okresnom zjazde v Lubaczowe a na stretnut\u00ed v Novom Brusne.<\/strong><\/p>\n<p>Predstavil programy, ktor\u00e9 zaviedla vl\u00e1da a z ktor\u00fdch m\u00f4\u017eu profitova\u0165 mest\u00e1, obce a okresy.<\/p>\n<p><a href=\"https:\/\/marekkuchcinski.pl\/wp-content\/uploads\/2018\/11\/13.10-Nowe-Brusno-2.jpg\"><img loading=\"lazy\" decoding=\"async\" class=\"alignnone size-full wp-image-10848\" src=\"https:\/\/marekkuchcinski.pl\/wp-content\/uploads\/2018\/11\/13.10-Nowe-Brusno-2.jpg\" alt=\"13.10 Nowe Brusno 2\" width=\"2000\" height=\"1500\" srcset=\"https:\/\/marekkuchcinski.pl\/wp-content\/uploads\/2018\/11\/13.10-Nowe-Brusno-2.jpg 2000w, https:\/\/marekkuchcinski.pl\/wp-content\/uploads\/2018\/11\/13.10-Nowe-Brusno-2-300x225.jpg 300w, https:\/\/marekkuchcinski.pl\/wp-content\/uploads\/2018\/11\/13.10-Nowe-Brusno-2-768x576.jpg 768w, https:\/\/marekkuchcinski.pl\/wp-content\/uploads\/2018\/11\/13.10-Nowe-Brusno-2-1024x768.jpg 1024w\" sizes=\"(max-width: 2000px) 100vw, 2000px\" \/><\/a> <a href=\"https:\/\/marekkuchcinski.pl\/wp-content\/uploads\/2018\/11\/13.10-Nowe-Brusno-1.jpg\"><img loading=\"lazy\" decoding=\"async\" class=\"alignnone size-full wp-image-10849\" src=\"https:\/\/marekkuchcinski.pl\/wp-content\/uploads\/2018\/11\/13.10-Nowe-Brusno-1.jpg\" alt=\"13.10 Nowe Brusno 1\" width=\"2000\" height=\"1500\" srcset=\"https:\/\/marekkuchcinski.pl\/wp-content\/uploads\/2018\/11\/13.10-Nowe-Brusno-1.jpg 2000w, https:\/\/marekkuchcinski.pl\/wp-content\/uploads\/2018\/11\/13.10-Nowe-Brusno-1-300x225.jpg 300w, https:\/\/marekkuchcinski.pl\/wp-content\/uploads\/2018\/11\/13.10-Nowe-Brusno-1-768x576.jpg 768w, https:\/\/marekkuchcinski.pl\/wp-content\/uploads\/2018\/11\/13.10-Nowe-Brusno-1-1024x768.jpg 1024w\" sizes=\"(max-width: 2000px) 100vw, 2000px\" \/><\/a> <a href=\"https:\/\/marekkuchcinski.pl\/wp-content\/uploads\/2018\/11\/13.10-Lubacz\u00f3w-6.jpg\"><img loading=\"lazy\" decoding=\"async\" class=\"alignnone size-full wp-image-10850\" src=\"https:\/\/marekkuchcinski.pl\/wp-content\/uploads\/2018\/11\/13.10-Lubacz\u00f3w-6.jpg\" alt=\"13.10 Lubacz\u00f3w 6\" width=\"2000\" height=\"1500\" srcset=\"https:\/\/marekkuchcinski.pl\/wp-content\/uploads\/2018\/11\/13.10-Lubacz\u00f3w-6.jpg 2000w, https:\/\/marekkuchcinski.pl\/wp-content\/uploads\/2018\/11\/13.10-Lubacz\u00f3w-6-300x225.jpg 300w, https:\/\/marekkuchcinski.pl\/wp-content\/uploads\/2018\/11\/13.10-Lubacz\u00f3w-6-768x576.jpg 768w, https:\/\/marekkuchcinski.pl\/wp-content\/uploads\/2018\/11\/13.10-Lubacz\u00f3w-6-1024x768.jpg 1024w\" sizes=\"(max-width: 2000px) 100vw, 2000px\" \/><\/a> <a href=\"https:\/\/marekkuchcinski.pl\/wp-content\/uploads\/2018\/11\/13.10-Lubacz\u00f3w-4.jpg\"><img loading=\"lazy\" decoding=\"async\" class=\"alignnone size-full wp-image-10851\" src=\"https:\/\/marekkuchcinski.pl\/wp-content\/uploads\/2018\/11\/13.10-Lubacz\u00f3w-4.jpg\" alt=\"13.10 Lubacz\u00f3w 4\" width=\"2000\" height=\"1500\" srcset=\"https:\/\/marekkuchcinski.pl\/wp-content\/uploads\/2018\/11\/13.10-Lubacz\u00f3w-4.jpg 2000w, https:\/\/marekkuchcinski.pl\/wp-content\/uploads\/2018\/11\/13.10-Lubacz\u00f3w-4-300x225.jpg 300w, https:\/\/marekkuchcinski.pl\/wp-content\/uploads\/2018\/11\/13.10-Lubacz\u00f3w-4-768x576.jpg 768w, https:\/\/marekkuchcinski.pl\/wp-content\/uploads\/2018\/11\/13.10-Lubacz\u00f3w-4-1024x768.jpg 1024w\" sizes=\"(max-width: 2000px) 100vw, 2000px\" \/><\/a> <a href=\"https:\/\/marekkuchcinski.pl\/wp-content\/uploads\/2018\/11\/13.10-Lubacz\u00f3w-3.jpg\"><img loading=\"lazy\" decoding=\"async\" class=\"alignnone size-full wp-image-10852\" src=\"https:\/\/marekkuchcinski.pl\/wp-content\/uploads\/2018\/11\/13.10-Lubacz\u00f3w-3.jpg\" alt=\"13.10 Lubacz\u00f3w 3\" width=\"2000\" height=\"1500\" srcset=\"https:\/\/marekkuchcinski.pl\/wp-content\/uploads\/2018\/11\/13.10-Lubacz\u00f3w-3.jpg 2000w, https:\/\/marekkuchcinski.pl\/wp-content\/uploads\/2018\/11\/13.10-Lubacz\u00f3w-3-300x225.jpg 300w, https:\/\/marekkuchcinski.pl\/wp-content\/uploads\/2018\/11\/13.10-Lubacz\u00f3w-3-768x576.jpg 768w, https:\/\/marekkuchcinski.pl\/wp-content\/uploads\/2018\/11\/13.10-Lubacz\u00f3w-3-1024x768.jpg 1024w\" sizes=\"(max-width: 2000px) 100vw, 2000px\" \/><\/a> <a href=\"https:\/\/marekkuchcinski.pl\/wp-content\/uploads\/2018\/11\/13.10-Lubacz\u00f3w-2.jpg\"><img loading=\"lazy\" decoding=\"async\" class=\"alignnone size-full wp-image-10853\" src=\"https:\/\/marekkuchcinski.pl\/wp-content\/uploads\/2018\/11\/13.10-Lubacz\u00f3w-2.jpg\" alt=\"13.10 Lubacz\u00f3w 2\" width=\"2000\" height=\"1500\" srcset=\"https:\/\/marekkuchcinski.pl\/wp-content\/uploads\/2018\/11\/13.10-Lubacz\u00f3w-2.jpg 2000w, https:\/\/marekkuchcinski.pl\/wp-content\/uploads\/2018\/11\/13.10-Lubacz\u00f3w-2-300x225.jpg 300w, https:\/\/marekkuchcinski.pl\/wp-content\/uploads\/2018\/11\/13.10-Lubacz\u00f3w-2-768x576.jpg 768w, https:\/\/marekkuchcinski.pl\/wp-content\/uploads\/2018\/11\/13.10-Lubacz\u00f3w-2-1024x768.jpg 1024w\" sizes=\"(max-width: 2000px) 100vw, 2000px\" \/><\/a> <a href=\"https:\/\/marekkuchcinski.pl\/wp-content\/uploads\/2018\/11\/13.10-Lubacz\u00f3w-1.jpg\"><img loading=\"lazy\" decoding=\"async\" class=\"alignnone size-full wp-image-10854\" src=\"https:\/\/marekkuchcinski.pl\/wp-content\/uploads\/2018\/11\/13.10-Lubacz\u00f3w-1.jpg\" alt=\"13.10 Lubacz\u00f3w 1\" width=\"2000\" height=\"1500\" srcset=\"https:\/\/marekkuchcinski.pl\/wp-content\/uploads\/2018\/11\/13.10-Lubacz\u00f3w-1.jpg 2000w, https:\/\/marekkuchcinski.pl\/wp-content\/uploads\/2018\/11\/13.10-Lubacz\u00f3w-1-300x225.jpg 300w, https:\/\/marekkuchcinski.pl\/wp-content\/uploads\/2018\/11\/13.10-Lubacz\u00f3w-1-768x576.jpg 768w, https:\/\/marekkuchcinski.pl\/wp-content\/uploads\/2018\/11\/13.10-Lubacz\u00f3w-1-1024x768.jpg 1024w\" sizes=\"(max-width: 2000px) 100vw, 2000px\" \/><\/a><\/p>\n<p><strong>14. okt\u00f3bra<\/strong><\/p>\n<p><strong>Mar\u0161al sa z\u00fa\u010dastnil na stretnutiach v Babiciach, \u017burawici, Tyrawe Wo\u0142oskej a na \u017eupn\u00fdch zjazdoch v Ustrzykoch Doln\u00fdch a Lesku.<\/strong><\/p>\n<p><a href=\"https:\/\/marekkuchcinski.pl\/wp-content\/uploads\/2018\/11\/13.10-Nowe-Brusno-2-1.jpg\"><img loading=\"lazy\" decoding=\"async\" class=\"alignnone size-full wp-image-10878\" src=\"https:\/\/marekkuchcinski.pl\/wp-content\/uploads\/2018\/11\/13.10-Nowe-Brusno-2-1.jpg\" alt=\"13.10 Nowe Brusno 2\" width=\"2000\" height=\"1500\" srcset=\"https:\/\/marekkuchcinski.pl\/wp-content\/uploads\/2018\/11\/13.10-Nowe-Brusno-2-1.jpg 2000w, https:\/\/marekkuchcinski.pl\/wp-content\/uploads\/2018\/11\/13.10-Nowe-Brusno-2-1-300x225.jpg 300w, https:\/\/marekkuchcinski.pl\/wp-content\/uploads\/2018\/11\/13.10-Nowe-Brusno-2-1-768x576.jpg 768w, https:\/\/marekkuchcinski.pl\/wp-content\/uploads\/2018\/11\/13.10-Nowe-Brusno-2-1-1024x768.jpg 1024w\" sizes=\"(max-width: 2000px) 100vw, 2000px\" \/><\/a> <a href=\"https:\/\/marekkuchcinski.pl\/wp-content\/uploads\/2018\/11\/13.10-Nowe-Brusno-1-1.jpg\"><img loading=\"lazy\" decoding=\"async\" class=\"alignnone size-full wp-image-10879\" src=\"https:\/\/marekkuchcinski.pl\/wp-content\/uploads\/2018\/11\/13.10-Nowe-Brusno-1-1.jpg\" alt=\"13.10 Nowe Brusno 1\" width=\"2000\" height=\"1500\" srcset=\"https:\/\/marekkuchcinski.pl\/wp-content\/uploads\/2018\/11\/13.10-Nowe-Brusno-1-1.jpg 2000w, https:\/\/marekkuchcinski.pl\/wp-content\/uploads\/2018\/11\/13.10-Nowe-Brusno-1-1-300x225.jpg 300w, https:\/\/marekkuchcinski.pl\/wp-content\/uploads\/2018\/11\/13.10-Nowe-Brusno-1-1-768x576.jpg 768w, https:\/\/marekkuchcinski.pl\/wp-content\/uploads\/2018\/11\/13.10-Nowe-Brusno-1-1-1024x768.jpg 1024w\" sizes=\"(max-width: 2000px) 100vw, 2000px\" \/><\/a> <a href=\"https:\/\/marekkuchcinski.pl\/wp-content\/uploads\/2018\/11\/14.10-Lesko-5.jpg\"><img loading=\"lazy\" decoding=\"async\" class=\"alignnone size-full wp-image-10885\" src=\"https:\/\/marekkuchcinski.pl\/wp-content\/uploads\/2018\/11\/14.10-Lesko-5.jpg\" alt=\"14.10 Lesko 5\" width=\"4000\" height=\"3000\" srcset=\"https:\/\/marekkuchcinski.pl\/wp-content\/uploads\/2018\/11\/14.10-Lesko-5.jpg 2048w, https:\/\/marekkuchcinski.pl\/wp-content\/uploads\/2018\/11\/14.10-Lesko-5-300x225.jpg 300w, https:\/\/marekkuchcinski.pl\/wp-content\/uploads\/2018\/11\/14.10-Lesko-5-768x576.jpg 768w, https:\/\/marekkuchcinski.pl\/wp-content\/uploads\/2018\/11\/14.10-Lesko-5-1024x768.jpg 1024w\" sizes=\"(max-width: 4000px) 100vw, 4000px\" \/><\/a> <a href=\"https:\/\/marekkuchcinski.pl\/wp-content\/uploads\/2018\/11\/14.10-Lesko-4.jpg\"><img loading=\"lazy\" decoding=\"async\" class=\"alignnone size-full wp-image-10886\" src=\"https:\/\/marekkuchcinski.pl\/wp-content\/uploads\/2018\/11\/14.10-Lesko-4.jpg\" alt=\"14.10 Lesko 4\" width=\"4000\" height=\"3000\" srcset=\"https:\/\/marekkuchcinski.pl\/wp-content\/uploads\/2018\/11\/14.10-Lesko-4.jpg 2048w, https:\/\/marekkuchcinski.pl\/wp-content\/uploads\/2018\/11\/14.10-Lesko-4-300x225.jpg 300w, https:\/\/marekkuchcinski.pl\/wp-content\/uploads\/2018\/11\/14.10-Lesko-4-768x576.jpg 768w, https:\/\/marekkuchcinski.pl\/wp-content\/uploads\/2018\/11\/14.10-Lesko-4-1024x768.jpg 1024w\" sizes=\"(max-width: 4000px) 100vw, 4000px\" \/><\/a> <a href=\"https:\/\/marekkuchcinski.pl\/wp-content\/uploads\/2018\/11\/14.10-Lesko-3.jpg\"><img loading=\"lazy\" decoding=\"async\" class=\"alignnone size-full wp-image-10887\" src=\"https:\/\/marekkuchcinski.pl\/wp-content\/uploads\/2018\/11\/14.10-Lesko-3.jpg\" alt=\"14.10 Lesko 3\" width=\"2000\" height=\"1500\" srcset=\"https:\/\/marekkuchcinski.pl\/wp-content\/uploads\/2018\/11\/14.10-Lesko-3.jpg 2000w, https:\/\/marekkuchcinski.pl\/wp-content\/uploads\/2018\/11\/14.10-Lesko-3-300x225.jpg 300w, https:\/\/marekkuchcinski.pl\/wp-content\/uploads\/2018\/11\/14.10-Lesko-3-768x576.jpg 768w, https:\/\/marekkuchcinski.pl\/wp-content\/uploads\/2018\/11\/14.10-Lesko-3-1024x768.jpg 1024w\" sizes=\"(max-width: 2000px) 100vw, 2000px\" \/><\/a> <a href=\"https:\/\/marekkuchcinski.pl\/wp-content\/uploads\/2018\/11\/14.10-Lesko-2.jpg\"><img loading=\"lazy\" decoding=\"async\" class=\"alignnone size-full wp-image-10888\" src=\"https:\/\/marekkuchcinski.pl\/wp-content\/uploads\/2018\/11\/14.10-Lesko-2.jpg\" alt=\"14.10 Lesko 2\" width=\"2000\" height=\"1500\" srcset=\"https:\/\/marekkuchcinski.pl\/wp-content\/uploads\/2018\/11\/14.10-Lesko-2.jpg 2000w, https:\/\/marekkuchcinski.pl\/wp-content\/uploads\/2018\/11\/14.10-Lesko-2-300x225.jpg 300w, https:\/\/marekkuchcinski.pl\/wp-content\/uploads\/2018\/11\/14.10-Lesko-2-768x576.jpg 768w, https:\/\/marekkuchcinski.pl\/wp-content\/uploads\/2018\/11\/14.10-Lesko-2-1024x768.jpg 1024w\" sizes=\"(max-width: 2000px) 100vw, 2000px\" \/><\/a> <a href=\"https:\/\/marekkuchcinski.pl\/wp-content\/uploads\/2018\/11\/14.10-Lesko-1.jpg\"><img loading=\"lazy\" decoding=\"async\" class=\"alignnone size-full wp-image-10889\" src=\"https:\/\/marekkuchcinski.pl\/wp-content\/uploads\/2018\/11\/14.10-Lesko-1.jpg\" alt=\"14.10 Lesko 1\" width=\"2000\" height=\"1500\" srcset=\"https:\/\/marekkuchcinski.pl\/wp-content\/uploads\/2018\/11\/14.10-Lesko-1.jpg 2000w, https:\/\/marekkuchcinski.pl\/wp-content\/uploads\/2018\/11\/14.10-Lesko-1-300x225.jpg 300w, https:\/\/marekkuchcinski.pl\/wp-content\/uploads\/2018\/11\/14.10-Lesko-1-768x576.jpg 768w, https:\/\/marekkuchcinski.pl\/wp-content\/uploads\/2018\/11\/14.10-Lesko-1-1024x768.jpg 1024w\" sizes=\"(max-width: 2000px) 100vw, 2000px\" \/><\/a> <a href=\"https:\/\/marekkuchcinski.pl\/wp-content\/uploads\/2018\/11\/14.10-Ustrzyki-Dolne-3.jpg\"><img loading=\"lazy\" decoding=\"async\" class=\"alignnone size-full wp-image-10890\" src=\"https:\/\/marekkuchcinski.pl\/wp-content\/uploads\/2018\/11\/14.10-Ustrzyki-Dolne-3.jpg\" alt=\"14.10 Ustrzyki Dolne 3\" width=\"1589\" height=\"1835\" srcset=\"https:\/\/marekkuchcinski.pl\/wp-content\/uploads\/2018\/11\/14.10-Ustrzyki-Dolne-3.jpg 1589w, https:\/\/marekkuchcinski.pl\/wp-content\/uploads\/2018\/11\/14.10-Ustrzyki-Dolne-3-260x300.jpg 260w, https:\/\/marekkuchcinski.pl\/wp-content\/uploads\/2018\/11\/14.10-Ustrzyki-Dolne-3-768x887.jpg 768w, https:\/\/marekkuchcinski.pl\/wp-content\/uploads\/2018\/11\/14.10-Ustrzyki-Dolne-3-887x1024.jpg 887w\" sizes=\"(max-width: 1589px) 100vw, 1589px\" \/><\/a> <a href=\"https:\/\/marekkuchcinski.pl\/wp-content\/uploads\/2018\/11\/14.10-Ustrzyki-Dolne-2.jpg\"><img loading=\"lazy\" decoding=\"async\" class=\"alignnone size-full wp-image-10891\" src=\"https:\/\/marekkuchcinski.pl\/wp-content\/uploads\/2018\/11\/14.10-Ustrzyki-Dolne-2.jpg\" alt=\"14.10 Ustrzyki Dolne 2\" width=\"2000\" height=\"1500\" srcset=\"https:\/\/marekkuchcinski.pl\/wp-content\/uploads\/2018\/11\/14.10-Ustrzyki-Dolne-2.jpg 2000w, https:\/\/marekkuchcinski.pl\/wp-content\/uploads\/2018\/11\/14.10-Ustrzyki-Dolne-2-300x225.jpg 300w, https:\/\/marekkuchcinski.pl\/wp-content\/uploads\/2018\/11\/14.10-Ustrzyki-Dolne-2-768x576.jpg 768w, https:\/\/marekkuchcinski.pl\/wp-content\/uploads\/2018\/11\/14.10-Ustrzyki-Dolne-2-1024x768.jpg 1024w\" sizes=\"(max-width: 2000px) 100vw, 2000px\" \/><\/a> <a href=\"https:\/\/marekkuchcinski.pl\/wp-content\/uploads\/2018\/11\/14.10-Ustrzyki-Dolne-1.jpg\"><img loading=\"lazy\" decoding=\"async\" class=\"alignnone size-full wp-image-10892\" src=\"https:\/\/marekkuchcinski.pl\/wp-content\/uploads\/2018\/11\/14.10-Ustrzyki-Dolne-1.jpg\" alt=\"14.10 Ustrzyki Dolne 1\" width=\"2000\" height=\"1500\" srcset=\"https:\/\/marekkuchcinski.pl\/wp-content\/uploads\/2018\/11\/14.10-Ustrzyki-Dolne-1.jpg 2000w, https:\/\/marekkuchcinski.pl\/wp-content\/uploads\/2018\/11\/14.10-Ustrzyki-Dolne-1-300x225.jpg 300w, https:\/\/marekkuchcinski.pl\/wp-content\/uploads\/2018\/11\/14.10-Ustrzyki-Dolne-1-768x576.jpg 768w, https:\/\/marekkuchcinski.pl\/wp-content\/uploads\/2018\/11\/14.10-Ustrzyki-Dolne-1-1024x768.jpg 1024w\" sizes=\"(max-width: 2000px) 100vw, 2000px\" \/><\/a> <a href=\"https:\/\/marekkuchcinski.pl\/wp-content\/uploads\/2018\/11\/14.10-Tyrawa-Wo\u0142oska-4.jpg\"><img loading=\"lazy\" decoding=\"async\" class=\"alignnone size-full wp-image-10893\" src=\"https:\/\/marekkuchcinski.pl\/wp-content\/uploads\/2018\/11\/14.10-Tyrawa-Wo\u0142oska-4.jpg\" alt=\"14.10 Tyrawa Wo\u0142oska 4\" width=\"2000\" height=\"1500\" srcset=\"https:\/\/marekkuchcinski.pl\/wp-content\/uploads\/2018\/11\/14.10-Tyrawa-Wo\u0142oska-4.jpg 2000w, https:\/\/marekkuchcinski.pl\/wp-content\/uploads\/2018\/11\/14.10-Tyrawa-Wo\u0142oska-4-300x225.jpg 300w, https:\/\/marekkuchcinski.pl\/wp-content\/uploads\/2018\/11\/14.10-Tyrawa-Wo\u0142oska-4-768x576.jpg 768w, https:\/\/marekkuchcinski.pl\/wp-content\/uploads\/2018\/11\/14.10-Tyrawa-Wo\u0142oska-4-1024x768.jpg 1024w\" sizes=\"(max-width: 2000px) 100vw, 2000px\" \/><\/a> <a href=\"https:\/\/marekkuchcinski.pl\/wp-content\/uploads\/2018\/11\/14.10-Babice-2.jpg\"><img loading=\"lazy\" decoding=\"async\" class=\"alignnone size-full wp-image-10898\" src=\"https:\/\/marekkuchcinski.pl\/wp-content\/uploads\/2018\/11\/14.10-Babice-2.jpg\" alt=\"14.10 Babice 2\" width=\"2000\" height=\"1500\" srcset=\"https:\/\/marekkuchcinski.pl\/wp-content\/uploads\/2018\/11\/14.10-Babice-2.jpg 2000w, https:\/\/marekkuchcinski.pl\/wp-content\/uploads\/2018\/11\/14.10-Babice-2-300x225.jpg 300w, https:\/\/marekkuchcinski.pl\/wp-content\/uploads\/2018\/11\/14.10-Babice-2-768x576.jpg 768w, https:\/\/marekkuchcinski.pl\/wp-content\/uploads\/2018\/11\/14.10-Babice-2-1024x768.jpg 1024w\" sizes=\"(max-width: 2000px) 100vw, 2000px\" \/><\/a> <a href=\"https:\/\/marekkuchcinski.pl\/wp-content\/uploads\/2018\/11\/14.10-Babice-1.jpg\"><img loading=\"lazy\" decoding=\"async\" class=\"alignnone size-full wp-image-10899\" src=\"https:\/\/marekkuchcinski.pl\/wp-content\/uploads\/2018\/11\/14.10-Babice-1.jpg\" alt=\"14.10 Babice 1\" width=\"2000\" height=\"1500\" srcset=\"https:\/\/marekkuchcinski.pl\/wp-content\/uploads\/2018\/11\/14.10-Babice-1.jpg 2000w, https:\/\/marekkuchcinski.pl\/wp-content\/uploads\/2018\/11\/14.10-Babice-1-300x225.jpg 300w, https:\/\/marekkuchcinski.pl\/wp-content\/uploads\/2018\/11\/14.10-Babice-1-768x576.jpg 768w, https:\/\/marekkuchcinski.pl\/wp-content\/uploads\/2018\/11\/14.10-Babice-1-1024x768.jpg 1024w\" sizes=\"(max-width: 2000px) 100vw, 2000px\" \/><\/a><\/p>\n<p><strong>16. okt\u00f3bra<\/strong><\/p>\n<p><strong>Marek Kuchci\u0144ski sa z\u00fa\u010dastnil na stretnutiach vo Valave a Przemy\u015bli.<\/strong><\/p>\n<p>- Dar\u00ed sa n\u00e1m v mnoh\u00fdch oblastiach. Na\u0161e aktivity prin\u00e1\u0161aj\u00fa dobr\u00e9 v\u00fdsledky, a preto sa m\u00f4\u017eeme rozhodn\u00fa\u0165 pre e\u0161te v\u00e4\u010d\u0161iu podporu, a to aj zo strany miestnych org\u00e1nov.<br \/>\nKladieme ve\u013ek\u00fd d\u00f4raz na rozvoj vysoko\u0161kolsk\u00e9ho vzdel\u00e1vania. Okrem in\u00e9ho chceme podpori\u0165 miestne org\u00e1ny prostredn\u00edctvom cestn\u00e9ho fondu, ktor\u00fd je rozsiahlym programom. Navrhujeme u\u013eah\u010di\u0165 vyu\u017e\u00edvanie t\u00fdchto pe\u0148az\u00ed. \u010eal\u0161ou pomocou je program termomoderniz\u00e1cie - tvrd\u00ed Marek Kuchci\u0144ski.<\/p>\n<p><a href=\"https:\/\/marekkuchcinski.pl\/wp-content\/uploads\/2018\/11\/16.10-Przemy\u015bl-3.jpg\"><img loading=\"lazy\" decoding=\"async\" class=\"alignnone size-full wp-image-10902\" src=\"https:\/\/marekkuchcinski.pl\/wp-content\/uploads\/2018\/11\/16.10-Przemy\u015bl-3.jpg\" alt=\"16.10 Przemy\u015bl 3\" width=\"2000\" height=\"1500\" srcset=\"https:\/\/marekkuchcinski.pl\/wp-content\/uploads\/2018\/11\/16.10-Przemy\u015bl-3.jpg 2000w, https:\/\/marekkuchcinski.pl\/wp-content\/uploads\/2018\/11\/16.10-Przemy\u015bl-3-300x225.jpg 300w, https:\/\/marekkuchcinski.pl\/wp-content\/uploads\/2018\/11\/16.10-Przemy\u015bl-3-768x576.jpg 768w, https:\/\/marekkuchcinski.pl\/wp-content\/uploads\/2018\/11\/16.10-Przemy\u015bl-3-1024x768.jpg 1024w\" sizes=\"(max-width: 2000px) 100vw, 2000px\" \/><\/a> <a href=\"https:\/\/marekkuchcinski.pl\/wp-content\/uploads\/2018\/11\/16.10-Przemy\u015bl-1.jpg\"><img loading=\"lazy\" decoding=\"async\" class=\"alignnone size-full wp-image-10904\" src=\"https:\/\/marekkuchcinski.pl\/wp-content\/uploads\/2018\/11\/16.10-Przemy\u015bl-1.jpg\" alt=\"16.10 Przemy\u015bl 1\" width=\"2762\" height=\"2971\" srcset=\"https:\/\/marekkuchcinski.pl\/wp-content\/uploads\/2018\/11\/16.10-Przemy\u015bl-1.jpg 1904w, https:\/\/marekkuchcinski.pl\/wp-content\/uploads\/2018\/11\/16.10-Przemy\u015bl-1-279x300.jpg 279w, https:\/\/marekkuchcinski.pl\/wp-content\/uploads\/2018\/11\/16.10-Przemy\u015bl-1-768x826.jpg 768w, https:\/\/marekkuchcinski.pl\/wp-content\/uploads\/2018\/11\/16.10-Przemy\u015bl-1-952x1024.jpg 952w\" sizes=\"(max-width: 2762px) 100vw, 2762px\" \/><\/a> <a href=\"https:\/\/marekkuchcinski.pl\/wp-content\/uploads\/2018\/11\/16.10-Walawa-3.jpg\"><img loading=\"lazy\" decoding=\"async\" class=\"alignnone size-full wp-image-10906\" src=\"https:\/\/marekkuchcinski.pl\/wp-content\/uploads\/2018\/11\/16.10-Walawa-3.jpg\" alt=\"16.10 Walawa 3\" width=\"2000\" height=\"1500\" srcset=\"https:\/\/marekkuchcinski.pl\/wp-content\/uploads\/2018\/11\/16.10-Walawa-3.jpg 2000w, https:\/\/marekkuchcinski.pl\/wp-content\/uploads\/2018\/11\/16.10-Walawa-3-300x225.jpg 300w, https:\/\/marekkuchcinski.pl\/wp-content\/uploads\/2018\/11\/16.10-Walawa-3-768x576.jpg 768w, https:\/\/marekkuchcinski.pl\/wp-content\/uploads\/2018\/11\/16.10-Walawa-3-1024x768.jpg 1024w\" sizes=\"(max-width: 2000px) 100vw, 2000px\" \/><\/a><\/p>\n<p><strong>17. okt\u00f3bra<\/strong><\/p>\n<p><strong>Tla\u010dov\u00e1 konferencia sa konala na Okresnom \u00farade v Kolbuszowej<\/strong> o invest\u00edci\u00e1ch v okrese Kolbuszowa, na ktorom sa z\u00fa\u010dastnil predseda Sejmu. Stretol sa aj s obyvate\u013emi Radomy\u0161le nad Sanem a Z\u00e1le\u0161an, kde polo\u017eil kvety k pam\u00e4tn\u00edku zavra\u017eden\u00fdm na v\u00fdchode a obetiam smolenskej katastrofy a k pam\u00e4tn\u00edku ban\u00edkom zabit\u00fdm po\u010das vojnov\u00e9ho stavu. Mar\u0161al sa z\u00fa\u010dastnil aj na stretnutiach v Bojanove a Ul\u00e1nove.<\/p>\n<p><a href=\"https:\/\/marekkuchcinski.pl\/wp-content\/uploads\/2018\/11\/17.10-Ulan\u00f3w-2.jpg\"><img loading=\"lazy\" decoding=\"async\" class=\"alignnone size-full wp-image-10911\" src=\"https:\/\/marekkuchcinski.pl\/wp-content\/uploads\/2018\/11\/17.10-Ulan\u00f3w-2.jpg\" alt=\"17.10 Ulan\u00f3w 2\" width=\"2000\" height=\"1500\" srcset=\"https:\/\/marekkuchcinski.pl\/wp-content\/uploads\/2018\/11\/17.10-Ulan\u00f3w-2.jpg 2000w, https:\/\/marekkuchcinski.pl\/wp-content\/uploads\/2018\/11\/17.10-Ulan\u00f3w-2-300x225.jpg 300w, https:\/\/marekkuchcinski.pl\/wp-content\/uploads\/2018\/11\/17.10-Ulan\u00f3w-2-768x576.jpg 768w, https:\/\/marekkuchcinski.pl\/wp-content\/uploads\/2018\/11\/17.10-Ulan\u00f3w-2-1024x768.jpg 1024w\" sizes=\"(max-width: 2000px) 100vw, 2000px\" \/><\/a> <a href=\"https:\/\/marekkuchcinski.pl\/wp-content\/uploads\/2018\/11\/17.10-Ulan\u00f3w-1.jpg\"><img loading=\"lazy\" decoding=\"async\" class=\"alignnone size-full wp-image-10912\" src=\"https:\/\/marekkuchcinski.pl\/wp-content\/uploads\/2018\/11\/17.10-Ulan\u00f3w-1.jpg\" alt=\"17.10 Ulan\u00f3w 1\" width=\"2000\" height=\"1500\" srcset=\"https:\/\/marekkuchcinski.pl\/wp-content\/uploads\/2018\/11\/17.10-Ulan\u00f3w-1.jpg 2000w, https:\/\/marekkuchcinski.pl\/wp-content\/uploads\/2018\/11\/17.10-Ulan\u00f3w-1-300x225.jpg 300w, https:\/\/marekkuchcinski.pl\/wp-content\/uploads\/2018\/11\/17.10-Ulan\u00f3w-1-768x576.jpg 768w, https:\/\/marekkuchcinski.pl\/wp-content\/uploads\/2018\/11\/17.10-Ulan\u00f3w-1-1024x768.jpg 1024w\" sizes=\"(max-width: 2000px) 100vw, 2000px\" \/><\/a> <a href=\"https:\/\/marekkuchcinski.pl\/wp-content\/uploads\/2018\/11\/17.10-Bojan\u00f3w-4.jpg\"><img loading=\"lazy\" decoding=\"async\" class=\"alignnone size-full wp-image-10913\" src=\"https:\/\/marekkuchcinski.pl\/wp-content\/uploads\/2018\/11\/17.10-Bojan\u00f3w-4.jpg\" alt=\"17.10 Bojan\u00f3w 4\" width=\"1500\" height=\"2000\" srcset=\"https:\/\/marekkuchcinski.pl\/wp-content\/uploads\/2018\/11\/17.10-Bojan\u00f3w-4.jpg 1500w, https:\/\/marekkuchcinski.pl\/wp-content\/uploads\/2018\/11\/17.10-Bojan\u00f3w-4-225x300.jpg 225w, https:\/\/marekkuchcinski.pl\/wp-content\/uploads\/2018\/11\/17.10-Bojan\u00f3w-4-768x1024.jpg 768w\" sizes=\"(max-width: 1500px) 100vw, 1500px\" \/><\/a> <a href=\"https:\/\/marekkuchcinski.pl\/wp-content\/uploads\/2018\/11\/17.10-Bojan\u00f3w-1.jpg\"><img loading=\"lazy\" decoding=\"async\" class=\"alignnone size-full wp-image-10916\" src=\"https:\/\/marekkuchcinski.pl\/wp-content\/uploads\/2018\/11\/17.10-Bojan\u00f3w-1.jpg\" alt=\"17.10 Bojan\u00f3w 1\" width=\"2000\" height=\"1500\" srcset=\"https:\/\/marekkuchcinski.pl\/wp-content\/uploads\/2018\/11\/17.10-Bojan\u00f3w-1.jpg 2000w, https:\/\/marekkuchcinski.pl\/wp-content\/uploads\/2018\/11\/17.10-Bojan\u00f3w-1-300x225.jpg 300w, https:\/\/marekkuchcinski.pl\/wp-content\/uploads\/2018\/11\/17.10-Bojan\u00f3w-1-768x576.jpg 768w, https:\/\/marekkuchcinski.pl\/wp-content\/uploads\/2018\/11\/17.10-Bojan\u00f3w-1-1024x768.jpg 1024w\" sizes=\"(max-width: 2000px) 100vw, 2000px\" \/><\/a> <a href=\"https:\/\/marekkuchcinski.pl\/wp-content\/uploads\/2018\/11\/17.10-Zaleszany-5.jpg\"><img loading=\"lazy\" decoding=\"async\" class=\"alignnone size-full wp-image-10917\" src=\"https:\/\/marekkuchcinski.pl\/wp-content\/uploads\/2018\/11\/17.10-Zaleszany-5.jpg\" alt=\"17.10 Zaleszany 5\" width=\"2000\" height=\"1500\" srcset=\"https:\/\/marekkuchcinski.pl\/wp-content\/uploads\/2018\/11\/17.10-Zaleszany-5.jpg 2000w, https:\/\/marekkuchcinski.pl\/wp-content\/uploads\/2018\/11\/17.10-Zaleszany-5-300x225.jpg 300w, https:\/\/marekkuchcinski.pl\/wp-content\/uploads\/2018\/11\/17.10-Zaleszany-5-768x576.jpg 768w, https:\/\/marekkuchcinski.pl\/wp-content\/uploads\/2018\/11\/17.10-Zaleszany-5-1024x768.jpg 1024w\" sizes=\"(max-width: 2000px) 100vw, 2000px\" \/><\/a> <a href=\"https:\/\/marekkuchcinski.pl\/wp-content\/uploads\/2018\/11\/17.10-Zaleszany-3.jpg\"><img loading=\"lazy\" decoding=\"async\" class=\"alignnone size-full wp-image-10919\" src=\"https:\/\/marekkuchcinski.pl\/wp-content\/uploads\/2018\/11\/17.10-Zaleszany-3.jpg\" alt=\"17.10 Zaleszany 3\" width=\"960\" height=\"540\" srcset=\"https:\/\/marekkuchcinski.pl\/wp-content\/uploads\/2018\/11\/17.10-Zaleszany-3.jpg 960w, https:\/\/marekkuchcinski.pl\/wp-content\/uploads\/2018\/11\/17.10-Zaleszany-3-300x169.jpg 300w, https:\/\/marekkuchcinski.pl\/wp-content\/uploads\/2018\/11\/17.10-Zaleszany-3-768x432.jpg 768w\" sizes=\"(max-width: 960px) 100vw, 960px\" \/><\/a> <a href=\"https:\/\/marekkuchcinski.pl\/wp-content\/uploads\/2018\/11\/17.10-Zaleszany-1.jpg\"><img loading=\"lazy\" decoding=\"async\" class=\"alignnone size-full wp-image-10921\" src=\"https:\/\/marekkuchcinski.pl\/wp-content\/uploads\/2018\/11\/17.10-Zaleszany-1.jpg\" alt=\"17.10 Zaleszany 1\" width=\"3612\" height=\"2032\" srcset=\"https:\/\/marekkuchcinski.pl\/wp-content\/uploads\/2018\/11\/17.10-Zaleszany-1.jpg 2048w, https:\/\/marekkuchcinski.pl\/wp-content\/uploads\/2018\/11\/17.10-Zaleszany-1-300x169.jpg 300w, https:\/\/marekkuchcinski.pl\/wp-content\/uploads\/2018\/11\/17.10-Zaleszany-1-768x432.jpg 768w, https:\/\/marekkuchcinski.pl\/wp-content\/uploads\/2018\/11\/17.10-Zaleszany-1-1024x576.jpg 1024w\" sizes=\"(max-width: 3612px) 100vw, 3612px\" \/><\/a> <a href=\"https:\/\/marekkuchcinski.pl\/wp-content\/uploads\/2018\/11\/17.10-Radomy\u015bl-nad-Sanem-1.jpg\"><img loading=\"lazy\" decoding=\"async\" class=\"alignnone size-full wp-image-10923\" src=\"https:\/\/marekkuchcinski.pl\/wp-content\/uploads\/2018\/11\/17.10-Radomy\u015bl-nad-Sanem-1.jpg\" alt=\"17.10 Radomy\u015bl nad Sanem 1\" width=\"1325\" height=\"1863\" srcset=\"https:\/\/marekkuchcinski.pl\/wp-content\/uploads\/2018\/11\/17.10-Radomy\u015bl-nad-Sanem-1.jpg 1325w, https:\/\/marekkuchcinski.pl\/wp-content\/uploads\/2018\/11\/17.10-Radomy\u015bl-nad-Sanem-1-213x300.jpg 213w, https:\/\/marekkuchcinski.pl\/wp-content\/uploads\/2018\/11\/17.10-Radomy\u015bl-nad-Sanem-1-768x1080.jpg 768w, https:\/\/marekkuchcinski.pl\/wp-content\/uploads\/2018\/11\/17.10-Radomy\u015bl-nad-Sanem-1-728x1024.jpg 728w\" sizes=\"(max-width: 1325px) 100vw, 1325px\" \/><\/a><\/p>\n<p><strong>18. okt\u00f3bra <\/strong><\/p>\n<p><strong>V Medyke sa predseda Sejmu stretol okrem in\u00e9ho so zdru\u017eeniami vidieckych \u017eien a hasi\u010dov OSP, z\u00fa\u010dastnil sa na volebnom zhroma\u017eden\u00ed Wojciecha Buczaka<\/strong> - kandid\u00e1ta na prezidenta mesta Rzesz\u00f3w a stretol sa s obyvate\u013emi Domaradzu a Przeworska.<\/p>\n<p><a href=\"https:\/\/marekkuchcinski.pl\/wp-content\/uploads\/2018\/11\/18.10-Przeworsk-5-1.jpg\"><img loading=\"lazy\" decoding=\"async\" class=\"alignnone size-full wp-image-11017\" src=\"https:\/\/marekkuchcinski.pl\/wp-content\/uploads\/2018\/11\/18.10-Przeworsk-5-1.jpg\" alt=\"18.10 Przeworsk 5\" width=\"1488\" height=\"2000\" srcset=\"https:\/\/marekkuchcinski.pl\/wp-content\/uploads\/2018\/11\/18.10-Przeworsk-5-1.jpg 1488w, https:\/\/marekkuchcinski.pl\/wp-content\/uploads\/2018\/11\/18.10-Przeworsk-5-1-223x300.jpg 223w, https:\/\/marekkuchcinski.pl\/wp-content\/uploads\/2018\/11\/18.10-Przeworsk-5-1-768x1032.jpg 768w, https:\/\/marekkuchcinski.pl\/wp-content\/uploads\/2018\/11\/18.10-Przeworsk-5-1-762x1024.jpg 762w\" sizes=\"(max-width: 1488px) 100vw, 1488px\" \/><\/a> <a href=\"https:\/\/marekkuchcinski.pl\/wp-content\/uploads\/2018\/11\/18.10-Przeworsk-4-1.jpg\"><img loading=\"lazy\" decoding=\"async\" class=\"alignnone size-full wp-image-11018\" src=\"https:\/\/marekkuchcinski.pl\/wp-content\/uploads\/2018\/11\/18.10-Przeworsk-4-1.jpg\" alt=\"18.10 Przeworsk 4\" width=\"2000\" height=\"1500\" srcset=\"https:\/\/marekkuchcinski.pl\/wp-content\/uploads\/2018\/11\/18.10-Przeworsk-4-1.jpg 2000w, https:\/\/marekkuchcinski.pl\/wp-content\/uploads\/2018\/11\/18.10-Przeworsk-4-1-300x225.jpg 300w, https:\/\/marekkuchcinski.pl\/wp-content\/uploads\/2018\/11\/18.10-Przeworsk-4-1-768x576.jpg 768w, https:\/\/marekkuchcinski.pl\/wp-content\/uploads\/2018\/11\/18.10-Przeworsk-4-1-1024x768.jpg 1024w\" sizes=\"(max-width: 2000px) 100vw, 2000px\" \/><\/a> <a href=\"https:\/\/marekkuchcinski.pl\/wp-content\/uploads\/2018\/11\/18.10-Przeworsk-3-1.jpg\"><img loading=\"lazy\" decoding=\"async\" class=\"alignnone size-full wp-image-11019\" src=\"https:\/\/marekkuchcinski.pl\/wp-content\/uploads\/2018\/11\/18.10-Przeworsk-3-1.jpg\" alt=\"18.10 Przeworsk 3\" width=\"2000\" height=\"1500\" srcset=\"https:\/\/marekkuchcinski.pl\/wp-content\/uploads\/2018\/11\/18.10-Przeworsk-3-1.jpg 2000w, https:\/\/marekkuchcinski.pl\/wp-content\/uploads\/2018\/11\/18.10-Przeworsk-3-1-300x225.jpg 300w, https:\/\/marekkuchcinski.pl\/wp-content\/uploads\/2018\/11\/18.10-Przeworsk-3-1-768x576.jpg 768w, https:\/\/marekkuchcinski.pl\/wp-content\/uploads\/2018\/11\/18.10-Przeworsk-3-1-1024x768.jpg 1024w\" sizes=\"(max-width: 2000px) 100vw, 2000px\" \/><\/a> <a href=\"https:\/\/marekkuchcinski.pl\/wp-content\/uploads\/2018\/11\/18.10-Przeworsk-2-1.jpg\"><img loading=\"lazy\" decoding=\"async\" class=\"alignnone size-full wp-image-11020\" src=\"https:\/\/marekkuchcinski.pl\/wp-content\/uploads\/2018\/11\/18.10-Przeworsk-2-1.jpg\" alt=\"18.10 Przeworsk 2\" width=\"2000\" height=\"1500\" srcset=\"https:\/\/marekkuchcinski.pl\/wp-content\/uploads\/2018\/11\/18.10-Przeworsk-2-1.jpg 2000w, https:\/\/marekkuchcinski.pl\/wp-content\/uploads\/2018\/11\/18.10-Przeworsk-2-1-300x225.jpg 300w, https:\/\/marekkuchcinski.pl\/wp-content\/uploads\/2018\/11\/18.10-Przeworsk-2-1-768x576.jpg 768w, https:\/\/marekkuchcinski.pl\/wp-content\/uploads\/2018\/11\/18.10-Przeworsk-2-1-1024x768.jpg 1024w\" sizes=\"(max-width: 2000px) 100vw, 2000px\" \/><\/a> <a href=\"https:\/\/marekkuchcinski.pl\/wp-content\/uploads\/2018\/11\/18.10-Domaradz-3-1.jpg\"><img loading=\"lazy\" decoding=\"async\" class=\"alignnone size-full wp-image-11021\" src=\"https:\/\/marekkuchcinski.pl\/wp-content\/uploads\/2018\/11\/18.10-Domaradz-3-1.jpg\" alt=\"18.10 Domaradz 3\" width=\"2000\" height=\"1500\" srcset=\"https:\/\/marekkuchcinski.pl\/wp-content\/uploads\/2018\/11\/18.10-Domaradz-3-1.jpg 2000w, https:\/\/marekkuchcinski.pl\/wp-content\/uploads\/2018\/11\/18.10-Domaradz-3-1-300x225.jpg 300w, https:\/\/marekkuchcinski.pl\/wp-content\/uploads\/2018\/11\/18.10-Domaradz-3-1-768x576.jpg 768w, https:\/\/marekkuchcinski.pl\/wp-content\/uploads\/2018\/11\/18.10-Domaradz-3-1-1024x768.jpg 1024w\" sizes=\"(max-width: 2000px) 100vw, 2000px\" \/><\/a> <a href=\"https:\/\/marekkuchcinski.pl\/wp-content\/uploads\/2018\/11\/18.10-Domaradz-1-1.jpg\"><img loading=\"lazy\" decoding=\"async\" class=\"alignnone size-full wp-image-11023\" src=\"https:\/\/marekkuchcinski.pl\/wp-content\/uploads\/2018\/11\/18.10-Domaradz-1-1.jpg\" alt=\"18.10 Domaradz 1\" width=\"2000\" height=\"1500\" srcset=\"https:\/\/marekkuchcinski.pl\/wp-content\/uploads\/2018\/11\/18.10-Domaradz-1-1.jpg 2000w, https:\/\/marekkuchcinski.pl\/wp-content\/uploads\/2018\/11\/18.10-Domaradz-1-1-300x225.jpg 300w, https:\/\/marekkuchcinski.pl\/wp-content\/uploads\/2018\/11\/18.10-Domaradz-1-1-768x576.jpg 768w, https:\/\/marekkuchcinski.pl\/wp-content\/uploads\/2018\/11\/18.10-Domaradz-1-1-1024x768.jpg 1024w\" sizes=\"(max-width: 2000px) 100vw, 2000px\" \/><\/a> <a href=\"https:\/\/marekkuchcinski.pl\/wp-content\/uploads\/2018\/11\/18.10-Rzesz\u00f3w-4-1.jpg\"><img loading=\"lazy\" decoding=\"async\" class=\"alignnone size-full wp-image-11024\" src=\"https:\/\/marekkuchcinski.pl\/wp-content\/uploads\/2018\/11\/18.10-Rzesz\u00f3w-4-1.jpg\" alt=\"18.10 Rzesz\u00f3w 4\" width=\"2000\" height=\"1500\" srcset=\"https:\/\/marekkuchcinski.pl\/wp-content\/uploads\/2018\/11\/18.10-Rzesz\u00f3w-4-1.jpg 2000w, https:\/\/marekkuchcinski.pl\/wp-content\/uploads\/2018\/11\/18.10-Rzesz\u00f3w-4-1-300x225.jpg 300w, https:\/\/marekkuchcinski.pl\/wp-content\/uploads\/2018\/11\/18.10-Rzesz\u00f3w-4-1-768x576.jpg 768w, https:\/\/marekkuchcinski.pl\/wp-content\/uploads\/2018\/11\/18.10-Rzesz\u00f3w-4-1-1024x768.jpg 1024w\" sizes=\"(max-width: 2000px) 100vw, 2000px\" \/><\/a> <a href=\"https:\/\/marekkuchcinski.pl\/wp-content\/uploads\/2018\/11\/18.10-Rzesz\u00f3w-3-1.jpg\"><img loading=\"lazy\" decoding=\"async\" class=\"alignnone size-full wp-image-11025\" src=\"https:\/\/marekkuchcinski.pl\/wp-content\/uploads\/2018\/11\/18.10-Rzesz\u00f3w-3-1.jpg\" alt=\"18.10 Rzesz\u00f3w 3\" width=\"2000\" height=\"1500\" srcset=\"https:\/\/marekkuchcinski.pl\/wp-content\/uploads\/2018\/11\/18.10-Rzesz\u00f3w-3-1.jpg 2000w, https:\/\/marekkuchcinski.pl\/wp-content\/uploads\/2018\/11\/18.10-Rzesz\u00f3w-3-1-300x225.jpg 300w, https:\/\/marekkuchcinski.pl\/wp-content\/uploads\/2018\/11\/18.10-Rzesz\u00f3w-3-1-768x576.jpg 768w, https:\/\/marekkuchcinski.pl\/wp-content\/uploads\/2018\/11\/18.10-Rzesz\u00f3w-3-1-1024x768.jpg 1024w\" sizes=\"(max-width: 2000px) 100vw, 2000px\" \/><\/a> <a href=\"https:\/\/marekkuchcinski.pl\/wp-content\/uploads\/2018\/11\/18.10-Rzesz\u00f3w-1-1.jpg\"><img loading=\"lazy\" decoding=\"async\" class=\"alignnone size-full wp-image-11027\" src=\"https:\/\/marekkuchcinski.pl\/wp-content\/uploads\/2018\/11\/18.10-Rzesz\u00f3w-1-1.jpg\" alt=\"18.10 Rzesz\u00f3w 1\" width=\"2000\" height=\"1500\" srcset=\"https:\/\/marekkuchcinski.pl\/wp-content\/uploads\/2018\/11\/18.10-Rzesz\u00f3w-1-1.jpg 2000w, https:\/\/marekkuchcinski.pl\/wp-content\/uploads\/2018\/11\/18.10-Rzesz\u00f3w-1-1-300x225.jpg 300w, https:\/\/marekkuchcinski.pl\/wp-content\/uploads\/2018\/11\/18.10-Rzesz\u00f3w-1-1-768x576.jpg 768w, https:\/\/marekkuchcinski.pl\/wp-content\/uploads\/2018\/11\/18.10-Rzesz\u00f3w-1-1-1024x768.jpg 1024w\" sizes=\"(max-width: 2000px) 100vw, 2000px\" \/><\/a> <a href=\"https:\/\/marekkuchcinski.pl\/wp-content\/uploads\/2018\/11\/18.10-Medyka-7-1.jpg\"><img loading=\"lazy\" decoding=\"async\" class=\"alignnone size-full wp-image-11028\" src=\"https:\/\/marekkuchcinski.pl\/wp-content\/uploads\/2018\/11\/18.10-Medyka-7-1.jpg\" alt=\"18.10 Medyka 7\" width=\"2000\" height=\"1500\" srcset=\"https:\/\/marekkuchcinski.pl\/wp-content\/uploads\/2018\/11\/18.10-Medyka-7-1.jpg 2000w, https:\/\/marekkuchcinski.pl\/wp-content\/uploads\/2018\/11\/18.10-Medyka-7-1-300x225.jpg 300w, https:\/\/marekkuchcinski.pl\/wp-content\/uploads\/2018\/11\/18.10-Medyka-7-1-768x576.jpg 768w, https:\/\/marekkuchcinski.pl\/wp-content\/uploads\/2018\/11\/18.10-Medyka-7-1-1024x768.jpg 1024w\" sizes=\"(max-width: 2000px) 100vw, 2000px\" \/><\/a> <a href=\"https:\/\/marekkuchcinski.pl\/wp-content\/uploads\/2018\/11\/18.10-Medyka-4-1.jpg\"><img loading=\"lazy\" decoding=\"async\" class=\"alignnone size-full wp-image-11030\" src=\"https:\/\/marekkuchcinski.pl\/wp-content\/uploads\/2018\/11\/18.10-Medyka-4-1.jpg\" alt=\"18.10 Medyka 4\" width=\"1905\" height=\"1850\" srcset=\"https:\/\/marekkuchcinski.pl\/wp-content\/uploads\/2018\/11\/18.10-Medyka-4-1.jpg 1905w, https:\/\/marekkuchcinski.pl\/wp-content\/uploads\/2018\/11\/18.10-Medyka-4-1-300x291.jpg 300w, https:\/\/marekkuchcinski.pl\/wp-content\/uploads\/2018\/11\/18.10-Medyka-4-1-768x746.jpg 768w, https:\/\/marekkuchcinski.pl\/wp-content\/uploads\/2018\/11\/18.10-Medyka-4-1-1024x994.jpg 1024w\" sizes=\"(max-width: 1905px) 100vw, 1905px\" \/><\/a> <a href=\"https:\/\/marekkuchcinski.pl\/wp-content\/uploads\/2018\/11\/18.10-Medyka-6-1.jpg\"><img loading=\"lazy\" decoding=\"async\" class=\"alignnone size-full wp-image-11031\" src=\"https:\/\/marekkuchcinski.pl\/wp-content\/uploads\/2018\/11\/18.10-Medyka-6-1.jpg\" alt=\"18.10 Medyka 6\" width=\"1918\" height=\"1225\" srcset=\"https:\/\/marekkuchcinski.pl\/wp-content\/uploads\/2018\/11\/18.10-Medyka-6-1.jpg 1918w, https:\/\/marekkuchcinski.pl\/wp-content\/uploads\/2018\/11\/18.10-Medyka-6-1-300x192.jpg 300w, https:\/\/marekkuchcinski.pl\/wp-content\/uploads\/2018\/11\/18.10-Medyka-6-1-768x491.jpg 768w, https:\/\/marekkuchcinski.pl\/wp-content\/uploads\/2018\/11\/18.10-Medyka-6-1-1024x654.jpg 1024w\" sizes=\"(max-width: 1918px) 100vw, 1918px\" \/><\/a> <a href=\"https:\/\/marekkuchcinski.pl\/wp-content\/uploads\/2018\/11\/18.10-Medyka-3-1.jpg\"><img loading=\"lazy\" decoding=\"async\" class=\"alignnone size-full wp-image-11032\" src=\"https:\/\/marekkuchcinski.pl\/wp-content\/uploads\/2018\/11\/18.10-Medyka-3-1.jpg\" alt=\"18.10 Medyka 3\" width=\"2000\" height=\"1500\" srcset=\"https:\/\/marekkuchcinski.pl\/wp-content\/uploads\/2018\/11\/18.10-Medyka-3-1.jpg 2000w, https:\/\/marekkuchcinski.pl\/wp-content\/uploads\/2018\/11\/18.10-Medyka-3-1-300x225.jpg 300w, https:\/\/marekkuchcinski.pl\/wp-content\/uploads\/2018\/11\/18.10-Medyka-3-1-768x576.jpg 768w, https:\/\/marekkuchcinski.pl\/wp-content\/uploads\/2018\/11\/18.10-Medyka-3-1-1024x768.jpg 1024w\" sizes=\"(max-width: 2000px) 100vw, 2000px\" \/><\/a> <a href=\"https:\/\/marekkuchcinski.pl\/wp-content\/uploads\/2018\/11\/18.10-Medyka-2-1.jpg\"><img loading=\"lazy\" decoding=\"async\" class=\"alignnone size-full wp-image-11033\" src=\"https:\/\/marekkuchcinski.pl\/wp-content\/uploads\/2018\/11\/18.10-Medyka-2-1.jpg\" alt=\"18.10 Medyka 2\" width=\"1948\" height=\"1500\" srcset=\"https:\/\/marekkuchcinski.pl\/wp-content\/uploads\/2018\/11\/18.10-Medyka-2-1.jpg 1948w, https:\/\/marekkuchcinski.pl\/wp-content\/uploads\/2018\/11\/18.10-Medyka-2-1-300x231.jpg 300w, https:\/\/marekkuchcinski.pl\/wp-content\/uploads\/2018\/11\/18.10-Medyka-2-1-768x591.jpg 768w, https:\/\/marekkuchcinski.pl\/wp-content\/uploads\/2018\/11\/18.10-Medyka-2-1-1024x789.jpg 1024w\" sizes=\"(max-width: 1948px) 100vw, 1948px\" \/><\/a><\/p>\n<p><strong>19. okt\u00f3bra <\/strong><\/p>\n<p><strong>Spolu s podpredsedom vl\u00e1dy Piotrom Gli\u0144sk\u00fdm sa mar\u0161al vydal do Kalwarii Pac\u0142awskej. Nasledovalo stretnutie v Przemy\u015bli,<\/strong> po\u010das ktor\u00e9ho minister ozn\u00e1mil, \u017ee Rada pre ochranu pamiatok prijala uznesenie, ktor\u00fdm dvojn\u00e1sobne ocenila Przemy\u015bl a zriadila \u010fal\u0161ie dve pamiatky hist\u00f3rie: pevnos\u0165 Przemy\u015bl a mestsk\u00fd komplex Star\u00e9ho mesta Przemy\u015bl. \u010eal\u0161\u00edm bodom programu bolo symp\u00f3zium spojen\u00e9 s pr\u00e1cami zameran\u00fdmi na spr\u00edstupnenie historickej Rotundy sv\u00e4t\u00e9ho Mikul\u00e1\u0161a v arcikatol\u00edckej bazilike v Przemy\u015bli.<\/p>\n<p><a href=\"https:\/\/marekkuchcinski.pl\/wp-content\/uploads\/2018\/11\/19.10-Przemy\u015bl-11.jpg\"><img loading=\"lazy\" decoding=\"async\" class=\"alignnone size-full wp-image-11037\" src=\"https:\/\/marekkuchcinski.pl\/wp-content\/uploads\/2018\/11\/19.10-Przemy\u015bl-11.jpg\" alt=\"19.10 Przemy\u015bl 11\" width=\"2000\" height=\"1500\" srcset=\"https:\/\/marekkuchcinski.pl\/wp-content\/uploads\/2018\/11\/19.10-Przemy\u015bl-11.jpg 2000w, https:\/\/marekkuchcinski.pl\/wp-content\/uploads\/2018\/11\/19.10-Przemy\u015bl-11-300x225.jpg 300w, https:\/\/marekkuchcinski.pl\/wp-content\/uploads\/2018\/11\/19.10-Przemy\u015bl-11-768x576.jpg 768w, https:\/\/marekkuchcinski.pl\/wp-content\/uploads\/2018\/11\/19.10-Przemy\u015bl-11-1024x768.jpg 1024w\" sizes=\"(max-width: 2000px) 100vw, 2000px\" \/><\/a> <a href=\"https:\/\/marekkuchcinski.pl\/wp-content\/uploads\/2018\/11\/19.10-Przemy\u015bl-9.jpg\"><img loading=\"lazy\" decoding=\"async\" class=\"alignnone size-full wp-image-11038\" src=\"https:\/\/marekkuchcinski.pl\/wp-content\/uploads\/2018\/11\/19.10-Przemy\u015bl-9.jpg\" alt=\"19.10 Przemy\u015bl 9\" width=\"2000\" height=\"1500\" srcset=\"https:\/\/marekkuchcinski.pl\/wp-content\/uploads\/2018\/11\/19.10-Przemy\u015bl-9.jpg 2000w, https:\/\/marekkuchcinski.pl\/wp-content\/uploads\/2018\/11\/19.10-Przemy\u015bl-9-300x225.jpg 300w, https:\/\/marekkuchcinski.pl\/wp-content\/uploads\/2018\/11\/19.10-Przemy\u015bl-9-768x576.jpg 768w, https:\/\/marekkuchcinski.pl\/wp-content\/uploads\/2018\/11\/19.10-Przemy\u015bl-9-1024x768.jpg 1024w\" sizes=\"(max-width: 2000px) 100vw, 2000px\" \/><\/a> <a href=\"https:\/\/marekkuchcinski.pl\/wp-content\/uploads\/2018\/11\/19.10-Przemy\u015bl-8.jpg\"><img loading=\"lazy\" decoding=\"async\" class=\"alignnone size-full wp-image-11039\" src=\"https:\/\/marekkuchcinski.pl\/wp-content\/uploads\/2018\/11\/19.10-Przemy\u015bl-8.jpg\" alt=\"19.10 Przemy\u015bl 8\" width=\"2000\" height=\"1500\" srcset=\"https:\/\/marekkuchcinski.pl\/wp-content\/uploads\/2018\/11\/19.10-Przemy\u015bl-8.jpg 2000w, https:\/\/marekkuchcinski.pl\/wp-content\/uploads\/2018\/11\/19.10-Przemy\u015bl-8-300x225.jpg 300w, https:\/\/marekkuchcinski.pl\/wp-content\/uploads\/2018\/11\/19.10-Przemy\u015bl-8-768x576.jpg 768w, https:\/\/marekkuchcinski.pl\/wp-content\/uploads\/2018\/11\/19.10-Przemy\u015bl-8-1024x768.jpg 1024w\" sizes=\"(max-width: 2000px) 100vw, 2000px\" \/><\/a> <a href=\"https:\/\/marekkuchcinski.pl\/wp-content\/uploads\/2018\/11\/19.10-Przemy\u015bl-7.jpg\"><img loading=\"lazy\" decoding=\"async\" class=\"alignnone size-full wp-image-11040\" src=\"https:\/\/marekkuchcinski.pl\/wp-content\/uploads\/2018\/11\/19.10-Przemy\u015bl-7.jpg\" alt=\"19.10 Przemy\u015bl 7\" width=\"1747\" height=\"1131\" srcset=\"https:\/\/marekkuchcinski.pl\/wp-content\/uploads\/2018\/11\/19.10-Przemy\u015bl-7.jpg 1747w, https:\/\/marekkuchcinski.pl\/wp-content\/uploads\/2018\/11\/19.10-Przemy\u015bl-7-300x194.jpg 300w, https:\/\/marekkuchcinski.pl\/wp-content\/uploads\/2018\/11\/19.10-Przemy\u015bl-7-768x497.jpg 768w, https:\/\/marekkuchcinski.pl\/wp-content\/uploads\/2018\/11\/19.10-Przemy\u015bl-7-1024x663.jpg 1024w\" sizes=\"(max-width: 1747px) 100vw, 1747px\" \/><\/a> <a href=\"https:\/\/marekkuchcinski.pl\/wp-content\/uploads\/2018\/11\/19.10-Przemy\u015bl-6.jpg\"><img loading=\"lazy\" decoding=\"async\" class=\"alignnone size-full wp-image-11041\" src=\"https:\/\/marekkuchcinski.pl\/wp-content\/uploads\/2018\/11\/19.10-Przemy\u015bl-6.jpg\" alt=\"19.10 Przemy\u015bl 6\" width=\"1474\" height=\"1864\" srcset=\"https:\/\/marekkuchcinski.pl\/wp-content\/uploads\/2018\/11\/19.10-Przemy\u015bl-6.jpg 1474w, https:\/\/marekkuchcinski.pl\/wp-content\/uploads\/2018\/11\/19.10-Przemy\u015bl-6-237x300.jpg 237w, https:\/\/marekkuchcinski.pl\/wp-content\/uploads\/2018\/11\/19.10-Przemy\u015bl-6-768x971.jpg 768w, https:\/\/marekkuchcinski.pl\/wp-content\/uploads\/2018\/11\/19.10-Przemy\u015bl-6-810x1024.jpg 810w\" sizes=\"(max-width: 1474px) 100vw, 1474px\" \/><\/a> <a href=\"https:\/\/marekkuchcinski.pl\/wp-content\/uploads\/2018\/11\/19.10-Przemy\u015bl-5.jpg\"><img loading=\"lazy\" decoding=\"async\" class=\"alignnone size-full wp-image-11042\" src=\"https:\/\/marekkuchcinski.pl\/wp-content\/uploads\/2018\/11\/19.10-Przemy\u015bl-5.jpg\" alt=\"19.10 Przemy\u015bl 5\" width=\"1745\" height=\"1875\" srcset=\"https:\/\/marekkuchcinski.pl\/wp-content\/uploads\/2018\/11\/19.10-Przemy\u015bl-5.jpg 1745w, https:\/\/marekkuchcinski.pl\/wp-content\/uploads\/2018\/11\/19.10-Przemy\u015bl-5-279x300.jpg 279w, https:\/\/marekkuchcinski.pl\/wp-content\/uploads\/2018\/11\/19.10-Przemy\u015bl-5-768x825.jpg 768w, https:\/\/marekkuchcinski.pl\/wp-content\/uploads\/2018\/11\/19.10-Przemy\u015bl-5-953x1024.jpg 953w\" sizes=\"(max-width: 1745px) 100vw, 1745px\" \/><\/a> <a href=\"https:\/\/marekkuchcinski.pl\/wp-content\/uploads\/2018\/11\/19.10-Przemy\u015bl-4.jpg\"><img loading=\"lazy\" decoding=\"async\" class=\"alignnone size-full wp-image-11043\" src=\"https:\/\/marekkuchcinski.pl\/wp-content\/uploads\/2018\/11\/19.10-Przemy\u015bl-4.jpg\" alt=\"19.10 Przemy\u015bl 4\" width=\"563\" height=\"750\" srcset=\"https:\/\/marekkuchcinski.pl\/wp-content\/uploads\/2018\/11\/19.10-Przemy\u015bl-4.jpg 563w, https:\/\/marekkuchcinski.pl\/wp-content\/uploads\/2018\/11\/19.10-Przemy\u015bl-4-225x300.jpg 225w\" sizes=\"(max-width: 563px) 100vw, 563px\" \/><\/a> <a href=\"https:\/\/marekkuchcinski.pl\/wp-content\/uploads\/2018\/11\/19.10-Przemy\u015bl-3.jpg\"><img loading=\"lazy\" decoding=\"async\" class=\"alignnone size-full wp-image-11044\" src=\"https:\/\/marekkuchcinski.pl\/wp-content\/uploads\/2018\/11\/19.10-Przemy\u015bl-3.jpg\" alt=\"19.10 Przemy\u015bl 3\" width=\"2000\" height=\"1500\" srcset=\"https:\/\/marekkuchcinski.pl\/wp-content\/uploads\/2018\/11\/19.10-Przemy\u015bl-3.jpg 2000w, https:\/\/marekkuchcinski.pl\/wp-content\/uploads\/2018\/11\/19.10-Przemy\u015bl-3-300x225.jpg 300w, https:\/\/marekkuchcinski.pl\/wp-content\/uploads\/2018\/11\/19.10-Przemy\u015bl-3-768x576.jpg 768w, https:\/\/marekkuchcinski.pl\/wp-content\/uploads\/2018\/11\/19.10-Przemy\u015bl-3-1024x768.jpg 1024w\" sizes=\"(max-width: 2000px) 100vw, 2000px\" \/><\/a> <a href=\"https:\/\/marekkuchcinski.pl\/wp-content\/uploads\/2018\/11\/19.10-Przemy\u015bl-2.jpg\"><img loading=\"lazy\" decoding=\"async\" class=\"alignnone size-full wp-image-11045\" src=\"https:\/\/marekkuchcinski.pl\/wp-content\/uploads\/2018\/11\/19.10-Przemy\u015bl-2.jpg\" alt=\"19.10 Przemy\u015bl 2\" width=\"2000\" height=\"1500\" srcset=\"https:\/\/marekkuchcinski.pl\/wp-content\/uploads\/2018\/11\/19.10-Przemy\u015bl-2.jpg 2000w, https:\/\/marekkuchcinski.pl\/wp-content\/uploads\/2018\/11\/19.10-Przemy\u015bl-2-300x225.jpg 300w, https:\/\/marekkuchcinski.pl\/wp-content\/uploads\/2018\/11\/19.10-Przemy\u015bl-2-768x576.jpg 768w, https:\/\/marekkuchcinski.pl\/wp-content\/uploads\/2018\/11\/19.10-Przemy\u015bl-2-1024x768.jpg 1024w\" sizes=\"(max-width: 2000px) 100vw, 2000px\" \/><\/a> <a href=\"https:\/\/marekkuchcinski.pl\/wp-content\/uploads\/2018\/11\/19.10-Przemy\u015bl-1.jpg\"><img loading=\"lazy\" decoding=\"async\" class=\"alignnone size-full wp-image-11046\" src=\"https:\/\/marekkuchcinski.pl\/wp-content\/uploads\/2018\/11\/19.10-Przemy\u015bl-1.jpg\" alt=\"19.10 Przemy\u015bl 1\" width=\"2000\" height=\"1500\" srcset=\"https:\/\/marekkuchcinski.pl\/wp-content\/uploads\/2018\/11\/19.10-Przemy\u015bl-1.jpg 2000w, https:\/\/marekkuchcinski.pl\/wp-content\/uploads\/2018\/11\/19.10-Przemy\u015bl-1-300x225.jpg 300w, https:\/\/marekkuchcinski.pl\/wp-content\/uploads\/2018\/11\/19.10-Przemy\u015bl-1-768x576.jpg 768w, https:\/\/marekkuchcinski.pl\/wp-content\/uploads\/2018\/11\/19.10-Przemy\u015bl-1-1024x768.jpg 1024w\" sizes=\"(max-width: 2000px) 100vw, 2000px\" \/><\/a> <a href=\"https:\/\/marekkuchcinski.pl\/wp-content\/uploads\/2018\/11\/19.10-Kalwaria-Pac\u0142awska-11.jpg\"><img loading=\"lazy\" decoding=\"async\" class=\"alignnone size-full wp-image-11049\" src=\"https:\/\/marekkuchcinski.pl\/wp-content\/uploads\/2018\/11\/19.10-Kalwaria-Pac\u0142awska-11.jpg\" alt=\"19.10 Kalwaria Pac\u0142awska 11\" width=\"1500\" height=\"2000\" srcset=\"https:\/\/marekkuchcinski.pl\/wp-content\/uploads\/2018\/11\/19.10-Kalwaria-Pac\u0142awska-11.jpg 1500w, https:\/\/marekkuchcinski.pl\/wp-content\/uploads\/2018\/11\/19.10-Kalwaria-Pac\u0142awska-11-225x300.jpg 225w, https:\/\/marekkuchcinski.pl\/wp-content\/uploads\/2018\/11\/19.10-Kalwaria-Pac\u0142awska-11-768x1024.jpg 768w\" sizes=\"(max-width: 1500px) 100vw, 1500px\" \/><\/a> <a href=\"https:\/\/marekkuchcinski.pl\/wp-content\/uploads\/2018\/11\/19.10-Kalwaria-Pac\u0142awska-8.jpg\"><img loading=\"lazy\" decoding=\"async\" class=\"alignnone size-full wp-image-11052\" src=\"https:\/\/marekkuchcinski.pl\/wp-content\/uploads\/2018\/11\/19.10-Kalwaria-Pac\u0142awska-8.jpg\" alt=\"19.10 Kalwaria Pac\u0142awska 8\" width=\"2000\" height=\"1500\" srcset=\"https:\/\/marekkuchcinski.pl\/wp-content\/uploads\/2018\/11\/19.10-Kalwaria-Pac\u0142awska-8.jpg 2000w, https:\/\/marekkuchcinski.pl\/wp-content\/uploads\/2018\/11\/19.10-Kalwaria-Pac\u0142awska-8-300x225.jpg 300w, https:\/\/marekkuchcinski.pl\/wp-content\/uploads\/2018\/11\/19.10-Kalwaria-Pac\u0142awska-8-768x576.jpg 768w, https:\/\/marekkuchcinski.pl\/wp-content\/uploads\/2018\/11\/19.10-Kalwaria-Pac\u0142awska-8-1024x768.jpg 1024w\" sizes=\"(max-width: 2000px) 100vw, 2000px\" \/><\/a> <a href=\"https:\/\/marekkuchcinski.pl\/wp-content\/uploads\/2018\/11\/19.10-Kalwaria-Pac\u0142awska-7.jpg\"><img loading=\"lazy\" decoding=\"async\" class=\"alignnone size-full wp-image-11053\" src=\"https:\/\/marekkuchcinski.pl\/wp-content\/uploads\/2018\/11\/19.10-Kalwaria-Pac\u0142awska-7.jpg\" alt=\"19.10 Kalwaria Pac\u0142awska 7\" width=\"2000\" height=\"1500\" srcset=\"https:\/\/marekkuchcinski.pl\/wp-content\/uploads\/2018\/11\/19.10-Kalwaria-Pac\u0142awska-7.jpg 2000w, https:\/\/marekkuchcinski.pl\/wp-content\/uploads\/2018\/11\/19.10-Kalwaria-Pac\u0142awska-7-300x225.jpg 300w, https:\/\/marekkuchcinski.pl\/wp-content\/uploads\/2018\/11\/19.10-Kalwaria-Pac\u0142awska-7-768x576.jpg 768w, https:\/\/marekkuchcinski.pl\/wp-content\/uploads\/2018\/11\/19.10-Kalwaria-Pac\u0142awska-7-1024x768.jpg 1024w\" sizes=\"(max-width: 2000px) 100vw, 2000px\" \/><\/a> <a href=\"https:\/\/marekkuchcinski.pl\/wp-content\/uploads\/2018\/11\/19.10-Kalwaria-Pac\u0142awska-5.jpg\"><img loading=\"lazy\" decoding=\"async\" class=\"alignnone size-full wp-image-11055\" src=\"https:\/\/marekkuchcinski.pl\/wp-content\/uploads\/2018\/11\/19.10-Kalwaria-Pac\u0142awska-5.jpg\" alt=\"19.10 Kalwaria Pac\u0142awska 5\" width=\"1782\" height=\"1490\" srcset=\"https:\/\/marekkuchcinski.pl\/wp-content\/uploads\/2018\/11\/19.10-Kalwaria-Pac\u0142awska-5.jpg 1782w, https:\/\/marekkuchcinski.pl\/wp-content\/uploads\/2018\/11\/19.10-Kalwaria-Pac\u0142awska-5-300x251.jpg 300w, https:\/\/marekkuchcinski.pl\/wp-content\/uploads\/2018\/11\/19.10-Kalwaria-Pac\u0142awska-5-768x642.jpg 768w, https:\/\/marekkuchcinski.pl\/wp-content\/uploads\/2018\/11\/19.10-Kalwaria-Pac\u0142awska-5-1024x856.jpg 1024w\" sizes=\"(max-width: 1782px) 100vw, 1782px\" \/><\/a> <a href=\"https:\/\/marekkuchcinski.pl\/wp-content\/uploads\/2018\/11\/19.10-Kalwaria-Pac\u0142awska-2.jpg\"><img loading=\"lazy\" decoding=\"async\" class=\"alignnone size-full wp-image-11058\" src=\"https:\/\/marekkuchcinski.pl\/wp-content\/uploads\/2018\/11\/19.10-Kalwaria-Pac\u0142awska-2.jpg\" alt=\"19.10 Kalwaria Pac\u0142awska 2\" width=\"1500\" height=\"2000\" srcset=\"https:\/\/marekkuchcinski.pl\/wp-content\/uploads\/2018\/11\/19.10-Kalwaria-Pac\u0142awska-2.jpg 1500w, https:\/\/marekkuchcinski.pl\/wp-content\/uploads\/2018\/11\/19.10-Kalwaria-Pac\u0142awska-2-225x300.jpg 225w, https:\/\/marekkuchcinski.pl\/wp-content\/uploads\/2018\/11\/19.10-Kalwaria-Pac\u0142awska-2-768x1024.jpg 768w\" sizes=\"(max-width: 1500px) 100vw, 1500px\" \/><\/a> <a href=\"https:\/\/marekkuchcinski.pl\/wp-content\/uploads\/2018\/11\/19.10-Kalwaria-Pac\u0142awska-1.jpg\"><img loading=\"lazy\" decoding=\"async\" class=\"alignnone size-full wp-image-11059\" src=\"https:\/\/marekkuchcinski.pl\/wp-content\/uploads\/2018\/11\/19.10-Kalwaria-Pac\u0142awska-1.jpg\" alt=\"19.10 Kalwaria Pac\u0142awska 1\" width=\"1500\" height=\"2000\" srcset=\"https:\/\/marekkuchcinski.pl\/wp-content\/uploads\/2018\/11\/19.10-Kalwaria-Pac\u0142awska-1.jpg 1500w, https:\/\/marekkuchcinski.pl\/wp-content\/uploads\/2018\/11\/19.10-Kalwaria-Pac\u0142awska-1-225x300.jpg 225w, https:\/\/marekkuchcinski.pl\/wp-content\/uploads\/2018\/11\/19.10-Kalwaria-Pac\u0142awska-1-768x1024.jpg 768w\" sizes=\"(max-width: 1500px) 100vw, 1500px\" \/><\/a><\/p>\n<p><strong>20. okt\u00f3bra <\/strong><\/p>\n<p><strong>Predn\u00e1\u0161aj\u00faci sa z\u00fa\u010dastnil na medzin\u00e1rodnej konferencii \"Nezlomnos\u0165 jednotlivca - trvalos\u0165 spolo\u010denstva\"<\/strong> organizovan\u00e9 v N\u00e1rodnom m\u00fazeu v Przemy\u015bli profesorom Zdzis\u0142awom Krasnod\u0119bsk\u00fdm.<\/p>\n<blockquote class=\"wp-embedded-content\" data-secret=\"Xxz9PzyOVF\"><p><a href=\"https:\/\/marekkuchcinski.pl\/uk\/wydarzenia\/miedzynarodowa-konferencja-niezlomnosc-jednostki-trwalosc-wspolnoty\/\">Medzin\u00e1rodn\u00e1 konferencia \"Nezlomnos\u0165 jednotlivca - trvalos\u0165 spolo\u010denstva\"<\/a><\/p><\/blockquote>\n<p><iframe class=\"wp-embedded-content\" sandbox=\"allow-scripts\" security=\"restricted\" style=\"position: absolute; clip: rect(1px, 1px, 1px, 1px);\" title=\"&quot;Medzin\u00e1rodn\u00e1 konferencia &quot;Nezlomnos\u0165 jednotlivca - trvalos\u0165 spolo\u010denstva&quot;&quot; - Marek Kuchcinski\" src=\"https:\/\/marekkuchcinski.pl\/uk\/wydarzenia\/miedzynarodowa-konferencja-niezlomnosc-jednostki-trwalosc-wspolnoty\/embed\/#?secret=Xxz9PzyOVF\" data-secret=\"Xxz9PzyOVF\" width=\"600\" height=\"338\" frameborder=\"0\" marginwidth=\"0\" marginheight=\"0\" scrolling=\"no\"><\/iframe><\/p>\n<p><strong> 21. okt\u00f3bra <\/strong><\/p>\n<p><strong>Predseda parlamentu odovzdal svoj hlas v komun\u00e1lnych vo\u013eb\u00e1ch v Przemy\u015bli.<\/strong><\/p>\n<p><a href=\"https:\/\/marekkuchcinski.pl\/wp-content\/uploads\/2018\/11\/21.10-Przemy\u015bl-5.jpg\"><img loading=\"lazy\" decoding=\"async\" class=\"alignnone size-full wp-image-11062\" src=\"https:\/\/marekkuchcinski.pl\/wp-content\/uploads\/2018\/11\/21.10-Przemy\u015bl-5.jpg\" alt=\"21.10 Przemy\u015bl 5\" width=\"805\" height=\"537\" srcset=\"https:\/\/marekkuchcinski.pl\/wp-content\/uploads\/2018\/11\/21.10-Przemy\u015bl-5.jpg 805w, https:\/\/marekkuchcinski.pl\/wp-content\/uploads\/2018\/11\/21.10-Przemy\u015bl-5-300x200.jpg 300w, https:\/\/marekkuchcinski.pl\/wp-content\/uploads\/2018\/11\/21.10-Przemy\u015bl-5-768x512.jpg 768w\" sizes=\"(max-width: 805px) 100vw, 805px\" \/><\/a> <a href=\"https:\/\/marekkuchcinski.pl\/wp-content\/uploads\/2018\/11\/21.10-Przemy\u015bl-4.jpg\"><img loading=\"lazy\" decoding=\"async\" class=\"alignnone size-full wp-image-11063\" src=\"https:\/\/marekkuchcinski.pl\/wp-content\/uploads\/2018\/11\/21.10-Przemy\u015bl-4.jpg\" alt=\"21.10 Przemy\u015bl 4\" width=\"357\" height=\"537\" srcset=\"https:\/\/marekkuchcinski.pl\/wp-content\/uploads\/2018\/11\/21.10-Przemy\u015bl-4.jpg 357w, https:\/\/marekkuchcinski.pl\/wp-content\/uploads\/2018\/11\/21.10-Przemy\u015bl-4-199x300.jpg 199w\" sizes=\"(max-width: 357px) 100vw, 357px\" \/><\/a><\/p>\n<p><strong>25. okt\u00f3bra <\/strong><\/p>\n<p><strong>Na z\u00e1mku v Przemy\u015bli sa konala rozl\u00fa\u010dka so starostom Robertom Chomom.<\/strong><\/p>\n<p><strong>26. okt\u00f3bra<\/strong><\/p>\n<p><strong>Vo farnosti Krista Kr\u00e1\u013ea v Jaroslawi bol odhalen\u00fd Pam\u00e4tn\u00edk n\u00e1rodnej pamiatky. Pam\u00e4tn\u00edk posv\u00e4til metropolita Przemy\u0161\u013ea Adam Szal.<\/strong><\/p>\n<p>- V roku st\u00e9ho v\u00fdro\u010dia znovuz\u00edskania nez\u00e1vislosti Po\u013eska bol na Podkarpatsku odhalen\u00fd pam\u00e4tn\u00edk, ktor\u00fd je lekciou z hist\u00f3rie a pripom\u00edna, \u017ee dejiny Po\u013eska s\u00fa spojen\u00e9 s dejinami kres\u0165anstva,\" povedal Marek Kuchci\u0144ski.<\/p>\n<p><a href=\"https:\/\/marekkuchcinski.pl\/wp-content\/uploads\/2018\/11\/pomnik-w-parafii-Chrystusa-Kr\u00f3la-w-Jaros\u0142awiu-8.jpg\"><img loading=\"lazy\" decoding=\"async\" class=\"alignnone size-full wp-image-10960\" src=\"https:\/\/marekkuchcinski.pl\/wp-content\/uploads\/2018\/11\/pomnik-w-parafii-Chrystusa-Kr\u00f3la-w-Jaros\u0142awiu-8.jpg\" alt=\"pomnik w parafii Chrystusa Kr\u00f3la w Jaros\u0142awiu 8\" width=\"720\" height=\"960\" srcset=\"https:\/\/marekkuchcinski.pl\/wp-content\/uploads\/2018\/11\/pomnik-w-parafii-Chrystusa-Kr\u00f3la-w-Jaros\u0142awiu-8.jpg 720w, https:\/\/marekkuchcinski.pl\/wp-content\/uploads\/2018\/11\/pomnik-w-parafii-Chrystusa-Kr\u00f3la-w-Jaros\u0142awiu-8-225x300.jpg 225w\" sizes=\"(max-width: 720px) 100vw, 720px\" \/><\/a> <a href=\"https:\/\/marekkuchcinski.pl\/wp-content\/uploads\/2018\/11\/pomnik-w-parafii-Chrystusa-Kr\u00f3la-w-Jaros\u0142awiu-7.jpg\"><img loading=\"lazy\" decoding=\"async\" class=\"alignnone size-full wp-image-10961\" src=\"https:\/\/marekkuchcinski.pl\/wp-content\/uploads\/2018\/11\/pomnik-w-parafii-Chrystusa-Kr\u00f3la-w-Jaros\u0142awiu-7.jpg\" alt=\"pomnik w parafii Chrystusa Kr\u00f3la w Jaros\u0142awiu 7\" width=\"720\" height=\"960\" srcset=\"https:\/\/marekkuchcinski.pl\/wp-content\/uploads\/2018\/11\/pomnik-w-parafii-Chrystusa-Kr\u00f3la-w-Jaros\u0142awiu-7.jpg 720w, https:\/\/marekkuchcinski.pl\/wp-content\/uploads\/2018\/11\/pomnik-w-parafii-Chrystusa-Kr\u00f3la-w-Jaros\u0142awiu-7-225x300.jpg 225w\" sizes=\"(max-width: 720px) 100vw, 720px\" \/><\/a> <a href=\"https:\/\/marekkuchcinski.pl\/wp-content\/uploads\/2018\/11\/pomnik-w-parafii-Chrystusa-Kr\u00f3la-w-Jaros\u0142awiu-6.jpg\"><img loading=\"lazy\" decoding=\"async\" class=\"alignnone size-full wp-image-10962\" src=\"https:\/\/marekkuchcinski.pl\/wp-content\/uploads\/2018\/11\/pomnik-w-parafii-Chrystusa-Kr\u00f3la-w-Jaros\u0142awiu-6.jpg\" alt=\"pomnik w parafii Chrystusa Kr\u00f3la w Jaros\u0142awiu 6\" width=\"720\" height=\"960\" srcset=\"https:\/\/marekkuchcinski.pl\/wp-content\/uploads\/2018\/11\/pomnik-w-parafii-Chrystusa-Kr\u00f3la-w-Jaros\u0142awiu-6.jpg 720w, https:\/\/marekkuchcinski.pl\/wp-content\/uploads\/2018\/11\/pomnik-w-parafii-Chrystusa-Kr\u00f3la-w-Jaros\u0142awiu-6-225x300.jpg 225w\" sizes=\"(max-width: 720px) 100vw, 720px\" \/><\/a> <a href=\"https:\/\/marekkuchcinski.pl\/wp-content\/uploads\/2018\/11\/pomnik-w-parafii-Chrystusa-Kr\u00f3la-w-Jaros\u0142awiu-5.jpg\"><img loading=\"lazy\" decoding=\"async\" class=\"alignnone size-full wp-image-10963\" src=\"https:\/\/marekkuchcinski.pl\/wp-content\/uploads\/2018\/11\/pomnik-w-parafii-Chrystusa-Kr\u00f3la-w-Jaros\u0142awiu-5.jpg\" alt=\"pomnik w parafii Chrystusa Kr\u00f3la w Jaros\u0142awiu 5\" width=\"720\" height=\"960\" srcset=\"https:\/\/marekkuchcinski.pl\/wp-content\/uploads\/2018\/11\/pomnik-w-parafii-Chrystusa-Kr\u00f3la-w-Jaros\u0142awiu-5.jpg 720w, https:\/\/marekkuchcinski.pl\/wp-content\/uploads\/2018\/11\/pomnik-w-parafii-Chrystusa-Kr\u00f3la-w-Jaros\u0142awiu-5-225x300.jpg 225w\" sizes=\"(max-width: 720px) 100vw, 720px\" \/><\/a> <a href=\"https:\/\/marekkuchcinski.pl\/wp-content\/uploads\/2018\/11\/pomnik-w-parafii-Chrystusa-Kr\u00f3la-w-Jaros\u0142awiu-4.jpg\"><img loading=\"lazy\" decoding=\"async\" class=\"alignnone size-full wp-image-10964\" src=\"https:\/\/marekkuchcinski.pl\/wp-content\/uploads\/2018\/11\/pomnik-w-parafii-Chrystusa-Kr\u00f3la-w-Jaros\u0142awiu-4.jpg\" alt=\"pomnik w parafii Chrystusa Kr\u00f3la w Jaros\u0142awiu 4\" width=\"960\" height=\"720\" srcset=\"https:\/\/marekkuchcinski.pl\/wp-content\/uploads\/2018\/11\/pomnik-w-parafii-Chrystusa-Kr\u00f3la-w-Jaros\u0142awiu-4.jpg 960w, https:\/\/marekkuchcinski.pl\/wp-content\/uploads\/2018\/11\/pomnik-w-parafii-Chrystusa-Kr\u00f3la-w-Jaros\u0142awiu-4-300x225.jpg 300w, https:\/\/marekkuchcinski.pl\/wp-content\/uploads\/2018\/11\/pomnik-w-parafii-Chrystusa-Kr\u00f3la-w-Jaros\u0142awiu-4-768x576.jpg 768w\" sizes=\"(max-width: 960px) 100vw, 960px\" \/><\/a> <a href=\"https:\/\/marekkuchcinski.pl\/wp-content\/uploads\/2018\/11\/pomnik-w-parafii-Chrystusa-Kr\u00f3la-w-Jaros\u0142awiu-1.jpg\"><img loading=\"lazy\" decoding=\"async\" class=\"alignnone size-full wp-image-10967\" src=\"https:\/\/marekkuchcinski.pl\/wp-content\/uploads\/2018\/11\/pomnik-w-parafii-Chrystusa-Kr\u00f3la-w-Jaros\u0142awiu-1.jpg\" alt=\"pomnik w parafii Chrystusa Kr\u00f3la w Jaros\u0142awiu 1\" width=\"720\" height=\"960\" srcset=\"https:\/\/marekkuchcinski.pl\/wp-content\/uploads\/2018\/11\/pomnik-w-parafii-Chrystusa-Kr\u00f3la-w-Jaros\u0142awiu-1.jpg 720w, https:\/\/marekkuchcinski.pl\/wp-content\/uploads\/2018\/11\/pomnik-w-parafii-Chrystusa-Kr\u00f3la-w-Jaros\u0142awiu-1-225x300.jpg 225w\" sizes=\"(max-width: 720px) 100vw, 720px\" \/><\/a><\/p>\n<p><strong>Stretnutie s obyvate\u013emi obce \u0141a\u0144cut.<\/strong><\/p>\n<p><strong>Marek Kuchci\u0144ski sl\u00e1vnostne otvoril v\u00fdstavu pri pr\u00edle\u017eitosti 100. v\u00fdro\u010dia znovuz\u00edskania nez\u00e1vislosti Po\u013eska v M\u00fazeu na z\u00e1mku v \u0141a\u0144cute.<\/strong><\/p>\n<p>- Touto v\u00fdstavou personalizujeme na\u0161u hist\u00f3riu, kladieme d\u00f4raz nie na fakty a d\u00e1tumy, ale na \u013eud\u00ed. Z h\u013eadiska na\u0161ej verejnej \u010dinnosti je najd\u00f4le\u017eitej\u0161\u00ed \u010dlovek. Uvedomujeme si, ak\u00e9 d\u00f4le\u017eit\u00e9 je stara\u0165 sa o dedi\u010dstvo na\u0161ich predkov. Aj tie najmen\u0161ie expon\u00e1ty, suven\u00edry od darcov, \u010dasto jedin\u00e9, ktor\u00e9 zostali, a o to vz\u00e1cnej\u0161ie,\" povedal mar\u0161al.<\/p>\n<p><a href=\"https:\/\/marekkuchcinski.pl\/wp-content\/uploads\/2018\/11\/\u0141a\u0144cut-7.jpg\"><img loading=\"lazy\" decoding=\"async\" class=\"alignnone size-full wp-image-10927\" src=\"https:\/\/marekkuchcinski.pl\/wp-content\/uploads\/2018\/11\/\u0141a\u0144cut-7.jpg\" alt=\"\u0141a\u0144cut 7\" width=\"960\" height=\"720\" srcset=\"https:\/\/marekkuchcinski.pl\/wp-content\/uploads\/2018\/11\/\u0141a\u0144cut-7.jpg 960w, https:\/\/marekkuchcinski.pl\/wp-content\/uploads\/2018\/11\/\u0141a\u0144cut-7-300x225.jpg 300w, https:\/\/marekkuchcinski.pl\/wp-content\/uploads\/2018\/11\/\u0141a\u0144cut-7-768x576.jpg 768w\" sizes=\"(max-width: 960px) 100vw, 960px\" \/><\/a> <a href=\"https:\/\/marekkuchcinski.pl\/wp-content\/uploads\/2018\/11\/\u0141a\u0144cut-6.jpg\"><img loading=\"lazy\" decoding=\"async\" class=\"alignnone size-full wp-image-10928\" src=\"https:\/\/marekkuchcinski.pl\/wp-content\/uploads\/2018\/11\/\u0141a\u0144cut-6.jpg\" alt=\"\u0141a\u0144cut 6\" width=\"960\" height=\"720\" srcset=\"https:\/\/marekkuchcinski.pl\/wp-content\/uploads\/2018\/11\/\u0141a\u0144cut-6.jpg 960w, https:\/\/marekkuchcinski.pl\/wp-content\/uploads\/2018\/11\/\u0141a\u0144cut-6-300x225.jpg 300w, https:\/\/marekkuchcinski.pl\/wp-content\/uploads\/2018\/11\/\u0141a\u0144cut-6-768x576.jpg 768w\" sizes=\"(max-width: 960px) 100vw, 960px\" \/><\/a> <a href=\"https:\/\/marekkuchcinski.pl\/wp-content\/uploads\/2018\/11\/\u0141a\u0144cut-5.jpg\"><img loading=\"lazy\" decoding=\"async\" class=\"alignnone size-full wp-image-10929\" src=\"https:\/\/marekkuchcinski.pl\/wp-content\/uploads\/2018\/11\/\u0141a\u0144cut-5.jpg\" alt=\"\u0141a\u0144cut 5\" width=\"720\" height=\"960\" srcset=\"https:\/\/marekkuchcinski.pl\/wp-content\/uploads\/2018\/11\/\u0141a\u0144cut-5.jpg 720w, https:\/\/marekkuchcinski.pl\/wp-content\/uploads\/2018\/11\/\u0141a\u0144cut-5-225x300.jpg 225w\" sizes=\"(max-width: 720px) 100vw, 720px\" \/><\/a> <a href=\"https:\/\/marekkuchcinski.pl\/wp-content\/uploads\/2018\/11\/\u0141a\u0144cut-4.jpg\"><img loading=\"lazy\" decoding=\"async\" class=\"alignnone size-full wp-image-10930\" src=\"https:\/\/marekkuchcinski.pl\/wp-content\/uploads\/2018\/11\/\u0141a\u0144cut-4.jpg\" alt=\"\u0141a\u0144cut 4\" width=\"960\" height=\"720\" srcset=\"https:\/\/marekkuchcinski.pl\/wp-content\/uploads\/2018\/11\/\u0141a\u0144cut-4.jpg 960w, https:\/\/marekkuchcinski.pl\/wp-content\/uploads\/2018\/11\/\u0141a\u0144cut-4-300x225.jpg 300w, https:\/\/marekkuchcinski.pl\/wp-content\/uploads\/2018\/11\/\u0141a\u0144cut-4-768x576.jpg 768w\" sizes=\"(max-width: 960px) 100vw, 960px\" \/><\/a> <a href=\"https:\/\/marekkuchcinski.pl\/wp-content\/uploads\/2018\/11\/\u0141a\u0144cut-3.jpg\"><img loading=\"lazy\" decoding=\"async\" class=\"alignnone size-full wp-image-10931\" src=\"https:\/\/marekkuchcinski.pl\/wp-content\/uploads\/2018\/11\/\u0141a\u0144cut-3.jpg\" alt=\"\u0141a\u0144cut 3\" width=\"960\" height=\"720\" srcset=\"https:\/\/marekkuchcinski.pl\/wp-content\/uploads\/2018\/11\/\u0141a\u0144cut-3.jpg 960w, https:\/\/marekkuchcinski.pl\/wp-content\/uploads\/2018\/11\/\u0141a\u0144cut-3-300x225.jpg 300w, https:\/\/marekkuchcinski.pl\/wp-content\/uploads\/2018\/11\/\u0141a\u0144cut-3-768x576.jpg 768w\" sizes=\"(max-width: 960px) 100vw, 960px\" \/><\/a> <a href=\"https:\/\/marekkuchcinski.pl\/wp-content\/uploads\/2018\/11\/\u0141a\u0144cut-2.jpg\"><img loading=\"lazy\" decoding=\"async\" class=\"alignnone size-full wp-image-10932\" src=\"https:\/\/marekkuchcinski.pl\/wp-content\/uploads\/2018\/11\/\u0141a\u0144cut-2.jpg\" alt=\"\u0141a\u0144cut 2\" width=\"960\" height=\"720\" srcset=\"https:\/\/marekkuchcinski.pl\/wp-content\/uploads\/2018\/11\/\u0141a\u0144cut-2.jpg 960w, https:\/\/marekkuchcinski.pl\/wp-content\/uploads\/2018\/11\/\u0141a\u0144cut-2-300x225.jpg 300w, https:\/\/marekkuchcinski.pl\/wp-content\/uploads\/2018\/11\/\u0141a\u0144cut-2-768x576.jpg 768w\" sizes=\"(max-width: 960px) 100vw, 960px\" \/><\/a> <a href=\"https:\/\/marekkuchcinski.pl\/wp-content\/uploads\/2018\/11\/\u0141a\u0144cut-1.jpg\"><img loading=\"lazy\" decoding=\"async\" class=\"alignnone size-full wp-image-10933\" src=\"https:\/\/marekkuchcinski.pl\/wp-content\/uploads\/2018\/11\/\u0141a\u0144cut-1.jpg\" alt=\"\u0141a\u0144cut 1\" width=\"720\" height=\"960\" srcset=\"https:\/\/marekkuchcinski.pl\/wp-content\/uploads\/2018\/11\/\u0141a\u0144cut-1.jpg 720w, https:\/\/marekkuchcinski.pl\/wp-content\/uploads\/2018\/11\/\u0141a\u0144cut-1-225x300.jpg 225w\" sizes=\"(max-width: 720px) 100vw, 720px\" \/><\/a><\/p>\n<p>Po stretnut\u00ed s obyvate\u013emi \u0141a\u0144cuta sa Marek Kuchci\u0144ski na pozvanie riadite\u013ea M\u00fazea hradu \u0141a\u0144cut Wita K. W\u00f3jtowicza z\u00fa\u010dastnil na zasadnut\u00ed Akad\u00e9mie nez\u00e1vislosti, kde dostal album z v\u00fdstavy IPN s n\u00e1zvom Otcovia nez\u00e1vislosti. Publik\u00e1cia sa odvol\u00e1va na uznesenie Sejmu, v ktorom je uveden\u00fdch \u0161es\u0165 v\u00fdznamn\u00fdch osobnost\u00ed - otcov nez\u00e1vislosti.<\/p>\n<p><a href=\"https:\/\/marekkuchcinski.pl\/wp-content\/uploads\/2018\/11\/Akademia-Niepodleg\u0142o\u015bci-2.jpg\"><img loading=\"lazy\" decoding=\"async\" class=\"alignnone size-full wp-image-10934\" src=\"https:\/\/marekkuchcinski.pl\/wp-content\/uploads\/2018\/11\/Akademia-Niepodleg\u0142o\u015bci-2.jpg\" alt=\"Akademia Niepodleg\u0142o\u015bci 2\" width=\"960\" height=\"720\" srcset=\"https:\/\/marekkuchcinski.pl\/wp-content\/uploads\/2018\/11\/Akademia-Niepodleg\u0142o\u015bci-2.jpg 960w, https:\/\/marekkuchcinski.pl\/wp-content\/uploads\/2018\/11\/Akademia-Niepodleg\u0142o\u015bci-2-300x225.jpg 300w, https:\/\/marekkuchcinski.pl\/wp-content\/uploads\/2018\/11\/Akademia-Niepodleg\u0142o\u015bci-2-768x576.jpg 768w\" sizes=\"(max-width: 960px) 100vw, 960px\" \/><\/a> <a href=\"https:\/\/marekkuchcinski.pl\/wp-content\/uploads\/2018\/11\/Akademia-Niepodleg\u0142o\u015bci-1.jpg\"><img loading=\"lazy\" decoding=\"async\" class=\"alignnone size-full wp-image-10935\" src=\"https:\/\/marekkuchcinski.pl\/wp-content\/uploads\/2018\/11\/Akademia-Niepodleg\u0142o\u015bci-1.jpg\" alt=\"Akademia Niepodleg\u0142o\u015bci 1\" width=\"960\" height=\"720\" srcset=\"https:\/\/marekkuchcinski.pl\/wp-content\/uploads\/2018\/11\/Akademia-Niepodleg\u0142o\u015bci-1.jpg 960w, https:\/\/marekkuchcinski.pl\/wp-content\/uploads\/2018\/11\/Akademia-Niepodleg\u0142o\u015bci-1-300x225.jpg 300w, https:\/\/marekkuchcinski.pl\/wp-content\/uploads\/2018\/11\/Akademia-Niepodleg\u0142o\u015bci-1-768x576.jpg 768w\" sizes=\"(max-width: 960px) 100vw, 960px\" \/><\/a><\/p>\n<p><strong>Stretnutie s obyvate\u013emi Niska<\/strong><\/p>\n<p>- \u017diadame v\u00e1s o \u00fa\u010das\u0165 v druhom kole volieb. Je to pre n\u00e1s mimoriadne d\u00f4le\u017eit\u00e9, preto\u017ee posledn\u00e9 tri roky realizujeme program, ktor\u00fd zah\u0155\u0148a mnoh\u00e9 v\u00fdzvy, ktor\u00e9 si vy\u017eaduj\u00fa viac \u010dasu ako jedno funk\u010dn\u00e9 obdobie, napr. ot\u00e1zky slu\u017eieb a zdravotnej starostlivosti, reprivatiz\u00e1cie, reformy vzdel\u00e1vania.<\/p>\n<p><a href=\"https:\/\/marekkuchcinski.pl\/wp-content\/uploads\/2018\/11\/Nisko-5.jpg\"><img loading=\"lazy\" decoding=\"async\" class=\"alignnone size-full wp-image-10938\" src=\"https:\/\/marekkuchcinski.pl\/wp-content\/uploads\/2018\/11\/Nisko-5.jpg\" alt=\"Nisko 5\" width=\"960\" height=\"720\" srcset=\"https:\/\/marekkuchcinski.pl\/wp-content\/uploads\/2018\/11\/Nisko-5.jpg 960w, https:\/\/marekkuchcinski.pl\/wp-content\/uploads\/2018\/11\/Nisko-5-300x225.jpg 300w, https:\/\/marekkuchcinski.pl\/wp-content\/uploads\/2018\/11\/Nisko-5-768x576.jpg 768w\" sizes=\"(max-width: 960px) 100vw, 960px\" \/><\/a> <a href=\"https:\/\/marekkuchcinski.pl\/wp-content\/uploads\/2018\/11\/Nisko-4.jpg\"><img loading=\"lazy\" decoding=\"async\" class=\"alignnone size-full wp-image-10939\" src=\"https:\/\/marekkuchcinski.pl\/wp-content\/uploads\/2018\/11\/Nisko-4.jpg\" alt=\"Nisko 4\" width=\"960\" height=\"720\" srcset=\"https:\/\/marekkuchcinski.pl\/wp-content\/uploads\/2018\/11\/Nisko-4.jpg 960w, https:\/\/marekkuchcinski.pl\/wp-content\/uploads\/2018\/11\/Nisko-4-300x225.jpg 300w, https:\/\/marekkuchcinski.pl\/wp-content\/uploads\/2018\/11\/Nisko-4-768x576.jpg 768w\" sizes=\"(max-width: 960px) 100vw, 960px\" \/><\/a> <a href=\"https:\/\/marekkuchcinski.pl\/wp-content\/uploads\/2018\/11\/Nisko-3.jpg\"><img loading=\"lazy\" decoding=\"async\" class=\"alignnone size-full wp-image-10940\" src=\"https:\/\/marekkuchcinski.pl\/wp-content\/uploads\/2018\/11\/Nisko-3.jpg\" alt=\"Nisko 3\" width=\"960\" height=\"720\" srcset=\"https:\/\/marekkuchcinski.pl\/wp-content\/uploads\/2018\/11\/Nisko-3.jpg 960w, https:\/\/marekkuchcinski.pl\/wp-content\/uploads\/2018\/11\/Nisko-3-300x225.jpg 300w, https:\/\/marekkuchcinski.pl\/wp-content\/uploads\/2018\/11\/Nisko-3-768x576.jpg 768w\" sizes=\"(max-width: 960px) 100vw, 960px\" \/><\/a><\/p>\n<p><strong>27. okt\u00f3bra<\/strong><\/p>\n<p><strong>Volebn\u00fd zjazd PiS v Sanoku<\/strong><\/p>\n<p><a href=\"https:\/\/marekkuchcinski.pl\/wp-content\/uploads\/2018\/11\/Sanok-1.jpg\"><img loading=\"lazy\" decoding=\"async\" class=\"alignnone size-full wp-image-10944\" src=\"https:\/\/marekkuchcinski.pl\/wp-content\/uploads\/2018\/11\/Sanok-1.jpg\" alt=\"Sanok 1\" width=\"960\" height=\"720\" srcset=\"https:\/\/marekkuchcinski.pl\/wp-content\/uploads\/2018\/11\/Sanok-1.jpg 960w, https:\/\/marekkuchcinski.pl\/wp-content\/uploads\/2018\/11\/Sanok-1-300x225.jpg 300w, https:\/\/marekkuchcinski.pl\/wp-content\/uploads\/2018\/11\/Sanok-1-768x576.jpg 768w\" sizes=\"(max-width: 960px) 100vw, 960px\" \/><\/a><\/p>\n<p><strong>Volebn\u00fd zjazd PiS v Przemy\u015bli<\/strong><\/p>\n<p><a href=\"https:\/\/marekkuchcinski.pl\/wp-content\/uploads\/2018\/11\/Przemy\u015bl-1.jpg\"><img loading=\"lazy\" decoding=\"async\" class=\"alignnone size-full wp-image-10952\" src=\"https:\/\/marekkuchcinski.pl\/wp-content\/uploads\/2018\/11\/Przemy\u015bl-1.jpg\" alt=\"Przemy\u015bl 1\" width=\"960\" height=\"720\" srcset=\"https:\/\/marekkuchcinski.pl\/wp-content\/uploads\/2018\/11\/Przemy\u015bl-1.jpg 960w, https:\/\/marekkuchcinski.pl\/wp-content\/uploads\/2018\/11\/Przemy\u015bl-1-300x225.jpg 300w, https:\/\/marekkuchcinski.pl\/wp-content\/uploads\/2018\/11\/Przemy\u015bl-1-768x576.jpg 768w\" sizes=\"(max-width: 960px) 100vw, 960px\" \/><\/a> <a href=\"https:\/\/marekkuchcinski.pl\/wp-content\/uploads\/2018\/11\/Przemy\u015bl-3.jpg\"><img loading=\"lazy\" decoding=\"async\" class=\"alignnone size-full wp-image-10954\" src=\"https:\/\/marekkuchcinski.pl\/wp-content\/uploads\/2018\/11\/Przemy\u015bl-3.jpg\" alt=\"Przemy\u015bl 3\" width=\"960\" height=\"720\" srcset=\"https:\/\/marekkuchcinski.pl\/wp-content\/uploads\/2018\/11\/Przemy\u015bl-3.jpg 960w, https:\/\/marekkuchcinski.pl\/wp-content\/uploads\/2018\/11\/Przemy\u015bl-3-300x225.jpg 300w, https:\/\/marekkuchcinski.pl\/wp-content\/uploads\/2018\/11\/Przemy\u015bl-3-768x576.jpg 768w\" sizes=\"(max-width: 960px) 100vw, 960px\" \/><\/a> <a href=\"https:\/\/marekkuchcinski.pl\/wp-content\/uploads\/2018\/11\/Przemy\u015bl-6.jpg\"><img loading=\"lazy\" decoding=\"async\" class=\"alignnone size-full wp-image-10957\" src=\"https:\/\/marekkuchcinski.pl\/wp-content\/uploads\/2018\/11\/Przemy\u015bl-6.jpg\" alt=\"Przemy\u015bl 6\" width=\"960\" height=\"720\" srcset=\"https:\/\/marekkuchcinski.pl\/wp-content\/uploads\/2018\/11\/Przemy\u015bl-6.jpg 960w, https:\/\/marekkuchcinski.pl\/wp-content\/uploads\/2018\/11\/Przemy\u015bl-6-300x225.jpg 300w, https:\/\/marekkuchcinski.pl\/wp-content\/uploads\/2018\/11\/Przemy\u015bl-6-768x576.jpg 768w\" sizes=\"(max-width: 960px) 100vw, 960px\" \/><\/a><\/p>\n<p><strong>28. okt\u00f3bra<\/strong><\/p>\n<p><strong>Stretnutie s obyvate\u013emi Baligrodu<\/strong><\/p>\n<p>- Chceme presadzova\u0165 politiku trvalo udr\u017eate\u013en\u00e9ho rozvoja pre cel\u00fa krajinu. Politika lokomot\u00edv rozvoja len zv\u00e4\u010d\u0161uje rozdiely medzi okresmi, obcami, vr\u00e1tane Bieszczad a Przemyslu - povedal predseda Sejmu.<\/p>\n<p><a href=\"https:\/\/marekkuchcinski.pl\/wp-content\/uploads\/2018\/11\/Baligr\u00f3d-2.jpg\"><img loading=\"lazy\" decoding=\"async\" class=\"alignnone size-full wp-image-10975\" src=\"https:\/\/marekkuchcinski.pl\/wp-content\/uploads\/2018\/11\/Baligr\u00f3d-2.jpg\" alt=\"Baligr\u00f3d 2\" width=\"960\" height=\"720\" srcset=\"https:\/\/marekkuchcinski.pl\/wp-content\/uploads\/2018\/11\/Baligr\u00f3d-2.jpg 960w, https:\/\/marekkuchcinski.pl\/wp-content\/uploads\/2018\/11\/Baligr\u00f3d-2-300x225.jpg 300w, https:\/\/marekkuchcinski.pl\/wp-content\/uploads\/2018\/11\/Baligr\u00f3d-2-768x576.jpg 768w\" sizes=\"(max-width: 960px) 100vw, 960px\" \/><\/a> <a href=\"https:\/\/marekkuchcinski.pl\/wp-content\/uploads\/2018\/11\/Baligr\u00f3d-3.jpg\"><img loading=\"lazy\" decoding=\"async\" class=\"alignnone size-full wp-image-10976\" src=\"https:\/\/marekkuchcinski.pl\/wp-content\/uploads\/2018\/11\/Baligr\u00f3d-3.jpg\" alt=\"Baligr\u00f3d 3\" width=\"960\" height=\"720\" srcset=\"https:\/\/marekkuchcinski.pl\/wp-content\/uploads\/2018\/11\/Baligr\u00f3d-3.jpg 960w, https:\/\/marekkuchcinski.pl\/wp-content\/uploads\/2018\/11\/Baligr\u00f3d-3-300x225.jpg 300w, https:\/\/marekkuchcinski.pl\/wp-content\/uploads\/2018\/11\/Baligr\u00f3d-3-768x576.jpg 768w\" sizes=\"(max-width: 960px) 100vw, 960px\" \/><\/a><\/p>\n<p><strong>Stretnutie s obyvate\u013emi Pola\u0144czyka<\/strong><\/p>\n<p>- Pred\u013a\u017eenie funk\u010dn\u00e9ho obdobia na 5 rokov rob\u00ed na\u0161u \u00fa\u010das\u0165 vo vo\u013eb\u00e1ch mimoriadne d\u00f4le\u017eitou. Vyberme kandid\u00e1tov, ktor\u00ed umo\u017enia vl\u00e1de a samospr\u00e1ve spolupracova\u0165 na r\u00f4znych \u00farovniach - povedal Marek Kuchci\u0144ski.<\/p>\n<p><a href=\"https:\/\/marekkuchcinski.pl\/wp-content\/uploads\/2018\/11\/Pola\u0144czyk-1.jpg\"><img loading=\"lazy\" decoding=\"async\" class=\"alignnone size-full wp-image-10978\" src=\"https:\/\/marekkuchcinski.pl\/wp-content\/uploads\/2018\/11\/Pola\u0144czyk-1.jpg\" alt=\"Pola\u0144czyk 1\" width=\"960\" height=\"720\" srcset=\"https:\/\/marekkuchcinski.pl\/wp-content\/uploads\/2018\/11\/Pola\u0144czyk-1.jpg 960w, https:\/\/marekkuchcinski.pl\/wp-content\/uploads\/2018\/11\/Pola\u0144czyk-1-300x225.jpg 300w, https:\/\/marekkuchcinski.pl\/wp-content\/uploads\/2018\/11\/Pola\u0144czyk-1-768x576.jpg 768w\" sizes=\"(max-width: 960px) 100vw, 960px\" \/><\/a> <a href=\"https:\/\/marekkuchcinski.pl\/wp-content\/uploads\/2018\/11\/Pola\u0144czyk-3.jpg\"><img loading=\"lazy\" decoding=\"async\" class=\"alignnone size-full wp-image-10980\" src=\"https:\/\/marekkuchcinski.pl\/wp-content\/uploads\/2018\/11\/Pola\u0144czyk-3.jpg\" alt=\"Pola\u0144czyk 3\" width=\"960\" height=\"720\" srcset=\"https:\/\/marekkuchcinski.pl\/wp-content\/uploads\/2018\/11\/Pola\u0144czyk-3.jpg 960w, https:\/\/marekkuchcinski.pl\/wp-content\/uploads\/2018\/11\/Pola\u0144czyk-3-300x225.jpg 300w, https:\/\/marekkuchcinski.pl\/wp-content\/uploads\/2018\/11\/Pola\u0144czyk-3-768x576.jpg 768w\" sizes=\"(max-width: 960px) 100vw, 960px\" \/><\/a><\/p>\n<p><strong>Stretnutie s obyvate\u013emi Nowosielca<\/strong><\/p>\n<p>- D\u00f4vera v PiS sa pres\u00fava do miestnych samospr\u00e1v, kde preber\u00e1me moc na realiz\u00e1ciu n\u00e1\u0161ho programu. Pred tromi rokmi sme spustili ve\u013ek\u00fd program opr\u00e1v \u0161t\u00e1tu. Na to, aby sme mohli pokra\u010dova\u0165 v jeho realiz\u00e1cii, potrebujeme dobr\u00fdch partnerov v miestnych samospr\u00e1vach,\" povedal predseda Sejmu.<\/p>\n<p><a href=\"https:\/\/marekkuchcinski.pl\/wp-content\/uploads\/2018\/11\/Nowosielce-1.jpg\"><img loading=\"lazy\" decoding=\"async\" class=\"alignnone size-full wp-image-10982\" src=\"https:\/\/marekkuchcinski.pl\/wp-content\/uploads\/2018\/11\/Nowosielce-1.jpg\" alt=\"Nowosielce 1\" width=\"960\" height=\"720\" srcset=\"https:\/\/marekkuchcinski.pl\/wp-content\/uploads\/2018\/11\/Nowosielce-1.jpg 960w, https:\/\/marekkuchcinski.pl\/wp-content\/uploads\/2018\/11\/Nowosielce-1-300x225.jpg 300w, https:\/\/marekkuchcinski.pl\/wp-content\/uploads\/2018\/11\/Nowosielce-1-768x576.jpg 768w\" sizes=\"(max-width: 960px) 100vw, 960px\" \/><\/a> <a href=\"https:\/\/marekkuchcinski.pl\/wp-content\/uploads\/2018\/11\/Nowosielce-2.jpg\"><img loading=\"lazy\" decoding=\"async\" class=\"alignnone size-full wp-image-10983\" src=\"https:\/\/marekkuchcinski.pl\/wp-content\/uploads\/2018\/11\/Nowosielce-2.jpg\" alt=\"Nowosielce 2\" width=\"960\" height=\"720\" srcset=\"https:\/\/marekkuchcinski.pl\/wp-content\/uploads\/2018\/11\/Nowosielce-2.jpg 960w, https:\/\/marekkuchcinski.pl\/wp-content\/uploads\/2018\/11\/Nowosielce-2-300x225.jpg 300w, https:\/\/marekkuchcinski.pl\/wp-content\/uploads\/2018\/11\/Nowosielce-2-768x576.jpg 768w\" sizes=\"(max-width: 960px) 100vw, 960px\" \/><\/a><\/p>\n<p><strong>Posv\u00e4tenie a odhalenie pam\u00e4tnej tabule M\u00e1rii a Lechovi Kaczy\u0144sk\u00fdm na Komunitnom centre svojpomoci v Krzywe<\/strong><\/p>\n<p>Mar\u0161al odi\u0161iel do Krzywe na pozvanie starostu obce Dyd\u0148a Jerzyho Adamsk\u00e9ho. P\u00e1ter Jan D\u0105bal, far\u00e1r z Dydne, posv\u00e4til a odhalil pam\u00e4tn\u00fa tabu\u013eu M\u00e1rii a Lechovi Kaczy\u0144sk\u00fdm. Komunitn\u00e9 svojpomocn\u00e9 centrum ponesie meno prezidentsk\u00e9ho p\u00e1ru. Potom far\u00e1r posv\u00e4til auto, ktor\u00e9 bude sl\u00fa\u017ei\u0165 na prepravu \u00fa\u010dastn\u00edkov Komunitn\u00e9ho centra svojpomoci v Krivej, ktor\u00e9 darovala obec.<\/p>\n<p>Marek Kuchci\u0144ski zd\u00f4raznil, \u017ee vo verejnom \u017eivote sa riadime spolo\u010dn\u00fdm dobrom. Sme si vedom\u00ed, \u017ee kon\u00e1me vo verejnej sf\u00e9re pre in\u00fdch \u013eud\u00ed. Bol to prezident Lech Kaczy\u0144ski, ktor\u00fd sa na veci verejn\u00e9 pozeral z poh\u013eadu ob\u010danov. Solidarita pre neho znamenala, \u017ee sa o svoju moc a bohatstvo podel\u00ed s t\u00fdmi, ktor\u00ed to potrebuj\u00fa.<\/p>\n<p><a href=\"https:\/\/marekkuchcinski.pl\/wp-content\/uploads\/2018\/11\/Krzywe-2.jpg\"><img loading=\"lazy\" decoding=\"async\" class=\"alignnone size-full wp-image-10986\" src=\"https:\/\/marekkuchcinski.pl\/wp-content\/uploads\/2018\/11\/Krzywe-2.jpg\" alt=\"Krzywe 2\" width=\"960\" height=\"720\" srcset=\"https:\/\/marekkuchcinski.pl\/wp-content\/uploads\/2018\/11\/Krzywe-2.jpg 960w, https:\/\/marekkuchcinski.pl\/wp-content\/uploads\/2018\/11\/Krzywe-2-300x225.jpg 300w, https:\/\/marekkuchcinski.pl\/wp-content\/uploads\/2018\/11\/Krzywe-2-768x576.jpg 768w\" sizes=\"(max-width: 960px) 100vw, 960px\" \/><\/a> <a href=\"https:\/\/marekkuchcinski.pl\/wp-content\/uploads\/2018\/11\/Krzywe-6.jpg\"><img loading=\"lazy\" decoding=\"async\" class=\"alignnone size-full wp-image-10990\" src=\"https:\/\/marekkuchcinski.pl\/wp-content\/uploads\/2018\/11\/Krzywe-6.jpg\" alt=\"Krzywe 6\" width=\"960\" height=\"720\" srcset=\"https:\/\/marekkuchcinski.pl\/wp-content\/uploads\/2018\/11\/Krzywe-6.jpg 960w, https:\/\/marekkuchcinski.pl\/wp-content\/uploads\/2018\/11\/Krzywe-6-300x225.jpg 300w, https:\/\/marekkuchcinski.pl\/wp-content\/uploads\/2018\/11\/Krzywe-6-768x576.jpg 768w\" sizes=\"(max-width: 960px) 100vw, 960px\" \/><\/a> <a href=\"https:\/\/marekkuchcinski.pl\/wp-content\/uploads\/2018\/11\/Krzywe-9.jpg\"><img loading=\"lazy\" decoding=\"async\" class=\"alignnone size-full wp-image-10993\" src=\"https:\/\/marekkuchcinski.pl\/wp-content\/uploads\/2018\/11\/Krzywe-9.jpg\" alt=\"Krzywe 9\" width=\"960\" height=\"720\" srcset=\"https:\/\/marekkuchcinski.pl\/wp-content\/uploads\/2018\/11\/Krzywe-9.jpg 960w, https:\/\/marekkuchcinski.pl\/wp-content\/uploads\/2018\/11\/Krzywe-9-300x225.jpg 300w, https:\/\/marekkuchcinski.pl\/wp-content\/uploads\/2018\/11\/Krzywe-9-768x576.jpg 768w\" sizes=\"(max-width: 960px) 100vw, 960px\" \/><\/a><\/p>\n<p><strong>30. okt\u00f3bra<\/strong><\/p>\n<p><strong>Stretnutie so zamestnancami miestnej pobo\u010dky KRUS v Przemy\u015bli<\/strong><\/p>\n<p><a href=\"https:\/\/marekkuchcinski.pl\/wp-content\/uploads\/2018\/11\/KRUS-Przemy\u015bl-3.jpg\"><img loading=\"lazy\" decoding=\"async\" class=\"alignnone size-full wp-image-11066\" src=\"https:\/\/marekkuchcinski.pl\/wp-content\/uploads\/2018\/11\/KRUS-Przemy\u015bl-3.jpg\" alt=\"KRUS Przemy\u015bl 3\" width=\"960\" height=\"720\" srcset=\"https:\/\/marekkuchcinski.pl\/wp-content\/uploads\/2018\/11\/KRUS-Przemy\u015bl-3.jpg 960w, https:\/\/marekkuchcinski.pl\/wp-content\/uploads\/2018\/11\/KRUS-Przemy\u015bl-3-300x225.jpg 300w, https:\/\/marekkuchcinski.pl\/wp-content\/uploads\/2018\/11\/KRUS-Przemy\u015bl-3-768x576.jpg 768w\" sizes=\"(max-width: 960px) 100vw, 960px\" \/><\/a> <a href=\"https:\/\/marekkuchcinski.pl\/wp-content\/uploads\/2018\/11\/KRUS-Przemy\u015bl-1.jpg\"><img loading=\"lazy\" decoding=\"async\" class=\"alignnone size-full wp-image-11068\" src=\"https:\/\/marekkuchcinski.pl\/wp-content\/uploads\/2018\/11\/KRUS-Przemy\u015bl-1.jpg\" alt=\"KRUS Przemy\u015bl 1\" width=\"960\" height=\"720\" srcset=\"https:\/\/marekkuchcinski.pl\/wp-content\/uploads\/2018\/11\/KRUS-Przemy\u015bl-1.jpg 960w, https:\/\/marekkuchcinski.pl\/wp-content\/uploads\/2018\/11\/KRUS-Przemy\u015bl-1-300x225.jpg 300w, https:\/\/marekkuchcinski.pl\/wp-content\/uploads\/2018\/11\/KRUS-Przemy\u015bl-1-768x576.jpg 768w\" sizes=\"(max-width: 960px) 100vw, 960px\" \/><\/a><\/p>\n<p><strong>Stretnutie so zamestnancami okresn\u00e9ho \u00faradu ARMA v Przemy\u015bli<\/strong><\/p>\n<p><a href=\"https:\/\/marekkuchcinski.pl\/wp-content\/uploads\/2018\/11\/ARiMR-Przemy\u015bl-2.jpg\"><img loading=\"lazy\" decoding=\"async\" class=\"alignnone size-full wp-image-11069\" src=\"https:\/\/marekkuchcinski.pl\/wp-content\/uploads\/2018\/11\/ARiMR-Przemy\u015bl-2.jpg\" alt=\"ARiMR Przemy\u015bl 2\" width=\"960\" height=\"720\" srcset=\"https:\/\/marekkuchcinski.pl\/wp-content\/uploads\/2018\/11\/ARiMR-Przemy\u015bl-2.jpg 960w, https:\/\/marekkuchcinski.pl\/wp-content\/uploads\/2018\/11\/ARiMR-Przemy\u015bl-2-300x225.jpg 300w, https:\/\/marekkuchcinski.pl\/wp-content\/uploads\/2018\/11\/ARiMR-Przemy\u015bl-2-768x576.jpg 768w\" sizes=\"(max-width: 960px) 100vw, 960px\" \/><\/a> <a href=\"https:\/\/marekkuchcinski.pl\/wp-content\/uploads\/2018\/11\/ARiMR-Przemy\u015bl-1.jpg\"><img loading=\"lazy\" decoding=\"async\" class=\"alignnone size-full wp-image-11070\" src=\"https:\/\/marekkuchcinski.pl\/wp-content\/uploads\/2018\/11\/ARiMR-Przemy\u015bl-1.jpg\" alt=\"ARiMR Przemy\u015bl 1\" width=\"960\" height=\"720\" srcset=\"https:\/\/marekkuchcinski.pl\/wp-content\/uploads\/2018\/11\/ARiMR-Przemy\u015bl-1.jpg 960w, https:\/\/marekkuchcinski.pl\/wp-content\/uploads\/2018\/11\/ARiMR-Przemy\u015bl-1-300x225.jpg 300w, https:\/\/marekkuchcinski.pl\/wp-content\/uploads\/2018\/11\/ARiMR-Przemy\u015bl-1-768x576.jpg 768w\" sizes=\"(max-width: 960px) 100vw, 960px\" \/><\/a><\/p>\n<p><strong>Stretnutie so zamestnancami novovytvorenej region\u00e1lnej z\u00e1chrannej stanice v Przemy\u015bli<\/strong><\/p>\n<p><a href=\"https:\/\/marekkuchcinski.pl\/wp-content\/uploads\/2018\/11\/46469253_393786811161511_3321508822308093952_n.jpg\"><img loading=\"lazy\" decoding=\"async\" class=\"alignnone size-full wp-image-11077\" src=\"https:\/\/marekkuchcinski.pl\/wp-content\/uploads\/2018\/11\/46469253_393786811161511_3321508822308093952_n.jpg\" alt=\"46469253_393786811161511_3321508822308093952_n\" width=\"1560\" height=\"1170\" srcset=\"https:\/\/marekkuchcinski.pl\/wp-content\/uploads\/2018\/11\/46469253_393786811161511_3321508822308093952_n.jpg 1560w, https:\/\/marekkuchcinski.pl\/wp-content\/uploads\/2018\/11\/46469253_393786811161511_3321508822308093952_n-300x225.jpg 300w, https:\/\/marekkuchcinski.pl\/wp-content\/uploads\/2018\/11\/46469253_393786811161511_3321508822308093952_n-768x576.jpg 768w, https:\/\/marekkuchcinski.pl\/wp-content\/uploads\/2018\/11\/46469253_393786811161511_3321508822308093952_n-1024x768.jpg 1024w\" sizes=\"(max-width: 1560px) 100vw, 1560px\" \/><\/a><\/p>\n<p><strong>Stretnutie s riadite\u013emi przemysk\u00fdch \u0161k\u00f4l (s po\u010fakovan\u00edm za spolupr\u00e1cu odch\u00e1dzaj\u00facemu prim\u00e1torovi mesta Przemy\u015bl Robertovi Chomovi)<\/strong><\/p>\n<p><a href=\"https:\/\/marekkuchcinski.pl\/wp-content\/uploads\/2018\/11\/nauczyciele-Przemy\u015bl-4.jpg\"><img loading=\"lazy\" decoding=\"async\" class=\"alignnone size-full wp-image-11072\" src=\"https:\/\/marekkuchcinski.pl\/wp-content\/uploads\/2018\/11\/nauczyciele-Przemy\u015bl-4.jpg\" alt=\"nauczyciele Przemy\u015bl 4\" width=\"960\" height=\"720\" srcset=\"https:\/\/marekkuchcinski.pl\/wp-content\/uploads\/2018\/11\/nauczyciele-Przemy\u015bl-4.jpg 960w, https:\/\/marekkuchcinski.pl\/wp-content\/uploads\/2018\/11\/nauczyciele-Przemy\u015bl-4-300x225.jpg 300w, https:\/\/marekkuchcinski.pl\/wp-content\/uploads\/2018\/11\/nauczyciele-Przemy\u015bl-4-768x576.jpg 768w\" sizes=\"(max-width: 960px) 100vw, 960px\" \/><\/a> <a href=\"https:\/\/marekkuchcinski.pl\/wp-content\/uploads\/2018\/11\/nauczyciele-Przemy\u015bl-3.jpg\"><img loading=\"lazy\" decoding=\"async\" class=\"alignnone size-full wp-image-11073\" src=\"https:\/\/marekkuchcinski.pl\/wp-content\/uploads\/2018\/11\/nauczyciele-Przemy\u015bl-3.jpg\" alt=\"nauczyciele Przemy\u015bl 3\" width=\"960\" height=\"720\" srcset=\"https:\/\/marekkuchcinski.pl\/wp-content\/uploads\/2018\/11\/nauczyciele-Przemy\u015bl-3.jpg 960w, https:\/\/marekkuchcinski.pl\/wp-content\/uploads\/2018\/11\/nauczyciele-Przemy\u015bl-3-300x225.jpg 300w, https:\/\/marekkuchcinski.pl\/wp-content\/uploads\/2018\/11\/nauczyciele-Przemy\u015bl-3-768x576.jpg 768w\" sizes=\"(max-width: 960px) 100vw, 960px\" \/><\/a> <a href=\"https:\/\/marekkuchcinski.pl\/wp-content\/uploads\/2018\/11\/nauczyciele-Przemy\u015bl-2.jpg\"><img loading=\"lazy\" decoding=\"async\" class=\"alignnone size-full wp-image-11074\" src=\"https:\/\/marekkuchcinski.pl\/wp-content\/uploads\/2018\/11\/nauczyciele-Przemy\u015bl-2.jpg\" alt=\"nauczyciele Przemy\u015bl 2\" width=\"960\" height=\"720\" srcset=\"https:\/\/marekkuchcinski.pl\/wp-content\/uploads\/2018\/11\/nauczyciele-Przemy\u015bl-2.jpg 960w, https:\/\/marekkuchcinski.pl\/wp-content\/uploads\/2018\/11\/nauczyciele-Przemy\u015bl-2-300x225.jpg 300w, https:\/\/marekkuchcinski.pl\/wp-content\/uploads\/2018\/11\/nauczyciele-Przemy\u015bl-2-768x576.jpg 768w\" sizes=\"(max-width: 960px) 100vw, 960px\" \/><\/a> <a href=\"https:\/\/marekkuchcinski.pl\/wp-content\/uploads\/2018\/11\/nauczyciele-Przemy\u015bl-1.jpg\"><img loading=\"lazy\" decoding=\"async\" class=\"alignnone size-full wp-image-11075\" src=\"https:\/\/marekkuchcinski.pl\/wp-content\/uploads\/2018\/11\/nauczyciele-Przemy\u015bl-1.jpg\" alt=\"nauczyciele Przemy\u015bl 1\" width=\"960\" height=\"720\" srcset=\"https:\/\/marekkuchcinski.pl\/wp-content\/uploads\/2018\/11\/nauczyciele-Przemy\u015bl-1.jpg 960w, https:\/\/marekkuchcinski.pl\/wp-content\/uploads\/2018\/11\/nauczyciele-Przemy\u015bl-1-300x225.jpg 300w, https:\/\/marekkuchcinski.pl\/wp-content\/uploads\/2018\/11\/nauczyciele-Przemy\u015bl-1-768x576.jpg 768w\" sizes=\"(max-width: 960px) 100vw, 960px\" \/><\/a><\/p>\n<p><strong>Stretnutie s mienkotvorn\u00fdmi osobnos\u0165ami v meste Zurawica<\/strong><\/p>\n<p><a href=\"https:\/\/marekkuchcinski.pl\/wp-content\/uploads\/2018\/11\/\u017burawica-4.jpg\"><img loading=\"lazy\" decoding=\"async\" class=\"alignnone size-full wp-image-11080\" src=\"https:\/\/marekkuchcinski.pl\/wp-content\/uploads\/2018\/11\/\u017burawica-4.jpg\" alt=\"\u017burawica 4\" width=\"720\" height=\"960\" srcset=\"https:\/\/marekkuchcinski.pl\/wp-content\/uploads\/2018\/11\/\u017burawica-4.jpg 720w, https:\/\/marekkuchcinski.pl\/wp-content\/uploads\/2018\/11\/\u017burawica-4-225x300.jpg 225w\" sizes=\"(max-width: 720px) 100vw, 720px\" \/><\/a> <a href=\"https:\/\/marekkuchcinski.pl\/wp-content\/uploads\/2018\/11\/\u017burawica-3.jpg\"><img loading=\"lazy\" decoding=\"async\" class=\"alignnone size-full wp-image-11081\" src=\"https:\/\/marekkuchcinski.pl\/wp-content\/uploads\/2018\/11\/\u017burawica-3.jpg\" alt=\"\u017burawica 3\" width=\"960\" height=\"720\" srcset=\"https:\/\/marekkuchcinski.pl\/wp-content\/uploads\/2018\/11\/\u017burawica-3.jpg 960w, https:\/\/marekkuchcinski.pl\/wp-content\/uploads\/2018\/11\/\u017burawica-3-300x225.jpg 300w, https:\/\/marekkuchcinski.pl\/wp-content\/uploads\/2018\/11\/\u017burawica-3-768x576.jpg 768w\" sizes=\"(max-width: 960px) 100vw, 960px\" \/><\/a> <a href=\"https:\/\/marekkuchcinski.pl\/wp-content\/uploads\/2018\/11\/\u017burawica-2.jpg\"><img loading=\"lazy\" decoding=\"async\" class=\"alignnone size-full wp-image-11082\" src=\"https:\/\/marekkuchcinski.pl\/wp-content\/uploads\/2018\/11\/\u017burawica-2.jpg\" alt=\"\u017burawica 2\" width=\"960\" height=\"720\" srcset=\"https:\/\/marekkuchcinski.pl\/wp-content\/uploads\/2018\/11\/\u017burawica-2.jpg 960w, https:\/\/marekkuchcinski.pl\/wp-content\/uploads\/2018\/11\/\u017burawica-2-300x225.jpg 300w, https:\/\/marekkuchcinski.pl\/wp-content\/uploads\/2018\/11\/\u017burawica-2-768x576.jpg 768w\" sizes=\"(max-width: 960px) 100vw, 960px\" \/><\/a><\/p>\n<p><strong>31. okt\u00f3bra<\/strong><\/p>\n<p><strong>Stretnutie so zamestnancami a pr\u00edslu\u0161n\u00edkmi Mestsk\u00e9ho hasi\u010dsk\u00e9ho zboru v Przemy\u015bli<\/strong><\/p>\n<p><a href=\"https:\/\/marekkuchcinski.pl\/wp-content\/uploads\/2018\/11\/Stra\u017cacy-Przemy\u015bl-9.jpg\"><img loading=\"lazy\" decoding=\"async\" class=\"alignnone size-full wp-image-11085\" src=\"https:\/\/marekkuchcinski.pl\/wp-content\/uploads\/2018\/11\/Stra\u017cacy-Przemy\u015bl-9.jpg\" alt=\"Stra\u017cacy Przemy\u015bl 9\" width=\"720\" height=\"960\" srcset=\"https:\/\/marekkuchcinski.pl\/wp-content\/uploads\/2018\/11\/Stra\u017cacy-Przemy\u015bl-9.jpg 720w, https:\/\/marekkuchcinski.pl\/wp-content\/uploads\/2018\/11\/Stra\u017cacy-Przemy\u015bl-9-225x300.jpg 225w\" sizes=\"(max-width: 720px) 100vw, 720px\" \/><\/a> <a href=\"https:\/\/marekkuchcinski.pl\/wp-content\/uploads\/2018\/11\/Stra\u017cacy-Przemy\u015bl-8.jpg\"><img loading=\"lazy\" decoding=\"async\" class=\"alignnone size-full wp-image-11086\" src=\"https:\/\/marekkuchcinski.pl\/wp-content\/uploads\/2018\/11\/Stra\u017cacy-Przemy\u015bl-8.jpg\" alt=\"Stra\u017cacy Przemy\u015bl 8\" width=\"960\" height=\"720\" srcset=\"https:\/\/marekkuchcinski.pl\/wp-content\/uploads\/2018\/11\/Stra\u017cacy-Przemy\u015bl-8.jpg 960w, https:\/\/marekkuchcinski.pl\/wp-content\/uploads\/2018\/11\/Stra\u017cacy-Przemy\u015bl-8-300x225.jpg 300w, https:\/\/marekkuchcinski.pl\/wp-content\/uploads\/2018\/11\/Stra\u017cacy-Przemy\u015bl-8-768x576.jpg 768w\" sizes=\"(max-width: 960px) 100vw, 960px\" \/><\/a> <a href=\"https:\/\/marekkuchcinski.pl\/wp-content\/uploads\/2018\/11\/Stra\u017cacy-Przemy\u015bl-7.jpg\"><img loading=\"lazy\" decoding=\"async\" class=\"alignnone size-full wp-image-11087\" src=\"https:\/\/marekkuchcinski.pl\/wp-content\/uploads\/2018\/11\/Stra\u017cacy-Przemy\u015bl-7.jpg\" alt=\"Stra\u017cacy Przemy\u015bl 7\" width=\"720\" height=\"960\" srcset=\"https:\/\/marekkuchcinski.pl\/wp-content\/uploads\/2018\/11\/Stra\u017cacy-Przemy\u015bl-7.jpg 720w, https:\/\/marekkuchcinski.pl\/wp-content\/uploads\/2018\/11\/Stra\u017cacy-Przemy\u015bl-7-225x300.jpg 225w\" sizes=\"(max-width: 720px) 100vw, 720px\" \/><\/a> <a href=\"https:\/\/marekkuchcinski.pl\/wp-content\/uploads\/2018\/11\/Stra\u017cacy-Przemy\u015bl-6.jpg\"><img loading=\"lazy\" decoding=\"async\" class=\"alignnone size-full wp-image-11088\" src=\"https:\/\/marekkuchcinski.pl\/wp-content\/uploads\/2018\/11\/Stra\u017cacy-Przemy\u015bl-6.jpg\" alt=\"Stra\u017cacy Przemy\u015bl 6\" width=\"720\" height=\"960\" srcset=\"https:\/\/marekkuchcinski.pl\/wp-content\/uploads\/2018\/11\/Stra\u017cacy-Przemy\u015bl-6.jpg 720w, https:\/\/marekkuchcinski.pl\/wp-content\/uploads\/2018\/11\/Stra\u017cacy-Przemy\u015bl-6-225x300.jpg 225w\" sizes=\"(max-width: 720px) 100vw, 720px\" \/><\/a> <a href=\"https:\/\/marekkuchcinski.pl\/wp-content\/uploads\/2018\/11\/Stra\u017cacy-Przemy\u015bl-5.jpg\"><img loading=\"lazy\" decoding=\"async\" class=\"alignnone size-full wp-image-11089\" src=\"https:\/\/marekkuchcinski.pl\/wp-content\/uploads\/2018\/11\/Stra\u017cacy-Przemy\u015bl-5.jpg\" alt=\"Stra\u017cacy Przemy\u015bl 5\" width=\"720\" height=\"960\" srcset=\"https:\/\/marekkuchcinski.pl\/wp-content\/uploads\/2018\/11\/Stra\u017cacy-Przemy\u015bl-5.jpg 720w, https:\/\/marekkuchcinski.pl\/wp-content\/uploads\/2018\/11\/Stra\u017cacy-Przemy\u015bl-5-225x300.jpg 225w\" sizes=\"(max-width: 720px) 100vw, 720px\" \/><\/a> <a href=\"https:\/\/marekkuchcinski.pl\/wp-content\/uploads\/2018\/11\/Stra\u017cacy-Przemy\u015bl-3.jpg\"><img loading=\"lazy\" decoding=\"async\" class=\"alignnone size-full wp-image-11091\" src=\"https:\/\/marekkuchcinski.pl\/wp-content\/uploads\/2018\/11\/Stra\u017cacy-Przemy\u015bl-3.jpg\" alt=\"Stra\u017cacy Przemy\u015bl 3\" width=\"960\" height=\"720\" srcset=\"https:\/\/marekkuchcinski.pl\/wp-content\/uploads\/2018\/11\/Stra\u017cacy-Przemy\u015bl-3.jpg 960w, https:\/\/marekkuchcinski.pl\/wp-content\/uploads\/2018\/11\/Stra\u017cacy-Przemy\u015bl-3-300x225.jpg 300w, https:\/\/marekkuchcinski.pl\/wp-content\/uploads\/2018\/11\/Stra\u017cacy-Przemy\u015bl-3-768x576.jpg 768w\" sizes=\"(max-width: 960px) 100vw, 960px\" \/><\/a> <a href=\"https:\/\/marekkuchcinski.pl\/wp-content\/uploads\/2018\/11\/Stra\u017cacy-Przemy\u015bl-2.jpg\"><img loading=\"lazy\" decoding=\"async\" class=\"alignnone size-full wp-image-11092\" src=\"https:\/\/marekkuchcinski.pl\/wp-content\/uploads\/2018\/11\/Stra\u017cacy-Przemy\u015bl-2.jpg\" alt=\"Stra\u017cacy Przemy\u015bl 2\" width=\"960\" height=\"720\" srcset=\"https:\/\/marekkuchcinski.pl\/wp-content\/uploads\/2018\/11\/Stra\u017cacy-Przemy\u015bl-2.jpg 960w, https:\/\/marekkuchcinski.pl\/wp-content\/uploads\/2018\/11\/Stra\u017cacy-Przemy\u015bl-2-300x225.jpg 300w, https:\/\/marekkuchcinski.pl\/wp-content\/uploads\/2018\/11\/Stra\u017cacy-Przemy\u015bl-2-768x576.jpg 768w\" sizes=\"(max-width: 960px) 100vw, 960px\" \/><\/a> <a href=\"https:\/\/marekkuchcinski.pl\/wp-content\/uploads\/2018\/11\/Stra\u017cacy-Przemy\u015bl-1.jpg\"><img loading=\"lazy\" decoding=\"async\" class=\"alignnone size-full wp-image-11093\" src=\"https:\/\/marekkuchcinski.pl\/wp-content\/uploads\/2018\/11\/Stra\u017cacy-Przemy\u015bl-1.jpg\" alt=\"Stra\u017cacy Przemy\u015bl 1\" width=\"720\" height=\"960\" srcset=\"https:\/\/marekkuchcinski.pl\/wp-content\/uploads\/2018\/11\/Stra\u017cacy-Przemy\u015bl-1.jpg 720w, https:\/\/marekkuchcinski.pl\/wp-content\/uploads\/2018\/11\/Stra\u017cacy-Przemy\u015bl-1-225x300.jpg 225w\" sizes=\"(max-width: 720px) 100vw, 720px\" \/><\/a><\/p>","protected":false},"excerpt":{"rendered":"<p>1 pa\u017adziernika W\u00a0Pola\u0144czyku Marsza\u0142ek Sejmu\u00a0otworzy\u0142 konferencj\u0119 &#8222;Program dla Bieszczad&#8221; Ministerstwa Infrastruktury i Rozwoju. Marek Kuchci\u0144ski powiedzia\u0142, \u017ce konferencj\u0119 otwiera z du\u017cymi nadziejami,\u00a0poniewa\u017c dzi\u0119ki \u201eProgramowi dla Bieszczad\u201d buduje si\u0119 mark\u0119 maj\u0105c\u0105 charakteryzowa\u0107 nasz\u0105 cz\u0119\u015b\u0107 Karpat. \u201eProgram dla Bieszczad\u201d to kolejny etap w polityce rozwoju ca\u0142ych Karpat, a dzi\u015b w Pola\u0144czyku realizuj\u0105 si\u0119 wcze\u015bniejsze ministerialne zapowiedzi. Minister [&hellip;]<\/p>","protected":false},"author":6,"featured_media":10804,"comment_status":"open","ping_status":"open","sticky":false,"template":"","format":"standard","meta":{"ngg_post_thumbnail":0,"footnotes":""},"categories":[49,127,82],"tags":[],"class_list":["post-10784","post","type-post","status-publish","format-standard","has-post-thumbnail","hentry","category-podkarpacie","category-podsumowaniemiesiaca","category-prawo-i-sprawiedliwosc"],"yoast_head":"<!-- This site is optimized with the Yoast SEO plugin v24.7 - https:\/\/yoast.com\/wordpress\/plugins\/seo\/ -->\n<title>Spotkania z mieszka\u0144cami Podkarpacia: 1-31 pa\u017adziernika &#8211; Marek Kuchci\u0144ski<\/title>\n<meta name=\"robots\" content=\"index, follow, max-snippet:-1, max-image-preview:large, max-video-preview:-1\" \/>\n<link rel=\"canonical\" href=\"https:\/\/marekkuchcinski.pl\/sk\/prawo-i-sprawiedliwosc\/spotkania-mieszkancami-podkarpacia-wybory-samorzadowe-2018\/\" \/>\n<meta property=\"og:locale\" content=\"sk_SK\" \/>\n<meta property=\"og:type\" content=\"article\" \/>\n<meta property=\"og:title\" content=\"Spotkania z mieszka\u0144cami Podkarpacia: 1-31 pa\u017adziernika &#8211; Marek Kuchci\u0144ski\" \/>\n<meta property=\"og:description\" content=\"1 pa\u017adziernika W\u00a0Pola\u0144czyku Marsza\u0142ek Sejmu\u00a0otworzy\u0142 konferencj\u0119 &#8222;Program dla Bieszczad&#8221; Ministerstwa Infrastruktury i Rozwoju. Marek Kuchci\u0144ski powiedzia\u0142, \u017ce konferencj\u0119 otwiera z du\u017cymi nadziejami,\u00a0poniewa\u017c dzi\u0119ki \u201eProgramowi dla Bieszczad\u201d buduje si\u0119 mark\u0119 maj\u0105c\u0105 charakteryzowa\u0107 nasz\u0105 cz\u0119\u015b\u0107 Karpat. \u201eProgram dla Bieszczad\u201d to kolejny etap w polityce rozwoju ca\u0142ych Karpat, a dzi\u015b w Pola\u0144czyku realizuj\u0105 si\u0119 wcze\u015bniejsze ministerialne zapowiedzi. Minister [&hellip;]\" \/>\n<meta property=\"og:url\" content=\"https:\/\/marekkuchcinski.pl\/sk\/prawo-i-sprawiedliwosc\/spotkania-mieszkancami-podkarpacia-wybory-samorzadowe-2018\/\" \/>\n<meta property=\"og:site_name\" content=\"Marek Kuchci\u0144ski\" \/>\n<meta property=\"article:published_time\" content=\"2018-11-21T12:00:43+00:00\" \/>\n<meta property=\"article:modified_time\" content=\"2018-11-27T09:48:46+00:00\" \/>\n<meta property=\"og:image\" content=\"https:\/\/marekkuchcinski.pl\/wp-content\/uploads\/2018\/11\/Jasionka-7.jpg\" \/>\n\t<meta property=\"og:image:width\" content=\"960\" \/>\n\t<meta property=\"og:image:height\" content=\"720\" \/>\n\t<meta property=\"og:image:type\" content=\"image\/jpeg\" \/>\n<meta name=\"author\" content=\"admin\" \/>\n<meta name=\"twitter:card\" content=\"summary_large_image\" \/>\n<meta name=\"twitter:label1\" content=\"Autor\" \/>\n\t<meta name=\"twitter:data1\" content=\"admin\" \/>\n\t<meta name=\"twitter:label2\" content=\"Predpokladan\u00fd \u010das \u010d\u00edtania\" \/>\n\t<meta name=\"twitter:data2\" content=\"13 min\u00fat\" \/>\n<script type=\"application\/ld+json\" class=\"yoast-schema-graph\">{\"@context\":\"https:\/\/schema.org\",\"@graph\":[{\"@type\":\"Article\",\"@id\":\"https:\/\/marekkuchcinski.pl\/en\/prawo-i-sprawiedliwosc\/spotkania-mieszkancami-podkarpacia-wybory-samorzadowe-2018\/#article\",\"isPartOf\":{\"@id\":\"https:\/\/marekkuchcinski.pl\/en\/prawo-i-sprawiedliwosc\/spotkania-mieszkancami-podkarpacia-wybory-samorzadowe-2018\/\"},\"author\":{\"name\":\"admin\",\"@id\":\"https:\/\/marekkuchcinski.pl\/#\/schema\/person\/6f62700996b4d950b6ea2d1183b6c6be\"},\"headline\":\"Spotkania z mieszka\u0144cami Podkarpacia: 1-31 pa\u017adziernika\",\"datePublished\":\"2018-11-21T12:00:43+00:00\",\"dateModified\":\"2018-11-27T09:48:46+00:00\",\"mainEntityOfPage\":{\"@id\":\"https:\/\/marekkuchcinski.pl\/en\/prawo-i-sprawiedliwosc\/spotkania-mieszkancami-podkarpacia-wybory-samorzadowe-2018\/\"},\"wordCount\":2611,\"commentCount\":0,\"publisher\":{\"@id\":\"https:\/\/marekkuchcinski.pl\/#organization\"},\"image\":{\"@id\":\"https:\/\/marekkuchcinski.pl\/en\/prawo-i-sprawiedliwosc\/spotkania-mieszkancami-podkarpacia-wybory-samorzadowe-2018\/#primaryimage\"},\"thumbnailUrl\":\"https:\/\/marekkuchcinski.pl\/wp-content\/uploads\/2018\/11\/Jasionka-7.jpg\",\"articleSection\":[\"Podkarpacie\",\"Podsumowanie miesi\u0105ca\",\"Prawo i Sprawiedliwo\u015b\u0107\"],\"inLanguage\":\"sk-SK\",\"potentialAction\":[{\"@type\":\"CommentAction\",\"name\":\"Comment\",\"target\":[\"https:\/\/marekkuchcinski.pl\/en\/prawo-i-sprawiedliwosc\/spotkania-mieszkancami-podkarpacia-wybory-samorzadowe-2018\/#respond\"]}]},{\"@type\":\"WebPage\",\"@id\":\"https:\/\/marekkuchcinski.pl\/en\/prawo-i-sprawiedliwosc\/spotkania-mieszkancami-podkarpacia-wybory-samorzadowe-2018\/\",\"url\":\"https:\/\/marekkuchcinski.pl\/en\/prawo-i-sprawiedliwosc\/spotkania-mieszkancami-podkarpacia-wybory-samorzadowe-2018\/\",\"name\":\"Spotkania z mieszka\u0144cami Podkarpacia: 1-31 pa\u017adziernika &#8211; Marek Kuchci\u0144ski\",\"isPartOf\":{\"@id\":\"https:\/\/marekkuchcinski.pl\/#website\"},\"primaryImageOfPage\":{\"@id\":\"https:\/\/marekkuchcinski.pl\/en\/prawo-i-sprawiedliwosc\/spotkania-mieszkancami-podkarpacia-wybory-samorzadowe-2018\/#primaryimage\"},\"image\":{\"@id\":\"https:\/\/marekkuchcinski.pl\/en\/prawo-i-sprawiedliwosc\/spotkania-mieszkancami-podkarpacia-wybory-samorzadowe-2018\/#primaryimage\"},\"thumbnailUrl\":\"https:\/\/marekkuchcinski.pl\/wp-content\/uploads\/2018\/11\/Jasionka-7.jpg\",\"datePublished\":\"2018-11-21T12:00:43+00:00\",\"dateModified\":\"2018-11-27T09:48:46+00:00\",\"breadcrumb\":{\"@id\":\"https:\/\/marekkuchcinski.pl\/en\/prawo-i-sprawiedliwosc\/spotkania-mieszkancami-podkarpacia-wybory-samorzadowe-2018\/#breadcrumb\"},\"inLanguage\":\"sk-SK\",\"potentialAction\":[{\"@type\":\"ReadAction\",\"target\":[\"https:\/\/marekkuchcinski.pl\/en\/prawo-i-sprawiedliwosc\/spotkania-mieszkancami-podkarpacia-wybory-samorzadowe-2018\/\"]}]},{\"@type\":\"ImageObject\",\"inLanguage\":\"sk-SK\",\"@id\":\"https:\/\/marekkuchcinski.pl\/en\/prawo-i-sprawiedliwosc\/spotkania-mieszkancami-podkarpacia-wybory-samorzadowe-2018\/#primaryimage\",\"url\":\"https:\/\/marekkuchcinski.pl\/wp-content\/uploads\/2018\/11\/Jasionka-7.jpg\",\"contentUrl\":\"https:\/\/marekkuchcinski.pl\/wp-content\/uploads\/2018\/11\/Jasionka-7.jpg\",\"width\":960,\"height\":720},{\"@type\":\"BreadcrumbList\",\"@id\":\"https:\/\/marekkuchcinski.pl\/en\/prawo-i-sprawiedliwosc\/spotkania-mieszkancami-podkarpacia-wybory-samorzadowe-2018\/#breadcrumb\",\"itemListElement\":[{\"@type\":\"ListItem\",\"position\":1,\"name\":\"Strona g\u0142\u00f3wna\",\"item\":\"https:\/\/marekkuchcinski.pl\/\"},{\"@type\":\"ListItem\",\"position\":2,\"name\":\"Spotkania z mieszka\u0144cami Podkarpacia: 1-31 pa\u017adziernika\"}]},{\"@type\":\"WebSite\",\"@id\":\"https:\/\/marekkuchcinski.pl\/#website\",\"url\":\"https:\/\/marekkuchcinski.pl\/\",\"name\":\"Marek Kuchci\u0144ski\",\"description\":\"Pose\u0142 na sejm RP &ndash; okr\u0119g nr 22\",\"publisher\":{\"@id\":\"https:\/\/marekkuchcinski.pl\/#organization\"},\"potentialAction\":[{\"@type\":\"SearchAction\",\"target\":{\"@type\":\"EntryPoint\",\"urlTemplate\":\"https:\/\/marekkuchcinski.pl\/?s={search_term_string}\"},\"query-input\":{\"@type\":\"PropertyValueSpecification\",\"valueRequired\":true,\"valueName\":\"search_term_string\"}}],\"inLanguage\":\"sk-SK\"},{\"@type\":\"Organization\",\"@id\":\"https:\/\/marekkuchcinski.pl\/#organization\",\"name\":\"Marek Kuchci\u0144ski\",\"url\":\"https:\/\/marekkuchcinski.pl\/\",\"logo\":{\"@type\":\"ImageObject\",\"inLanguage\":\"sk-SK\",\"@id\":\"https:\/\/marekkuchcinski.pl\/#\/schema\/logo\/image\/\",\"url\":\"https:\/\/marekkuchcinski.pl\/wp-content\/uploads\/2022\/09\/Marek.jpg\",\"contentUrl\":\"https:\/\/marekkuchcinski.pl\/wp-content\/uploads\/2022\/09\/Marek.jpg\",\"width\":1600,\"height\":971,\"caption\":\"Marek Kuchci\u0144ski\"},\"image\":{\"@id\":\"https:\/\/marekkuchcinski.pl\/#\/schema\/logo\/image\/\"}},{\"@type\":\"Person\",\"@id\":\"https:\/\/marekkuchcinski.pl\/#\/schema\/person\/6f62700996b4d950b6ea2d1183b6c6be\",\"name\":\"admin\",\"image\":{\"@type\":\"ImageObject\",\"inLanguage\":\"sk-SK\",\"@id\":\"https:\/\/marekkuchcinski.pl\/#\/schema\/person\/image\/\",\"url\":\"https:\/\/secure.gravatar.com\/avatar\/4bab693b9d55c3d6b52c0296a8765085?s=96&d=mm&r=g\",\"contentUrl\":\"https:\/\/secure.gravatar.com\/avatar\/4bab693b9d55c3d6b52c0296a8765085?s=96&d=mm&r=g\",\"caption\":\"admin\"},\"url\":\"https:\/\/marekkuchcinski.pl\/sk\/author\/marta-olejnik\/\"}]}<\/script>\n<!-- \/ Yoast SEO plugin. -->","yoast_head_json":{"title":"Spotkania z mieszka\u0144cami Podkarpacia: 1-31 pa\u017adziernika &#8211; Marek Kuchci\u0144ski","robots":{"index":"index","follow":"follow","max-snippet":"max-snippet:-1","max-image-preview":"max-image-preview:large","max-video-preview":"max-video-preview:-1"},"canonical":"https:\/\/marekkuchcinski.pl\/sk\/prawo-i-sprawiedliwosc\/spotkania-mieszkancami-podkarpacia-wybory-samorzadowe-2018\/","og_locale":"sk_SK","og_type":"article","og_title":"Spotkania z mieszka\u0144cami Podkarpacia: 1-31 pa\u017adziernika &#8211; Marek Kuchci\u0144ski","og_description":"1 pa\u017adziernika W\u00a0Pola\u0144czyku Marsza\u0142ek Sejmu\u00a0otworzy\u0142 konferencj\u0119 &#8222;Program dla Bieszczad&#8221; Ministerstwa Infrastruktury i Rozwoju. Marek Kuchci\u0144ski powiedzia\u0142, \u017ce konferencj\u0119 otwiera z du\u017cymi nadziejami,\u00a0poniewa\u017c dzi\u0119ki \u201eProgramowi dla Bieszczad\u201d buduje si\u0119 mark\u0119 maj\u0105c\u0105 charakteryzowa\u0107 nasz\u0105 cz\u0119\u015b\u0107 Karpat. \u201eProgram dla Bieszczad\u201d to kolejny etap w polityce rozwoju ca\u0142ych Karpat, a dzi\u015b w Pola\u0144czyku realizuj\u0105 si\u0119 wcze\u015bniejsze ministerialne zapowiedzi. Minister [&hellip;]","og_url":"https:\/\/marekkuchcinski.pl\/sk\/prawo-i-sprawiedliwosc\/spotkania-mieszkancami-podkarpacia-wybory-samorzadowe-2018\/","og_site_name":"Marek Kuchci\u0144ski","article_published_time":"2018-11-21T12:00:43+00:00","article_modified_time":"2018-11-27T09:48:46+00:00","og_image":[{"width":960,"height":720,"url":"https:\/\/marekkuchcinski.pl\/wp-content\/uploads\/2018\/11\/Jasionka-7.jpg","type":"image\/jpeg"}],"author":"admin","twitter_card":"summary_large_image","twitter_misc":{"Autor":"admin","Predpokladan\u00fd \u010das \u010d\u00edtania":"13 min\u00fat"},"schema":{"@context":"https:\/\/schema.org","@graph":[{"@type":"Article","@id":"https:\/\/marekkuchcinski.pl\/en\/prawo-i-sprawiedliwosc\/spotkania-mieszkancami-podkarpacia-wybory-samorzadowe-2018\/#article","isPartOf":{"@id":"https:\/\/marekkuchcinski.pl\/en\/prawo-i-sprawiedliwosc\/spotkania-mieszkancami-podkarpacia-wybory-samorzadowe-2018\/"},"author":{"name":"admin","@id":"https:\/\/marekkuchcinski.pl\/#\/schema\/person\/6f62700996b4d950b6ea2d1183b6c6be"},"headline":"Spotkania z mieszka\u0144cami Podkarpacia: 1-31 pa\u017adziernika","datePublished":"2018-11-21T12:00:43+00:00","dateModified":"2018-11-27T09:48:46+00:00","mainEntityOfPage":{"@id":"https:\/\/marekkuchcinski.pl\/en\/prawo-i-sprawiedliwosc\/spotkania-mieszkancami-podkarpacia-wybory-samorzadowe-2018\/"},"wordCount":2611,"commentCount":0,"publisher":{"@id":"https:\/\/marekkuchcinski.pl\/#organization"},"image":{"@id":"https:\/\/marekkuchcinski.pl\/en\/prawo-i-sprawiedliwosc\/spotkania-mieszkancami-podkarpacia-wybory-samorzadowe-2018\/#primaryimage"},"thumbnailUrl":"https:\/\/marekkuchcinski.pl\/wp-content\/uploads\/2018\/11\/Jasionka-7.jpg","articleSection":["Podkarpacie","Podsumowanie miesi\u0105ca","Prawo i Sprawiedliwo\u015b\u0107"],"inLanguage":"sk-SK","potentialAction":[{"@type":"CommentAction","name":"Comment","target":["https:\/\/marekkuchcinski.pl\/en\/prawo-i-sprawiedliwosc\/spotkania-mieszkancami-podkarpacia-wybory-samorzadowe-2018\/#respond"]}]},{"@type":"WebPage","@id":"https:\/\/marekkuchcinski.pl\/en\/prawo-i-sprawiedliwosc\/spotkania-mieszkancami-podkarpacia-wybory-samorzadowe-2018\/","url":"https:\/\/marekkuchcinski.pl\/en\/prawo-i-sprawiedliwosc\/spotkania-mieszkancami-podkarpacia-wybory-samorzadowe-2018\/","name":"Spotkania z mieszka\u0144cami Podkarpacia: 1-31 pa\u017adziernika &#8211; Marek Kuchci\u0144ski","isPartOf":{"@id":"https:\/\/marekkuchcinski.pl\/#website"},"primaryImageOfPage":{"@id":"https:\/\/marekkuchcinski.pl\/en\/prawo-i-sprawiedliwosc\/spotkania-mieszkancami-podkarpacia-wybory-samorzadowe-2018\/#primaryimage"},"image":{"@id":"https:\/\/marekkuchcinski.pl\/en\/prawo-i-sprawiedliwosc\/spotkania-mieszkancami-podkarpacia-wybory-samorzadowe-2018\/#primaryimage"},"thumbnailUrl":"https:\/\/marekkuchcinski.pl\/wp-content\/uploads\/2018\/11\/Jasionka-7.jpg","datePublished":"2018-11-21T12:00:43+00:00","dateModified":"2018-11-27T09:48:46+00:00","breadcrumb":{"@id":"https:\/\/marekkuchcinski.pl\/en\/prawo-i-sprawiedliwosc\/spotkania-mieszkancami-podkarpacia-wybory-samorzadowe-2018\/#breadcrumb"},"inLanguage":"sk-SK","potentialAction":[{"@type":"ReadAction","target":["https:\/\/marekkuchcinski.pl\/en\/prawo-i-sprawiedliwosc\/spotkania-mieszkancami-podkarpacia-wybory-samorzadowe-2018\/"]}]},{"@type":"ImageObject","inLanguage":"sk-SK","@id":"https:\/\/marekkuchcinski.pl\/en\/prawo-i-sprawiedliwosc\/spotkania-mieszkancami-podkarpacia-wybory-samorzadowe-2018\/#primaryimage","url":"https:\/\/marekkuchcinski.pl\/wp-content\/uploads\/2018\/11\/Jasionka-7.jpg","contentUrl":"https:\/\/marekkuchcinski.pl\/wp-content\/uploads\/2018\/11\/Jasionka-7.jpg","width":960,"height":720},{"@type":"BreadcrumbList","@id":"https:\/\/marekkuchcinski.pl\/en\/prawo-i-sprawiedliwosc\/spotkania-mieszkancami-podkarpacia-wybory-samorzadowe-2018\/#breadcrumb","itemListElement":[{"@type":"ListItem","position":1,"name":"Strona g\u0142\u00f3wna","item":"https:\/\/marekkuchcinski.pl\/"},{"@type":"ListItem","position":2,"name":"Spotkania z mieszka\u0144cami Podkarpacia: 1-31 pa\u017adziernika"}]},{"@type":"WebSite","@id":"https:\/\/marekkuchcinski.pl\/#website","url":"https:\/\/marekkuchcinski.pl\/","name":"Marek Kuchci\u0144ski","description":"Pose\u0142 na sejm RP &ndash; okr\u0119g nr 22","publisher":{"@id":"https:\/\/marekkuchcinski.pl\/#organization"},"potentialAction":[{"@type":"SearchAction","target":{"@type":"EntryPoint","urlTemplate":"https:\/\/marekkuchcinski.pl\/?s={search_term_string}"},"query-input":{"@type":"PropertyValueSpecification","valueRequired":true,"valueName":"search_term_string"}}],"inLanguage":"sk-SK"},{"@type":"Organization","@id":"https:\/\/marekkuchcinski.pl\/#organization","name":"Marek Kuchci\u0144ski","url":"https:\/\/marekkuchcinski.pl\/","logo":{"@type":"ImageObject","inLanguage":"sk-SK","@id":"https:\/\/marekkuchcinski.pl\/#\/schema\/logo\/image\/","url":"https:\/\/marekkuchcinski.pl\/wp-content\/uploads\/2022\/09\/Marek.jpg","contentUrl":"https:\/\/marekkuchcinski.pl\/wp-content\/uploads\/2022\/09\/Marek.jpg","width":1600,"height":971,"caption":"Marek Kuchci\u0144ski"},"image":{"@id":"https:\/\/marekkuchcinski.pl\/#\/schema\/logo\/image\/"}},{"@type":"Person","@id":"https:\/\/marekkuchcinski.pl\/#\/schema\/person\/6f62700996b4d950b6ea2d1183b6c6be","name":"admin","image":{"@type":"ImageObject","inLanguage":"sk-SK","@id":"https:\/\/marekkuchcinski.pl\/#\/schema\/person\/image\/","url":"https:\/\/secure.gravatar.com\/avatar\/4bab693b9d55c3d6b52c0296a8765085?s=96&d=mm&r=g","contentUrl":"https:\/\/secure.gravatar.com\/avatar\/4bab693b9d55c3d6b52c0296a8765085?s=96&d=mm&r=g","caption":"admin"},"url":"https:\/\/marekkuchcinski.pl\/sk\/author\/marta-olejnik\/"}]}},"_links":{"self":[{"href":"https:\/\/marekkuchcinski.pl\/sk\/wp-json\/wp\/v2\/posts\/10784","targetHints":{"allow":["GET"]}}],"collection":[{"href":"https:\/\/marekkuchcinski.pl\/sk\/wp-json\/wp\/v2\/posts"}],"about":[{"href":"https:\/\/marekkuchcinski.pl\/sk\/wp-json\/wp\/v2\/types\/post"}],"author":[{"embeddable":true,"href":"https:\/\/marekkuchcinski.pl\/sk\/wp-json\/wp\/v2\/users\/6"}],"replies":[{"embeddable":true,"href":"https:\/\/marekkuchcinski.pl\/sk\/wp-json\/wp\/v2\/comments?post=10784"}],"version-history":[{"count":88,"href":"https:\/\/marekkuchcinski.pl\/sk\/wp-json\/wp\/v2\/posts\/10784\/revisions"}],"predecessor-version":[{"id":11318,"href":"https:\/\/marekkuchcinski.pl\/sk\/wp-json\/wp\/v2\/posts\/10784\/revisions\/11318"}],"wp:featuredmedia":[{"embeddable":true,"href":"https:\/\/marekkuchcinski.pl\/sk\/wp-json\/wp\/v2\/media\/10804"}],"wp:attachment":[{"href":"https:\/\/marekkuchcinski.pl\/sk\/wp-json\/wp\/v2\/media?parent=10784"}],"wp:term":[{"taxonomy":"category","embeddable":true,"href":"https:\/\/marekkuchcinski.pl\/sk\/wp-json\/wp\/v2\/categories?post=10784"},{"taxonomy":"post_tag","embeddable":true,"href":"https:\/\/marekkuchcinski.pl\/sk\/wp-json\/wp\/v2\/tags?post=10784"}],"curies":[{"name":"wp","href":"https:\/\/api.w.org\/{rel}","templated":true}]}}