{"id":10770,"date":"2018-10-21T12:55:10","date_gmt":"2018-10-21T10:55:10","guid":{"rendered":"https:\/\/marekkuchcinski.pl\/?p=10770"},"modified":"2018-11-16T13:00:05","modified_gmt":"2018-11-16T12:00:05","slug":"miedzynarodowa-konferencja-niezlomnosc-jednostki-trwalosc-wspolnoty","status":"publish","type":"post","link":"https:\/\/marekkuchcinski.pl\/sk\/wydarzenia\/miedzynarodowa-konferencja-niezlomnosc-jednostki-trwalosc-wspolnoty\/","title":{"rendered":"Medzin\u00e1rodn\u00e1 konferencia \"Nezlomnos\u0165 jednotlivca - trvalos\u0165 spolo\u010denstva\""},"content":{"rendered":"<p>V d\u0148och 19. - 21. okt\u00f3bra tohto roku sa v N\u00e1rodnom m\u00fazeu Przemysla konala konferencia na t\u00e9mu \"Nezlomnos\u0165 jednotlivca - st\u00e1los\u0165 spolo\u010denstva\". Podujatie, ktor\u00e9 je s\u00fa\u010das\u0165ou ka\u017edoro\u010dn\u00e9ho Festivalu kult\u00fary republiky, organizovan\u00e9ho Kult\u00farnym centrom<br \/>\nv Przemy\u015bli sa z\u00fa\u010dastnil predseda po\u013esk\u00e9ho Sejmu Marek Kuchci\u0144ski.<\/p>\n<p>Na pozvanie profesora Zdzis\u0142awa Krasnod\u0119bsk\u00e9ho pri\u0161lo do Przemy\u015bla mnoho v\u00fdznamn\u00fdch host\u00ed. Konferenciu otvoril minister kult\u00fary a n\u00e1rodn\u00e9ho dedi\u010dstva Prof. Piotr Gli\u0144ski, ktor\u00fd pripomenul, \u017ee hybnou silou dej\u00edn je jednotlivec a \u017ee medzi mnoh\u00fdmi typmi vynikaj\u00facich osobnost\u00ed s\u00fa aj nezlomn\u00e9 osobnosti, ktor\u00e9 veria svojim ide\u00e1lom do takej miery, \u017ee s\u00fa ochotn\u00e9 sa pre ne obetova\u0165. Ich vytrvalos\u0165 \u010dasto poskytuje n\u00e1dej v bezn\u00e1dejn\u00fdch situ\u00e1ci\u00e1ch a ich pr\u00edtomnos\u0165 v komunite m\u00e1 nepopierate\u013en\u00fd vplyv na jej udr\u017eate\u013enos\u0165.<\/p>\n<p>Program konferencie bol zalo\u017een\u00fd na troch hlavn\u00fdch tematick\u00fdch oblastiach. Prv\u00e1 sa t\u00fdkala filozofick\u00fdch \u00favah o spolo\u010denstve a \u00falohe, ktor\u00fa v \u0148om zohr\u00e1vaj\u00fa v\u00fdznamn\u00ed jednotlivci, \u00favah o typoch pam\u00e4ti a n\u00e1rodn\u00fdch hrdinoch, ako aj o posv\u00e4tn\u00fdch miestach jednotliv\u00fdch n\u00e1rodn\u00fdch a n\u00e1bo\u017eensk\u00fdch spolo\u010denstiev. Na prvom zasadnut\u00ed s n\u00e1zvom \"Spolo\u010denstvo ako priestor hodn\u00f4t\" sa z\u00fa\u010dastnili Prof. Zdzis\u0142aw Krasnod\u0119bski, PhD, Prof. UR, PhD, Krzysztof Malicki a Prof. U\u015a, PhD, Piotr Wr\u00f3blewski.<\/p>\n<p>Druh\u00e9 zasadnutie s n\u00e1zvom \"Osobn\u00e9 vzory a kolekt\u00edvna identita\" pozost\u00e1valo z pr\u00edbehov \u0161tyroch re\u010dn\u00edkov. Ka\u017ed\u00e1 z nich bola venovan\u00e1 v\u00fdnimo\u010dn\u00fdm nezlomn\u00fdm osobnostiam. Maciej \u0141opi\u0144ski pripomenul profil prezidenta Lecha Kaczy\u0144sk\u00e9ho, Dr. Mariusz Krzysztofi\u0144ski predniesol na z\u00e1klade dlhoro\u010dn\u00e9ho v\u00fdskumu predn\u00e1\u0161ku o arcibiskupovi Ignacym Tokarczukovi, Prof. Andrzej Zi\u0119ba z Jagelovskej univerzity hovoril o nezlomn\u00fdch pastieroch Cirkvi v strednej Eur\u00f3pe: Jozef Teodorowicz, arcibiskup Andrzej Szeptycki a arcibiskup Stefan Wyszynski, zatia\u013e \u010do Prof. Dr. Martin Pek\u00e1r predniesol zauj\u00edmav\u00fa predn\u00e1\u0161ku o slovenskom politikovi minul\u00e9ho storo\u010dia Andrejovi Hlinkovi.<\/p>\n<p>V tretej sekcii, venovanej budovaniu, pretrv\u00e1vaniu a charakteru komun\u00edt, si \u00fa\u010dastn\u00edci konferencie vypo\u010duli \u0161tyri ve\u013emi zauj\u00edmav\u00e9 pr\u00edspevky venovan\u00e9: \"Przemy\u015bl ako rodisko ukrajinsk\u00e9ho jazyka\". - Prof. Dr. Michael Moser, z po\u013eskej arm\u00e9nskej komunity - Prof. UW Dr. Grzegorz Pe\u0142czy\u0144ski, z karpatoruskej komunity - Prof. Paul Robert Magocsi a z bieloruskej komunity - Prof. Dr. Ryszard Radzik.<\/p>\n<p><a href=\"https:\/\/marekkuchcinski.pl\/wp-content\/uploads\/2018\/11\/Kras.jpg\"><img fetchpriority=\"high\" decoding=\"async\" class=\"alignnone size-full wp-image-10772\" src=\"https:\/\/marekkuchcinski.pl\/wp-content\/uploads\/2018\/11\/Kras.jpg\" alt=\"Kras\" width=\"772\" height=\"498\" srcset=\"https:\/\/marekkuchcinski.pl\/wp-content\/uploads\/2018\/11\/Kras.jpg 772w, https:\/\/marekkuchcinski.pl\/wp-content\/uploads\/2018\/11\/Kras-300x194.jpg 300w, https:\/\/marekkuchcinski.pl\/wp-content\/uploads\/2018\/11\/Kras-768x495.jpg 768w\" sizes=\"(max-width: 772px) 100vw, 772px\" \/><\/a><\/p>","protected":false},"excerpt":{"rendered":"<p>W dniach 19-21 pa\u017adziernika br. w przemyskim Muzeum Narodowym Ziemi Przemyskiej odby\u0142a si\u0119 konferencja \u201eNiez\u0142omno\u015b\u0107 jednostki \u2013 trwa\u0142o\u015b\u0107 wsp\u00f3lnoty\u201d. W wydarzeniu, b\u0119d\u0105cym cz\u0119\u015bci\u0105 dorocznego Festiwalu Kultury Rzeczypospolitej, organizowanego przez Centrum Kulturalne w Przemy\u015blu wzi\u0105\u0142 udzia\u0142 Marsza\u0142ek Sejmu RP Marek Kuchci\u0144ski. Na zaproszenie prof. Zdzis\u0142awa Krasnod\u0119bskiego do Przemy\u015bla przyjecha\u0142o wielu znamienitych go\u015bci. Konferencj\u0119 otworzy\u0142 minister kultury [&hellip;]<\/p>\n","protected":false},"author":6,"featured_media":10772,"comment_status":"open","ping_status":"open","sticky":false,"template":"","format":"standard","meta":{"ngg_post_thumbnail":0,"footnotes":""},"categories":[49,3],"tags":[],"class_list":["post-10770","post","type-post","status-publish","format-standard","has-post-thumbnail","hentry","category-podkarpacie","category-wydarzenia"],"_links":{"self":[{"href":"https:\/\/marekkuchcinski.pl\/sk\/wp-json\/wp\/v2\/posts\/10770","targetHints":{"allow":["GET"]}}],"collection":[{"href":"https:\/\/marekkuchcinski.pl\/sk\/wp-json\/wp\/v2\/posts"}],"about":[{"href":"https:\/\/marekkuchcinski.pl\/sk\/wp-json\/wp\/v2\/types\/post"}],"author":[{"embeddable":true,"href":"https:\/\/marekkuchcinski.pl\/sk\/wp-json\/wp\/v2\/users\/6"}],"replies":[{"embeddable":true,"href":"https:\/\/marekkuchcinski.pl\/sk\/wp-json\/wp\/v2\/comments?post=10770"}],"version-history":[{"count":2,"href":"https:\/\/marekkuchcinski.pl\/sk\/wp-json\/wp\/v2\/posts\/10770\/revisions"}],"predecessor-version":[{"id":10773,"href":"https:\/\/marekkuchcinski.pl\/sk\/wp-json\/wp\/v2\/posts\/10770\/revisions\/10773"}],"wp:featuredmedia":[{"embeddable":true,"href":"https:\/\/marekkuchcinski.pl\/sk\/wp-json\/wp\/v2\/media\/10772"}],"wp:attachment":[{"href":"https:\/\/marekkuchcinski.pl\/sk\/wp-json\/wp\/v2\/media?parent=10770"}],"wp:term":[{"taxonomy":"category","embeddable":true,"href":"https:\/\/marekkuchcinski.pl\/sk\/wp-json\/wp\/v2\/categories?post=10770"},{"taxonomy":"post_tag","embeddable":true,"href":"https:\/\/marekkuchcinski.pl\/sk\/wp-json\/wp\/v2\/tags?post=10770"}],"curies":[{"name":"wp","href":"https:\/\/api.w.org\/{rel}","templated":true}]}}