{"id":10752,"date":"2018-11-16T10:33:12","date_gmt":"2018-11-16T09:33:12","guid":{"rendered":"https:\/\/marekkuchcinski.pl\/?p=10752"},"modified":"2018-11-16T10:34:39","modified_gmt":"2018-11-16T09:34:39","slug":"uwolnic-gospodarczy-potencjal-podkarpacia","status":"publish","type":"post","link":"https:\/\/marekkuchcinski.pl\/sk\/wydarzenia\/uwolnic-gospodarczy-potencjal-podkarpacia\/","title":{"rendered":"Ako uvo\u013eni\u0165 hospod\u00e1rsky potenci\u00e1l Podkarpatska. Udr\u017eate\u013en\u00fd rozvoj krajiny je jednou z prior\u00edt vl\u00e1dy"},"content":{"rendered":"<p>Najv\u00e4\u010d\u0161ia hospod\u00e1rska udalos\u0165 roka - kongres 590 - sa konala v Jasionke pri Rzeszowe. Na podujat\u00ed sa z\u00fa\u010dastnilo 4,5 tis\u00edca \u013eud\u00ed vr\u00e1tane prezidenta, predsedu vl\u00e1dy a ministrov. Jeho \u00falohou je podporova\u0165 dom\u00e1ce zna\u010dky, podnecova\u0165 n\u00e1kupy miestnych v\u00fdrobkov a rozv\u00edja\u0165 n\u00e1kupn\u00fd patriotizmus. Tohtoro\u010dn\u00fd tret\u00ed ro\u010dn\u00edk kongresu 590 je v\u00fdnimo\u010dn\u00fd, preto\u017ee sa kon\u00e1 pri pr\u00edle\u017eitosti st\u00e9ho v\u00fdro\u010dia znovuz\u00edskania nez\u00e1vislosti Po\u013eska. Re\u010dn\u00edci sa zamerali na po\u013esk\u00e9 hospod\u00e1rstvo, jeho siln\u00e9 a slab\u00e9 str\u00e1nky. Po\u010das 94 panelov\u00fdch deb\u00e1t sa diskutovalo o tom, ako uvo\u013eni\u0165 hospod\u00e1rsky potenci\u00e1l Po\u013eska. Re\u010dn\u00edci sa okrem in\u00e9ho zamerali na technol\u00f3gie, invest\u00edcie, energetiku, environment\u00e1lnu politiku, obchod a v\u00fdvoz. Nie n\u00e1hodou sa kongres kon\u00e1 na Podkarpatsku, ktor\u00e9 sa st\u00e1va hlavn\u00fdm mestom podnikania a inov\u00e1ci\u00ed. Regi\u00f3n je tie\u017e l\u00eddrom vo vyu\u017e\u00edvan\u00ed fondov E\u00da - do konca roka 2017 zazmluvnila krajsk\u00e1 vl\u00e1da na roky 2014 - 2020 celkovo 994 mili\u00f3nov PLN.<\/p>\n<ul>\n<li><strong>Udr\u017eate\u013en\u00fd rozvoj krajiny je jednou z prior\u00edt vl\u00e1dy.<\/strong> Doteraz sa mu podarilo v\u00fdrazne zn\u00ed\u017ei\u0165 nezamestnanos\u0165, ktor\u00e1 na Podkarpatsku klesla z 12,9% v XI 2015 na 8,7% v VI 2018.<\/li>\n<li>Na v\u00fdchode krajiny je probl\u00e9m nerovnak\u00e9ho odme\u0148ovania obzvl\u00e1\u0161\u0165 v\u00fdrazn\u00fd. Zamestnanci maj\u00fa teraz zaru\u010den\u00fa minim\u00e1lnu mzdu a zaru\u010den\u00e9 ro\u010dn\u00e9 \u00fapravy miezd.<\/li>\n<li>Ministerstvo podnikania a technol\u00f3gi\u00ed zav\u00e1dza bal\u00edk viac ako 100 zmien pre podnikate\u013eov, ktor\u00e9 im u\u013eah\u010dia zakladanie, vedenie a \u00fa\u010dtovanie podnikov. Z toho bude ma\u0165 prospech viac ako 173 000 existuj\u00facich spolo\u010dnost\u00ed v provincii. V roku 2016 sa za\u010dali meni\u0165 naj\u0165a\u017e\u0161ie predpisy, ktor\u00e9 s\u0165a\u017euj\u00fa podnikanie. Do dne\u0161n\u00e9ho d\u0148a nadobudlo \u00fa\u010dinnos\u0165 u\u017e viac ako 100 zmien, vr\u00e1tane roz\u0161\u00edrenia ochrany podnikate\u013eov v\u00fdkladom v\u0161etk\u00fdch nejasnost\u00ed v prospech podnikate\u013ea alebo vymenovania ombudsmana pre mal\u00e9 a stredn\u00e9 podniky.<\/li>\n<\/ul>\n<p>Org\u00e1ny vojvodstva vytvoren\u00e9 stranou Pr\u00e1vo a spravodlivos\u0165, ktor\u00e9 si uvedomuj\u00fa potrebu rozvoja podnikania a posilnenia region\u00e1lnej ekonomiky, \u00faspe\u0161ne uskuto\u010dnili mnoh\u00e9 aktivity vr\u00e1tane:<\/p>\n<ul>\n<li>Spolo\u010dnos\u0165 Podkarpacki Fundusz Rozwoju Sp. z o.o. bola zalo\u017een\u00e1 - na podporu mal\u00fdch a stredn\u00fdch podnikov v regi\u00f3ne, ktor\u00fd sa postupne nap\u013a\u0148a peniazmi z n\u00e1vratn\u00fdch n\u00e1strojov z predch\u00e1dzaj\u00facej perspekt\u00edvy, poskytuje kapit\u00e1l na podnikanie.<\/li>\n<li>Bolo zalo\u017een\u00e9 Podkarpatsk\u00e9 inova\u010dn\u00e9 centrum sp. z o.o. - Jeho poslan\u00edm je spoji\u0165 vedu s podnikan\u00edm, komercializova\u0165 v\u00fdskum a objednan\u00e9 \u0161t\u00fadie, prebudi\u0165 podnikate\u013esk\u00fa kreativitu mlad\u00fdch \u013eud\u00ed (namiesto odchodu bud\u00fa vytv\u00e1ra\u0165 miestne podniky).<\/li>\n<li>\u010cinnos\u0165 Centra pre pomoc investorom a export\u00e9rom - z\u00edskavanie investorov, podpora pri z\u00edskavan\u00ed invest\u00edci\u00ed, podpora export\u00e9rov, poradensk\u00e1 pomoc a \u0161kolenia pre region\u00e1lne spolo\u010dnosti, vyh\u013ead\u00e1vanie obchodn\u00fdch partnerov pre spolo\u010dnosti.<\/li>\n<li>Miestne org\u00e1ny d\u00f4sledne podporuj\u00fa podnikanie prostredn\u00edctvom aktiv\u00edt in\u0161tit\u00faci\u00ed podnikate\u013esk\u00e9ho prostredia. RARR S.A. - poradensk\u00e1 podpora podnikania, transfer modern\u00fdch technol\u00f3gi\u00ed, spr\u00e1va Podkarpatsk\u00e9ho vedecko-technologick\u00e9ho parku, inkub\u00e1cia nov\u00fdch firiem, spolupr\u00e1ca s univerzitami, realiz\u00e1cia projektov pre za\u010d\u00ednaj\u00face podniky. Pr\u00edle\u017eitos\u0165ou na zv\u00fd\u0161enie profesionaliz\u00e1cie slu\u017eieb poskytovan\u00fdch in\u0161tit\u00faciami BEI z h\u013eadiska o\u010dak\u00e1van\u00ed trhu je realiz\u00e1cia projektu Podkarpacka Platforma Wsparcia Biznesu.<\/li>\n<li>K\u013e\u00fa\u010dom k rozvoju hospod\u00e1rstva regi\u00f3nu je posilnenie inovat\u00edvnych a konkurencieschopn\u00fdch spolo\u010dnost\u00ed schopn\u00fdch konkurova\u0165 na eur\u00f3pskych a svetov\u00fdch trhoch. Ako inteligentn\u00e9 \u0161pecializ\u00e1cie regi\u00f3nu uv\u00e1dza PiS k\u013e\u00fa\u010dov\u00e9 odvetvia, ako s\u00fa: leteck\u00fd priemysel, kvalita \u017eivota, IT a telekomunik\u00e1cie (IKT) a automobilov\u00fd priemysel.<\/li>\n<li>V s\u00fa\u010dasnosti realizujeme vlastn\u00fd projekt v r\u00e1mci OP VaI 2014-2020 zameran\u00fd na inteligentn\u00e9 \u0161pecializ\u00e1cie a podporujeme spolo\u010dnosti v t\u00fdchto odvetviach. Okrem toho vykon\u00e1vame proces podnikate\u013esk\u00e9ho objavovania s cie\u013eom identifikova\u0165 nov\u00e9 odvetvia pr\u00edle\u017eitost\u00ed, ktor\u00e9 by sa mohli sta\u0165 \u010fal\u0161\u00edmi \u0161pecializ\u00e1ciami.<\/li>\n<li>D\u00f4le\u017eit\u00fdm faktorom rozvoja region\u00e1lnej ekonomiky je mo\u017enos\u0165 stret\u00e1va\u0165 sa, prezentova\u0165 svoj potenci\u00e1l a budova\u0165 obchodn\u00e9 kontakty. Podkarpatsk\u00e9 v\u00fdstavn\u00e9 a kongresov\u00e9 centrum sl\u00fa\u017ei na tento \u00fa\u010del ako miesto konania medzin\u00e1rodn\u00fdch hospod\u00e1rskych kongresov, v\u00fdstavn\u00fdch podujat\u00ed a ve\u013etrhov.<\/li>\n<li>Bal\u00edk opatren\u00ed pre stredne ve\u013ek\u00e9 mest\u00e1: ako jeden zo strategick\u00fdch projektov SOR bol vypracovan\u00fd bal\u00edk opatren\u00ed pre stredne ve\u013ek\u00e9 mest\u00e1, ktor\u00e9 str\u00e1caj\u00fa soci\u00e1lno-ekonomick\u00e9 funkcie. Bal\u00edk pre stredne ve\u013ek\u00e9 mest\u00e1 zah\u0155\u0148a 13 centier v Podkarpatskom vojvodstve: D\u0119bica, Jaros\u0142aw, Jas\u0142o, Krosno, \u0141a\u0144cut, Mielec, Nisko, Przemy\u015bl, Przeworsk, Ropczyce, Sanok, Stalowa Wola, Tarnobrzeg.<\/li>\n<\/ul>\n<p><strong>\u00a0\u010cO UROB\u00cd PR\u00c1VO A SPRAVODLIVOS\u0164 PRE PODKARPATSK\u00ddCH PODNIKATE\u013dOV A HOSPOD\u00c1RSTVO<\/strong><\/p>\n<ul>\n<li>Bude sa stara\u0165 o rozvoj Podkarpatsk\u00e9ho inova\u010dn\u00e9ho centra a propag\u00e1ciu podkarpatsk\u00fdch firiem a investi\u010dn\u00fdch oblast\u00ed. Bude stimulova\u0165 s\u00fakromn\u00e9 rozvojov\u00e9 invest\u00edcie pomocou n\u00e1strojov, ktor\u00e9 pon\u00fakaj\u00fa \u0161t\u00e1tne agent\u00fary p\u00f4sobiace v r\u00e1mci skupiny PFR, napr. ARP.<\/li>\n<li>Podpor\u00ed mal\u00e9 a stredn\u00e9 podniky pri z\u00edskavan\u00ed dlhodob\u00e9ho financovania investi\u010dn\u00fdch projektov.<\/li>\n<li>Bude rozv\u00edja\u0165 \"inteligentn\u00e9 \u0161pecializ\u00e1cie\" vybran\u00e9 v Podkarpatskom vojvodstve, ako aj identifikova\u0165 nov\u00e9, inovat\u00edvne a rozv\u00edjaj\u00face sa odvetvia hospod\u00e1rstva.<\/li>\n<li>Bude poskytova\u0165 podporu podkarpatsk\u00fdm podnikate\u013eom pri z\u00edskavan\u00ed finan\u010dn\u00fdch prostriedkov od \u0161t\u00e1tnych agent\u00far.<\/li>\n<li>Budeme poskytova\u0165 komplexn\u00fa poradensk\u00fa podporu podnikate\u013eom, ktor\u00ed \u017eiadaj\u00fa o \u00fa\u013eavy v r\u00e1mci novovytvorenej celo\u0161t\u00e1tnej osobitnej hospod\u00e1rskej z\u00f3ny.<\/li>\n<li>V spolupr\u00e1ci s PFR bude realizova\u0165 program Otvoren\u00e9 inov\u00e1cie, ktor\u00e9ho cie\u013eom je stimulova\u0165 po\u013esk\u00e9 technologick\u00e9 inov\u00e1cie prostredn\u00edctvom verejno-s\u00fakromn\u00e9ho financovania. Kone\u010dn\u00ed pr\u00edjemcovia (inovat\u00edvne technologick\u00e9 spolo\u010dnosti s v\u00fdskumno-v\u00fdvojovou zlo\u017ekou) m\u00f4\u017eu v rokoch 2017 a\u017e 2023 po\u010d\u00edta\u0165 s rekapitaliz\u00e1ciou vo v\u00fd\u0161ke od 5 mili\u00f3nov PLN do pribli\u017ene 20-30 mili\u00f3nov PLN (maxim\u00e1lne 60 mili\u00f3nov PLN).<\/li>\n<li>S \u00fa\u010das\u0165ou BGK budeme budova\u0165 priemyseln\u00e9 haly na pren\u00e1jom pre inovat\u00edvne podniky, za\u010d\u00ednaj\u00face v\u00fdrobn\u00e9 podniky, ktor\u00e9 nemaj\u00fa kapacitu na za\u010datie v\u00fdrobn\u00e9ho procesu.<\/li>\n<li>Bude realizova\u0165 projekt \u010dasovej banky. \u010casov\u00e9 banky umo\u017e\u0148uj\u00fa v\u00fdmenu slu\u017eieb v r\u00e1mci komunity. \u00dalohu meny tu zohr\u00e1va \u010das str\u00e1ven\u00fd danou \u010dinnos\u0165ou a celok je pod doh\u013eadom \u0161peci\u00e1lnych webov\u00fdch str\u00e1nok. Populariz\u00e1cia \u010dasov\u00fdch b\u00e1nk zv\u00fd\u0161i spolo\u010densk\u00fa aktivitu a stane sa prirodzen\u00fdm zdrojom rozvoja podnikania.<\/li>\n<li>Prostredn\u00edctvom Podkarpatsk\u00e9ho rozvojov\u00e9ho fondu bude podporova\u0165 rozvoj finan\u010dn\u00fdch slu\u017eieb pre mal\u00e9 a stredn\u00e9 podniky.<\/li>\n<li>Strategick\u00fd program Modr\u00fd San - zv\u00fd\u0161i\u0165 \u017eivotn\u00fa \u00farove\u0148 obyvate\u013eov obc\u00ed pozd\u013a\u017e rieky San a efekt\u00edvne vyu\u017e\u00edva\u0165 r\u00f4zne endog\u00e9nne zdroje.<\/li>\n<li>Strategick\u00fd program rozvoja Bieszczad - zv\u00fd\u0161enie \u017eivotnej \u00farovne a \u017eivotn\u00fdch podmienok obyvate\u013eov s efekt\u00edvnym vyu\u017eit\u00edm endog\u00e9nnych zdrojov.<\/li>\n<\/ul>\n<p>Spolupr\u00e1ca s vl\u00e1dou pri realiz\u00e1cii Programu pre Bieszczady: Cie\u013eom programu je zlep\u0161i\u0165 mo\u017enosti rozvoja a ur\u00fdchli\u0165 rozvoj oblasti prostredn\u00edctvom opatren\u00ed a iniciat\u00edv prij\u00edman\u00fdch na vn\u00fatro\u0161t\u00e1tnej \u00farovni, ktor\u00e9 dop\u013a\u0148aj\u00fa \u010dinnosti vykon\u00e1van\u00e9 na region\u00e1lnej a miestnej \u00farovni. Cie\u013eom programu je vytvori\u0165 \u00fa\u010dinn\u00e9 f\u00f3rum pre spolupr\u00e1cu a v\u00fdmenu sk\u00fasenost\u00ed medzi t\u00fdmito akt\u00e9rmi a vl\u00e1dou v z\u00e1ujme rozvoja regi\u00f3nu.<\/p>\n<p>Program je ur\u010den\u00fd pre obce Bieszczady (Czarna, Lutowiska a Ustrzyki Dolne), Lesko (Baligr\u00f3d, Cisna, Lesko, Olszanica, Solina), Sanok (Koma\u0144cza Zag\u00f3rz, Tyrawa Wo\u0142oska) a Przemyskie (Bircza), ale pozit\u00edvne \u00fa\u010dinky programu sa prejavia aj v susedn\u00fdch obciach.<\/p>\n<p>&nbsp;<\/p>\n<p>&nbsp;<\/p>","protected":false},"excerpt":{"rendered":"<p>Najwi\u0119ksze wydarzenie gospodarcze roku &#8211; Kongres 590 &#8211; odby\u0142o si\u0119 w Jasionce k. Rzeszowa. W wydarzeniu wzi\u0119\u0142o udzia\u0142 4,5 tys. os\u00f3b, w tym prezydent, premier i ministrowie. Jego zadaniem jest wsparcie\u00a0rodzimych marek, zach\u0119cenie do zakup\u00f3w lokalnych produkt\u00f3w, oraz rozwijanie zakupowego patriotyzmu.\u00a0Tegoroczna, trzecia, edycja Kongresu 590 jest szczeg\u00f3lna, odbywa si\u0119 bowiem w stulecie odzyskania przez Polsk\u0119 [&hellip;]<\/p>","protected":false},"author":6,"featured_media":10767,"comment_status":"open","ping_status":"open","sticky":false,"template":"","format":"standard","meta":{"ngg_post_thumbnail":0,"footnotes":""},"categories":[49,82,3],"tags":[],"class_list":["post-10752","post","type-post","status-publish","format-standard","has-post-thumbnail","hentry","category-podkarpacie","category-prawo-i-sprawiedliwosc","category-wydarzenia"],"yoast_head":"<!-- This site is optimized with the Yoast SEO plugin v24.7 - https:\/\/yoast.com\/wordpress\/plugins\/seo\/ -->\n<title>Jak uwolni\u0107 gospodarczy potencja\u0142 Podkarpacia. Zr\u00f3wnowa\u017cony rozw\u00f3j kraju jednym z priorytet\u00f3w rz\u0105du &#8211; Marek Kuchci\u0144ski<\/title>\n<meta name=\"robots\" content=\"index, follow, max-snippet:-1, max-image-preview:large, max-video-preview:-1\" \/>\n<link rel=\"canonical\" href=\"https:\/\/marekkuchcinski.pl\/sk\/wydarzenia\/uwolnic-gospodarczy-potencjal-podkarpacia\/\" \/>\n<meta property=\"og:locale\" content=\"sk_SK\" \/>\n<meta property=\"og:type\" content=\"article\" \/>\n<meta property=\"og:title\" content=\"Jak uwolni\u0107 gospodarczy potencja\u0142 Podkarpacia. Zr\u00f3wnowa\u017cony rozw\u00f3j kraju jednym z priorytet\u00f3w rz\u0105du &#8211; Marek Kuchci\u0144ski\" \/>\n<meta property=\"og:description\" content=\"Najwi\u0119ksze wydarzenie gospodarcze roku &#8211; Kongres 590 &#8211; odby\u0142o si\u0119 w Jasionce k. Rzeszowa. W wydarzeniu wzi\u0119\u0142o udzia\u0142 4,5 tys. os\u00f3b, w tym prezydent, premier i ministrowie. Jego zadaniem jest wsparcie\u00a0rodzimych marek, zach\u0119cenie do zakup\u00f3w lokalnych produkt\u00f3w, oraz rozwijanie zakupowego patriotyzmu.\u00a0Tegoroczna, trzecia, edycja Kongresu 590 jest szczeg\u00f3lna, odbywa si\u0119 bowiem w stulecie odzyskania przez Polsk\u0119 [&hellip;]\" \/>\n<meta property=\"og:url\" content=\"https:\/\/marekkuchcinski.pl\/sk\/wydarzenia\/uwolnic-gospodarczy-potencjal-podkarpacia\/\" \/>\n<meta property=\"og:site_name\" content=\"Marek Kuchci\u0144ski\" \/>\n<meta property=\"article:published_time\" content=\"2018-11-16T09:33:12+00:00\" \/>\n<meta property=\"article:modified_time\" content=\"2018-11-16T09:34:39+00:00\" \/>\n<meta property=\"og:image\" content=\"https:\/\/marekkuchcinski.pl\/wp-content\/uploads\/2018\/11\/kongres_590-1.jpg\" \/>\n\t<meta property=\"og:image:width\" content=\"494\" \/>\n\t<meta property=\"og:image:height\" content=\"337\" \/>\n\t<meta property=\"og:image:type\" content=\"image\/jpeg\" \/>\n<meta name=\"author\" content=\"admin\" \/>\n<meta name=\"twitter:card\" content=\"summary_large_image\" \/>\n<meta name=\"twitter:label1\" content=\"Autor\" \/>\n\t<meta name=\"twitter:data1\" content=\"admin\" \/>\n\t<meta name=\"twitter:label2\" content=\"Predpokladan\u00fd \u010das \u010d\u00edtania\" \/>\n\t<meta name=\"twitter:data2\" content=\"6 min\u00fat\" \/>\n<script type=\"application\/ld+json\" class=\"yoast-schema-graph\">{\"@context\":\"https:\/\/schema.org\",\"@graph\":[{\"@type\":\"Article\",\"@id\":\"https:\/\/marekkuchcinski.pl\/en\/wydarzenia\/uwolnic-gospodarczy-potencjal-podkarpacia\/#article\",\"isPartOf\":{\"@id\":\"https:\/\/marekkuchcinski.pl\/en\/wydarzenia\/uwolnic-gospodarczy-potencjal-podkarpacia\/\"},\"author\":{\"name\":\"admin\",\"@id\":\"https:\/\/marekkuchcinski.pl\/#\/schema\/person\/6f62700996b4d950b6ea2d1183b6c6be\"},\"headline\":\"Jak uwolni\u0107 gospodarczy potencja\u0142 Podkarpacia. Zr\u00f3wnowa\u017cony rozw\u00f3j kraju jednym z priorytet\u00f3w rz\u0105du\",\"datePublished\":\"2018-11-16T09:33:12+00:00\",\"dateModified\":\"2018-11-16T09:34:39+00:00\",\"mainEntityOfPage\":{\"@id\":\"https:\/\/marekkuchcinski.pl\/en\/wydarzenia\/uwolnic-gospodarczy-potencjal-podkarpacia\/\"},\"wordCount\":1140,\"commentCount\":0,\"publisher\":{\"@id\":\"https:\/\/marekkuchcinski.pl\/#organization\"},\"image\":{\"@id\":\"https:\/\/marekkuchcinski.pl\/en\/wydarzenia\/uwolnic-gospodarczy-potencjal-podkarpacia\/#primaryimage\"},\"thumbnailUrl\":\"https:\/\/marekkuchcinski.pl\/wp-content\/uploads\/2018\/11\/kongres_590-1.jpg\",\"articleSection\":[\"Podkarpacie\",\"Prawo i Sprawiedliwo\u015b\u0107\",\"Wydarzenia\"],\"inLanguage\":\"sk-SK\",\"potentialAction\":[{\"@type\":\"CommentAction\",\"name\":\"Comment\",\"target\":[\"https:\/\/marekkuchcinski.pl\/en\/wydarzenia\/uwolnic-gospodarczy-potencjal-podkarpacia\/#respond\"]}]},{\"@type\":\"WebPage\",\"@id\":\"https:\/\/marekkuchcinski.pl\/en\/wydarzenia\/uwolnic-gospodarczy-potencjal-podkarpacia\/\",\"url\":\"https:\/\/marekkuchcinski.pl\/en\/wydarzenia\/uwolnic-gospodarczy-potencjal-podkarpacia\/\",\"name\":\"Jak uwolni\u0107 gospodarczy potencja\u0142 Podkarpacia. Zr\u00f3wnowa\u017cony rozw\u00f3j kraju jednym z priorytet\u00f3w rz\u0105du &#8211; Marek Kuchci\u0144ski\",\"isPartOf\":{\"@id\":\"https:\/\/marekkuchcinski.pl\/#website\"},\"primaryImageOfPage\":{\"@id\":\"https:\/\/marekkuchcinski.pl\/en\/wydarzenia\/uwolnic-gospodarczy-potencjal-podkarpacia\/#primaryimage\"},\"image\":{\"@id\":\"https:\/\/marekkuchcinski.pl\/en\/wydarzenia\/uwolnic-gospodarczy-potencjal-podkarpacia\/#primaryimage\"},\"thumbnailUrl\":\"https:\/\/marekkuchcinski.pl\/wp-content\/uploads\/2018\/11\/kongres_590-1.jpg\",\"datePublished\":\"2018-11-16T09:33:12+00:00\",\"dateModified\":\"2018-11-16T09:34:39+00:00\",\"breadcrumb\":{\"@id\":\"https:\/\/marekkuchcinski.pl\/en\/wydarzenia\/uwolnic-gospodarczy-potencjal-podkarpacia\/#breadcrumb\"},\"inLanguage\":\"sk-SK\",\"potentialAction\":[{\"@type\":\"ReadAction\",\"target\":[\"https:\/\/marekkuchcinski.pl\/en\/wydarzenia\/uwolnic-gospodarczy-potencjal-podkarpacia\/\"]}]},{\"@type\":\"ImageObject\",\"inLanguage\":\"sk-SK\",\"@id\":\"https:\/\/marekkuchcinski.pl\/en\/wydarzenia\/uwolnic-gospodarczy-potencjal-podkarpacia\/#primaryimage\",\"url\":\"https:\/\/marekkuchcinski.pl\/wp-content\/uploads\/2018\/11\/kongres_590-1.jpg\",\"contentUrl\":\"https:\/\/marekkuchcinski.pl\/wp-content\/uploads\/2018\/11\/kongres_590-1.jpg\",\"width\":494,\"height\":337},{\"@type\":\"BreadcrumbList\",\"@id\":\"https:\/\/marekkuchcinski.pl\/en\/wydarzenia\/uwolnic-gospodarczy-potencjal-podkarpacia\/#breadcrumb\",\"itemListElement\":[{\"@type\":\"ListItem\",\"position\":1,\"name\":\"Strona g\u0142\u00f3wna\",\"item\":\"https:\/\/marekkuchcinski.pl\/\"},{\"@type\":\"ListItem\",\"position\":2,\"name\":\"Jak uwolni\u0107 gospodarczy potencja\u0142 Podkarpacia. Zr\u00f3wnowa\u017cony rozw\u00f3j kraju jednym z priorytet\u00f3w rz\u0105du\"}]},{\"@type\":\"WebSite\",\"@id\":\"https:\/\/marekkuchcinski.pl\/#website\",\"url\":\"https:\/\/marekkuchcinski.pl\/\",\"name\":\"Marek Kuchci\u0144ski\",\"description\":\"Pose\u0142 na sejm RP &ndash; okr\u0119g nr 22\",\"publisher\":{\"@id\":\"https:\/\/marekkuchcinski.pl\/#organization\"},\"potentialAction\":[{\"@type\":\"SearchAction\",\"target\":{\"@type\":\"EntryPoint\",\"urlTemplate\":\"https:\/\/marekkuchcinski.pl\/?s={search_term_string}\"},\"query-input\":{\"@type\":\"PropertyValueSpecification\",\"valueRequired\":true,\"valueName\":\"search_term_string\"}}],\"inLanguage\":\"sk-SK\"},{\"@type\":\"Organization\",\"@id\":\"https:\/\/marekkuchcinski.pl\/#organization\",\"name\":\"Marek Kuchci\u0144ski\",\"url\":\"https:\/\/marekkuchcinski.pl\/\",\"logo\":{\"@type\":\"ImageObject\",\"inLanguage\":\"sk-SK\",\"@id\":\"https:\/\/marekkuchcinski.pl\/#\/schema\/logo\/image\/\",\"url\":\"https:\/\/marekkuchcinski.pl\/wp-content\/uploads\/2022\/09\/Marek.jpg\",\"contentUrl\":\"https:\/\/marekkuchcinski.pl\/wp-content\/uploads\/2022\/09\/Marek.jpg\",\"width\":1600,\"height\":971,\"caption\":\"Marek Kuchci\u0144ski\"},\"image\":{\"@id\":\"https:\/\/marekkuchcinski.pl\/#\/schema\/logo\/image\/\"}},{\"@type\":\"Person\",\"@id\":\"https:\/\/marekkuchcinski.pl\/#\/schema\/person\/6f62700996b4d950b6ea2d1183b6c6be\",\"name\":\"admin\",\"image\":{\"@type\":\"ImageObject\",\"inLanguage\":\"sk-SK\",\"@id\":\"https:\/\/marekkuchcinski.pl\/#\/schema\/person\/image\/\",\"url\":\"https:\/\/secure.gravatar.com\/avatar\/4bab693b9d55c3d6b52c0296a8765085?s=96&d=mm&r=g\",\"contentUrl\":\"https:\/\/secure.gravatar.com\/avatar\/4bab693b9d55c3d6b52c0296a8765085?s=96&d=mm&r=g\",\"caption\":\"admin\"},\"url\":\"https:\/\/marekkuchcinski.pl\/sk\/author\/marta-olejnik\/\"}]}<\/script>\n<!-- \/ Yoast SEO plugin. -->","yoast_head_json":{"title":"Jak uwolni\u0107 gospodarczy potencja\u0142 Podkarpacia. Zr\u00f3wnowa\u017cony rozw\u00f3j kraju jednym z priorytet\u00f3w rz\u0105du &#8211; Marek Kuchci\u0144ski","robots":{"index":"index","follow":"follow","max-snippet":"max-snippet:-1","max-image-preview":"max-image-preview:large","max-video-preview":"max-video-preview:-1"},"canonical":"https:\/\/marekkuchcinski.pl\/sk\/wydarzenia\/uwolnic-gospodarczy-potencjal-podkarpacia\/","og_locale":"sk_SK","og_type":"article","og_title":"Jak uwolni\u0107 gospodarczy potencja\u0142 Podkarpacia. Zr\u00f3wnowa\u017cony rozw\u00f3j kraju jednym z priorytet\u00f3w rz\u0105du &#8211; Marek Kuchci\u0144ski","og_description":"Najwi\u0119ksze wydarzenie gospodarcze roku &#8211; Kongres 590 &#8211; odby\u0142o si\u0119 w Jasionce k. Rzeszowa. W wydarzeniu wzi\u0119\u0142o udzia\u0142 4,5 tys. os\u00f3b, w tym prezydent, premier i ministrowie. Jego zadaniem jest wsparcie\u00a0rodzimych marek, zach\u0119cenie do zakup\u00f3w lokalnych produkt\u00f3w, oraz rozwijanie zakupowego patriotyzmu.\u00a0Tegoroczna, trzecia, edycja Kongresu 590 jest szczeg\u00f3lna, odbywa si\u0119 bowiem w stulecie odzyskania przez Polsk\u0119 [&hellip;]","og_url":"https:\/\/marekkuchcinski.pl\/sk\/wydarzenia\/uwolnic-gospodarczy-potencjal-podkarpacia\/","og_site_name":"Marek Kuchci\u0144ski","article_published_time":"2018-11-16T09:33:12+00:00","article_modified_time":"2018-11-16T09:34:39+00:00","og_image":[{"width":494,"height":337,"url":"https:\/\/marekkuchcinski.pl\/wp-content\/uploads\/2018\/11\/kongres_590-1.jpg","type":"image\/jpeg"}],"author":"admin","twitter_card":"summary_large_image","twitter_misc":{"Autor":"admin","Predpokladan\u00fd \u010das \u010d\u00edtania":"6 min\u00fat"},"schema":{"@context":"https:\/\/schema.org","@graph":[{"@type":"Article","@id":"https:\/\/marekkuchcinski.pl\/en\/wydarzenia\/uwolnic-gospodarczy-potencjal-podkarpacia\/#article","isPartOf":{"@id":"https:\/\/marekkuchcinski.pl\/en\/wydarzenia\/uwolnic-gospodarczy-potencjal-podkarpacia\/"},"author":{"name":"admin","@id":"https:\/\/marekkuchcinski.pl\/#\/schema\/person\/6f62700996b4d950b6ea2d1183b6c6be"},"headline":"Jak uwolni\u0107 gospodarczy potencja\u0142 Podkarpacia. Zr\u00f3wnowa\u017cony rozw\u00f3j kraju jednym z priorytet\u00f3w rz\u0105du","datePublished":"2018-11-16T09:33:12+00:00","dateModified":"2018-11-16T09:34:39+00:00","mainEntityOfPage":{"@id":"https:\/\/marekkuchcinski.pl\/en\/wydarzenia\/uwolnic-gospodarczy-potencjal-podkarpacia\/"},"wordCount":1140,"commentCount":0,"publisher":{"@id":"https:\/\/marekkuchcinski.pl\/#organization"},"image":{"@id":"https:\/\/marekkuchcinski.pl\/en\/wydarzenia\/uwolnic-gospodarczy-potencjal-podkarpacia\/#primaryimage"},"thumbnailUrl":"https:\/\/marekkuchcinski.pl\/wp-content\/uploads\/2018\/11\/kongres_590-1.jpg","articleSection":["Podkarpacie","Prawo i Sprawiedliwo\u015b\u0107","Wydarzenia"],"inLanguage":"sk-SK","potentialAction":[{"@type":"CommentAction","name":"Comment","target":["https:\/\/marekkuchcinski.pl\/en\/wydarzenia\/uwolnic-gospodarczy-potencjal-podkarpacia\/#respond"]}]},{"@type":"WebPage","@id":"https:\/\/marekkuchcinski.pl\/en\/wydarzenia\/uwolnic-gospodarczy-potencjal-podkarpacia\/","url":"https:\/\/marekkuchcinski.pl\/en\/wydarzenia\/uwolnic-gospodarczy-potencjal-podkarpacia\/","name":"Jak uwolni\u0107 gospodarczy potencja\u0142 Podkarpacia. Zr\u00f3wnowa\u017cony rozw\u00f3j kraju jednym z priorytet\u00f3w rz\u0105du &#8211; Marek Kuchci\u0144ski","isPartOf":{"@id":"https:\/\/marekkuchcinski.pl\/#website"},"primaryImageOfPage":{"@id":"https:\/\/marekkuchcinski.pl\/en\/wydarzenia\/uwolnic-gospodarczy-potencjal-podkarpacia\/#primaryimage"},"image":{"@id":"https:\/\/marekkuchcinski.pl\/en\/wydarzenia\/uwolnic-gospodarczy-potencjal-podkarpacia\/#primaryimage"},"thumbnailUrl":"https:\/\/marekkuchcinski.pl\/wp-content\/uploads\/2018\/11\/kongres_590-1.jpg","datePublished":"2018-11-16T09:33:12+00:00","dateModified":"2018-11-16T09:34:39+00:00","breadcrumb":{"@id":"https:\/\/marekkuchcinski.pl\/en\/wydarzenia\/uwolnic-gospodarczy-potencjal-podkarpacia\/#breadcrumb"},"inLanguage":"sk-SK","potentialAction":[{"@type":"ReadAction","target":["https:\/\/marekkuchcinski.pl\/en\/wydarzenia\/uwolnic-gospodarczy-potencjal-podkarpacia\/"]}]},{"@type":"ImageObject","inLanguage":"sk-SK","@id":"https:\/\/marekkuchcinski.pl\/en\/wydarzenia\/uwolnic-gospodarczy-potencjal-podkarpacia\/#primaryimage","url":"https:\/\/marekkuchcinski.pl\/wp-content\/uploads\/2018\/11\/kongres_590-1.jpg","contentUrl":"https:\/\/marekkuchcinski.pl\/wp-content\/uploads\/2018\/11\/kongres_590-1.jpg","width":494,"height":337},{"@type":"BreadcrumbList","@id":"https:\/\/marekkuchcinski.pl\/en\/wydarzenia\/uwolnic-gospodarczy-potencjal-podkarpacia\/#breadcrumb","itemListElement":[{"@type":"ListItem","position":1,"name":"Strona g\u0142\u00f3wna","item":"https:\/\/marekkuchcinski.pl\/"},{"@type":"ListItem","position":2,"name":"Jak uwolni\u0107 gospodarczy potencja\u0142 Podkarpacia. Zr\u00f3wnowa\u017cony rozw\u00f3j kraju jednym z priorytet\u00f3w rz\u0105du"}]},{"@type":"WebSite","@id":"https:\/\/marekkuchcinski.pl\/#website","url":"https:\/\/marekkuchcinski.pl\/","name":"Marek Kuchci\u0144ski","description":"Pose\u0142 na sejm RP &ndash; okr\u0119g nr 22","publisher":{"@id":"https:\/\/marekkuchcinski.pl\/#organization"},"potentialAction":[{"@type":"SearchAction","target":{"@type":"EntryPoint","urlTemplate":"https:\/\/marekkuchcinski.pl\/?s={search_term_string}"},"query-input":{"@type":"PropertyValueSpecification","valueRequired":true,"valueName":"search_term_string"}}],"inLanguage":"sk-SK"},{"@type":"Organization","@id":"https:\/\/marekkuchcinski.pl\/#organization","name":"Marek Kuchci\u0144ski","url":"https:\/\/marekkuchcinski.pl\/","logo":{"@type":"ImageObject","inLanguage":"sk-SK","@id":"https:\/\/marekkuchcinski.pl\/#\/schema\/logo\/image\/","url":"https:\/\/marekkuchcinski.pl\/wp-content\/uploads\/2022\/09\/Marek.jpg","contentUrl":"https:\/\/marekkuchcinski.pl\/wp-content\/uploads\/2022\/09\/Marek.jpg","width":1600,"height":971,"caption":"Marek Kuchci\u0144ski"},"image":{"@id":"https:\/\/marekkuchcinski.pl\/#\/schema\/logo\/image\/"}},{"@type":"Person","@id":"https:\/\/marekkuchcinski.pl\/#\/schema\/person\/6f62700996b4d950b6ea2d1183b6c6be","name":"admin","image":{"@type":"ImageObject","inLanguage":"sk-SK","@id":"https:\/\/marekkuchcinski.pl\/#\/schema\/person\/image\/","url":"https:\/\/secure.gravatar.com\/avatar\/4bab693b9d55c3d6b52c0296a8765085?s=96&d=mm&r=g","contentUrl":"https:\/\/secure.gravatar.com\/avatar\/4bab693b9d55c3d6b52c0296a8765085?s=96&d=mm&r=g","caption":"admin"},"url":"https:\/\/marekkuchcinski.pl\/sk\/author\/marta-olejnik\/"}]}},"_links":{"self":[{"href":"https:\/\/marekkuchcinski.pl\/sk\/wp-json\/wp\/v2\/posts\/10752","targetHints":{"allow":["GET"]}}],"collection":[{"href":"https:\/\/marekkuchcinski.pl\/sk\/wp-json\/wp\/v2\/posts"}],"about":[{"href":"https:\/\/marekkuchcinski.pl\/sk\/wp-json\/wp\/v2\/types\/post"}],"author":[{"embeddable":true,"href":"https:\/\/marekkuchcinski.pl\/sk\/wp-json\/wp\/v2\/users\/6"}],"replies":[{"embeddable":true,"href":"https:\/\/marekkuchcinski.pl\/sk\/wp-json\/wp\/v2\/comments?post=10752"}],"version-history":[{"count":9,"href":"https:\/\/marekkuchcinski.pl\/sk\/wp-json\/wp\/v2\/posts\/10752\/revisions"}],"predecessor-version":[{"id":10769,"href":"https:\/\/marekkuchcinski.pl\/sk\/wp-json\/wp\/v2\/posts\/10752\/revisions\/10769"}],"wp:featuredmedia":[{"embeddable":true,"href":"https:\/\/marekkuchcinski.pl\/sk\/wp-json\/wp\/v2\/media\/10767"}],"wp:attachment":[{"href":"https:\/\/marekkuchcinski.pl\/sk\/wp-json\/wp\/v2\/media?parent=10752"}],"wp:term":[{"taxonomy":"category","embeddable":true,"href":"https:\/\/marekkuchcinski.pl\/sk\/wp-json\/wp\/v2\/categories?post=10752"},{"taxonomy":"post_tag","embeddable":true,"href":"https:\/\/marekkuchcinski.pl\/sk\/wp-json\/wp\/v2\/tags?post=10752"}],"curies":[{"name":"wp","href":"https:\/\/api.w.org\/{rel}","templated":true}]}}