{"id":106,"date":"2011-10-06T17:48:19","date_gmt":"2011-10-06T15:48:19","guid":{"rendered":"https:\/\/marekkuchcinski.pl\/?p=106"},"modified":"2016-08-25T17:06:17","modified_gmt":"2016-08-25T15:06:17","slug":"na-marginesie-wizyty-lidera-pis-w-lopuszce-malej","status":"publish","type":"post","link":"https:\/\/marekkuchcinski.pl\/sk\/wydarzenia\/na-marginesie-wizyty-lidera-pis-w-lopuszce-malej\/","title":{"rendered":"Na okraj n\u00e1v\u0161tevy l\u00eddra PiS v Lopuszke Ma\u0142a"},"content":{"rendered":"<p>(\u010cl\u00e1nok bol v plnom znen\u00ed prebran\u00fd z port\u00e1lu \"wpolityce.pl\" so s\u00fahlasom redakcie)<\/p>\n<p>&nbsp;<\/p>\n<p style=\"text-align: justify;\">Tla\u010dov\u00e9 a telev\u00edzne spravodajstvo o ned\u00e1vnej n\u00e1v\u0161teve Jaroslawa Kaczy\u0144sk\u00e9ho v komunitnom sirotinci v \u0141opuszke Ma\u0142ej na Podkarpatsku bolo mimoriadne povrchn\u00e9: b\u00fdval\u00fd premi\u00e9r sa pre\u0161iel s jeho hostite\u013eom, poslancom Janom Burym, po rybn\u00edku pri ka\u0161tieli; povedal, \u017ee \"neexistuje rozpor medzi solid\u00e1rnym a modern\u00fdm Po\u013eskom\"; a - \"nev\u00fdrazn\u00e1\" odpove\u010f na \"nev\u00fdrazn\u00fa\" ot\u00e1zku novin\u00e1ra TVN, \"\u010di bude hovori\u0165 o vl\u00e1dnej koal\u00edcii s PSL, ak vyhr\u00e1 vo\u013eby?\".<\/p>\n<p style=\"text-align: justify;\">&nbsp;<\/p>\n<p style=\"text-align: justify;\"><strong>Medzit\u00fdm osoby poslanca Jana Buryho a profesorky J\u00f3zefiny Hrynkiewiczovej, s ktor\u00fdmi Jaros\u0142aw Kaczy\u0144ski st\u00e1l na tla\u010dovej konferencii na schodoch sirotinca, s\u00fa tak\u00e9 v\u00fdrazn\u00e9, rovnako ako samotn\u00e9 miesto n\u00e1v\u0161tevy, \u017ee bolo \u0165a\u017ek\u00e9 nezauj\u00edma\u0165 sa o hlb\u0161\u00ed v\u00fdznam pr\u00edchodu l\u00eddra strany Pr\u00e1vo a spravodlivos\u0165 pr\u00e1ve tam, do \u0141opuszky Ma\u0142ej. O to viac, \u017ee jeho slov\u00e1 o tomto mieste a t\u00fdchto \u013eu\u010foch boli tak\u00e9 v\u00fdznamn\u00e9:<\/strong><\/p>\n<p> <!--more--> <\/p>\n<p>&nbsp;<\/p>\n<p style=\"text-align: justify;\">\"Sme na mieste, kde sa realizuje my\u0161lienka modern\u00e9ho a solid\u00e1rneho Po\u013eska. Dalo by sa poveda\u0165, \u017ee je to miesto mojich snov. Je to miesto, kde jeden \u010dlovek, samozrejme, spolu s mnoh\u00fdmi \u010fal\u0161\u00edmi, ktor\u00ed ho podporuj\u00fa, zorganizoval nie\u010do v\u00fdnimo\u010dn\u00e9, nie\u010do, \u010do je jedine\u010dn\u00e9 v rozsahu, mysl\u00edm, \u0161ir\u0161om ako Po\u013esko. V ka\u017edej spolo\u010dnosti sa n\u00e1jdu tak\u00edto \u013eudia, dalo by sa poveda\u0165, \u017ee s\u00fa \"pr\u00edli\u0161 dobr\u00ed\". Ak sa to spoj\u00ed so schopnos\u0165ou kona\u0165 a organiza\u010dn\u00fdm talentom, potom m\u00e1me tak\u00e9to v\u00fdsledky. P\u00e1n Jan Bury je pr\u00edkladom pr\u00e1ve takejto osoby. Z ni\u010doho, v zdanlivo bezn\u00e1dejnej situ\u00e1cii, vytvoril soci\u00e1lnu in\u0161tit\u00faciu, ktor\u00e1 je u\u017e teraz ve\u013ek\u00e1 a naozaj ve\u013emi potrebn\u00e1 a ktor\u00e1 pom\u00e1ha mnoh\u00fdm \u013eu\u010fom, vr\u00e1tane det\u00ed a t\u00fdch, ktor\u00ed to najviac potrebuj\u00fa. Pom\u00e1ha tak \u00fa\u010dinne, \u017ee zverenci tohto sirotinca, mlad\u00ed \u013eudia, ktor\u00ed u\u017e dosiahli dospelos\u0165, dost\u00e1vaj\u00fa aj b\u00fdvanie. Chcel by som, aby sa takto spr\u00e1valo cel\u00e9 Po\u013esko, ke\u010f ide o rie\u0161enie \u0165a\u017ek\u00fdch a bolestiv\u00fdch soci\u00e1lnych probl\u00e9mov. V\u0161etko je mo\u017en\u00e9, ak oslov\u00edte tak\u00fdchto \u013eud\u00ed, a nie \u013eud\u00ed, ktor\u00ed myslia len na svoje v\u00fdhody a svoj zisk, ktor\u00ed odmietaj\u00fa v\u0161etko, \u010do je spolo\u010dn\u00e9,\" povedal b\u00fdval\u00fd premi\u00e9r a z\u00e1rove\u0148 sa podelil o svoj dojem, \u017ee pr\u00e1ve t\u00edto \u013eudia s\u00fa, \u017eia\u013e, \u010dasto \"z\u00e1kladom tejto spolo\u010denskej kon\u0161trukcie, ktor\u00e1 sa v Po\u013esku vytvorila za posledn\u00fdch 20 rokov. A to sa mus\u00ed zmeni\u0165!<\/p>\n<p style=\"text-align: justify;\">&nbsp;<\/p>\n<p style=\"text-align: justify;\">Jaroslaw Kaczynski v mene strany Pr\u00e1vo a spravodlivos\u0165 komentoval Podkarpatsk\u00fd zoznam pre Sejm:<\/p>\n<p style=\"text-align: justify;\">&nbsp;<\/p>\n<p style=\"text-align: justify;\"><strong>\"S\u00fa v nej dvaja \u013eudia, ktor\u00ed s\u00fa mimoriadne kvalifikovan\u00ed na rie\u0161enie soci\u00e1lnych ot\u00e1zok. Je tu poslanec Jan Bury, ktor\u00fd m\u00e1 ve\u013ek\u00e9 praktick\u00e9 \u00faspechy. A je tu profesorka J\u00f3zefina Hrynkiewicz, ktor\u00e1 p\u00f4sob\u00ed na In\u0161tit\u00fate aplikovan\u00fdch spolo\u010densk\u00fdch vied Var\u0161avskej univerzity a m\u00e1 ve\u013ek\u00e9 \u00faspechy vo vedeckej oblasti, pr\u00e1ve v tejto oblasti. Pr\u00edtomnos\u0165 t\u00fdchto \u013eud\u00ed v parlamente skuto\u010dne posiln\u00ed tento prosoci\u00e1lny front, ktor\u00fd je potrebn\u00fd v spolo\u010denskom \u017eivote aj pre org\u00e1ny<\/strong>\".<\/p>\n<p style=\"text-align: justify;\">&nbsp;<\/p>\n<p style=\"text-align: justify;\">Na tla\u010dovej konferencii som sa l\u00eddra strany Pr\u00e1vo a spravodlivos\u0165 op\u00fdtala, \u010di bude v pr\u00edpade volebn\u00e9ho v\u00ed\u0165azstva pokra\u010dova\u0165 v poskytovan\u00ed rodinn\u00fdch pr\u00eddavkov, ktor\u00e9 jeho vl\u00e1da iniciovala pred \u0161tyrmi rokmi, a \u010di ich roz\u0161\u00edri. A toto som po\u010dul (hoci telev\u00edzne publikum to nepo\u010dulo):<\/p>\n<p style=\"text-align: justify;\">&nbsp;<\/p>\n<p style=\"text-align: justify;\">\"Prorodinn\u00e1 politika je jedn\u00fdm z na\u0161ich hlavn\u00fdch cie\u013eov, preto\u017ee dnes m\u00e1me v Po\u013esku depopul\u00e1ciu a ka\u017ed\u00e1 zodpovedn\u00e1 vl\u00e1da by sa mala zamera\u0165 na rodinu, na jej posilnenie a rodenie det\u00ed. A to nie slovami, ale skutkami - a to znamen\u00e1 peniazmi. Vieme v\u0161ak, \u017ee v s\u00fa\u010dasnosti za\u017e\u00edvame kr\u00edzu verejn\u00fdch financi\u00ed a existuje ur\u010dit\u00e1 postupnos\u0165 krokov. Najprv sa mus\u00edme dosta\u0165 z tejto kr\u00edzy a dosta\u0165 situ\u00e1ciu pod kontrolu, a a\u017e potom prija\u0165 \u010fal\u0161ie opatrenia, ktor\u00e9 obohatia po\u013esk\u00e9 rodiny. D\u00fafame, \u017ee sa n\u00e1m v priebehu roka podar\u00ed dosta\u0165 kr\u00edzu pod kontrolu a \u017ee potom bude mo\u017en\u00e9 pokra\u010dova\u0165 v t\u00fdchto opatreniach. Jedno v\u00e1m m\u00f4\u017eem s\u013e\u00fabi\u0165: od t\u00fdchto prorodinn\u00fdch opatren\u00ed neust\u00fapime. Ur\u010dite neurob\u00edme krok sp\u00e4\u0165 a urob\u00edme kroky spr\u00e1vnym smerom, ak to bude mo\u017en\u00e9.\"<\/p>\n<p style=\"text-align: justify;\">&nbsp;<\/p>\n<p style=\"text-align: justify;\">Ke\u010f po odchode Jaroslawa Kaczynsk\u00e9ho po\u010detn\u00e9 telev\u00edzne \u0161t\u00e1by nar\u00fdchlo opustili Lopuszku Mal\u00fa, nemohol som sa ubr\u00e1ni\u0165 zvedavosti na dvoch \u013eud\u00ed, ktor\u00fdch pr\u00edtomnos\u0165 v parlamente by l\u00edder jednej z dvoch najv\u00e4\u010d\u0161\u00edch politick\u00fdch s\u00edl v na\u0161ej krajine tak ocenil. Toto mi povedali:<\/p>\n<p style=\"text-align: justify;\">&nbsp;<\/p>\n<p><strong>Rozhovor s Janom Burym: \"V skuto\u010dnosti som soci\u00e1lny aktivista, nie politik\" <\/strong><\/p>\n<p style=\"text-align: justify;\">&nbsp;<\/p>\n<p style=\"text-align: justify;\">\"Dalo by sa poveda\u0165, \u017ee som svoju spolo\u010densk\u00fa \u010dinnos\u0165 za\u010dal n\u00e1hodou. Po prim\u00edci\u00e1ch m\u00f4jho syna, ktor\u00e9 sa konali v roku 1991, pri\u0161iel do Markovej jeho profesor, lektor filozofie, p\u00e1ter Franciszek Rz\u0105sa, a presved\u010dil n\u00e1s s man\u017eelkou, aby sme viedli Nad\u00e1ciu J\u00e1na Pavla II. na pomoc ml\u00e1de\u017ei \"Wzrastanie\". A tak sa to za\u010dalo. Preto sme sa tejto \u010dinnosti \u00faplne oddali. Po smrti man\u017eelky som sa pred \u0161iestimi rokmi pres\u0165ahoval do ka\u0161tie\u013ea v \u0141opuszke Ma\u0142ej, kde st\u00e1le \u017eijem so svojimi mal\u00fdmi zverencami. V skuto\u010dnosti som soci\u00e1lny pracovn\u00edk, nie politik. Pre v\u0161etk\u00fdch som jednoducho \"dedko Jasio\".<\/p>\n<p style=\"text-align: justify;\">&nbsp;<\/p>\n<p style=\"text-align: justify;\"><strong>Nad\u00e1cia sa st\u00e1le vyv\u00edja. Uve\u010fte preh\u013ead jej s\u00fa\u010dasn\u00e9ho stavu.<\/strong><\/p>\n<p style=\"text-align: justify;\">&nbsp;<\/p>\n<p style=\"text-align: justify;\">\"Mysl\u00edm si, \u017ee ako mimovl\u00e1dna organiz\u00e1cia je v celkom dobrej kond\u00edcii. Ka\u017ed\u00fd de\u0148 sa star\u00e1me o viac ako 2000 \u013eud\u00ed vr\u00e1tane det\u00ed, mlad\u00fdch \u013eud\u00ed z nefunk\u010dn\u00fdch rod\u00edn, zdravotne postihnut\u00fdch, \u0165a\u017eko chor\u00fdch a \u013eud\u00ed bez domova. M\u00e1me dva detsk\u00e9 domovy - tu, v \u0141opuszke Ma\u0142a, a nov\u00fd, otvoren\u00fd tento rok, v Dynowe. Prev\u00e1dzkujeme tie\u017e 81 bezplatn\u00fdch matersk\u00fdch \u0161k\u00f4l pre 1200 det\u00ed v dvoch okresoch - Jaroslaw a Przeworsk. Mimochodom, zachr\u00e1nili sme tri historick\u00e9 ka\u0161tiele: v \u0141opuszke Ma\u0142ej, v Dynowe a v Lipn\u00edku. Ned\u00e1vno sme v\u010faka grantu z\u00edskan\u00e9mu spolo\u010dne s obcou Dyn\u00f3w za\u010dali s revitaliz\u00e1ciou parku a ka\u0161tie\u013ea pri na\u0161om detskom domove, ako aj s kompletnou rekon\u0161trukciou ka\u0161tie\u013ea. Okrem toho prev\u00e1dzkujeme nieko\u013eko denn\u00fdch centier a ml\u00e1de\u017en\u00edckych klubov pre deti z ve\u013emi chudobn\u00fdch rod\u00edn, ergoterapeutick\u00e9 dielne pre zdravotne postihnut\u00fdch, \u00fatulok pre mu\u017eov bez domova v Jaroslawi a hospic v tomto meste. V s\u00fa\u010dasnosti upravujeme budovu b\u00fdvalej nemocnice v Przeworsku pre 30 \u017eien bez domova. D\u00fafam, \u017ee sa n\u00e1m to podar\u00ed.\"<\/p>\n<p style=\"text-align: justify;\">&nbsp;<\/p>\n<p style=\"text-align: justify;\"><strong>T\u00fdm, \u017ee prev\u00e1dzkujete a\u017e 81 matersk\u00fdch \u0161k\u00f4l, akoby ste robili pr\u00e1cu za miestne \u00farady. Odkia\u013e z\u00edskavate peniaze na ich prev\u00e1dzku?<\/strong><\/p>\n<p style=\"text-align: justify;\">&nbsp;<\/p>\n<p style=\"text-align: justify;\">\u00c1no, m\u00e1me partnera - Zdru\u017eenie obc\u00ed Przeworskej zeme. Partneri n\u00e1m, teda nad\u00e1cii, ved\u00facemu projektu, poskytli svoje priestory pre matersk\u00e9 \u0161koly. V mene nad\u00e1cie som po\u017eiadal o poskytnutie 24 mili\u00f3nov PLN z Eur\u00f3pskeho soci\u00e1lneho fondu na t\u00fato \u010dinnos\u0165 a z\u00edskal som ich. V matersk\u00fdch \u0161kol\u00e1ch realizujeme ve\u013emi kr\u00e1sny vzdel\u00e1vac\u00ed program, tzv. program mal\u00fdch projektov, ktor\u00fd spo\u010d\u00edva v rozv\u00edjan\u00ed a upev\u0148ovan\u00ed n\u00e1vykov mal\u00fdch v\u00fdskumn\u00edkov u det\u00ed. D\u00fafam, \u017ee sa v bud\u00facnosti stan\u00fa vedcami Po\u013eskej republiky. Rodi\u010dia neplatia \u017eiadne poplatky, v\u0161etko je zadarmo.<\/p>\n<p style=\"text-align: justify;\">&nbsp;<\/p>\n<p style=\"text-align: justify;\"><strong>Na nedostatok pr\u00e1ce sa ur\u010dite nem\u00f4\u017eete s\u0165a\u017eova\u0165. Pre\u010do ste teda st\u00e1le poslancom? Pre\u010do op\u00e4\u0165 kandidujete do Sejmu?<\/strong><\/p>\n<p style=\"text-align: justify;\">&nbsp;<\/p>\n<p style=\"text-align: justify;\">\"By\u0165 poslancom pom\u00e1ha pri soci\u00e1lnych a charitat\u00edvnych aktivit\u00e1ch. Nepochybne mi to u\u013eah\u010dilo z\u00edskanie pe\u0148az\u00ed z Eur\u00f3pskeho soci\u00e1lneho fondu. Na\u0161e pred\u0161kolsk\u00e9 aktivity sme za\u010dali v r\u00e1mci star\u00e9ho rozpo\u010dtu E\u00da, ktor\u00fd sa skon\u010dil v roku 2006. A ke\u010f pri\u0161iel nov\u00fd rozpo\u010det na roky 2007 - 2013, n\u00e1mestn\u00edk ministra pre region\u00e1lny rozvoj p\u00e1n Hetman vo svojich usmerneniach zak\u00e1zal d\u00e1va\u0165 peniaze na pokra\u010dovanie komunitn\u00fdch matersk\u00fdch \u0161k\u00f4l. V tom \u010dase na\u0161a nad\u00e1cia prev\u00e1dzkovala u\u017e 51 matersk\u00fdch \u0161k\u00f4l. V tejto dramatickej situ\u00e1cii som vyst\u00fapil na zasadnut\u00ed V\u00fdboru pre soci\u00e1lnu a rodinn\u00fa politiku Sejmu za pr\u00edtomnosti n\u00e1mestn\u00edka ministra Hetmana. A v\u010faka prezent\u00e1cii na\u0161ich soci\u00e1lnych aktiv\u00edt zmenil n\u00e1mestn\u00edk ministra svoje rozhodnutie o usmerneniach, pred\u013a\u017eil lehotu na podanie \u017eiadosti a v\u010faka tomu sme nielen\u017ee nemuseli zlikvidova\u0165 na\u0161ich 51 matersk\u00fdch \u0161k\u00f4l, ale zalo\u017eili sme \u010fal\u0161\u00edch 30. Op\u00e4\u0165 sa uch\u00e1dzam o zvolenie do Sejmu, aby som presved\u010dil pr\u00edslu\u0161n\u00e9 org\u00e1ny, \u017ee tento typ soci\u00e1lnej a charitat\u00edvnej \u010dinnosti je mimoriadne potrebn\u00fd a hodn\u00fd podpory.\"<\/p>\n<p style=\"text-align: justify;\">&nbsp;<\/p>\n<p style=\"text-align: justify;\"><strong>A nie je v\u00e1m \u013e\u00fato, \u017ee na zozname kandid\u00e1tov do Sejmu za stranu Pr\u00e1vo a spravodlivos\u0165 sa va\u0161e meno ocitlo a\u017e na vzdialenom 15. mieste?<\/strong><\/p>\n<p style=\"text-align: justify;\">&nbsp;<\/p>\n<p style=\"text-align: justify;\">Nie. Nikdy som nemal vysok\u00e9 politick\u00e9 amb\u00edcie. V predch\u00e1dzaj\u00facich vo\u013eb\u00e1ch do Sejmu v 6. volebnom obdob\u00ed bolo moje meno na zozname p\u00f4vodne na 15. mieste a nesk\u00f4r som bol presunut\u00fd na 20. miesto. Ale napriek tomu mi voli\u010di dali ve\u013ea hlasov a dostal som sa do parlamentu. Ak voli\u010di st\u00e1le ocenia moju aktivitu, pok\u00fasim sa op\u00e4\u0165 by\u0165 v po\u013eskom parlamente a usilova\u0165 sa o to, aby po\u013esk\u00e9 z\u00e1kony a po\u013esk\u00e9 \u00farady vn\u00edmali situ\u00e1ciu najodk\u00e1zanej\u0161\u00edch \u013eud\u00ed. No, n\u00e1\u0161 zoznam Podkarpatskej Rusi je ve\u013emi siln\u00fd. Mysl\u00edm si, \u017ee je najsilnej\u0161ia v krajine. V meste p\u00f4sob\u00ed viacero zn\u00e1mych politikov a mnoho predstavite\u013eov miestnej samospr\u00e1vy. Tak\u017ee, samozrejme, nie som si ist\u00fd, \u010di sa dostanem do parlamentu. A v\u00f4bec, nem\u00e1m z toho obavy. M\u00e1m \u010do robi\u0165 - a ak sa nedostanem do Sejmu, budem tr\u00e1vi\u0165 viac \u010dasu so svojimi de\u0165mi.<\/p>\n<p style=\"text-align: justify;\">&nbsp;<\/p>\n<p style=\"text-align: justify;\"><strong>Rozhovor s profesorkou J\u00f3zefinou Hrynkiewicz: \"Budem sa sna\u017ei\u0165 presved\u010di\u0165 v\u0161etk\u00fdch v parlamente...\"<\/strong><\/p>\n<p style=\"text-align: justify;\">&nbsp;<\/p>\n<p style=\"text-align: justify;\"><strong>\u0164a\u017eko sa mi vidia va\u0161e kvality ako typick\u00e9ho politika. Pre\u010do sa chcete sta\u0165 poslancom Eur\u00f3pskeho parlamentu?<\/strong><\/p>\n<p style=\"text-align: justify;\">&nbsp;<\/p>\n<p style=\"text-align: justify;\">\"Preto\u017ee ak by bola ohrozen\u00e1 soci\u00e1lna politika, rodinn\u00e1 politika, hrozba by sa roz\u0161\u00edrila aj na Po\u013esko a Poliakov. V s\u00fa\u010dasnosti pre\u017e\u00edvame demografick\u00fa kr\u00edzu. Je tu ve\u013emi n\u00edzka p\u00f4rodnos\u0165, preto\u017ee mlad\u00ed \u013eudia, ktor\u00ed s\u00fa zodpovedn\u00ed, nemaj\u00fa pr\u00edjem, pr\u00e1cu ani domov, si nezakladaj\u00fa rodiny a nemaj\u00fa deti. Preto mus\u00edme prekona\u0165 t\u00fato kr\u00edzu a mus\u00edme urobi\u0165 v\u0161etko pre to, aby mlad\u00ed \u013eudia neodch\u00e1dzali do zahrani\u010dia, aby tam nepracovali pre prosperitu cudz\u00edch kraj\u00edn a cudz\u00edch spolo\u010dnost\u00ed. Mus\u00edme urobi\u0165 v\u0161etko pre to, aby sme mlad\u00fdm \u013eu\u010fom vytvorili dobr\u00e9 podmienky na zamestnanie, pr\u00edjem, domov a v\u00fdchovu det\u00ed. Nem\u00f4\u017ee existova\u0165 dramatick\u00e1 vo\u013eba medzi uspokojovan\u00edm element\u00e1rnych vlastn\u00fdch potrieb a naroden\u00edm det\u00ed.<\/p>\n<p style=\"text-align: justify;\">&nbsp;<\/p>\n<p style=\"text-align: justify;\">Preto si mysl\u00edm, \u017ee v tomto smere, ktor\u00fd za\u010dal Jaros\u0142aw Kaczy\u0144ski, treba pokra\u010dova\u0165. Pre Po\u013esko dnes plat\u00ed \"by\u0165 alebo neby\u0165\" - bez oh\u013eadu na kr\u00edzu! A cel\u00e1 spolo\u010dnos\u0165 by o tom mala by\u0165 d\u00f4kladne informovan\u00e1, aby bola pripraven\u00e1 prinies\u0165 ur\u010dit\u00e9 obete a pom\u00f4c\u0165 rodin\u00e1m, ktor\u00e9 vychov\u00e1vaj\u00fa deti. Pomoc v\u0161etk\u00fdm de\u0165om vr\u00e1tane t\u00fdch, ktor\u00e9 s\u00fa umiestnen\u00e9 v detsk\u00fdch domovoch alebo opatrovate\u013esk\u00fdch zariadeniach, preto\u017ee ich rodi\u010dia s\u00fa pr\u00edli\u0161 chudobn\u00ed na to, aby ich u\u017eivili.<\/p>\n<p style=\"text-align: justify;\">&nbsp;<\/p>\n<p style=\"text-align: justify;\">Mus\u00edme bojova\u0165 proti chudobe v rodin\u00e1ch. Mus\u00edme tie\u017e bojova\u0165 proti zl\u00e9mu fungovaniu \u0161k\u00f4l a zabezpe\u010di\u0165, aby v\u0161etky deti mali pr\u00edstup k zdravotnej starostlivosti vr\u00e1tane zubn\u00fdch slu\u017eieb. Ak m\u00e1 dev\u00e4\u0165desiat a pol percenta po\u013esk\u00fdch det\u00ed zubn\u00fd kaz, znamen\u00e1 to, \u017ee tieto deti s\u00fa jednoducho zanedb\u00e1van\u00e9. Povedal by som, \u017ee ide o mimoriadne d\u00f4le\u017eit\u00e9 z\u00e1le\u017eitosti.<\/p>\n<p style=\"text-align: justify;\">&nbsp;<\/p>\n<p style=\"text-align: justify;\">Ak sa dostanem do Sejmu, budem sa sna\u017ei\u0165 presved\u010di\u0165 v\u0161etk\u00fdch v parlamente, \u017ee najd\u00f4le\u017eitej\u0161ia vec, ktor\u00fa dnes mus\u00edme urobi\u0165, je podpora mlad\u00fdch rod\u00edn, ktor\u00e9 vychov\u00e1vaj\u00fa deti.\"<\/p>\n<p style=\"text-align: justify;\">&nbsp;<\/p>\n<p>Op\u00fdtan\u00e9 a zaznamenan\u00e9: Jacek Borzecki<\/p>\n<p style=\"text-align: justify;\">{gallery}buryihrynkiewicz{\/gallery}<\/p>","protected":false},"excerpt":{"rendered":"<p>(Artyku\u0142 przedrukowany w ca\u0142o\u015bci z portalu \u201ewpolityce.pl\u201d, za zgod\u0105 redakcji) &nbsp; Relacje prasowe i telewizyjne z niedawnej wizyty Jaros\u0142awa Kaczy\u0144skiego w spo\u0142ecznym Domu Dziecka w \u0141opuszce Ma\u0142ej na Podkarpaciu, by\u0142y wyj\u0105tkowo zdawkowe: by\u0142y premier przeszed\u0142 si\u0119 z gospodarzem, pos\u0142em Janem Burym, nad stawem obok dworku; powiedzia\u0142, \u017ce \u201enie ma sprzeczno\u015bci mi\u0119dzy Polsk\u0105 solidarn\u0105 i nowoczesn\u0105\u201d; [&hellip;]<\/p>","protected":false},"author":6,"featured_media":0,"comment_status":"open","ping_status":"open","sticky":false,"template":"","format":"standard","meta":{"ngg_post_thumbnail":0,"footnotes":""},"categories":[3],"tags":[],"class_list":["post-106","post","type-post","status-publish","format-standard","hentry","category-wydarzenia"],"yoast_head":"<!-- This site is optimized with the Yoast SEO plugin v24.7 - https:\/\/yoast.com\/wordpress\/plugins\/seo\/ -->\n<title>Na marginesie wizyty lidera PiS w \u0141opuszce Ma\u0142ej &#8211; Marek Kuchci\u0144ski<\/title>\n<meta name=\"robots\" content=\"index, follow, max-snippet:-1, max-image-preview:large, max-video-preview:-1\" \/>\n<link rel=\"canonical\" href=\"https:\/\/marekkuchcinski.pl\/sk\/wydarzenia\/na-marginesie-wizyty-lidera-pis-w-lopuszce-malej\/\" \/>\n<meta property=\"og:locale\" content=\"sk_SK\" \/>\n<meta property=\"og:type\" content=\"article\" \/>\n<meta property=\"og:title\" content=\"Na marginesie wizyty lidera PiS w \u0141opuszce Ma\u0142ej &#8211; Marek Kuchci\u0144ski\" \/>\n<meta property=\"og:description\" content=\"(Artyku\u0142 przedrukowany w ca\u0142o\u015bci z portalu \u201ewpolityce.pl\u201d, za zgod\u0105 redakcji) &nbsp; Relacje prasowe i telewizyjne z niedawnej wizyty Jaros\u0142awa Kaczy\u0144skiego w spo\u0142ecznym Domu Dziecka w \u0141opuszce Ma\u0142ej na Podkarpaciu, by\u0142y wyj\u0105tkowo zdawkowe: by\u0142y premier przeszed\u0142 si\u0119 z gospodarzem, pos\u0142em Janem Burym, nad stawem obok dworku; powiedzia\u0142, \u017ce \u201enie ma sprzeczno\u015bci mi\u0119dzy Polsk\u0105 solidarn\u0105 i nowoczesn\u0105\u201d; [&hellip;]\" \/>\n<meta property=\"og:url\" content=\"https:\/\/marekkuchcinski.pl\/sk\/wydarzenia\/na-marginesie-wizyty-lidera-pis-w-lopuszce-malej\/\" \/>\n<meta property=\"og:site_name\" content=\"Marek Kuchci\u0144ski\" \/>\n<meta property=\"article:published_time\" content=\"2011-10-06T15:48:19+00:00\" \/>\n<meta property=\"article:modified_time\" content=\"2016-08-25T15:06:17+00:00\" \/>\n<meta property=\"og:image\" content=\"https:\/\/marekkuchcinski.pl\/wp-content\/uploads\/2022\/09\/Marek.jpg\" \/>\n\t<meta property=\"og:image:width\" content=\"1600\" \/>\n\t<meta property=\"og:image:height\" content=\"971\" \/>\n\t<meta property=\"og:image:type\" content=\"image\/jpeg\" \/>\n<meta name=\"author\" content=\"admin\" \/>\n<meta name=\"twitter:card\" content=\"summary_large_image\" \/>\n<meta name=\"twitter:label1\" content=\"Autor\" \/>\n\t<meta name=\"twitter:data1\" content=\"admin\" \/>\n\t<meta name=\"twitter:label2\" content=\"Predpokladan\u00fd \u010das \u010d\u00edtania\" \/>\n\t<meta name=\"twitter:data2\" content=\"10 min\u00fat\" \/>\n<script type=\"application\/ld+json\" class=\"yoast-schema-graph\">{\"@context\":\"https:\/\/schema.org\",\"@graph\":[{\"@type\":\"Article\",\"@id\":\"https:\/\/marekkuchcinski.pl\/wydarzenia\/na-marginesie-wizyty-lidera-pis-w-lopuszce-malej\/#article\",\"isPartOf\":{\"@id\":\"https:\/\/marekkuchcinski.pl\/wydarzenia\/na-marginesie-wizyty-lidera-pis-w-lopuszce-malej\/\"},\"author\":{\"name\":\"admin\",\"@id\":\"https:\/\/marekkuchcinski.pl\/#\/schema\/person\/6f62700996b4d950b6ea2d1183b6c6be\"},\"headline\":\"Na marginesie wizyty lidera PiS w \u0141opuszce Ma\u0142ej\",\"datePublished\":\"2011-10-06T15:48:19+00:00\",\"dateModified\":\"2016-08-25T15:06:17+00:00\",\"mainEntityOfPage\":{\"@id\":\"https:\/\/marekkuchcinski.pl\/wydarzenia\/na-marginesie-wizyty-lidera-pis-w-lopuszce-malej\/\"},\"wordCount\":2009,\"commentCount\":0,\"publisher\":{\"@id\":\"https:\/\/marekkuchcinski.pl\/#organization\"},\"articleSection\":[\"Wydarzenia\"],\"inLanguage\":\"sk-SK\",\"potentialAction\":[{\"@type\":\"CommentAction\",\"name\":\"Comment\",\"target\":[\"https:\/\/marekkuchcinski.pl\/wydarzenia\/na-marginesie-wizyty-lidera-pis-w-lopuszce-malej\/#respond\"]}]},{\"@type\":\"WebPage\",\"@id\":\"https:\/\/marekkuchcinski.pl\/wydarzenia\/na-marginesie-wizyty-lidera-pis-w-lopuszce-malej\/\",\"url\":\"https:\/\/marekkuchcinski.pl\/wydarzenia\/na-marginesie-wizyty-lidera-pis-w-lopuszce-malej\/\",\"name\":\"Na marginesie wizyty lidera PiS w \u0141opuszce Ma\u0142ej &#8211; Marek Kuchci\u0144ski\",\"isPartOf\":{\"@id\":\"https:\/\/marekkuchcinski.pl\/#website\"},\"datePublished\":\"2011-10-06T15:48:19+00:00\",\"dateModified\":\"2016-08-25T15:06:17+00:00\",\"breadcrumb\":{\"@id\":\"https:\/\/marekkuchcinski.pl\/wydarzenia\/na-marginesie-wizyty-lidera-pis-w-lopuszce-malej\/#breadcrumb\"},\"inLanguage\":\"sk-SK\",\"potentialAction\":[{\"@type\":\"ReadAction\",\"target\":[\"https:\/\/marekkuchcinski.pl\/wydarzenia\/na-marginesie-wizyty-lidera-pis-w-lopuszce-malej\/\"]}]},{\"@type\":\"BreadcrumbList\",\"@id\":\"https:\/\/marekkuchcinski.pl\/wydarzenia\/na-marginesie-wizyty-lidera-pis-w-lopuszce-malej\/#breadcrumb\",\"itemListElement\":[{\"@type\":\"ListItem\",\"position\":1,\"name\":\"Strona g\u0142\u00f3wna\",\"item\":\"https:\/\/marekkuchcinski.pl\/\"},{\"@type\":\"ListItem\",\"position\":2,\"name\":\"Na marginesie wizyty lidera PiS w \u0141opuszce Ma\u0142ej\"}]},{\"@type\":\"WebSite\",\"@id\":\"https:\/\/marekkuchcinski.pl\/#website\",\"url\":\"https:\/\/marekkuchcinski.pl\/\",\"name\":\"Marek Kuchci\u0144ski\",\"description\":\"Pose\u0142 na sejm RP &ndash; okr\u0119g nr 22\",\"publisher\":{\"@id\":\"https:\/\/marekkuchcinski.pl\/#organization\"},\"potentialAction\":[{\"@type\":\"SearchAction\",\"target\":{\"@type\":\"EntryPoint\",\"urlTemplate\":\"https:\/\/marekkuchcinski.pl\/?s={search_term_string}\"},\"query-input\":{\"@type\":\"PropertyValueSpecification\",\"valueRequired\":true,\"valueName\":\"search_term_string\"}}],\"inLanguage\":\"sk-SK\"},{\"@type\":\"Organization\",\"@id\":\"https:\/\/marekkuchcinski.pl\/#organization\",\"name\":\"Marek Kuchci\u0144ski\",\"url\":\"https:\/\/marekkuchcinski.pl\/\",\"logo\":{\"@type\":\"ImageObject\",\"inLanguage\":\"sk-SK\",\"@id\":\"https:\/\/marekkuchcinski.pl\/#\/schema\/logo\/image\/\",\"url\":\"https:\/\/marekkuchcinski.pl\/wp-content\/uploads\/2022\/09\/Marek.jpg\",\"contentUrl\":\"https:\/\/marekkuchcinski.pl\/wp-content\/uploads\/2022\/09\/Marek.jpg\",\"width\":1600,\"height\":971,\"caption\":\"Marek Kuchci\u0144ski\"},\"image\":{\"@id\":\"https:\/\/marekkuchcinski.pl\/#\/schema\/logo\/image\/\"}},{\"@type\":\"Person\",\"@id\":\"https:\/\/marekkuchcinski.pl\/#\/schema\/person\/6f62700996b4d950b6ea2d1183b6c6be\",\"name\":\"admin\",\"image\":{\"@type\":\"ImageObject\",\"inLanguage\":\"sk-SK\",\"@id\":\"https:\/\/marekkuchcinski.pl\/#\/schema\/person\/image\/\",\"url\":\"https:\/\/secure.gravatar.com\/avatar\/4bab693b9d55c3d6b52c0296a8765085?s=96&d=mm&r=g\",\"contentUrl\":\"https:\/\/secure.gravatar.com\/avatar\/4bab693b9d55c3d6b52c0296a8765085?s=96&d=mm&r=g\",\"caption\":\"admin\"},\"url\":\"https:\/\/marekkuchcinski.pl\/sk\/author\/marta-olejnik\/\"}]}<\/script>\n<!-- \/ Yoast SEO plugin. -->","yoast_head_json":{"title":"Na marginesie wizyty lidera PiS w \u0141opuszce Ma\u0142ej &#8211; Marek Kuchci\u0144ski","robots":{"index":"index","follow":"follow","max-snippet":"max-snippet:-1","max-image-preview":"max-image-preview:large","max-video-preview":"max-video-preview:-1"},"canonical":"https:\/\/marekkuchcinski.pl\/sk\/wydarzenia\/na-marginesie-wizyty-lidera-pis-w-lopuszce-malej\/","og_locale":"sk_SK","og_type":"article","og_title":"Na marginesie wizyty lidera PiS w \u0141opuszce Ma\u0142ej &#8211; Marek Kuchci\u0144ski","og_description":"(Artyku\u0142 przedrukowany w ca\u0142o\u015bci z portalu \u201ewpolityce.pl\u201d, za zgod\u0105 redakcji) &nbsp; Relacje prasowe i telewizyjne z niedawnej wizyty Jaros\u0142awa Kaczy\u0144skiego w spo\u0142ecznym Domu Dziecka w \u0141opuszce Ma\u0142ej na Podkarpaciu, by\u0142y wyj\u0105tkowo zdawkowe: by\u0142y premier przeszed\u0142 si\u0119 z gospodarzem, pos\u0142em Janem Burym, nad stawem obok dworku; powiedzia\u0142, \u017ce \u201enie ma sprzeczno\u015bci mi\u0119dzy Polsk\u0105 solidarn\u0105 i nowoczesn\u0105\u201d; [&hellip;]","og_url":"https:\/\/marekkuchcinski.pl\/sk\/wydarzenia\/na-marginesie-wizyty-lidera-pis-w-lopuszce-malej\/","og_site_name":"Marek Kuchci\u0144ski","article_published_time":"2011-10-06T15:48:19+00:00","article_modified_time":"2016-08-25T15:06:17+00:00","og_image":[{"width":1600,"height":971,"url":"https:\/\/marekkuchcinski.pl\/wp-content\/uploads\/2022\/09\/Marek.jpg","type":"image\/jpeg"}],"author":"admin","twitter_card":"summary_large_image","twitter_misc":{"Autor":"admin","Predpokladan\u00fd \u010das \u010d\u00edtania":"10 min\u00fat"},"schema":{"@context":"https:\/\/schema.org","@graph":[{"@type":"Article","@id":"https:\/\/marekkuchcinski.pl\/wydarzenia\/na-marginesie-wizyty-lidera-pis-w-lopuszce-malej\/#article","isPartOf":{"@id":"https:\/\/marekkuchcinski.pl\/wydarzenia\/na-marginesie-wizyty-lidera-pis-w-lopuszce-malej\/"},"author":{"name":"admin","@id":"https:\/\/marekkuchcinski.pl\/#\/schema\/person\/6f62700996b4d950b6ea2d1183b6c6be"},"headline":"Na marginesie wizyty lidera PiS w \u0141opuszce Ma\u0142ej","datePublished":"2011-10-06T15:48:19+00:00","dateModified":"2016-08-25T15:06:17+00:00","mainEntityOfPage":{"@id":"https:\/\/marekkuchcinski.pl\/wydarzenia\/na-marginesie-wizyty-lidera-pis-w-lopuszce-malej\/"},"wordCount":2009,"commentCount":0,"publisher":{"@id":"https:\/\/marekkuchcinski.pl\/#organization"},"articleSection":["Wydarzenia"],"inLanguage":"sk-SK","potentialAction":[{"@type":"CommentAction","name":"Comment","target":["https:\/\/marekkuchcinski.pl\/wydarzenia\/na-marginesie-wizyty-lidera-pis-w-lopuszce-malej\/#respond"]}]},{"@type":"WebPage","@id":"https:\/\/marekkuchcinski.pl\/wydarzenia\/na-marginesie-wizyty-lidera-pis-w-lopuszce-malej\/","url":"https:\/\/marekkuchcinski.pl\/wydarzenia\/na-marginesie-wizyty-lidera-pis-w-lopuszce-malej\/","name":"Na marginesie wizyty lidera PiS w \u0141opuszce Ma\u0142ej &#8211; Marek Kuchci\u0144ski","isPartOf":{"@id":"https:\/\/marekkuchcinski.pl\/#website"},"datePublished":"2011-10-06T15:48:19+00:00","dateModified":"2016-08-25T15:06:17+00:00","breadcrumb":{"@id":"https:\/\/marekkuchcinski.pl\/wydarzenia\/na-marginesie-wizyty-lidera-pis-w-lopuszce-malej\/#breadcrumb"},"inLanguage":"sk-SK","potentialAction":[{"@type":"ReadAction","target":["https:\/\/marekkuchcinski.pl\/wydarzenia\/na-marginesie-wizyty-lidera-pis-w-lopuszce-malej\/"]}]},{"@type":"BreadcrumbList","@id":"https:\/\/marekkuchcinski.pl\/wydarzenia\/na-marginesie-wizyty-lidera-pis-w-lopuszce-malej\/#breadcrumb","itemListElement":[{"@type":"ListItem","position":1,"name":"Strona g\u0142\u00f3wna","item":"https:\/\/marekkuchcinski.pl\/"},{"@type":"ListItem","position":2,"name":"Na marginesie wizyty lidera PiS w \u0141opuszce Ma\u0142ej"}]},{"@type":"WebSite","@id":"https:\/\/marekkuchcinski.pl\/#website","url":"https:\/\/marekkuchcinski.pl\/","name":"Marek Kuchci\u0144ski","description":"Pose\u0142 na sejm RP &ndash; okr\u0119g nr 22","publisher":{"@id":"https:\/\/marekkuchcinski.pl\/#organization"},"potentialAction":[{"@type":"SearchAction","target":{"@type":"EntryPoint","urlTemplate":"https:\/\/marekkuchcinski.pl\/?s={search_term_string}"},"query-input":{"@type":"PropertyValueSpecification","valueRequired":true,"valueName":"search_term_string"}}],"inLanguage":"sk-SK"},{"@type":"Organization","@id":"https:\/\/marekkuchcinski.pl\/#organization","name":"Marek Kuchci\u0144ski","url":"https:\/\/marekkuchcinski.pl\/","logo":{"@type":"ImageObject","inLanguage":"sk-SK","@id":"https:\/\/marekkuchcinski.pl\/#\/schema\/logo\/image\/","url":"https:\/\/marekkuchcinski.pl\/wp-content\/uploads\/2022\/09\/Marek.jpg","contentUrl":"https:\/\/marekkuchcinski.pl\/wp-content\/uploads\/2022\/09\/Marek.jpg","width":1600,"height":971,"caption":"Marek Kuchci\u0144ski"},"image":{"@id":"https:\/\/marekkuchcinski.pl\/#\/schema\/logo\/image\/"}},{"@type":"Person","@id":"https:\/\/marekkuchcinski.pl\/#\/schema\/person\/6f62700996b4d950b6ea2d1183b6c6be","name":"admin","image":{"@type":"ImageObject","inLanguage":"sk-SK","@id":"https:\/\/marekkuchcinski.pl\/#\/schema\/person\/image\/","url":"https:\/\/secure.gravatar.com\/avatar\/4bab693b9d55c3d6b52c0296a8765085?s=96&d=mm&r=g","contentUrl":"https:\/\/secure.gravatar.com\/avatar\/4bab693b9d55c3d6b52c0296a8765085?s=96&d=mm&r=g","caption":"admin"},"url":"https:\/\/marekkuchcinski.pl\/sk\/author\/marta-olejnik\/"}]}},"_links":{"self":[{"href":"https:\/\/marekkuchcinski.pl\/sk\/wp-json\/wp\/v2\/posts\/106","targetHints":{"allow":["GET"]}}],"collection":[{"href":"https:\/\/marekkuchcinski.pl\/sk\/wp-json\/wp\/v2\/posts"}],"about":[{"href":"https:\/\/marekkuchcinski.pl\/sk\/wp-json\/wp\/v2\/types\/post"}],"author":[{"embeddable":true,"href":"https:\/\/marekkuchcinski.pl\/sk\/wp-json\/wp\/v2\/users\/6"}],"replies":[{"embeddable":true,"href":"https:\/\/marekkuchcinski.pl\/sk\/wp-json\/wp\/v2\/comments?post=106"}],"version-history":[{"count":1,"href":"https:\/\/marekkuchcinski.pl\/sk\/wp-json\/wp\/v2\/posts\/106\/revisions"}],"predecessor-version":[{"id":1411,"href":"https:\/\/marekkuchcinski.pl\/sk\/wp-json\/wp\/v2\/posts\/106\/revisions\/1411"}],"wp:attachment":[{"href":"https:\/\/marekkuchcinski.pl\/sk\/wp-json\/wp\/v2\/media?parent=106"}],"wp:term":[{"taxonomy":"category","embeddable":true,"href":"https:\/\/marekkuchcinski.pl\/sk\/wp-json\/wp\/v2\/categories?post=106"},{"taxonomy":"post_tag","embeddable":true,"href":"https:\/\/marekkuchcinski.pl\/sk\/wp-json\/wp\/v2\/tags?post=106"}],"curies":[{"name":"wp","href":"https:\/\/api.w.org\/{rel}","templated":true}]}}