{"id":10395,"date":"2018-09-19T12:55:07","date_gmt":"2018-09-19T10:55:07","guid":{"rendered":"https:\/\/marekkuchcinski.pl\/?p=10395"},"modified":"2018-09-19T13:01:48","modified_gmt":"2018-09-19T11:01:48","slug":"konwencja-wyborcza-prawa-sprawiedliwosci-przemyslu","status":"publish","type":"post","link":"https:\/\/marekkuchcinski.pl\/sk\/wydarzenia\/konwencja-wyborcza-prawa-sprawiedliwosci-przemyslu\/","title":{"rendered":"Volebn\u00fd zjazd strany Pr\u00e1vo a spravodlivos\u0165 v Przemy\u015bli"},"content":{"rendered":"<p>Po\u010das volebn\u00e9ho zjazdu strany Pr\u00e1vo a spravodlivos\u0165 v Przemy\u015bli predseda Sejmu Marek Kuchci\u0144ski zd\u00f4raznil, \u017ee cie\u013eom strany Pr\u00e1vo a spravodlivos\u0165 je zv\u00fd\u0161i\u0165 \u017eivotn\u00fa \u00farove\u0148 Poliakov. Okrem silnej a \u00fa\u010dinnej soci\u00e1lnej politiky (program 500+, layette+, zv\u00fd\u0161enie minim\u00e1lnej mzdy, podpora seniorov, d\u00f4chodcov). Pr\u00e1vo a spravodlivos\u0165 kladie d\u00f4raz na rozvoj dom\u00e1ceho hospod\u00e1rstva a pomoc na\u0161im podnikate\u013eom. Opatrenia ako zn\u00ed\u017eenie dane z pr\u00edjmov pr\u00e1vnick\u00fdch os\u00f4b alebo ZUS s\u00fa ur\u010den\u00e9 na podporu najm\u00e4 mal\u00fdch a stredn\u00fdch podnikate\u013eov, nie ve\u013ek\u00fdch spolo\u010dnost\u00ed.<\/p>\n<p>Pod\u013ea n\u00e1zoru mar\u0161ala koncepcia miest, ktor\u00e9 s\u00fa lokomot\u00edvou a hospod\u00e1rsky \u0165ahaj\u00fa regi\u00f3ny, nefunguje. - Pod\u013ea m\u00f4jho n\u00e1zoru by sa pride\u013eovanie \u0161t\u00e1tnych pe\u0148az\u00ed a n\u00e1strojov malo t\u00fdka\u0165 predov\u0161etk\u00fdm t\u00fdch, ktor\u00ed to potrebuj\u00fa - miest, obc\u00ed aj soci\u00e1lnych skup\u00edn. Rozvoj \u00e1no, ale vyv\u00e1\u017een\u00fd rozvoj. Vo svete vo\u013en\u00e9ho trhu si bohat\u00ed poradia - povedal.<\/p>\n<p>Predseda parlamentu pripomenul, \u017ee boli \u010dasy, ke\u010f po\u013esk\u00e9 hospod\u00e1rstvo z\u00e1viselo od mnoh\u00fdch, napr\u00edklad medzin\u00e1rodn\u00fdch faktorov. Likvid\u00e1cia n\u00e1rodn\u00fdch investi\u010dn\u00fdch fondov sa dotkla viac ako 500 pracov\u00edsk. Desa\u0165tis\u00edce \u013eud\u00ed sa stali nezamestnan\u00fdmi. PiS chce obnovi\u0165 a posilni\u0165 hospod\u00e1rstvo a rob\u00ed v tomto smere mnoh\u00e9 kroky. Jednou z najv\u00e4\u010d\u0161\u00edch invest\u00edci\u00ed je 5-miliardov\u00fd projekt zameran\u00fd na samospr\u00e1vy obc\u00ed a okresov - na opravu ciest a u\u013eah\u010denie kontaktu s obyvate\u013emi.<\/p>\n<p><strong>Morawieck\u00e9ho p\u00e4\u0165ka pre Podkarpatsko, ktor\u00fa spom\u00edna Kuchci\u0144ski, zah\u0155\u0148a. <\/strong><\/p>\n<ol>\n<li>Rozvoj cestnej infra\u0161trukt\u00fary: r\u00fdchlostn\u00e1 cesta Via Carpathia Nisko - Rzesz\u00f3w - Krosno - Barwinek, r\u00fdchlostn\u00e1 cesta Rzesz\u00f3w - Tarnobrzeg - Radom a most cez rieku San v Jaroslawi,<\/li>\n<li>Moderniz\u00e1cia \u017eelezni\u010dn\u00fdch trat\u00ed: spojenie Rzesz\u00f3w - Var\u0161ava, Karpatsk\u00e1 \u017eeleznica Jaslo - Krosno - Sanok - Zag\u00f3rz - Ustrzyki - Kro\u015bcienko -Malhowice - Przemy\u015bl, aglomer\u00e1cia \u017eelezn\u00edc Kolbuszowa, Debica, Strzy\u017c\u00f3w, Przeworsk, ako aj moderniz\u00e1cia \u017eelezni\u010dn\u00fdch stan\u00edc,<\/li>\n<li>Realiz\u00e1cia programu Mieszkanie+ v: Boguchwa\u0142a, D\u0119bica, Krosno, Jaros\u0142aw, Jas\u0142o, Mielec, Nowa D\u0119ba, Przemy\u015bl, Sanok, Stalowa Wola a Tarnobrzeg,<\/li>\n<\/ol>\n<ol start=\"3\">\n<li>Ochrana pred povod\u0148ami v povodiach t\u00fdchto riek v Podkarpatskej Rusi: Visla, Wis\u0142ok, San a Wis\u0142oka spolu s v\u00fdstavbou vodnej n\u00e1dr\u017ee K\u0105ty - Myscowa,<\/li>\n<li>Zavedenie Programu pre Bieszczady a programu Modr\u00fd San, ako aj v\u00fdstavba Centr\u00e1lneho \u0161portov\u00e9ho centra, ktor\u00e9 maj\u00fa ve\u013ek\u00fd v\u00fdznam pre rozvoj zamestnanosti a cestovn\u00e9ho ruchu v regi\u00f3ne.\u00a0<a href=\"https:\/\/marekkuchcinski.pl\/sk\/wydarzenia\/sportowa-ofensywa-podkarpaciu\/\">https:\/\/marekkuchcinski.pl\/wydarzenia\/sportowa-ofensywa-podkarpaciu\/<\/a><\/li>\n<\/ol>\n<p>Predseda parlamentu tie\u017e povedal, \u017ee v roku 2018 sme vst\u00fapili do obdobia v\u00fdro\u010d\u00ed nez\u00e1vislosti. - Mali by sme oslavova\u0165 toto ve\u013ek\u00e9 \u00fasilie na\u0161ich predkov, - povedal. Pripomenul, \u017ee predsedn\u00edctvo Sejmu prijalo uznesenie o starostlivosti o hroby poslancov - od z\u00e1konodarn\u00e9ho Sejmu a\u017e po volen\u00fd Sejm z roku 1938. - Chceme si ich pripom\u00edna\u0165, preto\u017ee reprezentovali n\u00e1rod,\" zd\u00f4raznil predseda parlamentu.<\/p>\n<p>Po\u010das zjazdu boli predstaven\u00ed kandid\u00e1ti na prim\u00e1torov miest Podkarpatskej Rusi a prv\u00e9 men\u00e1 na kandid\u00e1tnych listin\u00e1ch pre vo\u013eby do krajinsk\u00e9ho zastupite\u013estva. V oblasti Rzesz\u00f3wa bude zoznam otv\u00e1ra\u0165 Jerzy Cypry\u015b, v oblasti Stalowa Wola Ewa Draus, v oblasti Mielec W\u0142adys\u0142aw Ortyl, v oblasti Przemy\u015bl Piotr Pilch, v oblasti Krosno Jerzy Borcz.<\/p>\n<p>Zjazd sa konal v <strong>N\u00e1rodn\u00e9 m\u00fazeum krajiny Przemysl\u00a0<\/strong>ktor\u00e1 sa ned\u00e1vno stala \u010diasto\u010dne \u0161t\u00e1tnou in\u0161tit\u00faciou, \u010do je, ako zd\u00f4raznil Marek Kuchci\u0144ski, nielen ot\u00e1zkou prest\u00ed\u017ee, ale aj kult\u00farnej politiky v na\u0161ej \u010dasti Eur\u00f3py.<strong>\u00a0<a href=\"https:\/\/marekkuchcinski.pl\/sk\/podkarpacie\/muzeum-narodowe-ziemi-przemyskiej-wspolprowadzone-mzp\/\">https:\/\/marekkuchcinski.pl\/podkarpacie\/muzeum-narodowe-ziemi-przemyskiej-wspolprowadzone-mzp\/\u00a0<\/a><\/strong><\/p>\n<p><a href=\"https:\/\/marekkuchcinski.pl\/wp-content\/uploads\/2018\/09\/M-konwerncja-Przemy\u015bl.jpg\"><img fetchpriority=\"high\" decoding=\"async\" class=\"size-full wp-image-10397\" src=\"https:\/\/marekkuchcinski.pl\/wp-content\/uploads\/2018\/09\/M-konwerncja-Przemy\u015bl.jpg\" alt=\"Przemy\u009cl, 18.09.2018. Marsza\u00b3ek Sejmu Marek Kuchci\u00f1ski podczas Wojew\u00f3dzkiej Konwencji Wyborczej Prawa i Sprawiedliwo\u009cci w Muzeum Narodowym Ziemi Przemyskiej w Przemy\u009clu, 18 bm. (dd\/nlat) PAP\/Darek Delmanowicz\" width=\"5005\" height=\"3337\" srcset=\"https:\/\/marekkuchcinski.pl\/wp-content\/uploads\/2018\/09\/M-konwerncja-Przemy\u015bl.jpg 2048w, https:\/\/marekkuchcinski.pl\/wp-content\/uploads\/2018\/09\/M-konwerncja-Przemy\u015bl-300x200.jpg 300w, https:\/\/marekkuchcinski.pl\/wp-content\/uploads\/2018\/09\/M-konwerncja-Przemy\u015bl-768x512.jpg 768w, https:\/\/marekkuchcinski.pl\/wp-content\/uploads\/2018\/09\/M-konwerncja-Przemy\u015bl-1024x683.jpg 1024w\" sizes=\"(max-width: 5005px) 100vw, 5005px\" \/><\/a><\/p>\n<p>Foto: PAP\/ Darek Delmanowicz<\/p>","protected":false},"excerpt":{"rendered":"<p>Podczas Konwencji wyborczej PiS w Przemy\u015blu marsza\u0142ek Sejmu Marek Kuchci\u0144ski podkre\u015bli\u0142, \u017ce celem PiS jest podniesienie poziomu \u017cycia Polak\u00f3w. Poza siln\u0105 i skuteczn\u0105 polityk\u0105 socjaln\u0105 (program 500+, wyprawka+, podniesienie najni\u017cszej pensji, wsparcie senior\u00f3w, rencist\u00f3w). Prawo i Sprawiedliwo\u015b\u0107 stawia na rozw\u00f3j rodzimej gospodarki i pomoc naszym przedsi\u0119biorcom. Dzia\u0142ania takie jak obni\u017cka CIT czy ZUS maj\u0105 wesprze\u0107 [&hellip;]<\/p>","protected":false},"author":6,"featured_media":10397,"comment_status":"open","ping_status":"open","sticky":false,"template":"","format":"standard","meta":{"ngg_post_thumbnail":0,"footnotes":""},"categories":[49,82,3],"tags":[],"class_list":["post-10395","post","type-post","status-publish","format-standard","has-post-thumbnail","hentry","category-podkarpacie","category-prawo-i-sprawiedliwosc","category-wydarzenia"],"yoast_head":"<!-- This site is optimized with the Yoast SEO plugin v24.7 - https:\/\/yoast.com\/wordpress\/plugins\/seo\/ -->\n<title>Konwencja wyborcza Prawa i Sprawiedliwo\u015bci w Przemy\u015blu &#8211; Marek Kuchci\u0144ski<\/title>\n<meta name=\"robots\" content=\"index, follow, max-snippet:-1, max-image-preview:large, max-video-preview:-1\" \/>\n<link rel=\"canonical\" href=\"https:\/\/marekkuchcinski.pl\/sk\/wydarzenia\/konwencja-wyborcza-prawa-sprawiedliwosci-przemyslu\/\" \/>\n<meta property=\"og:locale\" content=\"sk_SK\" \/>\n<meta property=\"og:type\" content=\"article\" \/>\n<meta property=\"og:title\" content=\"Konwencja wyborcza Prawa i Sprawiedliwo\u015bci w Przemy\u015blu &#8211; Marek Kuchci\u0144ski\" \/>\n<meta property=\"og:description\" content=\"Podczas Konwencji wyborczej PiS w Przemy\u015blu marsza\u0142ek Sejmu Marek Kuchci\u0144ski podkre\u015bli\u0142, \u017ce celem PiS jest podniesienie poziomu \u017cycia Polak\u00f3w. Poza siln\u0105 i skuteczn\u0105 polityk\u0105 socjaln\u0105 (program 500+, wyprawka+, podniesienie najni\u017cszej pensji, wsparcie senior\u00f3w, rencist\u00f3w). Prawo i Sprawiedliwo\u015b\u0107 stawia na rozw\u00f3j rodzimej gospodarki i pomoc naszym przedsi\u0119biorcom. Dzia\u0142ania takie jak obni\u017cka CIT czy ZUS maj\u0105 wesprze\u0107 [&hellip;]\" \/>\n<meta property=\"og:url\" content=\"https:\/\/marekkuchcinski.pl\/sk\/wydarzenia\/konwencja-wyborcza-prawa-sprawiedliwosci-przemyslu\/\" \/>\n<meta property=\"og:site_name\" content=\"Marek Kuchci\u0144ski\" \/>\n<meta property=\"article:published_time\" content=\"2018-09-19T10:55:07+00:00\" \/>\n<meta property=\"article:modified_time\" content=\"2018-09-19T11:01:48+00:00\" \/>\n<meta property=\"og:image\" content=\"https:\/\/marekkuchcinski.pl\/wp-content\/uploads\/2018\/09\/M-konwerncja-Przemy\u015bl.jpg\" \/>\n\t<meta property=\"og:image:width\" content=\"2048\" \/>\n\t<meta property=\"og:image:height\" content=\"1365\" \/>\n\t<meta property=\"og:image:type\" content=\"image\/jpeg\" \/>\n<meta name=\"author\" content=\"admin\" \/>\n<meta name=\"twitter:card\" content=\"summary_large_image\" \/>\n<meta name=\"twitter:label1\" content=\"Autor\" \/>\n\t<meta name=\"twitter:data1\" content=\"admin\" \/>\n\t<meta name=\"twitter:label2\" content=\"Predpokladan\u00fd \u010das \u010d\u00edtania\" \/>\n\t<meta name=\"twitter:data2\" content=\"3 min\u00faty\" \/>\n<script type=\"application\/ld+json\" class=\"yoast-schema-graph\">{\"@context\":\"https:\/\/schema.org\",\"@graph\":[{\"@type\":\"Article\",\"@id\":\"https:\/\/marekkuchcinski.pl\/en\/wydarzenia\/konwencja-wyborcza-prawa-sprawiedliwosci-przemyslu\/#article\",\"isPartOf\":{\"@id\":\"https:\/\/marekkuchcinski.pl\/en\/wydarzenia\/konwencja-wyborcza-prawa-sprawiedliwosci-przemyslu\/\"},\"author\":{\"name\":\"admin\",\"@id\":\"https:\/\/marekkuchcinski.pl\/#\/schema\/person\/6f62700996b4d950b6ea2d1183b6c6be\"},\"headline\":\"Konwencja wyborcza Prawa i Sprawiedliwo\u015bci w Przemy\u015blu\",\"datePublished\":\"2018-09-19T10:55:07+00:00\",\"dateModified\":\"2018-09-19T11:01:48+00:00\",\"mainEntityOfPage\":{\"@id\":\"https:\/\/marekkuchcinski.pl\/en\/wydarzenia\/konwencja-wyborcza-prawa-sprawiedliwosci-przemyslu\/\"},\"wordCount\":537,\"commentCount\":0,\"publisher\":{\"@id\":\"https:\/\/marekkuchcinski.pl\/#organization\"},\"image\":{\"@id\":\"https:\/\/marekkuchcinski.pl\/en\/wydarzenia\/konwencja-wyborcza-prawa-sprawiedliwosci-przemyslu\/#primaryimage\"},\"thumbnailUrl\":\"https:\/\/marekkuchcinski.pl\/wp-content\/uploads\/2018\/09\/M-konwerncja-Przemy\u015bl.jpg\",\"articleSection\":[\"Podkarpacie\",\"Prawo i Sprawiedliwo\u015b\u0107\",\"Wydarzenia\"],\"inLanguage\":\"sk-SK\",\"potentialAction\":[{\"@type\":\"CommentAction\",\"name\":\"Comment\",\"target\":[\"https:\/\/marekkuchcinski.pl\/en\/wydarzenia\/konwencja-wyborcza-prawa-sprawiedliwosci-przemyslu\/#respond\"]}]},{\"@type\":\"WebPage\",\"@id\":\"https:\/\/marekkuchcinski.pl\/en\/wydarzenia\/konwencja-wyborcza-prawa-sprawiedliwosci-przemyslu\/\",\"url\":\"https:\/\/marekkuchcinski.pl\/en\/wydarzenia\/konwencja-wyborcza-prawa-sprawiedliwosci-przemyslu\/\",\"name\":\"Konwencja wyborcza Prawa i Sprawiedliwo\u015bci w Przemy\u015blu &#8211; Marek Kuchci\u0144ski\",\"isPartOf\":{\"@id\":\"https:\/\/marekkuchcinski.pl\/#website\"},\"primaryImageOfPage\":{\"@id\":\"https:\/\/marekkuchcinski.pl\/en\/wydarzenia\/konwencja-wyborcza-prawa-sprawiedliwosci-przemyslu\/#primaryimage\"},\"image\":{\"@id\":\"https:\/\/marekkuchcinski.pl\/en\/wydarzenia\/konwencja-wyborcza-prawa-sprawiedliwosci-przemyslu\/#primaryimage\"},\"thumbnailUrl\":\"https:\/\/marekkuchcinski.pl\/wp-content\/uploads\/2018\/09\/M-konwerncja-Przemy\u015bl.jpg\",\"datePublished\":\"2018-09-19T10:55:07+00:00\",\"dateModified\":\"2018-09-19T11:01:48+00:00\",\"breadcrumb\":{\"@id\":\"https:\/\/marekkuchcinski.pl\/en\/wydarzenia\/konwencja-wyborcza-prawa-sprawiedliwosci-przemyslu\/#breadcrumb\"},\"inLanguage\":\"sk-SK\",\"potentialAction\":[{\"@type\":\"ReadAction\",\"target\":[\"https:\/\/marekkuchcinski.pl\/en\/wydarzenia\/konwencja-wyborcza-prawa-sprawiedliwosci-przemyslu\/\"]}]},{\"@type\":\"ImageObject\",\"inLanguage\":\"sk-SK\",\"@id\":\"https:\/\/marekkuchcinski.pl\/en\/wydarzenia\/konwencja-wyborcza-prawa-sprawiedliwosci-przemyslu\/#primaryimage\",\"url\":\"https:\/\/marekkuchcinski.pl\/wp-content\/uploads\/2018\/09\/M-konwerncja-Przemy\u015bl.jpg\",\"contentUrl\":\"https:\/\/marekkuchcinski.pl\/wp-content\/uploads\/2018\/09\/M-konwerncja-Przemy\u015bl.jpg\",\"width\":2048,\"height\":1365,\"caption\":\"Przemy\u009cl, 18.09.2018. Marsza\u00b3ek Sejmu Marek Kuchci\u00f1ski podczas Wojew\u00f3dzkiej Konwencji Wyborczej Prawa i Sprawiedliwo\u009cci w Muzeum Narodowym Ziemi Przemyskiej w Przemy\u009clu, 18 bm. (dd\/nlat) PAP\/Darek Delmanowicz\"},{\"@type\":\"BreadcrumbList\",\"@id\":\"https:\/\/marekkuchcinski.pl\/en\/wydarzenia\/konwencja-wyborcza-prawa-sprawiedliwosci-przemyslu\/#breadcrumb\",\"itemListElement\":[{\"@type\":\"ListItem\",\"position\":1,\"name\":\"Strona g\u0142\u00f3wna\",\"item\":\"https:\/\/marekkuchcinski.pl\/\"},{\"@type\":\"ListItem\",\"position\":2,\"name\":\"Konwencja wyborcza Prawa i Sprawiedliwo\u015bci w Przemy\u015blu\"}]},{\"@type\":\"WebSite\",\"@id\":\"https:\/\/marekkuchcinski.pl\/#website\",\"url\":\"https:\/\/marekkuchcinski.pl\/\",\"name\":\"Marek Kuchci\u0144ski\",\"description\":\"Pose\u0142 na sejm RP &ndash; okr\u0119g nr 22\",\"publisher\":{\"@id\":\"https:\/\/marekkuchcinski.pl\/#organization\"},\"potentialAction\":[{\"@type\":\"SearchAction\",\"target\":{\"@type\":\"EntryPoint\",\"urlTemplate\":\"https:\/\/marekkuchcinski.pl\/?s={search_term_string}\"},\"query-input\":{\"@type\":\"PropertyValueSpecification\",\"valueRequired\":true,\"valueName\":\"search_term_string\"}}],\"inLanguage\":\"sk-SK\"},{\"@type\":\"Organization\",\"@id\":\"https:\/\/marekkuchcinski.pl\/#organization\",\"name\":\"Marek Kuchci\u0144ski\",\"url\":\"https:\/\/marekkuchcinski.pl\/\",\"logo\":{\"@type\":\"ImageObject\",\"inLanguage\":\"sk-SK\",\"@id\":\"https:\/\/marekkuchcinski.pl\/#\/schema\/logo\/image\/\",\"url\":\"https:\/\/marekkuchcinski.pl\/wp-content\/uploads\/2022\/09\/Marek.jpg\",\"contentUrl\":\"https:\/\/marekkuchcinski.pl\/wp-content\/uploads\/2022\/09\/Marek.jpg\",\"width\":1600,\"height\":971,\"caption\":\"Marek Kuchci\u0144ski\"},\"image\":{\"@id\":\"https:\/\/marekkuchcinski.pl\/#\/schema\/logo\/image\/\"}},{\"@type\":\"Person\",\"@id\":\"https:\/\/marekkuchcinski.pl\/#\/schema\/person\/6f62700996b4d950b6ea2d1183b6c6be\",\"name\":\"admin\",\"image\":{\"@type\":\"ImageObject\",\"inLanguage\":\"sk-SK\",\"@id\":\"https:\/\/marekkuchcinski.pl\/#\/schema\/person\/image\/\",\"url\":\"https:\/\/secure.gravatar.com\/avatar\/4bab693b9d55c3d6b52c0296a8765085?s=96&d=mm&r=g\",\"contentUrl\":\"https:\/\/secure.gravatar.com\/avatar\/4bab693b9d55c3d6b52c0296a8765085?s=96&d=mm&r=g\",\"caption\":\"admin\"},\"url\":\"https:\/\/marekkuchcinski.pl\/sk\/author\/marta-olejnik\/\"}]}<\/script>\n<!-- \/ Yoast SEO plugin. -->","yoast_head_json":{"title":"Konwencja wyborcza Prawa i Sprawiedliwo\u015bci w Przemy\u015blu &#8211; Marek Kuchci\u0144ski","robots":{"index":"index","follow":"follow","max-snippet":"max-snippet:-1","max-image-preview":"max-image-preview:large","max-video-preview":"max-video-preview:-1"},"canonical":"https:\/\/marekkuchcinski.pl\/sk\/wydarzenia\/konwencja-wyborcza-prawa-sprawiedliwosci-przemyslu\/","og_locale":"sk_SK","og_type":"article","og_title":"Konwencja wyborcza Prawa i Sprawiedliwo\u015bci w Przemy\u015blu &#8211; Marek Kuchci\u0144ski","og_description":"Podczas Konwencji wyborczej PiS w Przemy\u015blu marsza\u0142ek Sejmu Marek Kuchci\u0144ski podkre\u015bli\u0142, \u017ce celem PiS jest podniesienie poziomu \u017cycia Polak\u00f3w. Poza siln\u0105 i skuteczn\u0105 polityk\u0105 socjaln\u0105 (program 500+, wyprawka+, podniesienie najni\u017cszej pensji, wsparcie senior\u00f3w, rencist\u00f3w). Prawo i Sprawiedliwo\u015b\u0107 stawia na rozw\u00f3j rodzimej gospodarki i pomoc naszym przedsi\u0119biorcom. Dzia\u0142ania takie jak obni\u017cka CIT czy ZUS maj\u0105 wesprze\u0107 [&hellip;]","og_url":"https:\/\/marekkuchcinski.pl\/sk\/wydarzenia\/konwencja-wyborcza-prawa-sprawiedliwosci-przemyslu\/","og_site_name":"Marek Kuchci\u0144ski","article_published_time":"2018-09-19T10:55:07+00:00","article_modified_time":"2018-09-19T11:01:48+00:00","og_image":[{"width":2048,"height":1365,"url":"https:\/\/marekkuchcinski.pl\/wp-content\/uploads\/2018\/09\/M-konwerncja-Przemy\u015bl.jpg","type":"image\/jpeg"}],"author":"admin","twitter_card":"summary_large_image","twitter_misc":{"Autor":"admin","Predpokladan\u00fd \u010das \u010d\u00edtania":"3 min\u00faty"},"schema":{"@context":"https:\/\/schema.org","@graph":[{"@type":"Article","@id":"https:\/\/marekkuchcinski.pl\/en\/wydarzenia\/konwencja-wyborcza-prawa-sprawiedliwosci-przemyslu\/#article","isPartOf":{"@id":"https:\/\/marekkuchcinski.pl\/en\/wydarzenia\/konwencja-wyborcza-prawa-sprawiedliwosci-przemyslu\/"},"author":{"name":"admin","@id":"https:\/\/marekkuchcinski.pl\/#\/schema\/person\/6f62700996b4d950b6ea2d1183b6c6be"},"headline":"Konwencja wyborcza Prawa i Sprawiedliwo\u015bci w Przemy\u015blu","datePublished":"2018-09-19T10:55:07+00:00","dateModified":"2018-09-19T11:01:48+00:00","mainEntityOfPage":{"@id":"https:\/\/marekkuchcinski.pl\/en\/wydarzenia\/konwencja-wyborcza-prawa-sprawiedliwosci-przemyslu\/"},"wordCount":537,"commentCount":0,"publisher":{"@id":"https:\/\/marekkuchcinski.pl\/#organization"},"image":{"@id":"https:\/\/marekkuchcinski.pl\/en\/wydarzenia\/konwencja-wyborcza-prawa-sprawiedliwosci-przemyslu\/#primaryimage"},"thumbnailUrl":"https:\/\/marekkuchcinski.pl\/wp-content\/uploads\/2018\/09\/M-konwerncja-Przemy\u015bl.jpg","articleSection":["Podkarpacie","Prawo i Sprawiedliwo\u015b\u0107","Wydarzenia"],"inLanguage":"sk-SK","potentialAction":[{"@type":"CommentAction","name":"Comment","target":["https:\/\/marekkuchcinski.pl\/en\/wydarzenia\/konwencja-wyborcza-prawa-sprawiedliwosci-przemyslu\/#respond"]}]},{"@type":"WebPage","@id":"https:\/\/marekkuchcinski.pl\/en\/wydarzenia\/konwencja-wyborcza-prawa-sprawiedliwosci-przemyslu\/","url":"https:\/\/marekkuchcinski.pl\/en\/wydarzenia\/konwencja-wyborcza-prawa-sprawiedliwosci-przemyslu\/","name":"Konwencja wyborcza Prawa i Sprawiedliwo\u015bci w Przemy\u015blu &#8211; Marek Kuchci\u0144ski","isPartOf":{"@id":"https:\/\/marekkuchcinski.pl\/#website"},"primaryImageOfPage":{"@id":"https:\/\/marekkuchcinski.pl\/en\/wydarzenia\/konwencja-wyborcza-prawa-sprawiedliwosci-przemyslu\/#primaryimage"},"image":{"@id":"https:\/\/marekkuchcinski.pl\/en\/wydarzenia\/konwencja-wyborcza-prawa-sprawiedliwosci-przemyslu\/#primaryimage"},"thumbnailUrl":"https:\/\/marekkuchcinski.pl\/wp-content\/uploads\/2018\/09\/M-konwerncja-Przemy\u015bl.jpg","datePublished":"2018-09-19T10:55:07+00:00","dateModified":"2018-09-19T11:01:48+00:00","breadcrumb":{"@id":"https:\/\/marekkuchcinski.pl\/en\/wydarzenia\/konwencja-wyborcza-prawa-sprawiedliwosci-przemyslu\/#breadcrumb"},"inLanguage":"sk-SK","potentialAction":[{"@type":"ReadAction","target":["https:\/\/marekkuchcinski.pl\/en\/wydarzenia\/konwencja-wyborcza-prawa-sprawiedliwosci-przemyslu\/"]}]},{"@type":"ImageObject","inLanguage":"sk-SK","@id":"https:\/\/marekkuchcinski.pl\/en\/wydarzenia\/konwencja-wyborcza-prawa-sprawiedliwosci-przemyslu\/#primaryimage","url":"https:\/\/marekkuchcinski.pl\/wp-content\/uploads\/2018\/09\/M-konwerncja-Przemy\u015bl.jpg","contentUrl":"https:\/\/marekkuchcinski.pl\/wp-content\/uploads\/2018\/09\/M-konwerncja-Przemy\u015bl.jpg","width":2048,"height":1365,"caption":"Przemy\u009cl, 18.09.2018. Marsza\u00b3ek Sejmu Marek Kuchci\u00f1ski podczas Wojew\u00f3dzkiej Konwencji Wyborczej Prawa i Sprawiedliwo\u009cci w Muzeum Narodowym Ziemi Przemyskiej w Przemy\u009clu, 18 bm. (dd\/nlat) PAP\/Darek Delmanowicz"},{"@type":"BreadcrumbList","@id":"https:\/\/marekkuchcinski.pl\/en\/wydarzenia\/konwencja-wyborcza-prawa-sprawiedliwosci-przemyslu\/#breadcrumb","itemListElement":[{"@type":"ListItem","position":1,"name":"Strona g\u0142\u00f3wna","item":"https:\/\/marekkuchcinski.pl\/"},{"@type":"ListItem","position":2,"name":"Konwencja wyborcza Prawa i Sprawiedliwo\u015bci w Przemy\u015blu"}]},{"@type":"WebSite","@id":"https:\/\/marekkuchcinski.pl\/#website","url":"https:\/\/marekkuchcinski.pl\/","name":"Marek Kuchci\u0144ski","description":"Pose\u0142 na sejm RP &ndash; okr\u0119g nr 22","publisher":{"@id":"https:\/\/marekkuchcinski.pl\/#organization"},"potentialAction":[{"@type":"SearchAction","target":{"@type":"EntryPoint","urlTemplate":"https:\/\/marekkuchcinski.pl\/?s={search_term_string}"},"query-input":{"@type":"PropertyValueSpecification","valueRequired":true,"valueName":"search_term_string"}}],"inLanguage":"sk-SK"},{"@type":"Organization","@id":"https:\/\/marekkuchcinski.pl\/#organization","name":"Marek Kuchci\u0144ski","url":"https:\/\/marekkuchcinski.pl\/","logo":{"@type":"ImageObject","inLanguage":"sk-SK","@id":"https:\/\/marekkuchcinski.pl\/#\/schema\/logo\/image\/","url":"https:\/\/marekkuchcinski.pl\/wp-content\/uploads\/2022\/09\/Marek.jpg","contentUrl":"https:\/\/marekkuchcinski.pl\/wp-content\/uploads\/2022\/09\/Marek.jpg","width":1600,"height":971,"caption":"Marek Kuchci\u0144ski"},"image":{"@id":"https:\/\/marekkuchcinski.pl\/#\/schema\/logo\/image\/"}},{"@type":"Person","@id":"https:\/\/marekkuchcinski.pl\/#\/schema\/person\/6f62700996b4d950b6ea2d1183b6c6be","name":"admin","image":{"@type":"ImageObject","inLanguage":"sk-SK","@id":"https:\/\/marekkuchcinski.pl\/#\/schema\/person\/image\/","url":"https:\/\/secure.gravatar.com\/avatar\/4bab693b9d55c3d6b52c0296a8765085?s=96&d=mm&r=g","contentUrl":"https:\/\/secure.gravatar.com\/avatar\/4bab693b9d55c3d6b52c0296a8765085?s=96&d=mm&r=g","caption":"admin"},"url":"https:\/\/marekkuchcinski.pl\/sk\/author\/marta-olejnik\/"}]}},"_links":{"self":[{"href":"https:\/\/marekkuchcinski.pl\/sk\/wp-json\/wp\/v2\/posts\/10395","targetHints":{"allow":["GET"]}}],"collection":[{"href":"https:\/\/marekkuchcinski.pl\/sk\/wp-json\/wp\/v2\/posts"}],"about":[{"href":"https:\/\/marekkuchcinski.pl\/sk\/wp-json\/wp\/v2\/types\/post"}],"author":[{"embeddable":true,"href":"https:\/\/marekkuchcinski.pl\/sk\/wp-json\/wp\/v2\/users\/6"}],"replies":[{"embeddable":true,"href":"https:\/\/marekkuchcinski.pl\/sk\/wp-json\/wp\/v2\/comments?post=10395"}],"version-history":[{"count":6,"href":"https:\/\/marekkuchcinski.pl\/sk\/wp-json\/wp\/v2\/posts\/10395\/revisions"}],"predecessor-version":[{"id":10402,"href":"https:\/\/marekkuchcinski.pl\/sk\/wp-json\/wp\/v2\/posts\/10395\/revisions\/10402"}],"wp:featuredmedia":[{"embeddable":true,"href":"https:\/\/marekkuchcinski.pl\/sk\/wp-json\/wp\/v2\/media\/10397"}],"wp:attachment":[{"href":"https:\/\/marekkuchcinski.pl\/sk\/wp-json\/wp\/v2\/media?parent=10395"}],"wp:term":[{"taxonomy":"category","embeddable":true,"href":"https:\/\/marekkuchcinski.pl\/sk\/wp-json\/wp\/v2\/categories?post=10395"},{"taxonomy":"post_tag","embeddable":true,"href":"https:\/\/marekkuchcinski.pl\/sk\/wp-json\/wp\/v2\/tags?post=10395"}],"curies":[{"name":"wp","href":"https:\/\/api.w.org\/{rel}","templated":true}]}}