{"id":10387,"date":"2018-09-17T10:33:47","date_gmt":"2018-09-17T08:33:47","guid":{"rendered":"https:\/\/marekkuchcinski.pl\/?p=10387"},"modified":"2018-09-17T10:35:03","modified_gmt":"2018-09-17T08:35:03","slug":"marszalek-sejmu-wzial-udzial-odslonieciu-pomnika-poswieconego-niepodleglosci-rzeczypospolitej","status":"publish","type":"post","link":"https:\/\/marekkuchcinski.pl\/sk\/wydarzenia\/marszalek-sejmu-wzial-udzial-odslonieciu-pomnika-poswieconego-niepodleglosci-rzeczypospolitej\/","title":{"rendered":"Predseda Sejmu sa z\u00fa\u010dastnil na odhalen\u00ed pam\u00e4tn\u00edka venovan\u00e9ho nez\u00e1vislosti Po\u013eskej republiky"},"content":{"rendered":"<p><strong>Predseda Sejmu Marek Kuchci\u0144ski sa z\u00fa\u010dastnil na odhalen\u00ed pam\u00e4tn\u00edka pri pr\u00edle\u017eitosti 100. v\u00fdro\u010dia znovuz\u00edskania nez\u00e1vislosti Po\u013eska. Pam\u00e4tn\u00edk obsahuje urny s p\u00f4dou z boj\u00edsk vr\u00e1tane t\u00fdch z prvej svetovej vojny.<\/strong><\/p>\n<p>16. septembra si pripom\u00edname v\u00fdro\u010die mu\u010den\u00edckej smrti sv\u00e4t\u00e9ho Andreja Bobolu. K\u0148az sa narodil v Strachocine a od roku 2002 je patr\u00f3nom Po\u013eska. - Dnes sme pri\u0161li do Strachociny, do krajiny Sanok, na miesto spojen\u00e9 s mu\u010den\u00edkom a patr\u00f3nom na\u0161ej nez\u00e1vislosti, sv\u00e4t\u00fdm Andrejom Bobolom. Pri\u0161li sme osl\u00e1vi\u0165 100. v\u00fdro\u010die znovuzrodenia Po\u013eska - povedal predseda Sejmu. - Dnes sme na tomto mieste odhalili pam\u00e4tn\u00edk venovan\u00fd nez\u00e1vislosti republiky. Tento pam\u00e4tn\u00edk je opevnen\u00fd a posv\u00e4ten\u00fd popolom z mnoh\u00fdch pam\u00e4tn\u00fdch miest na\u0161ich rod\u00e1kov, pam\u00e4tn\u00fdch miest Po\u013eska a Poliakov,\" dodal.<\/p>\n<p>Na sl\u00e1vnosti sa z\u00fa\u010dastnili aj podpredsedn\u00ed\u010dka vl\u00e1dy Beata Szyd\u0142o, podpredseda Sejmu Ryszard Terlecki a minister spravodlivosti Zbigniew Ziobro.<\/p>\n<p><a href=\"https:\/\/marekkuchcinski.pl\/wp-content\/uploads\/2018\/09\/41781955_2173798306169720_796982450797412352_n.jpg\"><img fetchpriority=\"high\" decoding=\"async\" class=\"alignnone size-full wp-image-10388\" src=\"https:\/\/marekkuchcinski.pl\/wp-content\/uploads\/2018\/09\/41781955_2173798306169720_796982450797412352_n.jpg\" alt=\"41781955_2173798306169720_796982450797412352_n\" width=\"960\" height=\"759\" srcset=\"https:\/\/marekkuchcinski.pl\/wp-content\/uploads\/2018\/09\/41781955_2173798306169720_796982450797412352_n.jpg 960w, https:\/\/marekkuchcinski.pl\/wp-content\/uploads\/2018\/09\/41781955_2173798306169720_796982450797412352_n-300x237.jpg 300w, https:\/\/marekkuchcinski.pl\/wp-content\/uploads\/2018\/09\/41781955_2173798306169720_796982450797412352_n-768x607.jpg 768w\" sizes=\"(max-width: 960px) 100vw, 960px\" \/><\/a> <a href=\"https:\/\/marekkuchcinski.pl\/wp-content\/uploads\/2018\/09\/41791719_2173798766169674_3960380663512694784_n.jpg\"><img decoding=\"async\" class=\"alignnone size-full wp-image-10389\" src=\"https:\/\/marekkuchcinski.pl\/wp-content\/uploads\/2018\/09\/41791719_2173798766169674_3960380663512694784_n.jpg\" alt=\"41791719_2173798766169674_3960380663512694784_n\" width=\"960\" height=\"647\" srcset=\"https:\/\/marekkuchcinski.pl\/wp-content\/uploads\/2018\/09\/41791719_2173798766169674_3960380663512694784_n.jpg 960w, https:\/\/marekkuchcinski.pl\/wp-content\/uploads\/2018\/09\/41791719_2173798766169674_3960380663512694784_n-300x202.jpg 300w, https:\/\/marekkuchcinski.pl\/wp-content\/uploads\/2018\/09\/41791719_2173798766169674_3960380663512694784_n-768x518.jpg 768w\" sizes=\"(max-width: 960px) 100vw, 960px\" \/><\/a> <a href=\"https:\/\/marekkuchcinski.pl\/wp-content\/uploads\/2018\/09\/41843218_2173798539503030_543656397686964224_n.jpg\"><img decoding=\"async\" class=\"alignnone size-full wp-image-10390\" src=\"https:\/\/marekkuchcinski.pl\/wp-content\/uploads\/2018\/09\/41843218_2173798539503030_543656397686964224_n.jpg\" alt=\"41843218_2173798539503030_543656397686964224_n\" width=\"960\" height=\"541\" srcset=\"https:\/\/marekkuchcinski.pl\/wp-content\/uploads\/2018\/09\/41843218_2173798539503030_543656397686964224_n.jpg 960w, https:\/\/marekkuchcinski.pl\/wp-content\/uploads\/2018\/09\/41843218_2173798539503030_543656397686964224_n-300x169.jpg 300w, https:\/\/marekkuchcinski.pl\/wp-content\/uploads\/2018\/09\/41843218_2173798539503030_543656397686964224_n-768x433.jpg 768w\" sizes=\"(max-width: 960px) 100vw, 960px\" \/><\/a> <a href=\"https:\/\/marekkuchcinski.pl\/wp-content\/uploads\/2018\/09\/41900310_2173798269503057_6702633899513610240_n.jpg\"><img loading=\"lazy\" decoding=\"async\" class=\"alignnone size-full wp-image-10391\" src=\"https:\/\/marekkuchcinski.pl\/wp-content\/uploads\/2018\/09\/41900310_2173798269503057_6702633899513610240_n.jpg\" alt=\"41900310_2173798269503057_6702633899513610240_n\" width=\"960\" height=\"761\" srcset=\"https:\/\/marekkuchcinski.pl\/wp-content\/uploads\/2018\/09\/41900310_2173798269503057_6702633899513610240_n.jpg 960w, https:\/\/marekkuchcinski.pl\/wp-content\/uploads\/2018\/09\/41900310_2173798269503057_6702633899513610240_n-300x238.jpg 300w, https:\/\/marekkuchcinski.pl\/wp-content\/uploads\/2018\/09\/41900310_2173798269503057_6702633899513610240_n-768x609.jpg 768w\" sizes=\"(max-width: 960px) 100vw, 960px\" \/><\/a><\/p>","protected":false},"excerpt":{"rendered":"<p>Marsza\u0142ek Sejmu Marek Kuchci\u0144ski wzi\u0105\u0142 udzia\u0142 w ods\u0142oni\u0119ciu pomnika z okazji 100. rocznicy odzyskania przez Polsk\u0119 niepodleg\u0142o\u015bci. Monument zawiera urny z ziemi\u0105 z p\u00f3l bitewnych, m.in. z czas\u00f3w I wojny \u015bwiatowej. 16 wrze\u015bnia przypada rocznica m\u0119cze\u0144skiej \u015bmierci \u015bw. Andrzeja Boboli. Kap\u0142an urodzi\u0142 w Strachocinie, od 2002 r. jest patronem Polski. \u2013 Przybyli\u015bmy dzi\u015b do Strachociny, [&hellip;]<\/p>\n","protected":false},"author":6,"featured_media":10391,"comment_status":"open","ping_status":"open","sticky":false,"template":"","format":"standard","meta":{"ngg_post_thumbnail":0,"footnotes":""},"categories":[49,3],"tags":[],"class_list":["post-10387","post","type-post","status-publish","format-standard","has-post-thumbnail","hentry","category-podkarpacie","category-wydarzenia"],"_links":{"self":[{"href":"https:\/\/marekkuchcinski.pl\/sk\/wp-json\/wp\/v2\/posts\/10387","targetHints":{"allow":["GET"]}}],"collection":[{"href":"https:\/\/marekkuchcinski.pl\/sk\/wp-json\/wp\/v2\/posts"}],"about":[{"href":"https:\/\/marekkuchcinski.pl\/sk\/wp-json\/wp\/v2\/types\/post"}],"author":[{"embeddable":true,"href":"https:\/\/marekkuchcinski.pl\/sk\/wp-json\/wp\/v2\/users\/6"}],"replies":[{"embeddable":true,"href":"https:\/\/marekkuchcinski.pl\/sk\/wp-json\/wp\/v2\/comments?post=10387"}],"version-history":[{"count":3,"href":"https:\/\/marekkuchcinski.pl\/sk\/wp-json\/wp\/v2\/posts\/10387\/revisions"}],"predecessor-version":[{"id":10394,"href":"https:\/\/marekkuchcinski.pl\/sk\/wp-json\/wp\/v2\/posts\/10387\/revisions\/10394"}],"wp:featuredmedia":[{"embeddable":true,"href":"https:\/\/marekkuchcinski.pl\/sk\/wp-json\/wp\/v2\/media\/10391"}],"wp:attachment":[{"href":"https:\/\/marekkuchcinski.pl\/sk\/wp-json\/wp\/v2\/media?parent=10387"}],"wp:term":[{"taxonomy":"category","embeddable":true,"href":"https:\/\/marekkuchcinski.pl\/sk\/wp-json\/wp\/v2\/categories?post=10387"},{"taxonomy":"post_tag","embeddable":true,"href":"https:\/\/marekkuchcinski.pl\/sk\/wp-json\/wp\/v2\/tags?post=10387"}],"curies":[{"name":"wp","href":"https:\/\/api.w.org\/{rel}","templated":true}]}}