{"id":10384,"date":"2018-09-13T15:59:10","date_gmt":"2018-09-13T13:59:10","guid":{"rendered":"https:\/\/marekkuchcinski.pl\/?p=10384"},"modified":"2018-09-13T15:59:10","modified_gmt":"2018-09-13T13:59:10","slug":"strategia-karpacka-coraz-blizej","status":"publish","type":"post","link":"https:\/\/marekkuchcinski.pl\/sk\/wydarzenia\/strategia-karpacka-coraz-blizej\/","title":{"rendered":"Karpatsk\u00e1 strat\u00e9gia sa pribli\u017euje"},"content":{"rendered":"<p>Po\u010das hospod\u00e1rskeho f\u00f3ra v Krynici podp\u00edsali z\u00e1stupcovia vl\u00e1d Po\u013eska, Ukrajiny, Ma\u010farska a Slovenska Karpatsk\u00fa deklar\u00e1ciu - dohodu, na z\u00e1klade ktorej m\u00f4\u017ee Eur\u00f3pska rada za\u010da\u0165 pracova\u0165 na Karpatskej strat\u00e9gii.<\/p>\n<p>- Ak m\u00e1me v na\u0161ej rozvojovej politike dobre funguj\u00facu Alpsk\u00fa alebo Baltsk\u00fa strat\u00e9giu, strat\u00e9giu skup\u00edn \u0161t\u00e1tov s makroregion\u00e1lnymi z\u00e1ujmami, ktor\u00e9 sa navz\u00e1jom dop\u013a\u0148aj\u00fa a vytv\u00e1raj\u00fa \u010doraz v\u00e4\u010d\u0161ie hodnoty, pre\u010do by sme nemohli vytvori\u0165 Karpatsk\u00fa strat\u00e9giu - povedal Marek Kuchci\u0144ski, predseda Sejmu, po\u010das konferencie Europa Karpat.<\/p>\n<p>Pod\u013ea ministerstva invest\u00edci\u00ed a rozvoja by sa strat\u00e9gia E\u00da prejavila v skokovom rozvoji regi\u00f3nu. V bud\u00facnosti sa do pr\u00e1c na strat\u00e9gii m\u00f4\u017eu zapoji\u0165 aj \u010cesk\u00e1 republika, Rumunsko, Rak\u00fasko, Srbsko a Moldavsko. Bola by to piata strat\u00e9gia v E\u00da. V s\u00fa\u010dasnosti existuj\u00fa alpsk\u00e1, jadransko-i\u00f3nska, pobaltsk\u00e1 a dunajsk\u00e1 strat\u00e9gia.<\/p>\n<p>Karpatsk\u00fa makroregion\u00e1lnu iniciat\u00edvu podporuje aj Karpatsk\u00e1 parlamentn\u00e1 skupina, ktorej predsed\u00e1 predseda Sejmu. Jej \u010dlenovia zd\u00f4raz\u0148uj\u00fa mimoriadne d\u00f4le\u017eit\u00fa \u00falohu tohto regi\u00f3nu - nielen kv\u00f4li jeho pr\u00edrodn\u00e9mu a kult\u00farnemu bohatstvu, ale aj ako oblasti mnoh\u00fdch politick\u00fdch z\u00e1ujmov. Vy\u017eaduje si to invest\u00edcie do dopravy, infra\u0161trukt\u00fary a \u017eivotn\u00e9ho prostredia, ako aj podporu miestneho podnikania.<\/p>","protected":false},"excerpt":{"rendered":"<p>W czasie Forum Ekonomicznego w Krynicy przedstawiciele rz\u0105d\u00f3w Polski, Ukrainy, W\u0119gier i\u00a0S\u0142owacji podpisali Deklaracj\u0119 Karpack\u0105 \u2013 porozumienie, na mocy kt\u00f3rego Rada Europejska mo\u017ce rozpocz\u0105\u0107 prace nad nad Strategi\u0105 Karpack\u0105. \u2013 Skoro w polityce rozwoju mamy \u015bwietnie dzia\u0142aj\u0105c\u0105 Strategi\u0119 Alpejsk\u0105 czy Ba\u0142tyck\u0105, strategi\u0119 grup pa\u0144stw, maj\u0105cych makroregionalne interesy, kt\u00f3re si\u0119 wzajemnie uzupe\u0142niaj\u0105 i buduj\u0105 coraz wi\u0119ksz\u0105 [&hellip;]<\/p>\n","protected":false},"author":6,"featured_media":10385,"comment_status":"open","ping_status":"open","sticky":false,"template":"","format":"standard","meta":{"ngg_post_thumbnail":0,"footnotes":""},"categories":[78,49,3],"tags":[],"class_list":["post-10384","post","type-post","status-publish","format-standard","has-post-thumbnail","hentry","category-europa-karpat","category-podkarpacie","category-wydarzenia"],"_links":{"self":[{"href":"https:\/\/marekkuchcinski.pl\/sk\/wp-json\/wp\/v2\/posts\/10384","targetHints":{"allow":["GET"]}}],"collection":[{"href":"https:\/\/marekkuchcinski.pl\/sk\/wp-json\/wp\/v2\/posts"}],"about":[{"href":"https:\/\/marekkuchcinski.pl\/sk\/wp-json\/wp\/v2\/types\/post"}],"author":[{"embeddable":true,"href":"https:\/\/marekkuchcinski.pl\/sk\/wp-json\/wp\/v2\/users\/6"}],"replies":[{"embeddable":true,"href":"https:\/\/marekkuchcinski.pl\/sk\/wp-json\/wp\/v2\/comments?post=10384"}],"version-history":[{"count":1,"href":"https:\/\/marekkuchcinski.pl\/sk\/wp-json\/wp\/v2\/posts\/10384\/revisions"}],"predecessor-version":[{"id":10386,"href":"https:\/\/marekkuchcinski.pl\/sk\/wp-json\/wp\/v2\/posts\/10384\/revisions\/10386"}],"wp:featuredmedia":[{"embeddable":true,"href":"https:\/\/marekkuchcinski.pl\/sk\/wp-json\/wp\/v2\/media\/10385"}],"wp:attachment":[{"href":"https:\/\/marekkuchcinski.pl\/sk\/wp-json\/wp\/v2\/media?parent=10384"}],"wp:term":[{"taxonomy":"category","embeddable":true,"href":"https:\/\/marekkuchcinski.pl\/sk\/wp-json\/wp\/v2\/categories?post=10384"},{"taxonomy":"post_tag","embeddable":true,"href":"https:\/\/marekkuchcinski.pl\/sk\/wp-json\/wp\/v2\/tags?post=10384"}],"curies":[{"name":"wp","href":"https:\/\/api.w.org\/{rel}","templated":true}]}}