{"id":10348,"date":"2018-09-11T11:24:03","date_gmt":"2018-09-11T09:24:03","guid":{"rendered":"https:\/\/marekkuchcinski.pl\/?p=10348"},"modified":"2020-09-08T12:04:22","modified_gmt":"2020-09-08T10:04:22","slug":"zywe-pochodnie-marszalek-sejmu-otworzyl-wystawe-poswiecona-polsko-czechoslowackim-stosunkom","status":"publish","type":"post","link":"https:\/\/marekkuchcinski.pl\/sk\/wydarzenia\/zywe-pochodnie-marszalek-sejmu-otworzyl-wystawe-poswiecona-polsko-czechoslowackim-stosunkom\/","title":{"rendered":"\"\u017div\u00e9 pochodne\" - predseda Sejmu otvoril v\u00fdstavu o po\u013esko-\u010deskoslovensk\u00fdch vz\u0165ahoch"},"content":{"rendered":"<p><strong>Na protest proti inv\u00e1zii vojsk Var\u0161avskej zmluvy do \u010ceskoslovenska v roku 1968 boli zap\u00e1len\u00e9 \"\u017eiv\u00e9 pochodne\" nielen na Vltave, kde sa dramaticky up\u00e1lili Jan Palach a Jan Zaj\u00edc. Aj in\u00ed obetovali svoje \u017eivoty, napr\u00edklad Ryszard Siwiec, osamel\u00fd obranca po\u013eskej cti, ktor\u00fd sa stal symbolom po\u013esko-\u010deskoslovenskej solidarity. A dvaja Ma\u010fari, S\u00e1ndor Bauer z Budape\u0161ti a jeho krajan M\u00e1rton Moyses, ktor\u00fd \u017eil v Rumunsku, vydl\u00e1\u017edili cestu ma\u010farsko-\u010desko-slovenskej solidarite.<\/strong><\/p>\n<p>- Puto medzi Poliakmi, \u010cechmi a Ma\u010farmi bolo spe\u010daten\u00e9 krvavou, \u010di sk\u00f4r spa\u013eovanou obe\u0165ou - t\u00fdm najv\u00e4\u010d\u0161\u00edm, \u010do m\u00f4\u017ee \u010dlovek urobi\u0165 na obranu slobody,\" povedal Marek Kuchci\u0144ski, predseda Sejmu, po\u010das otvorenia pra\u017eskej v\u00fdstavy \"Spolu: Polstoro\u010die po\u013esko-\u010desk\u00fdch vz\u0165ahov 1968-2018\".  Pra\u017esk\u00e1 jar od\u0161tartovala nov\u00fa \u00e9ru po\u013esko-\u010desk\u00fdch vz\u0165ahov. Predseda zd\u00f4raznil, \u017ee za posledn\u00fdch 50 rokov do\u0161lo k nieko\u013ek\u00fdm tak\u00fdmto v\u00fdznamn\u00fdm udalostiam, napr. robotn\u00edcke povstania v roku 1970 alebo 1976 v Radome, v roku 1978 sa prv\u00fdkr\u00e1t stretli po\u013esk\u00ed a \u010deskoslovensk\u00ed opozi\u010dn\u00edci a v decembri 1981 t\u00ed ist\u00ed gener\u00e1li, ktor\u00ed st\u00e1li za inv\u00e1ziou do \u010ceskoslovenska, vydali rozkaz na zavedenie stann\u00e9ho pr\u00e1va v Po\u013esku.<\/p>\n<p>Predseda Sejmu sa po\u010das svojej n\u00e1v\u0161tevy Prahy z\u00fa\u010dastnil na stretnut\u00ed: \"\u017div\u00e9 pochodne: Siwiec, Palach, Bauer\". - Ani po p\u00e4\u0165desiatich rokoch nie je mo\u017en\u00e9 hovori\u0165 o tom, \u010do sa stalo vo Var\u0161ave, Prahe a Budape\u0161ti, bez pocitu, \u017ee sa stalo nie\u010do nepredstavite\u013en\u00e9, neuverite\u013ene dramatick\u00e9, ale z\u00e1rove\u0148 sa to dialo vedome - ako protest proti zotro\u010deniu vlastnej krajiny a n\u00e1roda, proti inv\u00e1zii do \u010ceskoslovenska. Tu treba zd\u00f4razni\u0165, \u017ee tieto v\u00fdnimo\u010dn\u00e9 osobnosti neo\u010dak\u00e1vali napodob\u0148ovanie, dokonca pred n\u00edm varovali, hoci najm\u00e4 v \u010ceskoslovensku mnoh\u00ed chceli \u00eds\u0165 touto cestou,\" povedal Marek Kuchci\u0144ski. - Tieto tri osobnosti - vojak AK, filozof a nesk\u00f4r \u0161t\u00e1tny \u00faradn\u00edk Ryszard Siwiec vo Var\u0161ave, \u0161tudent Jan Palach v Prahe a \u0161tudent Sandor Bauer v Budape\u0161ti - \u013eudia ve\u013ek\u00e9ho ducha, \u010destnosti a ide\u00ed a pevn\u00fdch v\u00e4zieb so svojimi n\u00e1rodmi prekro\u010dili hranice obetavosti a hrdinstva, zvolili si smr\u0165 v stra\u0161n\u00fdch muk\u00e1ch, preto\u017ee verili, \u017ee v boji za slobodu nie je \u017eiadna obe\u0165 pr\u00edli\u0161 ve\u013ek\u00e1,\" tvrdil. - Ak sa c\u00edtime slobodn\u00ed, mali by sme v\u017edy pam\u00e4ta\u0165 na to, komu v\u010fa\u010d\u00edme za svoju slobodu, komu v\u010fa\u010d\u00edme za suverenitu na\u0161ich kraj\u00edn. \u010eakujeme, \u017ee ste si pripomenuli na\u0161ich hrdinov v Prahe. Uctievame si ich pamiatku. Nech je ich pamiatka a sl\u00e1va ve\u010dn\u00e1,\" povedal Marek Kuchci\u0144ski.<\/p>\n<p>Na stretnut\u00ed sa z\u00fa\u010dastnili aj podpredsedovia \u010desk\u00e9ho parlamentu Petr Fiala a ma\u010farsk\u00e9ho parlamentu J\u00e1nos Latorcai a profesor Jan Draus. Spolo\u010dne hovorili o zodpovednosti na\u0161ich kraj\u00edn, o obnoven\u00ed vz\u0165ahov medzi Po\u013eskom, \u010ceskou republikou a Ma\u010farskom a o ve\u013ekej obete\u00a0<span class=\"gmail_default\">predlo\u017een\u00e9 s cie\u013eom pokarha\u0165<\/span>\u00a0za nadn\u00e1rodn\u00fd boj za \u013eudsk\u00fa slobodu a d\u00f4stojnos\u0165.<\/p>\n<p><em>text\/pot. mo<\/em><\/p>\n<p><a href=\"https:\/\/marekkuchcinski.pl\/wp-content\/uploads\/2018\/09\/DSCF1062.jpg\"><img fetchpriority=\"high\" decoding=\"async\" class=\"alignnone size-full wp-image-10356\" src=\"https:\/\/marekkuchcinski.pl\/wp-content\/uploads\/2018\/09\/DSCF1062.jpg\" alt=\"DSCF1062\" width=\"4057\" height=\"2834\" srcset=\"https:\/\/marekkuchcinski.pl\/wp-content\/uploads\/2018\/09\/DSCF1062.jpg 2048w, https:\/\/marekkuchcinski.pl\/wp-content\/uploads\/2018\/09\/DSCF1062-300x210.jpg 300w, https:\/\/marekkuchcinski.pl\/wp-content\/uploads\/2018\/09\/DSCF1062-768x536.jpg 768w, https:\/\/marekkuchcinski.pl\/wp-content\/uploads\/2018\/09\/DSCF1062-1024x715.jpg 1024w\" sizes=\"(max-width: 4057px) 100vw, 4057px\" \/><\/a><a href=\"https:\/\/marekkuchcinski.pl\/wp-content\/uploads\/2018\/09\/DSCF1053.jpg\"><img decoding=\"async\" class=\"alignnone size-full wp-image-10378\" src=\"https:\/\/marekkuchcinski.pl\/wp-content\/uploads\/2018\/09\/DSCF1053.jpg\" alt=\"DSCF1053\" width=\"4134\" height=\"2673\" srcset=\"https:\/\/marekkuchcinski.pl\/wp-content\/uploads\/2018\/09\/DSCF1053.jpg 2048w, https:\/\/marekkuchcinski.pl\/wp-content\/uploads\/2018\/09\/DSCF1053-300x194.jpg 300w, https:\/\/marekkuchcinski.pl\/wp-content\/uploads\/2018\/09\/DSCF1053-768x497.jpg 768w, https:\/\/marekkuchcinski.pl\/wp-content\/uploads\/2018\/09\/DSCF1053-1024x662.jpg 1024w\" sizes=\"(max-width: 4134px) 100vw, 4134px\" \/><\/a><a href=\"https:\/\/marekkuchcinski.pl\/wp-content\/uploads\/2018\/09\/Praga-1.jpg\"><img decoding=\"async\" class=\"alignnone size-full wp-image-10374\" src=\"https:\/\/marekkuchcinski.pl\/wp-content\/uploads\/2018\/09\/Praga-1.jpg\" alt=\"Praga 1\" width=\"4522\" height=\"3019\" srcset=\"https:\/\/marekkuchcinski.pl\/wp-content\/uploads\/2018\/09\/Praga-1.jpg 2048w, https:\/\/marekkuchcinski.pl\/wp-content\/uploads\/2018\/09\/Praga-1-300x200.jpg 300w, https:\/\/marekkuchcinski.pl\/wp-content\/uploads\/2018\/09\/Praga-1-768x513.jpg 768w, https:\/\/marekkuchcinski.pl\/wp-content\/uploads\/2018\/09\/Praga-1-1024x684.jpg 1024w\" sizes=\"(max-width: 4522px) 100vw, 4522px\" \/><\/a><a href=\"https:\/\/marekkuchcinski.pl\/wp-content\/uploads\/2018\/09\/KKB_0737.jpg\"><img loading=\"lazy\" decoding=\"async\" class=\"alignnone size-full wp-image-10359\" src=\"https:\/\/marekkuchcinski.pl\/wp-content\/uploads\/2018\/09\/KKB_0737.jpg\" alt=\"KKB_0737\" width=\"2880\" height=\"1920\" srcset=\"https:\/\/marekkuchcinski.pl\/wp-content\/uploads\/2018\/09\/KKB_0737.jpg 2048w, https:\/\/marekkuchcinski.pl\/wp-content\/uploads\/2018\/09\/KKB_0737-300x200.jpg 300w, https:\/\/marekkuchcinski.pl\/wp-content\/uploads\/2018\/09\/KKB_0737-768x512.jpg 768w, https:\/\/marekkuchcinski.pl\/wp-content\/uploads\/2018\/09\/KKB_0737-1024x683.jpg 1024w\" sizes=\"(max-width: 2880px) 100vw, 2880px\" \/><\/a> <a href=\"https:\/\/marekkuchcinski.pl\/wp-content\/uploads\/2018\/09\/DSCF1084.jpg\"><img loading=\"lazy\" decoding=\"async\" class=\"alignnone size-full wp-image-10357\" src=\"https:\/\/marekkuchcinski.pl\/wp-content\/uploads\/2018\/09\/DSCF1084.jpg\" alt=\"DSCF1084\" width=\"4163\" height=\"2949\" srcset=\"https:\/\/marekkuchcinski.pl\/wp-content\/uploads\/2018\/09\/DSCF1084.jpg 2048w, https:\/\/marekkuchcinski.pl\/wp-content\/uploads\/2018\/09\/DSCF1084-300x213.jpg 300w, https:\/\/marekkuchcinski.pl\/wp-content\/uploads\/2018\/09\/DSCF1084-768x544.jpg 768w, https:\/\/marekkuchcinski.pl\/wp-content\/uploads\/2018\/09\/DSCF1084-1024x725.jpg 1024w\" sizes=\"(max-width: 4163px) 100vw, 4163px\" \/><\/a><a href=\"https:\/\/marekkuchcinski.pl\/wp-content\/uploads\/2018\/09\/KKB_0906.jpg\"><img loading=\"lazy\" decoding=\"async\" class=\"alignnone size-full wp-image-10360\" src=\"https:\/\/marekkuchcinski.pl\/wp-content\/uploads\/2018\/09\/KKB_0906.jpg\" alt=\"KKB_0906\" width=\"2110\" height=\"1496\" srcset=\"https:\/\/marekkuchcinski.pl\/wp-content\/uploads\/2018\/09\/KKB_0906.jpg 2048w, https:\/\/marekkuchcinski.pl\/wp-content\/uploads\/2018\/09\/KKB_0906-300x213.jpg 300w, https:\/\/marekkuchcinski.pl\/wp-content\/uploads\/2018\/09\/KKB_0906-768x545.jpg 768w, https:\/\/marekkuchcinski.pl\/wp-content\/uploads\/2018\/09\/KKB_0906-1024x726.jpg 1024w\" sizes=\"(max-width: 2110px) 100vw, 2110px\" \/><\/a> <a href=\"https:\/\/marekkuchcinski.pl\/wp-content\/uploads\/2018\/09\/KKB_1146.jpg\"><img loading=\"lazy\" decoding=\"async\" class=\"alignnone size-full wp-image-10361\" src=\"https:\/\/marekkuchcinski.pl\/wp-content\/uploads\/2018\/09\/KKB_1146.jpg\" alt=\"KKB_1146\" width=\"2306\" height=\"1410\" srcset=\"https:\/\/marekkuchcinski.pl\/wp-content\/uploads\/2018\/09\/KKB_1146.jpg 2048w, https:\/\/marekkuchcinski.pl\/wp-content\/uploads\/2018\/09\/KKB_1146-300x183.jpg 300w, https:\/\/marekkuchcinski.pl\/wp-content\/uploads\/2018\/09\/KKB_1146-768x470.jpg 768w, https:\/\/marekkuchcinski.pl\/wp-content\/uploads\/2018\/09\/KKB_1146-1024x626.jpg 1024w\" sizes=\"(max-width: 2306px) 100vw, 2306px\" \/><\/a><a href=\"https:\/\/marekkuchcinski.pl\/wp-content\/uploads\/2018\/09\/DSCF1085-1.jpg\"><img loading=\"lazy\" decoding=\"async\" class=\"alignnone size-full wp-image-10362\" src=\"https:\/\/marekkuchcinski.pl\/wp-content\/uploads\/2018\/09\/DSCF1085-1.jpg\" alt=\"DSCF1085\" width=\"3367\" height=\"2246\" srcset=\"https:\/\/marekkuchcinski.pl\/wp-content\/uploads\/2018\/09\/DSCF1085-1.jpg 2048w, https:\/\/marekkuchcinski.pl\/wp-content\/uploads\/2018\/09\/DSCF1085-1-300x200.jpg 300w, https:\/\/marekkuchcinski.pl\/wp-content\/uploads\/2018\/09\/DSCF1085-1-768x512.jpg 768w, https:\/\/marekkuchcinski.pl\/wp-content\/uploads\/2018\/09\/DSCF1085-1-1024x683.jpg 1024w\" sizes=\"(max-width: 3367px) 100vw, 3367px\" \/><\/a> <a href=\"https:\/\/marekkuchcinski.pl\/wp-content\/uploads\/2018\/09\/KKB_1328.jpg\"><img loading=\"lazy\" decoding=\"async\" class=\"alignnone size-full wp-image-10363\" src=\"https:\/\/marekkuchcinski.pl\/wp-content\/uploads\/2018\/09\/KKB_1328.jpg\" alt=\"KKB_1328\" width=\"1910\" height=\"1068\" srcset=\"https:\/\/marekkuchcinski.pl\/wp-content\/uploads\/2018\/09\/KKB_1328.jpg 1910w, https:\/\/marekkuchcinski.pl\/wp-content\/uploads\/2018\/09\/KKB_1328-300x168.jpg 300w, https:\/\/marekkuchcinski.pl\/wp-content\/uploads\/2018\/09\/KKB_1328-768x429.jpg 768w, https:\/\/marekkuchcinski.pl\/wp-content\/uploads\/2018\/09\/KKB_1328-1024x573.jpg 1024w\" sizes=\"(max-width: 1910px) 100vw, 1910px\" \/><\/a><a href=\"https:\/\/marekkuchcinski.pl\/wp-content\/uploads\/2018\/09\/KKB_1693.jpg\"><img loading=\"lazy\" decoding=\"async\" class=\"alignnone size-full wp-image-10380\" src=\"https:\/\/marekkuchcinski.pl\/wp-content\/uploads\/2018\/09\/KKB_1693.jpg\" alt=\"KKB_1693\" width=\"3410\" height=\"2341\" srcset=\"https:\/\/marekkuchcinski.pl\/wp-content\/uploads\/2018\/09\/KKB_1693.jpg 2048w, https:\/\/marekkuchcinski.pl\/wp-content\/uploads\/2018\/09\/KKB_1693-300x206.jpg 300w, https:\/\/marekkuchcinski.pl\/wp-content\/uploads\/2018\/09\/KKB_1693-768x527.jpg 768w, https:\/\/marekkuchcinski.pl\/wp-content\/uploads\/2018\/09\/KKB_1693-1024x703.jpg 1024w\" sizes=\"(max-width: 3410px) 100vw, 3410px\" \/><\/a>Premietanie filmu venovan\u00e9ho Ryszardovi Siwiecovi<\/p>","protected":false},"excerpt":{"rendered":"<p>W prote\u015bcie przeciwko agresji wojsk Uk\u0142adu Warszawskiego na Czechos\u0142owacj\u0119 w 1968 roku \u201e\u017cywe pochodnie\u201d zap\u0142on\u0119\u0142y nie tylko nad We\u0142taw\u0105, gdzie dramatycznego aktu samospalenia dokonali Jan Palach i Jan Zaj\u00edc. Ofiar\u0119 z w\u0142asnego \u017cycia z\u0142o\u017cyli tak\u017ce inni, jak Ryszard Siwiec, samotny obro\u0144ca honoru Polak\u00f3w, kt\u00f3ry sta\u0142 si\u0119\u00a0symbolem polsko-czechos\u0142owackiej solidarno\u015bci. Natomiast dwaj W\u0119grzy: S\u00e1ndor Bauer z Budapesztu [&hellip;]<\/p>\n","protected":false},"author":6,"featured_media":10373,"comment_status":"open","ping_status":"open","sticky":false,"template":"","format":"standard","meta":{"ngg_post_thumbnail":0,"footnotes":""},"categories":[77,50,3],"tags":[],"class_list":["post-10348","post","type-post","status-publish","format-standard","has-post-thumbnail","hentry","category-wazne-daty","category-wspolpraca-miedzynarodowa","category-wydarzenia"],"_links":{"self":[{"href":"https:\/\/marekkuchcinski.pl\/sk\/wp-json\/wp\/v2\/posts\/10348","targetHints":{"allow":["GET"]}}],"collection":[{"href":"https:\/\/marekkuchcinski.pl\/sk\/wp-json\/wp\/v2\/posts"}],"about":[{"href":"https:\/\/marekkuchcinski.pl\/sk\/wp-json\/wp\/v2\/types\/post"}],"author":[{"embeddable":true,"href":"https:\/\/marekkuchcinski.pl\/sk\/wp-json\/wp\/v2\/users\/6"}],"replies":[{"embeddable":true,"href":"https:\/\/marekkuchcinski.pl\/sk\/wp-json\/wp\/v2\/comments?post=10348"}],"version-history":[{"count":16,"href":"https:\/\/marekkuchcinski.pl\/sk\/wp-json\/wp\/v2\/posts\/10348\/revisions"}],"predecessor-version":[{"id":19702,"href":"https:\/\/marekkuchcinski.pl\/sk\/wp-json\/wp\/v2\/posts\/10348\/revisions\/19702"}],"wp:featuredmedia":[{"embeddable":true,"href":"https:\/\/marekkuchcinski.pl\/sk\/wp-json\/wp\/v2\/media\/10373"}],"wp:attachment":[{"href":"https:\/\/marekkuchcinski.pl\/sk\/wp-json\/wp\/v2\/media?parent=10348"}],"wp:term":[{"taxonomy":"category","embeddable":true,"href":"https:\/\/marekkuchcinski.pl\/sk\/wp-json\/wp\/v2\/categories?post=10348"},{"taxonomy":"post_tag","embeddable":true,"href":"https:\/\/marekkuchcinski.pl\/sk\/wp-json\/wp\/v2\/tags?post=10348"}],"curies":[{"name":"wp","href":"https:\/\/api.w.org\/{rel}","templated":true}]}}