{"id":103,"date":"2011-10-02T09:56:46","date_gmt":"2011-10-02T07:56:46","guid":{"rendered":"https:\/\/marekkuchcinski.pl\/?p=103"},"modified":"2016-08-25T17:06:17","modified_gmt":"2016-08-25T15:06:17","slug":"j-kaczynski-w-lopuszce-malej","status":"publish","type":"post","link":"https:\/\/marekkuchcinski.pl\/sk\/wydarzenia\/j-kaczynski-w-lopuszce-malej\/","title":{"rendered":"Jaros\u0142aw Kaczy\u0144ski v obci \u0141opuszka Ma\u0142a v okrese Przeworsk"},"content":{"rendered":"<p style=\"text-align: justify\"><strong>N\u00e1v\u0161teva Jaros\u0142awa Kaczy\u0144sk\u00e9ho v meste \u0141opuszka Ma\u0142a&nbsp;<\/strong>O tejto malej dedinke ne\u010faleko Ka\u0144czugy informovali v\u0161etky hlavn\u00e9 telev\u00edzne kan\u00e1ly. B\u00fdval\u00e9ho premi\u00e9ra priv\u00edtal v n\u00e1dherne zrekon\u0161truovanom b\u00fdvalom ka\u0161tieli poslanec Jan Bury, ktor\u00fd tu zalo\u017eil sirotinec. Mimochodom, ide o jednu z mnoh\u00fdch charitat\u00edvnych iniciat\u00edv tohto vynikaj\u00faceho komunitn\u00e9ho aktivistu, ktor\u00fd op\u00e4\u0165 kandiduje za poslanca z ve\u013emi silnej podkarpatskej kandid\u00e1tky Pr\u00e1vo a spravodlivos\u0165.<\/p>\n<p style=\"text-align: justify\">&nbsp;<\/p>\n<p style=\"text-align: justify\">Nad\u00e1cia J\u00e1na Pavla II. \"Wzrastanie\", ktor\u00fa zalo\u017eil, sa star\u00e1 o viac ako dvetis\u00edc \u013eud\u00ed v okolit\u00fdch obciach a okresoch - okrem in\u00e9ho prostredn\u00edctvom: dva detsk\u00e9 domovy, 81 bezplatn\u00fdch matersk\u00fdch \u0161k\u00f4l (pre 1 200 det\u00ed), nieko\u013eko denn\u00fdch centier a klubov pre ml\u00e1de\u017e, dielne pracovnej terapie pre zdravotne postihnut\u00fdch, \u00fatulok pre mu\u017eov bez domova, hospic a (\u010doskoro otvoren\u00fd) \u00fatulok pre \u017eeny bez domova.<\/p>\n<p style=\"text-align: justify\">&nbsp;<\/p>\n<p style=\"text-align: justify\"><strong>Spolu s b\u00fdval\u00fdm premi\u00e9rom a l\u00eddrom strany Pr\u00e1vo a spravodlivos\u0165, podpredsedom Sejmu Marekom Kuchci\u0144sk\u00fdm a (prv\u00fdkr\u00e1t kandiduj\u00facim do Sejmu) profesorkou J\u00f3zefinou Hrynkiewiczovou z In\u0161tit\u00fatu aplikovan\u00fdch vied Var\u0161avskej univerzity pri\u0161li do \u0141opuszky Ma\u0142a. <\/strong><\/p>\n<p style=\"text-align: justify\">Na schodoch pal\u00e1ca sa konala kr\u00e1tka tla\u010dov\u00e1 konferencia, na ktorej l\u00edder strany Pr\u00e1vo a spravodlivos\u0165 zd\u00f4raznil, \u017ee <strong>Medzi my\u0161lienkou solid\u00e1rneho Po\u013eska a modern\u00e9ho Po\u013eska nie je \u017eiadny rozpor.<\/strong><\/p>\n<p style=\"text-align: justify\">{nav\u0161t\u00edvi\u0165JKinLopuszka{\/gallery}<\/p>\n<p> <!--more--> <\/p>\n<p>\"Nach\u00e1dzame sa na mieste, kde sa realizuje my\u0161lienka modern\u00e9ho a solid\u00e1rneho Po\u013eska. Dalo by sa poveda\u0165, \u017ee je to miesto mojich snov. Takto by som chcel vidie\u0165 Po\u013esko pri rie\u0161en\u00ed \u0165a\u017ek\u00fdch a bolestiv\u00fdch soci\u00e1lnych probl\u00e9mov. V\u0161etko je mo\u017en\u00e9, ak oslov\u00edte tento typ \u013eud\u00ed - a nie \u013eud\u00ed, ktor\u00ed myslia len na svoj prospech a svoj zisk, ktor\u00ed odmietaj\u00fa v\u0161etko, \u010do je spolo\u010dn\u00e9,\" povedal b\u00fdval\u00fd premi\u00e9r a z\u00e1rove\u0148 sa podelil o svoj dojem, \u017ee pr\u00e1ve na t\u00fdchto egoistick\u00fdch \u013eu\u010foch je \u010dasto zalo\u017een\u00e1 \"t\u00e1to spolo\u010densk\u00e1 kon\u0161trukcia, ktor\u00e1 sa v Po\u013esku vytvorila za posledn\u00fdch 20 rokov.<\/p>\n<p style=\"text-align: justify\">&nbsp;<\/p>\n<p style=\"text-align: justify\">V odpovedi na ot\u00e1zku o mo\u017enosti vl\u00e1dnej koal\u00edcie s Po\u013eskou \u013eudovou stranou Jaroslaw Kaczy\u0144ski uviedol, \u017ee je pred\u010dasn\u00e9 o tom hovori\u0165, preto\u017ee \"Pr\u00e1vo a spravodlivos\u0165\" chce najprv vyhra\u0165 tieto vo\u013eby.<\/p>\n<p style=\"text-align: justify\">&nbsp;<\/p>\n<p style=\"text-align: justify\">Na ot\u00e1zku, \u010di bude pokra\u010dova\u0165 a rozv\u00edja\u0165 \u00fa\u013eavy pre rodiny, ktor\u00e9 iniciovala jeho vl\u00e1da pred \u0161tyrmi rokmi, b\u00fdval\u00fd premi\u00e9r odpovedal: \"Prorodinn\u00e1 politika je jedn\u00fdm z na\u0161ich hlavn\u00fdch cie\u013eov. Preto\u017ee dnes m\u00e1me v Po\u013esku \u00fabytok obyvate\u013estva a ka\u017ed\u00e1 zodpovedn\u00e1 vl\u00e1da by sa mala zamera\u0165 na rodinu, aby sa posilnila a aby sa rodili deti. A to nie slovami, ale skutkami - a to znamen\u00e1 peniazmi. Vieme v\u0161ak, \u017ee v s\u00fa\u010dasnosti za\u017e\u00edvame kr\u00edzu verejn\u00fdch financi\u00ed a existuje ur\u010dit\u00e1 postupnos\u0165 krokov. Najprv sa mus\u00edme dosta\u0165 z tejto kr\u00edzy a dosta\u0165 situ\u00e1ciu pod kontrolu, a a\u017e potom prija\u0165 \u010fal\u0161ie opatrenia, ktor\u00e9 obohatia po\u013esk\u00e9 rodiny.<\/p>\n<p style=\"text-align: justify\">&nbsp;<\/p>\n<p style=\"text-align: justify\">D\u00fafame, \u017ee sa n\u00e1m podar\u00ed kr\u00edzu zvl\u00e1dnu\u0165 do jedn\u00e9ho roka a potom budeme m\u00f4c\u0165 tieto opatrenia \u010falej rozv\u00edja\u0165. Jedno v\u00e1m m\u00f4\u017eem s\u013e\u00fabi\u0165: od t\u00fdchto prorodinn\u00fdch opatren\u00ed neust\u00fapime. Ur\u010dite neurob\u00edme krok sp\u00e4\u0165 a ak to bude mo\u017en\u00e9, podnikneme \u010fal\u0161ie kroky spr\u00e1vnym smerom.\"<\/p>","protected":false},"excerpt":{"rendered":"<p>Wizyta Jaros\u0142awa Kaczy\u0144skiego w \u0141opuszce Ma\u0142ej&nbsp;sprawi\u0142a, \u017ce ta niewielka wie\u015b, le\u017c\u0105ca ko\u0142o Ka\u0144czugi, pojawi\u0142a si\u0119 w relacjach wszystkich licz\u0105cych si\u0119 kana\u0142\u00f3w telewizyjnych. By\u0142ego premiera wita\u0142 &#8211; w pi\u0119knie odnowionej, dawnej rezydencji ziemia\u0144skiej &#8211; pose\u0142 Jan Bury, kt\u00f3ry za\u0142o\u017cy\u0142 tutaj Dom Dziecka. Jest to zreszt\u0105 jedna z bardzo licznych inicjatyw charytatywnych tego wybitnego spo\u0142ecznika, kt\u00f3ry ponownie [&hellip;]<\/p>\n","protected":false},"author":6,"featured_media":0,"comment_status":"open","ping_status":"open","sticky":false,"template":"","format":"standard","meta":{"ngg_post_thumbnail":0,"footnotes":""},"categories":[3],"tags":[],"class_list":["post-103","post","type-post","status-publish","format-standard","hentry","category-wydarzenia"],"_links":{"self":[{"href":"https:\/\/marekkuchcinski.pl\/sk\/wp-json\/wp\/v2\/posts\/103","targetHints":{"allow":["GET"]}}],"collection":[{"href":"https:\/\/marekkuchcinski.pl\/sk\/wp-json\/wp\/v2\/posts"}],"about":[{"href":"https:\/\/marekkuchcinski.pl\/sk\/wp-json\/wp\/v2\/types\/post"}],"author":[{"embeddable":true,"href":"https:\/\/marekkuchcinski.pl\/sk\/wp-json\/wp\/v2\/users\/6"}],"replies":[{"embeddable":true,"href":"https:\/\/marekkuchcinski.pl\/sk\/wp-json\/wp\/v2\/comments?post=103"}],"version-history":[{"count":1,"href":"https:\/\/marekkuchcinski.pl\/sk\/wp-json\/wp\/v2\/posts\/103\/revisions"}],"predecessor-version":[{"id":1414,"href":"https:\/\/marekkuchcinski.pl\/sk\/wp-json\/wp\/v2\/posts\/103\/revisions\/1414"}],"wp:attachment":[{"href":"https:\/\/marekkuchcinski.pl\/sk\/wp-json\/wp\/v2\/media?parent=103"}],"wp:term":[{"taxonomy":"category","embeddable":true,"href":"https:\/\/marekkuchcinski.pl\/sk\/wp-json\/wp\/v2\/categories?post=103"},{"taxonomy":"post_tag","embeddable":true,"href":"https:\/\/marekkuchcinski.pl\/sk\/wp-json\/wp\/v2\/tags?post=103"}],"curies":[{"name":"wp","href":"https:\/\/api.w.org\/{rel}","templated":true}]}}