{"id":10236,"date":"2018-09-03T17:10:22","date_gmt":"2018-09-03T15:10:22","guid":{"rendered":"https:\/\/marekkuchcinski.pl\/?p=10236"},"modified":"2018-09-03T23:12:48","modified_gmt":"2018-09-03T21:12:48","slug":"europa-karpat-forum-ekonomiczne-krynicy-program","status":"publish","type":"post","link":"https:\/\/marekkuchcinski.pl\/sk\/wydarzenia\/europa-karpat-forum-ekonomiczne-krynicy-program\/","title":{"rendered":"Karpatsk\u00e1 Eur\u00f3pa. Ekonomick\u00e9 f\u00f3rum v Krynici - program"},"content":{"rendered":"<p dir=\"ltr\">V d\u0148och 5. a 6. septembra sa uskuto\u010dn\u00ed \u010fal\u0161\u00ed ro\u010dn\u00edk konferencie Eur\u00f3pa Karp\u00e1t. V Krynici-Zdroji sa stretn\u00fa poslanci, ministri, odborn\u00edci a predstavitelia samospr\u00e1vy, aby diskutovali o migra\u010dnej politike, strat\u00e9gii rozvoja Karp\u00e1t a bezpe\u010dnosti regi\u00f3nu, infra\u0161trukt\u00fare v strednej Eur\u00f3pe a bud\u00facnosti Eur\u00f3pskej \u00fanie. Hostite\u013eom a organiz\u00e1torom podujatia je mar\u0161\u00e1lek Sejmu Marek Kuchci\u0144ski, ktor\u00fd svoj\u00edm prejavom otvor\u00ed f\u00f3rum.<\/p>\n<p dir=\"ltr\"><strong>5. septembra.\u00a0<\/strong><strong>10:45-11:45 Susedia Eur\u00f3py alebo susedia v Eur\u00f3pe?<\/strong><\/p>\n<p dir=\"ltr\">V tejto \u010dasti sa diskusia zameria na ot\u00e1zky migra\u010dnej politiky, sk\u00fasenosti a ju\u017en\u00fd a v\u00fdchodn\u00fd rozmer eur\u00f3pskej susedskej politiky. Moder\u00e1torom bude podpredseda Sejmu Ryszard Terlecki a re\u010dn\u00edkmi Calin Popescu-Tariceanu (predseda Sen\u00e1tu, Rumunsko), Stanis\u0142aw Karczewski (predseda Sen\u00e1tu), Vladimir Marinkovi\u0107 (podpredseda Skup\u0161tiny Srbskej republiky), Micaela Navarro Garz\u00f3n (podpredsedn\u00ed\u010dka Kongresu poslancov \u0160panielska), J\u00e1nos Latorcai (podpredseda N\u00e1rodn\u00e9ho zhroma\u017edenia Ma\u010farska), Krzysztof Szczerski (\u0161t\u00e1tny tajomn\u00edk Kancel\u00e1rie prezidenta Po\u013eskej republiky) a Andrija Nikoli\u0107 (predseda V\u00fdboru pre medzin\u00e1rodn\u00e9 vz\u0165ahy a pris\u0165ahovalcov). Andrija Nikoli\u0107 (predseda V\u00fdboru pre medzin\u00e1rodn\u00e9 vz\u0165ahy a emigrantov parlamentu \u010ciernej Hory).<\/p>\n<p dir=\"ltr\"><strong>11:55-12:55 Rozvoj v Karpatoch - Rozvoj v okol\u00ed Karp\u00e1t<\/strong><\/p>\n<p dir=\"ltr\">\u010eal\u0161ia panelov\u00e1 diskusia bude zah\u0155\u0148a\u0165 ot\u00e1zky o bud\u00facnosti Karpatskej makroregion\u00e1lnej strat\u00e9gie. Rozpravu povedie Jerzy Kwieci\u0144ski, minister pre invest\u00edcie a rozvoj.  Denisa \u017dil\u00e1kov\u00e1 (gener\u00e1lna riadite\u013eka Centr\u00e1lneho koordina\u010dn\u00e9ho org\u00e1nu na \u00darade podpredsedu vl\u00e1dy SR pre invest\u00edcie a informatiz\u00e1ciu).<\/p>\n<p dir=\"ltr\"><strong>13:05-14:20 Stredn\u00e1 Eur\u00f3pa - infra\u0161trukt\u00fara v rekon\u0161trukcii<\/strong><\/p>\n<p dir=\"ltr\">Via Carpatia, Rail Baltica a vysokor\u00fdchlostn\u00e1 \u017eeleznica Var\u0161ava-Krakov-Brno-Bratislava-Budape\u0161\u0165-Belehrad - to s\u00fa hlavn\u00e9 t\u00e9my, o ktor\u00fdch sa bude diskutova\u0165 po\u010das tejto \u010dasti stretnutia. Diskusiu bude moderova\u0165 poslanec EP Bogdan Rzonca, predseda V\u00fdboru pre infra\u0161trukt\u00faru. Predn\u00e1\u0161a\u0165 bud\u00fa: Andrzej Adamczyk (minister infra\u0161trukt\u00fary), Rokas Masiulis (minister dopravy a spojov Litovskej republiky), \u00c1rp\u00e1d \u00c9rsek (minister dopravy a v\u00fdstavby Slovenskej republiky), Volodymyr Omelyan (minister infra\u0161trukt\u00fary Ukrajiny), Dan \u0164ok (minister dopravy \u010ceskej republiky) a P\u00e9ter Szijj\u00e1rt\u00f3 (minister zahrani\u010dn\u00fdch vec\u00ed a obchodu Ma\u010farska).<\/p>\n<p dir=\"ltr\"><strong>14:25-15:25 \"Quo vadis, Eur\u00f3pa?\" - Eur\u00f3psky v\u00fdvoj a bud\u00facnos\u0165 Eur\u00f3pskej \u00fanie<\/strong><\/p>\n<p dir=\"ltr\">\u010eal\u0161ia \u010das\u0165 konferencie bude venovan\u00e1 parlamentnej diplomacii, spolupr\u00e1ci v makroregi\u00f3ne, ot\u00e1zkam stierania rozdielov medzi star\u00fdmi a nov\u00fdmi \u010dlensk\u00fdmi \u0161t\u00e1tmi a spojeniu po\u017eiadaviek na v\u00e4\u010d\u0161iu integr\u00e1ciu v E\u00da s koncepciou Eur\u00f3py solid\u00e1rnych a suver\u00e9nnych \u0161t\u00e1tov. Diskusii bude predseda\u0165 profesor Zdzis\u0142aw Krasnod\u0119bski, podpredseda Eur\u00f3pskeho parlamentu, a z\u00fa\u010dastnia sa jej Rich\u00e1rd H\u00f6rcsik (predseda V\u00fdboru pre eur\u00f3pske z\u00e1le\u017eitosti ma\u010farsk\u00e9ho parlamentu), David Engels (Slobodn\u00e1 univerzita v Bruseli), Prof. Waldemar Paruch (Centrum pre strategick\u00e9 anal\u00fdzy), Alexander Tomsk\u00fd (v\u00fdkonn\u00fd riadite\u013e vydavate\u013estva Leda, \u010cesk\u00e1 republika), Aymerick Chauprade, poslanec Eur\u00f3pskeho parlamentu.<\/p>\n<p dir=\"ltr\"><strong>17:15-18:30 Tich\u00e9 l\u00faky - ako zabezpe\u010di\u0165 politick\u00fa bezpe\u010dnos\u0165 v karpatskej Eur\u00f3pe?<\/strong><\/p>\n<p dir=\"ltr\">Spolupr\u00e1ca v r\u00e1mci Vy\u0161ehradskej skupiny, susedstvo na v\u00fdchode, spolupr\u00e1ca v r\u00e1mci NATO - to s\u00fa niektor\u00e9 z t\u00e9m posledn\u00e9ho stredaj\u0161ieho panelu. Moder\u00e1torom bude Zsolt Nemeth, predseda zahrani\u010dn\u00e9ho v\u00fdboru ma\u010farsk\u00e9ho N\u00e1rodn\u00e9ho zhroma\u017edenia, a \u0161peci\u00e1lnym hos\u0165om bude minister zahrani\u010dn\u00fdch vec\u00ed Jacek Czaputowicz. V diskusii vyst\u00fapia: J\u00f3zsef Czukor (\u00darad Rady ministrov, Ma\u010farsko), Ben-Oni Ardelean (podpredseda Poslaneckej snemovne rumunsk\u00e9ho parlamentu), Tomasz Szatkowski (\u0161t\u00e1tny podtajomn\u00edk, Ministerstvo n\u00e1rodnej obrany), Martin Fedor (predseda slovensko-po\u013eskej parlamentnej skupiny v N\u00e1rodnej rade Slovenskej republiky), Lolita \u010cig\u0101ne (predsedn\u00ed\u010dka V\u00fdboru pre eur\u00f3pske z\u00e1le\u017eitosti loty\u0161sk\u00e9ho parlamentu), Miro Kova\u010d (predseda Zahrani\u010dnopolitick\u00e9ho v\u00fdboru chorv\u00e1tskeho parlamentu) a Jan Farsk\u00fd (poslanec Poslaneckej snemovne \u010ceskej republiky).<\/p>\n<p dir=\"ltr\">Po stredaj\u0161ej \u010dasti konferencie bude nasledova\u0165 sl\u00e1vnostn\u00e9 odovzd\u00e1vanie cien za karpatsk\u00e9 projekty. Na podujat\u00ed vyst\u00fapi predseda Sejmu Marek Kuchci\u0144ski.<\/p>\n<p dir=\"ltr\"><strong>6. septembra.\u00a0<\/strong><strong>10:40-11:55 Cesty mudrcov - Collegium Carpathicum<\/strong><\/p>\n<p dir=\"ltr\">Po\u010das prv\u00e9ho \u0161tvrtkov\u00e9ho panelu sa bude diskutova\u0165 o Collegium Carpathicum, novom projekte akademickej spolupr\u00e1ce v karpatskom regi\u00f3ne. Diskusiu bude moderova\u0165 Jan Malicki, riadite\u013e Centra v\u00fdchodoeur\u00f3pskych \u0161t\u00fadi\u00ed na Var\u0161avskej univerzite. Na diskusii sa z\u00fa\u010dastnia: S\u00e1ndor \u0150ze (riadite\u013e In\u0161tit\u00fatu hist\u00f3rie Katol\u00edckej univerzity v Budape\u0161ti), S\u0142awomir Solecki (prorektor \u0160t\u00e1tnej vysokej \u0161koly v\u00fdchodnej Eur\u00f3py v Przemy\u015bli), Jan Lata (rektor Ostravskej univerzity), Ladislav \u0160uh\u00e1nyi (prorektor Pre\u0161ovskej univerzity), Igor Cependa (rektor Karpatskej n\u00e1rodnej univerzity v Ivano-Frankivsku) a Stefan Purici (prorektor Univerzity \u0160tefana III. Ve\u013ek\u00e9ho v Su\u010dave).<\/p>\n<p dir=\"ltr\"><strong>12:05-13:05 Intermodalita? Trilater\u00e1lne? My\u0161lienka Medziparlamentn\u00e9ho zhroma\u017edenia strednej a v\u00fdchodnej Eur\u00f3py<\/strong><\/p>\n<p dir=\"ltr\">Medzimorsk\u00e1, trojmorsk\u00e1, piliere a nedostatky spolupr\u00e1ce medzi krajinami strednej a v\u00fdchodnej Eur\u00f3py - to s\u00fa niektor\u00e9 z t\u00e9m \u010fal\u0161ej \u010dasti konferencie. Hostite\u013eom bude p\u00e1n W\u0142odzimierz Bernacki, predseda po\u013eskej deleg\u00e1cie v Parlamentnom zhroma\u017eden\u00ed Rady Eur\u00f3py, a re\u010dn\u00edkmi bud\u00fa: Angelo Farrugia (predseda Snemovne reprezentantov Malty), Gordana \u010comi\u0107 (podpredsedn\u00ed\u010dka N\u00e1rodn\u00e9ho zhroma\u017edenia Srbska), Ognjen Tadi\u0107 (podpredseda Snemovne n\u00e1rodov Bosny a Hercegoviny), Bogdan Borusewicz (podpredseda Sen\u00e1tu), Andrius Kubilius (podpredseda V\u00fdboru pre eur\u00f3pske z\u00e1le\u017eitosti Seimasu Litovskej republiky) a Mykola Kniazhytski (spolupredseda Skupiny ukrajinsko-po\u013esk\u00e9ho priate\u013estva vo Verchovnej rade Ukrajiny).<\/p>\n<p dir=\"ltr\"><strong>13:15-14:15 Stredn\u00e1 Eur\u00f3pa - z\u00e1klad kult\u00far - kres\u0165ansk\u00e9 z\u00e1klady<\/strong><\/p>\n<p dir=\"ltr\">\u010eal\u0161\u00ed panel sa zameria na symboly, m\u00fdty, archetypy a \u00falohu kres\u0165anstva pri formovan\u00ed s\u00fa\u010dasnej tv\u00e1re Eur\u00f3py. Moder\u00e1torom bude profesor Maciej Szymanowski, poradca predsedu Sejmu, riadite\u013e In\u0161tit\u00fatu W. Felczaka pre po\u013esko-ma\u010farsk\u00fa spolupr\u00e1cu. Panelisti tejto \u010dasti konferencie: Maty\u00e1\u0161 Zrno (z\u00e1stupca riadite\u013ea think tanku Ob\u010diansky in\u0161tit\u00fat - Obcansk\u00fd Institut z \u010ceskej republiky), Pavol Ma\u010dala (vedeck\u00e9 zdru\u017eenie Personalizm, Slovensko), p\u00e1ter abp. Zbigniew Stankiewicz (metropolita ri\u017esk\u00fd), Lorinc Nacsa (poslanec ma\u010farsk\u00e9ho N\u00e1rodn\u00e9ho zhroma\u017edenia), p\u00e1ter Mgr. Franjo Topi\u0107 (predseda Chorv\u00e1tskeho kult\u00farneho zdru\u017eenia \"Napredak\", Bosna a Hercegovina), Zbigniew Krysiak (SGH, predseda Schumanovho my\u0161lienkov\u00e9ho in\u0161tit\u00fatu) a Csaba Gy\u00f6rgy Kiks (Var\u0161avsk\u00e1 univerzita).<\/p>\n<p dir=\"ltr\"><strong>14:25-15:25 Karpacka\u00a0<\/strong><strong>oikoum\u00e9n\u0113 - ako ju zachr\u00e1ni\u0165 pre bud\u00face gener\u00e1cie?<\/strong><\/p>\n<p dir=\"ltr\">Z\u00e1vere\u010dn\u00e1 \u010das\u0165 konferencie bude venovan\u00e1 trvalo udr\u017eate\u013en\u00e9mu rozvoju horsk\u00fdch oblast\u00ed v r\u00e1mci eur\u00f3pskych rozvojov\u00fdch polit\u00edk a vyu\u017e\u00edvaniu zdrojov v Karpatoch. Diskusiu bude moderova\u0165 Markijan Malskyj, dekan Fakulty medzin\u00e1rodn\u00fdch vz\u0165ahov \u013dvovskej univerzity, a v diskusii vyst\u00fapia Lajos Kepli (podpredseda V\u00fdboru pre trvalo udr\u017eate\u013en\u00fd rozvoj N\u00e1rodn\u00e9ho zhroma\u017edenia Ma\u010farska), poslanky\u0148a Ma\u0142gorzata Gosiewska (podpredsedn\u00ed\u010dka V\u00fdboru pre zahrani\u010dn\u00e9 veci), Artur Michalski (podpredseda Rady N\u00e1rodn\u00e9ho fondu pre ochranu \u017eivotn\u00e9ho prostredia a vodn\u00e9 hospod\u00e1rstvo) a J\u00e1n Mi\u010dovsk\u00fd (b\u00fdval\u00fd poslanec N\u00e1rodnej rady Slovenskej republiky).<\/p>\n<p dir=\"ltr\"><a href=\"https:\/\/marekkuchcinski.pl\/wp-content\/uploads\/2018\/09\/Forum-Krynica.jpg\"><img fetchpriority=\"high\" decoding=\"async\" class=\"alignnone size-full wp-image-10238\" src=\"https:\/\/marekkuchcinski.pl\/wp-content\/uploads\/2018\/09\/Forum-Krynica.jpg\" alt=\"Forum Krynica\" width=\"6729\" height=\"2863\" srcset=\"https:\/\/marekkuchcinski.pl\/wp-content\/uploads\/2018\/09\/Forum-Krynica.jpg 2048w, https:\/\/marekkuchcinski.pl\/wp-content\/uploads\/2018\/09\/Forum-Krynica-300x128.jpg 300w, https:\/\/marekkuchcinski.pl\/wp-content\/uploads\/2018\/09\/Forum-Krynica-768x327.jpg 768w, https:\/\/marekkuchcinski.pl\/wp-content\/uploads\/2018\/09\/Forum-Krynica-1024x436.jpg 1024w\" sizes=\"(max-width: 6729px) 100vw, 6729px\" \/><\/a><\/p>","protected":false},"excerpt":{"rendered":"<p>5 i 6 wrze\u015bnia odb\u0119dzie si\u0119 kolejna edycja Konferencji Europa Karpat. Parlamentarzy\u015bci, ministrowie, eksperci i samorz\u0105dowcy i spotkaj\u0105 si\u0119 w Krynicy-Zdroju by rozmawia\u0107 o polityce migracyjnej, strategii rozwoju Karpat i bezpiecze\u0144stwie regionu, infrastrukturze w Europie \u015arodkowej, przysz\u0142o\u015bci Unii Europejskiej. Gospodarzem i organizatorem wydarzenia jest marsza\u0142ek Sejmu Marek Kuchci\u0144ski, kt\u00f3rego wyst\u0105pienie otworzy Forum. 5 wrze\u015bnia.\u00a010:45-11:45 S\u0105siedzi [&hellip;]<\/p>","protected":false},"author":6,"featured_media":10237,"comment_status":"open","ping_status":"open","sticky":false,"template":"","format":"standard","meta":{"ngg_post_thumbnail":0,"footnotes":""},"categories":[78,49,50,3],"tags":[],"class_list":["post-10236","post","type-post","status-publish","format-standard","has-post-thumbnail","hentry","category-europa-karpat","category-podkarpacie","category-wspolpraca-miedzynarodowa","category-wydarzenia"],"yoast_head":"<!-- This site is optimized with the Yoast SEO plugin v24.7 - https:\/\/yoast.com\/wordpress\/plugins\/seo\/ -->\n<title>Europa Karpat. Forum Ekonomiczne w Krynicy - program &#8211; Marek Kuchci\u0144ski<\/title>\n<meta name=\"robots\" content=\"index, follow, max-snippet:-1, max-image-preview:large, max-video-preview:-1\" \/>\n<link rel=\"canonical\" href=\"https:\/\/marekkuchcinski.pl\/sk\/wydarzenia\/europa-karpat-forum-ekonomiczne-krynicy-program\/\" \/>\n<meta property=\"og:locale\" content=\"sk_SK\" \/>\n<meta property=\"og:type\" content=\"article\" \/>\n<meta property=\"og:title\" content=\"Europa Karpat. Forum Ekonomiczne w Krynicy - program &#8211; Marek Kuchci\u0144ski\" \/>\n<meta property=\"og:description\" content=\"5 i 6 wrze\u015bnia odb\u0119dzie si\u0119 kolejna edycja Konferencji Europa Karpat. Parlamentarzy\u015bci, ministrowie, eksperci i samorz\u0105dowcy i spotkaj\u0105 si\u0119 w Krynicy-Zdroju by rozmawia\u0107 o polityce migracyjnej, strategii rozwoju Karpat i bezpiecze\u0144stwie regionu, infrastrukturze w Europie \u015arodkowej, przysz\u0142o\u015bci Unii Europejskiej. Gospodarzem i organizatorem wydarzenia jest marsza\u0142ek Sejmu Marek Kuchci\u0144ski, kt\u00f3rego wyst\u0105pienie otworzy Forum. 5 wrze\u015bnia.\u00a010:45-11:45 S\u0105siedzi [&hellip;]\" \/>\n<meta property=\"og:url\" content=\"https:\/\/marekkuchcinski.pl\/sk\/wydarzenia\/europa-karpat-forum-ekonomiczne-krynicy-program\/\" \/>\n<meta property=\"og:site_name\" content=\"Marek Kuchci\u0144ski\" \/>\n<meta property=\"article:published_time\" content=\"2018-09-03T15:10:22+00:00\" \/>\n<meta property=\"article:modified_time\" content=\"2018-09-03T21:12:48+00:00\" \/>\n<meta property=\"og:image\" content=\"https:\/\/marekkuchcinski.pl\/wp-content\/uploads\/2018\/09\/Forum-Krynica-1.jpg\" \/>\n\t<meta property=\"og:image:width\" content=\"2048\" \/>\n\t<meta property=\"og:image:height\" content=\"1295\" \/>\n\t<meta property=\"og:image:type\" content=\"image\/jpeg\" \/>\n<meta name=\"author\" content=\"admin\" \/>\n<meta name=\"twitter:card\" content=\"summary_large_image\" \/>\n<meta name=\"twitter:label1\" content=\"Autor\" \/>\n\t<meta name=\"twitter:data1\" content=\"admin\" \/>\n\t<meta name=\"twitter:label2\" content=\"Predpokladan\u00fd \u010das \u010d\u00edtania\" \/>\n\t<meta name=\"twitter:data2\" content=\"6 min\u00fat\" \/>\n<script type=\"application\/ld+json\" class=\"yoast-schema-graph\">{\"@context\":\"https:\/\/schema.org\",\"@graph\":[{\"@type\":\"Article\",\"@id\":\"https:\/\/marekkuchcinski.pl\/uk\/wydarzenia\/europa-karpat-forum-ekonomiczne-krynicy-program\/#article\",\"isPartOf\":{\"@id\":\"https:\/\/marekkuchcinski.pl\/uk\/wydarzenia\/europa-karpat-forum-ekonomiczne-krynicy-program\/\"},\"author\":{\"name\":\"admin\",\"@id\":\"https:\/\/marekkuchcinski.pl\/#\/schema\/person\/6f62700996b4d950b6ea2d1183b6c6be\"},\"headline\":\"Europa Karpat. Forum Ekonomiczne w Krynicy &#8211; program\",\"datePublished\":\"2018-09-03T15:10:22+00:00\",\"dateModified\":\"2018-09-03T21:12:48+00:00\",\"mainEntityOfPage\":{\"@id\":\"https:\/\/marekkuchcinski.pl\/uk\/wydarzenia\/europa-karpat-forum-ekonomiczne-krynicy-program\/\"},\"wordCount\":1111,\"commentCount\":0,\"publisher\":{\"@id\":\"https:\/\/marekkuchcinski.pl\/#organization\"},\"image\":{\"@id\":\"https:\/\/marekkuchcinski.pl\/uk\/wydarzenia\/europa-karpat-forum-ekonomiczne-krynicy-program\/#primaryimage\"},\"thumbnailUrl\":\"https:\/\/marekkuchcinski.pl\/wp-content\/uploads\/2018\/09\/Forum-Krynica-1.jpg\",\"articleSection\":[\"Europa Karpat\",\"Podkarpacie\",\"Wsp\u00f3\u0142praca mi\u0119dzynarodowa\",\"Wydarzenia\"],\"inLanguage\":\"sk-SK\",\"potentialAction\":[{\"@type\":\"CommentAction\",\"name\":\"Comment\",\"target\":[\"https:\/\/marekkuchcinski.pl\/uk\/wydarzenia\/europa-karpat-forum-ekonomiczne-krynicy-program\/#respond\"]}]},{\"@type\":\"WebPage\",\"@id\":\"https:\/\/marekkuchcinski.pl\/uk\/wydarzenia\/europa-karpat-forum-ekonomiczne-krynicy-program\/\",\"url\":\"https:\/\/marekkuchcinski.pl\/uk\/wydarzenia\/europa-karpat-forum-ekonomiczne-krynicy-program\/\",\"name\":\"Europa Karpat. Forum Ekonomiczne w Krynicy - program &#8211; Marek Kuchci\u0144ski\",\"isPartOf\":{\"@id\":\"https:\/\/marekkuchcinski.pl\/#website\"},\"primaryImageOfPage\":{\"@id\":\"https:\/\/marekkuchcinski.pl\/uk\/wydarzenia\/europa-karpat-forum-ekonomiczne-krynicy-program\/#primaryimage\"},\"image\":{\"@id\":\"https:\/\/marekkuchcinski.pl\/uk\/wydarzenia\/europa-karpat-forum-ekonomiczne-krynicy-program\/#primaryimage\"},\"thumbnailUrl\":\"https:\/\/marekkuchcinski.pl\/wp-content\/uploads\/2018\/09\/Forum-Krynica-1.jpg\",\"datePublished\":\"2018-09-03T15:10:22+00:00\",\"dateModified\":\"2018-09-03T21:12:48+00:00\",\"breadcrumb\":{\"@id\":\"https:\/\/marekkuchcinski.pl\/uk\/wydarzenia\/europa-karpat-forum-ekonomiczne-krynicy-program\/#breadcrumb\"},\"inLanguage\":\"sk-SK\",\"potentialAction\":[{\"@type\":\"ReadAction\",\"target\":[\"https:\/\/marekkuchcinski.pl\/uk\/wydarzenia\/europa-karpat-forum-ekonomiczne-krynicy-program\/\"]}]},{\"@type\":\"ImageObject\",\"inLanguage\":\"sk-SK\",\"@id\":\"https:\/\/marekkuchcinski.pl\/uk\/wydarzenia\/europa-karpat-forum-ekonomiczne-krynicy-program\/#primaryimage\",\"url\":\"https:\/\/marekkuchcinski.pl\/wp-content\/uploads\/2018\/09\/Forum-Krynica-1.jpg\",\"contentUrl\":\"https:\/\/marekkuchcinski.pl\/wp-content\/uploads\/2018\/09\/Forum-Krynica-1.jpg\",\"width\":2048,\"height\":1295},{\"@type\":\"BreadcrumbList\",\"@id\":\"https:\/\/marekkuchcinski.pl\/uk\/wydarzenia\/europa-karpat-forum-ekonomiczne-krynicy-program\/#breadcrumb\",\"itemListElement\":[{\"@type\":\"ListItem\",\"position\":1,\"name\":\"Strona g\u0142\u00f3wna\",\"item\":\"https:\/\/marekkuchcinski.pl\/\"},{\"@type\":\"ListItem\",\"position\":2,\"name\":\"Europa Karpat. Forum Ekonomiczne w Krynicy &#8211; program\"}]},{\"@type\":\"WebSite\",\"@id\":\"https:\/\/marekkuchcinski.pl\/#website\",\"url\":\"https:\/\/marekkuchcinski.pl\/\",\"name\":\"Marek Kuchci\u0144ski\",\"description\":\"Pose\u0142 na sejm RP &ndash; okr\u0119g nr 22\",\"publisher\":{\"@id\":\"https:\/\/marekkuchcinski.pl\/#organization\"},\"potentialAction\":[{\"@type\":\"SearchAction\",\"target\":{\"@type\":\"EntryPoint\",\"urlTemplate\":\"https:\/\/marekkuchcinski.pl\/?s={search_term_string}\"},\"query-input\":{\"@type\":\"PropertyValueSpecification\",\"valueRequired\":true,\"valueName\":\"search_term_string\"}}],\"inLanguage\":\"sk-SK\"},{\"@type\":\"Organization\",\"@id\":\"https:\/\/marekkuchcinski.pl\/#organization\",\"name\":\"Marek Kuchci\u0144ski\",\"url\":\"https:\/\/marekkuchcinski.pl\/\",\"logo\":{\"@type\":\"ImageObject\",\"inLanguage\":\"sk-SK\",\"@id\":\"https:\/\/marekkuchcinski.pl\/#\/schema\/logo\/image\/\",\"url\":\"https:\/\/marekkuchcinski.pl\/wp-content\/uploads\/2022\/09\/Marek.jpg\",\"contentUrl\":\"https:\/\/marekkuchcinski.pl\/wp-content\/uploads\/2022\/09\/Marek.jpg\",\"width\":1600,\"height\":971,\"caption\":\"Marek Kuchci\u0144ski\"},\"image\":{\"@id\":\"https:\/\/marekkuchcinski.pl\/#\/schema\/logo\/image\/\"}},{\"@type\":\"Person\",\"@id\":\"https:\/\/marekkuchcinski.pl\/#\/schema\/person\/6f62700996b4d950b6ea2d1183b6c6be\",\"name\":\"admin\",\"image\":{\"@type\":\"ImageObject\",\"inLanguage\":\"sk-SK\",\"@id\":\"https:\/\/marekkuchcinski.pl\/#\/schema\/person\/image\/\",\"url\":\"https:\/\/secure.gravatar.com\/avatar\/4bab693b9d55c3d6b52c0296a8765085?s=96&d=mm&r=g\",\"contentUrl\":\"https:\/\/secure.gravatar.com\/avatar\/4bab693b9d55c3d6b52c0296a8765085?s=96&d=mm&r=g\",\"caption\":\"admin\"},\"url\":\"https:\/\/marekkuchcinski.pl\/sk\/author\/marta-olejnik\/\"}]}<\/script>\n<!-- \/ Yoast SEO plugin. -->","yoast_head_json":{"title":"Europa Karpat. Forum Ekonomiczne w Krynicy - program &#8211; Marek Kuchci\u0144ski","robots":{"index":"index","follow":"follow","max-snippet":"max-snippet:-1","max-image-preview":"max-image-preview:large","max-video-preview":"max-video-preview:-1"},"canonical":"https:\/\/marekkuchcinski.pl\/sk\/wydarzenia\/europa-karpat-forum-ekonomiczne-krynicy-program\/","og_locale":"sk_SK","og_type":"article","og_title":"Europa Karpat. Forum Ekonomiczne w Krynicy - program &#8211; Marek Kuchci\u0144ski","og_description":"5 i 6 wrze\u015bnia odb\u0119dzie si\u0119 kolejna edycja Konferencji Europa Karpat. Parlamentarzy\u015bci, ministrowie, eksperci i samorz\u0105dowcy i spotkaj\u0105 si\u0119 w Krynicy-Zdroju by rozmawia\u0107 o polityce migracyjnej, strategii rozwoju Karpat i bezpiecze\u0144stwie regionu, infrastrukturze w Europie \u015arodkowej, przysz\u0142o\u015bci Unii Europejskiej. Gospodarzem i organizatorem wydarzenia jest marsza\u0142ek Sejmu Marek Kuchci\u0144ski, kt\u00f3rego wyst\u0105pienie otworzy Forum. 5 wrze\u015bnia.\u00a010:45-11:45 S\u0105siedzi [&hellip;]","og_url":"https:\/\/marekkuchcinski.pl\/sk\/wydarzenia\/europa-karpat-forum-ekonomiczne-krynicy-program\/","og_site_name":"Marek Kuchci\u0144ski","article_published_time":"2018-09-03T15:10:22+00:00","article_modified_time":"2018-09-03T21:12:48+00:00","og_image":[{"width":2048,"height":1295,"url":"https:\/\/marekkuchcinski.pl\/wp-content\/uploads\/2018\/09\/Forum-Krynica-1.jpg","type":"image\/jpeg"}],"author":"admin","twitter_card":"summary_large_image","twitter_misc":{"Autor":"admin","Predpokladan\u00fd \u010das \u010d\u00edtania":"6 min\u00fat"},"schema":{"@context":"https:\/\/schema.org","@graph":[{"@type":"Article","@id":"https:\/\/marekkuchcinski.pl\/uk\/wydarzenia\/europa-karpat-forum-ekonomiczne-krynicy-program\/#article","isPartOf":{"@id":"https:\/\/marekkuchcinski.pl\/uk\/wydarzenia\/europa-karpat-forum-ekonomiczne-krynicy-program\/"},"author":{"name":"admin","@id":"https:\/\/marekkuchcinski.pl\/#\/schema\/person\/6f62700996b4d950b6ea2d1183b6c6be"},"headline":"Europa Karpat. Forum Ekonomiczne w Krynicy &#8211; program","datePublished":"2018-09-03T15:10:22+00:00","dateModified":"2018-09-03T21:12:48+00:00","mainEntityOfPage":{"@id":"https:\/\/marekkuchcinski.pl\/uk\/wydarzenia\/europa-karpat-forum-ekonomiczne-krynicy-program\/"},"wordCount":1111,"commentCount":0,"publisher":{"@id":"https:\/\/marekkuchcinski.pl\/#organization"},"image":{"@id":"https:\/\/marekkuchcinski.pl\/uk\/wydarzenia\/europa-karpat-forum-ekonomiczne-krynicy-program\/#primaryimage"},"thumbnailUrl":"https:\/\/marekkuchcinski.pl\/wp-content\/uploads\/2018\/09\/Forum-Krynica-1.jpg","articleSection":["Europa Karpat","Podkarpacie","Wsp\u00f3\u0142praca mi\u0119dzynarodowa","Wydarzenia"],"inLanguage":"sk-SK","potentialAction":[{"@type":"CommentAction","name":"Comment","target":["https:\/\/marekkuchcinski.pl\/uk\/wydarzenia\/europa-karpat-forum-ekonomiczne-krynicy-program\/#respond"]}]},{"@type":"WebPage","@id":"https:\/\/marekkuchcinski.pl\/uk\/wydarzenia\/europa-karpat-forum-ekonomiczne-krynicy-program\/","url":"https:\/\/marekkuchcinski.pl\/uk\/wydarzenia\/europa-karpat-forum-ekonomiczne-krynicy-program\/","name":"Europa Karpat. Forum Ekonomiczne w Krynicy - program &#8211; Marek Kuchci\u0144ski","isPartOf":{"@id":"https:\/\/marekkuchcinski.pl\/#website"},"primaryImageOfPage":{"@id":"https:\/\/marekkuchcinski.pl\/uk\/wydarzenia\/europa-karpat-forum-ekonomiczne-krynicy-program\/#primaryimage"},"image":{"@id":"https:\/\/marekkuchcinski.pl\/uk\/wydarzenia\/europa-karpat-forum-ekonomiczne-krynicy-program\/#primaryimage"},"thumbnailUrl":"https:\/\/marekkuchcinski.pl\/wp-content\/uploads\/2018\/09\/Forum-Krynica-1.jpg","datePublished":"2018-09-03T15:10:22+00:00","dateModified":"2018-09-03T21:12:48+00:00","breadcrumb":{"@id":"https:\/\/marekkuchcinski.pl\/uk\/wydarzenia\/europa-karpat-forum-ekonomiczne-krynicy-program\/#breadcrumb"},"inLanguage":"sk-SK","potentialAction":[{"@type":"ReadAction","target":["https:\/\/marekkuchcinski.pl\/uk\/wydarzenia\/europa-karpat-forum-ekonomiczne-krynicy-program\/"]}]},{"@type":"ImageObject","inLanguage":"sk-SK","@id":"https:\/\/marekkuchcinski.pl\/uk\/wydarzenia\/europa-karpat-forum-ekonomiczne-krynicy-program\/#primaryimage","url":"https:\/\/marekkuchcinski.pl\/wp-content\/uploads\/2018\/09\/Forum-Krynica-1.jpg","contentUrl":"https:\/\/marekkuchcinski.pl\/wp-content\/uploads\/2018\/09\/Forum-Krynica-1.jpg","width":2048,"height":1295},{"@type":"BreadcrumbList","@id":"https:\/\/marekkuchcinski.pl\/uk\/wydarzenia\/europa-karpat-forum-ekonomiczne-krynicy-program\/#breadcrumb","itemListElement":[{"@type":"ListItem","position":1,"name":"Strona g\u0142\u00f3wna","item":"https:\/\/marekkuchcinski.pl\/"},{"@type":"ListItem","position":2,"name":"Europa Karpat. Forum Ekonomiczne w Krynicy &#8211; program"}]},{"@type":"WebSite","@id":"https:\/\/marekkuchcinski.pl\/#website","url":"https:\/\/marekkuchcinski.pl\/","name":"Marek Kuchci\u0144ski","description":"Pose\u0142 na sejm RP &ndash; okr\u0119g nr 22","publisher":{"@id":"https:\/\/marekkuchcinski.pl\/#organization"},"potentialAction":[{"@type":"SearchAction","target":{"@type":"EntryPoint","urlTemplate":"https:\/\/marekkuchcinski.pl\/?s={search_term_string}"},"query-input":{"@type":"PropertyValueSpecification","valueRequired":true,"valueName":"search_term_string"}}],"inLanguage":"sk-SK"},{"@type":"Organization","@id":"https:\/\/marekkuchcinski.pl\/#organization","name":"Marek Kuchci\u0144ski","url":"https:\/\/marekkuchcinski.pl\/","logo":{"@type":"ImageObject","inLanguage":"sk-SK","@id":"https:\/\/marekkuchcinski.pl\/#\/schema\/logo\/image\/","url":"https:\/\/marekkuchcinski.pl\/wp-content\/uploads\/2022\/09\/Marek.jpg","contentUrl":"https:\/\/marekkuchcinski.pl\/wp-content\/uploads\/2022\/09\/Marek.jpg","width":1600,"height":971,"caption":"Marek Kuchci\u0144ski"},"image":{"@id":"https:\/\/marekkuchcinski.pl\/#\/schema\/logo\/image\/"}},{"@type":"Person","@id":"https:\/\/marekkuchcinski.pl\/#\/schema\/person\/6f62700996b4d950b6ea2d1183b6c6be","name":"admin","image":{"@type":"ImageObject","inLanguage":"sk-SK","@id":"https:\/\/marekkuchcinski.pl\/#\/schema\/person\/image\/","url":"https:\/\/secure.gravatar.com\/avatar\/4bab693b9d55c3d6b52c0296a8765085?s=96&d=mm&r=g","contentUrl":"https:\/\/secure.gravatar.com\/avatar\/4bab693b9d55c3d6b52c0296a8765085?s=96&d=mm&r=g","caption":"admin"},"url":"https:\/\/marekkuchcinski.pl\/sk\/author\/marta-olejnik\/"}]}},"_links":{"self":[{"href":"https:\/\/marekkuchcinski.pl\/sk\/wp-json\/wp\/v2\/posts\/10236","targetHints":{"allow":["GET"]}}],"collection":[{"href":"https:\/\/marekkuchcinski.pl\/sk\/wp-json\/wp\/v2\/posts"}],"about":[{"href":"https:\/\/marekkuchcinski.pl\/sk\/wp-json\/wp\/v2\/types\/post"}],"author":[{"embeddable":true,"href":"https:\/\/marekkuchcinski.pl\/sk\/wp-json\/wp\/v2\/users\/6"}],"replies":[{"embeddable":true,"href":"https:\/\/marekkuchcinski.pl\/sk\/wp-json\/wp\/v2\/comments?post=10236"}],"version-history":[{"count":1,"href":"https:\/\/marekkuchcinski.pl\/sk\/wp-json\/wp\/v2\/posts\/10236\/revisions"}],"predecessor-version":[{"id":10239,"href":"https:\/\/marekkuchcinski.pl\/sk\/wp-json\/wp\/v2\/posts\/10236\/revisions\/10239"}],"wp:featuredmedia":[{"embeddable":true,"href":"https:\/\/marekkuchcinski.pl\/sk\/wp-json\/wp\/v2\/media\/10237"}],"wp:attachment":[{"href":"https:\/\/marekkuchcinski.pl\/sk\/wp-json\/wp\/v2\/media?parent=10236"}],"wp:term":[{"taxonomy":"category","embeddable":true,"href":"https:\/\/marekkuchcinski.pl\/sk\/wp-json\/wp\/v2\/categories?post=10236"},{"taxonomy":"post_tag","embeddable":true,"href":"https:\/\/marekkuchcinski.pl\/sk\/wp-json\/wp\/v2\/tags?post=10236"}],"curies":[{"name":"wp","href":"https:\/\/api.w.org\/{rel}","templated":true}]}}