{"id":10216,"date":"2018-09-03T22:57:41","date_gmt":"2018-09-03T20:57:41","guid":{"rendered":"https:\/\/marekkuchcinski.pl\/?p=10216"},"modified":"2018-09-03T22:57:41","modified_gmt":"2018-09-03T20:57:41","slug":"marszalek-sejmu-wizyta-slowaku","status":"publish","type":"post","link":"https:\/\/marekkuchcinski.pl\/sk\/wydarzenia\/marszalek-sejmu-wizyta-slowaku\/","title":{"rendered":"Predseda Sejmu na n\u00e1v\u0161teve v S\u0142owaku"},"content":{"rendered":"<p>Pri pr\u00edle\u017eitosti za\u010diatku \u0161kolsk\u00e9ho roka nav\u0161t\u00edvil predseda Sejmu Marek Kuchci\u0144ski Stredn\u00fa \u0161kolu S\u0142owack\u00e9ho v Przemy\u015bli, kde bol \u0161tudentom. V r\u00e1mci investi\u010dn\u00e9ho projektu \"Centrum rozvoja bedmintonu v Przemy\u015bli\" bude pri 1. strednej \u0161kole postaven\u00e1 modern\u00e1 \u0161portov\u00e1 hala. Mar\u0161al pripomenul, \u017ee tento rok mesto z\u00edskalo medzin\u00e1rodn\u00fa sl\u00e1vu v\u010faka turnaju Victor Polish Junior 2018 v bedmintone, ktor\u00fd pril\u00e1kal hr\u00e1\u010dov z viac ako 30 kraj\u00edn.<\/p>\n<p>Mar\u0161al pripomenul v\u00fdznamn\u00e9 v\u00fdro\u010dia spojen\u00e9 s Przemy\u0161lom, t. j. rok 1468 - vznik dvojkomorov\u00e9ho Sejmu, rok 1648 - zvolenie Andreja Maksymiliana Fredra za predsedu Sejmu, rok 1848 - po\u010das jari n\u00e1rodov sa nieko\u013eko stoviek przemysk\u00fdch dobrovo\u013en\u00edkov pridalo na stranu Uhorska v boji za nez\u00e1vislos\u0165 a slobodu a rok 1918 - prv\u00e1 v\u00ed\u0165azn\u00e1 bitka - bitka pri Przemy\u015bli. Potom pripomenul marec 1968 s d\u00f4le\u017eit\u00fdm przemysk\u00fdm akcentom - \u0161tudenti viacer\u00fdch stredn\u00fdch \u0161k\u00f4l, vr\u00e1tane S\u0142owack\u00e9ho, podporovali po\u010das povstania \u0161tudentov z ve\u013ek\u00fdch univerz\u00edt.<\/p>\n<p>Marek Kuchci\u0144ski sa po\u010fakoval slovakistom za to, \u017ee pri uva\u017eovan\u00ed o minulosti siahli do minulosti.<\/p>\n<p>- Na transparente, za ktor\u00fdm sme putovali, je \u00faryvok b\u00e1sne Juliusza S\u0142owack\u00e9ho: \"\u010ces\u0165 my\u0161lienkam, z ktor\u00fdch vych\u00e1dza nov\u00fd duch a nov\u00e1 forma\". T\u00e1to my\u0161lienka sa dnes st\u00e1va skuto\u010dnos\u0165ou,\" povedal mar\u0161al.<\/p>\n<p>\u0160tudentom strednej \u0161koly za\u017eelal ve\u013ea \u00faspechov a v\u0161etko dobr\u00e9. Nab\u00e1dal ich, aby sa v \u017eivote riadili aspo\u0148 dvoma z\u00e1sadami: cnos\u0165ou a rozvahou, teda odvahou a stato\u010dnos\u0165ou v konan\u00ed a d\u00f4slednos\u0165ou pri dosahovan\u00ed cie\u013ea spojenou s rozvahou.<\/p>\n<p><em>Foto: Piotr Michalski<\/em><\/p>\n<p><a href=\"https:\/\/marekkuchcinski.pl\/wp-content\/uploads\/2018\/09\/IMG_0065-1-1.jpg\"><img fetchpriority=\"high\" decoding=\"async\" class=\"alignnone size-full wp-image-10222\" src=\"https:\/\/marekkuchcinski.pl\/wp-content\/uploads\/2018\/09\/IMG_0065-1-1.jpg\" alt=\"IMG_0065 (1)\" width=\"3355\" height=\"2061\" srcset=\"https:\/\/marekkuchcinski.pl\/wp-content\/uploads\/2018\/09\/IMG_0065-1-1.jpg 2048w, https:\/\/marekkuchcinski.pl\/wp-content\/uploads\/2018\/09\/IMG_0065-1-1-300x184.jpg 300w, https:\/\/marekkuchcinski.pl\/wp-content\/uploads\/2018\/09\/IMG_0065-1-1-768x472.jpg 768w, https:\/\/marekkuchcinski.pl\/wp-content\/uploads\/2018\/09\/IMG_0065-1-1-1024x629.jpg 1024w\" sizes=\"(max-width: 3355px) 100vw, 3355px\" \/><\/a> <a href=\"https:\/\/marekkuchcinski.pl\/wp-content\/uploads\/2018\/09\/IMG_0072.jpg\"><img decoding=\"async\" class=\"alignnone size-full wp-image-10225\" src=\"https:\/\/marekkuchcinski.pl\/wp-content\/uploads\/2018\/09\/IMG_0072.jpg\" alt=\"IMG_0072\" width=\"6000\" height=\"4000\" srcset=\"https:\/\/marekkuchcinski.pl\/wp-content\/uploads\/2018\/09\/IMG_0072.jpg 2048w, https:\/\/marekkuchcinski.pl\/wp-content\/uploads\/2018\/09\/IMG_0072-300x200.jpg 300w, https:\/\/marekkuchcinski.pl\/wp-content\/uploads\/2018\/09\/IMG_0072-768x512.jpg 768w, https:\/\/marekkuchcinski.pl\/wp-content\/uploads\/2018\/09\/IMG_0072-1024x683.jpg 1024w\" sizes=\"(max-width: 6000px) 100vw, 6000px\" \/><\/a> <a href=\"https:\/\/marekkuchcinski.pl\/wp-content\/uploads\/2018\/09\/IMG_0119.jpg\"><img decoding=\"async\" class=\"alignnone size-full wp-image-10227\" src=\"https:\/\/marekkuchcinski.pl\/wp-content\/uploads\/2018\/09\/IMG_0119.jpg\" alt=\"IMG_0119\" width=\"6000\" height=\"4000\" srcset=\"https:\/\/marekkuchcinski.pl\/wp-content\/uploads\/2018\/09\/IMG_0119.jpg 2048w, https:\/\/marekkuchcinski.pl\/wp-content\/uploads\/2018\/09\/IMG_0119-300x200.jpg 300w, https:\/\/marekkuchcinski.pl\/wp-content\/uploads\/2018\/09\/IMG_0119-768x512.jpg 768w, https:\/\/marekkuchcinski.pl\/wp-content\/uploads\/2018\/09\/IMG_0119-1024x683.jpg 1024w\" sizes=\"(max-width: 6000px) 100vw, 6000px\" \/><\/a> <a href=\"https:\/\/marekkuchcinski.pl\/wp-content\/uploads\/2018\/09\/IMG_0132.jpg\"><img loading=\"lazy\" decoding=\"async\" class=\"alignnone size-full wp-image-10228\" src=\"https:\/\/marekkuchcinski.pl\/wp-content\/uploads\/2018\/09\/IMG_0132.jpg\" alt=\"IMG_0132\" width=\"6000\" height=\"4000\" srcset=\"https:\/\/marekkuchcinski.pl\/wp-content\/uploads\/2018\/09\/IMG_0132.jpg 2048w, https:\/\/marekkuchcinski.pl\/wp-content\/uploads\/2018\/09\/IMG_0132-300x200.jpg 300w, https:\/\/marekkuchcinski.pl\/wp-content\/uploads\/2018\/09\/IMG_0132-768x512.jpg 768w, https:\/\/marekkuchcinski.pl\/wp-content\/uploads\/2018\/09\/IMG_0132-1024x683.jpg 1024w\" sizes=\"(max-width: 6000px) 100vw, 6000px\" \/><\/a> <a href=\"https:\/\/marekkuchcinski.pl\/wp-content\/uploads\/2018\/09\/IMG_6942.jpg\"><img loading=\"lazy\" decoding=\"async\" class=\"alignnone size-full wp-image-10229\" src=\"https:\/\/marekkuchcinski.pl\/wp-content\/uploads\/2018\/09\/IMG_6942.jpg\" alt=\"IMG_6942\" width=\"5472\" height=\"3648\" srcset=\"https:\/\/marekkuchcinski.pl\/wp-content\/uploads\/2018\/09\/IMG_6942.jpg 2048w, https:\/\/marekkuchcinski.pl\/wp-content\/uploads\/2018\/09\/IMG_6942-300x200.jpg 300w, https:\/\/marekkuchcinski.pl\/wp-content\/uploads\/2018\/09\/IMG_6942-768x512.jpg 768w, https:\/\/marekkuchcinski.pl\/wp-content\/uploads\/2018\/09\/IMG_6942-1024x683.jpg 1024w\" sizes=\"(max-width: 5472px) 100vw, 5472px\" \/><\/a><a href=\"https:\/\/marekkuchcinski.pl\/wp-content\/uploads\/2018\/09\/IMG_0108-1.jpg\"><img loading=\"lazy\" decoding=\"async\" class=\"alignnone wp-image-10232 size-full\" src=\"https:\/\/marekkuchcinski.pl\/wp-content\/uploads\/2018\/09\/IMG_0108-1-e1536008177897.jpg\" alt=\"IMG_0108\" width=\"4000\" height=\"6000\" srcset=\"https:\/\/marekkuchcinski.pl\/wp-content\/uploads\/2018\/09\/IMG_0108-1-e1536008177897.jpg 1365w, https:\/\/marekkuchcinski.pl\/wp-content\/uploads\/2018\/09\/IMG_0108-1-e1536008177897-200x300.jpg 200w, https:\/\/marekkuchcinski.pl\/wp-content\/uploads\/2018\/09\/IMG_0108-1-e1536008177897-768x1152.jpg 768w, https:\/\/marekkuchcinski.pl\/wp-content\/uploads\/2018\/09\/IMG_0108-1-e1536008177897-683x1024.jpg 683w\" sizes=\"(max-width: 4000px) 100vw, 4000px\" \/><\/a><a href=\"https:\/\/marekkuchcinski.pl\/wp-content\/uploads\/2018\/09\/IMG_0112.jpg\"><img loading=\"lazy\" decoding=\"async\" class=\"alignnone wp-image-10231 size-full\" src=\"https:\/\/marekkuchcinski.pl\/wp-content\/uploads\/2018\/09\/IMG_0112-e1536008226251.jpg\" alt=\"IMG_0112\" width=\"4000\" height=\"6000\" srcset=\"https:\/\/marekkuchcinski.pl\/wp-content\/uploads\/2018\/09\/IMG_0112-e1536008226251.jpg 1365w, https:\/\/marekkuchcinski.pl\/wp-content\/uploads\/2018\/09\/IMG_0112-e1536008226251-200x300.jpg 200w, https:\/\/marekkuchcinski.pl\/wp-content\/uploads\/2018\/09\/IMG_0112-e1536008226251-768x1152.jpg 768w, https:\/\/marekkuchcinski.pl\/wp-content\/uploads\/2018\/09\/IMG_0112-e1536008226251-683x1024.jpg 683w\" sizes=\"(max-width: 4000px) 100vw, 4000px\" \/><\/a><a href=\"https:\/\/marekkuchcinski.pl\/wp-content\/uploads\/2018\/09\/IMG_0136.jpg\"><img loading=\"lazy\" decoding=\"async\" class=\"alignnone size-full wp-image-10234\" src=\"https:\/\/marekkuchcinski.pl\/wp-content\/uploads\/2018\/09\/IMG_0136.jpg\" alt=\"IMG_0136\" width=\"5519\" height=\"3858\" srcset=\"https:\/\/marekkuchcinski.pl\/wp-content\/uploads\/2018\/09\/IMG_0136.jpg 2048w, https:\/\/marekkuchcinski.pl\/wp-content\/uploads\/2018\/09\/IMG_0136-300x210.jpg 300w, https:\/\/marekkuchcinski.pl\/wp-content\/uploads\/2018\/09\/IMG_0136-768x537.jpg 768w, https:\/\/marekkuchcinski.pl\/wp-content\/uploads\/2018\/09\/IMG_0136-1024x716.jpg 1024w\" sizes=\"(max-width: 5519px) 100vw, 5519px\" \/><\/a><a href=\"https:\/\/marekkuchcinski.pl\/wp-content\/uploads\/2018\/09\/40756461_2168087933407424_2560415899920105472_o.jpg\"><img loading=\"lazy\" decoding=\"async\" class=\"alignnone size-full wp-image-10230\" src=\"https:\/\/marekkuchcinski.pl\/wp-content\/uploads\/2018\/09\/40756461_2168087933407424_2560415899920105472_o.jpg\" alt=\"40756461_2168087933407424_2560415899920105472_o\" width=\"1316\" height=\"1771\" srcset=\"https:\/\/marekkuchcinski.pl\/wp-content\/uploads\/2018\/09\/40756461_2168087933407424_2560415899920105472_o.jpg 1316w, https:\/\/marekkuchcinski.pl\/wp-content\/uploads\/2018\/09\/40756461_2168087933407424_2560415899920105472_o-223x300.jpg 223w, https:\/\/marekkuchcinski.pl\/wp-content\/uploads\/2018\/09\/40756461_2168087933407424_2560415899920105472_o-768x1034.jpg 768w, https:\/\/marekkuchcinski.pl\/wp-content\/uploads\/2018\/09\/40756461_2168087933407424_2560415899920105472_o-761x1024.jpg 761w\" sizes=\"(max-width: 1316px) 100vw, 1316px\" \/><\/a><\/p>\n<p>&nbsp;<\/p>","protected":false},"excerpt":{"rendered":"<p>Z okazji rozpoczynaj\u0105cego si\u0119 roku szkolnego marsza\u0142ek Sejmu Marek Kuchci\u0144ski odwiedzi\u0142 LO im. S\u0142owackiego w Przemy\u015blu, gdzie by\u0142 uczniem. Przy I Liceum Og\u00f3lnokszta\u0142c\u0105cym powstanie nowoczesna hala sportowa w ramach zadania inwestycyjnego \u201eCentrum Rozwoju Badmintona w Przemy\u015blu&#8221;. Marsza\u0142ek przypomnia\u0142, \u017ce w tym roku\u00a0miasto zyska\u0142o mi\u0119dzynarodow\u0105\u00a0 s\u0142aw\u0119 dzi\u0119ki Victor Polish Junior 2018\u00a0 w badmintonie, na kt\u00f3re przyjechali [&hellip;]<\/p>\n","protected":false},"author":6,"featured_media":10221,"comment_status":"open","ping_status":"open","sticky":false,"template":"","format":"standard","meta":{"ngg_post_thumbnail":0,"footnotes":""},"categories":[49,3],"tags":[],"class_list":["post-10216","post","type-post","status-publish","format-standard","has-post-thumbnail","hentry","category-podkarpacie","category-wydarzenia"],"_links":{"self":[{"href":"https:\/\/marekkuchcinski.pl\/sk\/wp-json\/wp\/v2\/posts\/10216","targetHints":{"allow":["GET"]}}],"collection":[{"href":"https:\/\/marekkuchcinski.pl\/sk\/wp-json\/wp\/v2\/posts"}],"about":[{"href":"https:\/\/marekkuchcinski.pl\/sk\/wp-json\/wp\/v2\/types\/post"}],"author":[{"embeddable":true,"href":"https:\/\/marekkuchcinski.pl\/sk\/wp-json\/wp\/v2\/users\/6"}],"replies":[{"embeddable":true,"href":"https:\/\/marekkuchcinski.pl\/sk\/wp-json\/wp\/v2\/comments?post=10216"}],"version-history":[{"count":5,"href":"https:\/\/marekkuchcinski.pl\/sk\/wp-json\/wp\/v2\/posts\/10216\/revisions"}],"predecessor-version":[{"id":10235,"href":"https:\/\/marekkuchcinski.pl\/sk\/wp-json\/wp\/v2\/posts\/10216\/revisions\/10235"}],"wp:featuredmedia":[{"embeddable":true,"href":"https:\/\/marekkuchcinski.pl\/sk\/wp-json\/wp\/v2\/media\/10221"}],"wp:attachment":[{"href":"https:\/\/marekkuchcinski.pl\/sk\/wp-json\/wp\/v2\/media?parent=10216"}],"wp:term":[{"taxonomy":"category","embeddable":true,"href":"https:\/\/marekkuchcinski.pl\/sk\/wp-json\/wp\/v2\/categories?post=10216"},{"taxonomy":"post_tag","embeddable":true,"href":"https:\/\/marekkuchcinski.pl\/sk\/wp-json\/wp\/v2\/tags?post=10216"}],"curies":[{"name":"wp","href":"https:\/\/api.w.org\/{rel}","templated":true}]}}