{"id":10169,"date":"2018-09-02T22:58:27","date_gmt":"2018-09-02T20:58:27","guid":{"rendered":"https:\/\/marekkuchcinski.pl\/?p=10169"},"modified":"2018-09-03T07:45:17","modified_gmt":"2018-09-03T05:45:17","slug":"konwencja-prawa-sprawiedliwosci-2","status":"publish","type":"post","link":"https:\/\/marekkuchcinski.pl\/sk\/wydarzenia\/konwencja-prawa-sprawiedliwosci-2\/","title":{"rendered":"Dohovor o pr\u00e1ve a spravodlivosti"},"content":{"rendered":"<p><strong>P\u00e4\u0165 n\u00e1vrhov pre samospr\u00e1vy je po Morawieck\u00e9ho takzvanej p\u00e4\u0165ke \u010fal\u0161ou ponukou PiS na zlep\u0161enie \u017eivota Poliakov. Po\u010das zasadnutia Konventu o pr\u00e1ve a spravodlivosti premi\u00e9r predstavil program zameran\u00fd na\u00a0<\/strong><strong>Jeho cie\u013eom je aj \u010do najlep\u0161ia spolupr\u00e1ca medzi \u00fastrednou a miestnou spr\u00e1vou:<\/strong><\/p>\n<p><strong>WARM HOUSE.<\/strong> Z\u00e1v\u00e4zok k tepelnej moderniz\u00e1cii budov, ako aj k odpadov\u00e9mu hospod\u00e1rstvu. V septembri sa za\u010dne najv\u00e4\u010d\u0161\u00ed program termomoderniz\u00e1cie, ktor\u00fd ob\u010danom prinesie skuto\u010dn\u00e9 \u00faspory v s\u00favislosti s vykurovan\u00edm ich domovov. Prispeje k zlep\u0161eniu kvality ovzdu\u0161ia, a t\u00fdm pozit\u00edvne ovplyvn\u00ed zdravie Poliakov. Majitelia domov bud\u00fa m\u00f4c\u0165 vyu\u017ei\u0165 p\u00f4\u017ei\u010dky alebo granty, ktor\u00e9 sa bud\u00fa pohybova\u0165 od 40 do 90 percent investi\u010dn\u00fdch n\u00e1kladov v z\u00e1vislosti od pr\u00edjmu na osobu v rodine. Projekt po\u010d\u00edta so zn\u00ed\u017een\u00edm poplatkov za odpad, ak sa komun\u00e1lny odpad triedi. V tejto s\u00favislosti sa maj\u00fa vytvori\u0165 aj osobitn\u00e9 programy pre bytov\u00e9 spolo\u010denstv\u00e1, dru\u017estv\u00e1 a rodinn\u00e9 domy. N\u00e1vrh stanovuje mo\u017enos\u0165 \u010diasto\u010dn\u00e9ho oslobodenia od poplatku za odpad, ak m\u00e1 vlastn\u00edk nehnute\u013enosti dom\u00e1ci kompost\u00e9r.<\/p>\n<p><strong>DOBR\u00c1 POLOHA.<\/strong> Zv\u00fd\u0161enie invest\u00edci\u00ed do domovov pre seniorov a vy\u010dlenenie 500 mili\u00f3nov PLN v priebehu nieko\u013ek\u00fdch rokov na v\u00fdstavbu detsk\u00fdch ihr\u00edsk, \u0161portov\u00fdch centier a vonkaj\u0161\u00edch telocvi\u010dn\u00ed.<\/p>\n<p><strong>MODERN\u00c1 OBEC.<\/strong> \u0160t\u00e1tne spolufinancovanie invest\u00edci\u00ed v miestnych org\u00e1noch. Ide o v\u00fdstavbu chodn\u00edkov a \u017eelezni\u010dn\u00fdch stan\u00edc. Navrhuje sa zdvojn\u00e1sobi\u0165 finan\u010dn\u00e9 prostriedky pre obce, ktor\u00e9 chc\u00fa obnovi\u0165 autobusov\u00fa dopravu. V nasleduj\u00facich rokoch sa m\u00e1 v r\u00e1mci programu invest\u00edci\u00ed do \u017eelezni\u010dn\u00fdch stan\u00edc, ktor\u00fd bol prijat\u00fd v roku 2017, realizova\u0165 v\u00fdstavba pribli\u017ene 200 nov\u00fdch \u017eelezni\u010dn\u00fdch stan\u00edc a renov\u00e1cia star\u00fdch stan\u00edc za 1 miliardu PLN.<\/p>\n<p><strong>R\u00ddCHLEJ\u0160\u00cd INTERNET. <\/strong>Odstr\u00e1nime tzv. biele miesta na internetovej mape krajiny a pripoj\u00edme vzdel\u00e1vacie in\u0161tit\u00facie k r\u00fdchlemu \u0161irokop\u00e1smov\u00e9mu internetu. Vl\u00e1da chce v priebehu 3 a\u017e 4 rokov vynalo\u017ei\u0165 4 miliardy PLN na pripojenie 20 000 \u0161k\u00f4l k r\u00fdchlej sieti.<\/p>\n<p><strong>\u017dIJE\u0160, ROZHODUJE\u0160 SA TY.<\/strong> Program umo\u017e\u0148uj\u00faci aktiviz\u00e1ciu obc\u00ed, najm\u00e4 t\u00fdch men\u0161\u00edch, s cie\u013eom vytvori\u0165 ob\u010dianske, participat\u00edvne rozpo\u010dty. Vl\u00e1da chce na tento \u00fa\u010del vy\u010dleni\u0165 300 mili\u00f3nov PLN.<\/p>\n<p>Premi\u00e9r Morawiecki pripomenul, \u017ee vl\u00e1da pln\u00ed s\u013euby obsiahnut\u00e9 v Morawieck\u00e9ho p\u00e4\u0165ke. Zaviedol \"mal\u00fa ZU\u0160\", program \u0161kolsk\u00fdch pr\u00edspevkov \"Dobr\u00fd \u0161tart\", program \"Bezbari\u00e9rovos\u0165 plus\" pre zdravotne postihnut\u00e9 osoby, ni\u017e\u0161ie dane z pr\u00edjmu pre mal\u00e9 podniky alebo invest\u00edcie do ciest.<\/p>\n<p>\"Spolo\u010dne kr\u00e1\u010dame k v\u00ed\u0165azstvu, kr\u00e1\u010dame k lep\u0161iemu Po\u013esku a k<br \/>\nSpolo\u010dn\u00fdm \u00fasil\u00edm bude ma\u0165 Po\u013esko za 15-20 rokov<br \/>\nrovnako ako na z\u00e1pad od na\u0161ich hran\u00edc\". - Jaros\u0142aw Kaczy\u0144ski, predseda strany Pr\u00e1vo a spravodlivos\u0165 (PiS), povedal (...) \"Do t\u00fdchto volieb nejdeme preto, aby sme boli pr\u00edsni a zodpovedn\u00ed. Budeme kona\u0165 len tam, kde do\u0161lo k drastick\u00fdm udalostiam, kde boli zranen\u00ed \u013eudia, kde do\u0161lo k zlo\u010dinom, dokonca k trestn\u00fdm \u010dinom, kde do\u0161lo k ve\u013ek\u00e9mu zneu\u017eitiu, ako vo Var\u0161ave,\" povedal Kaczy\u0144ski. - Jaros\u0142aw Kaczy\u0144ski argumentoval.<\/p>\n<p>Po\u010das zjazdu sa predstavili aj kandid\u00e1ti na starostov: Patryk Jaki (Var\u0161ava), Ma\u0142gorzata Wassermann (Krakov), Miros\u0142awa Stachowiak-R\u00f3\u017cecka (Vroclav), Kacper P\u0142a\u017cy\u0144ski (Gdansk), Lucjusz Nadbere\u017cny (Stalowa Wola).<\/p>\n<p>Okrem toho l\u00eddri Zjednotenej pravice: PiS (Jaroslaw Kaczynski), Solidarna Polska (Zbigniew Ziobro) a Porozumienie (Jaroslaw Gowin) podp\u00edsali dohodu, v ktorej sa zaviazali, \u017ee v nadch\u00e1dzaj\u00facich komun\u00e1lnych vo\u013eb\u00e1ch, parlamentn\u00fdch vo\u013eb\u00e1ch a vo\u013eb\u00e1ch do Eur\u00f3pskeho parlamentu postavia kandid\u00e1tov z listiny PiS a podporia spolo\u010dn\u00e9ho kandid\u00e1ta na prezidenta v roku 2020.<\/p>\n<p><em>Foto: M. Olejnik<\/em> <a href=\"https:\/\/marekkuchcinski.pl\/wp-content\/uploads\/2018\/09\/DSCF0160-1.jpg\"><img fetchpriority=\"high\" decoding=\"async\" class=\"alignnone size-full wp-image-10187\" src=\"https:\/\/marekkuchcinski.pl\/wp-content\/uploads\/2018\/09\/DSCF0160-1.jpg\" alt=\"DSCF0160 (1)\" width=\"3971\" height=\"2709\" srcset=\"https:\/\/marekkuchcinski.pl\/wp-content\/uploads\/2018\/09\/DSCF0160-1.jpg 2048w, https:\/\/marekkuchcinski.pl\/wp-content\/uploads\/2018\/09\/DSCF0160-1-300x205.jpg 300w, https:\/\/marekkuchcinski.pl\/wp-content\/uploads\/2018\/09\/DSCF0160-1-768x524.jpg 768w, https:\/\/marekkuchcinski.pl\/wp-content\/uploads\/2018\/09\/DSCF0160-1-1024x699.jpg 1024w\" sizes=\"(max-width: 3971px) 100vw, 3971px\" \/><\/a> <a href=\"https:\/\/marekkuchcinski.pl\/wp-content\/uploads\/2018\/09\/DSCF0162-1.jpg\"><img decoding=\"async\" class=\"alignnone size-full wp-image-10188\" src=\"https:\/\/marekkuchcinski.pl\/wp-content\/uploads\/2018\/09\/DSCF0162-1.jpg\" alt=\"DSCF0162 (1)\" width=\"4896\" height=\"3264\" srcset=\"https:\/\/marekkuchcinski.pl\/wp-content\/uploads\/2018\/09\/DSCF0162-1.jpg 2048w, https:\/\/marekkuchcinski.pl\/wp-content\/uploads\/2018\/09\/DSCF0162-1-300x200.jpg 300w, https:\/\/marekkuchcinski.pl\/wp-content\/uploads\/2018\/09\/DSCF0162-1-768x512.jpg 768w, https:\/\/marekkuchcinski.pl\/wp-content\/uploads\/2018\/09\/DSCF0162-1-1024x683.jpg 1024w\" sizes=\"(max-width: 4896px) 100vw, 4896px\" \/><\/a> <a href=\"https:\/\/marekkuchcinski.pl\/wp-content\/uploads\/2018\/09\/DSCF0245-1.jpg\"><img decoding=\"async\" class=\"alignnone size-full wp-image-10190\" src=\"https:\/\/marekkuchcinski.pl\/wp-content\/uploads\/2018\/09\/DSCF0245-1.jpg\" alt=\"DSCF0245 (1)\" width=\"3931\" height=\"2416\" srcset=\"https:\/\/marekkuchcinski.pl\/wp-content\/uploads\/2018\/09\/DSCF0245-1.jpg 2048w, https:\/\/marekkuchcinski.pl\/wp-content\/uploads\/2018\/09\/DSCF0245-1-300x184.jpg 300w, https:\/\/marekkuchcinski.pl\/wp-content\/uploads\/2018\/09\/DSCF0245-1-768x472.jpg 768w, https:\/\/marekkuchcinski.pl\/wp-content\/uploads\/2018\/09\/DSCF0245-1-1024x629.jpg 1024w\" sizes=\"(max-width: 3931px) 100vw, 3931px\" \/><\/a> <a href=\"https:\/\/marekkuchcinski.pl\/wp-content\/uploads\/2018\/09\/DSCF0271-2.jpg\"><img loading=\"lazy\" decoding=\"async\" class=\"alignnone size-full wp-image-10192\" src=\"https:\/\/marekkuchcinski.pl\/wp-content\/uploads\/2018\/09\/DSCF0271-2.jpg\" alt=\"DSCF0271 (2)\" width=\"4408\" height=\"3098\" srcset=\"https:\/\/marekkuchcinski.pl\/wp-content\/uploads\/2018\/09\/DSCF0271-2.jpg 2048w, https:\/\/marekkuchcinski.pl\/wp-content\/uploads\/2018\/09\/DSCF0271-2-300x211.jpg 300w, https:\/\/marekkuchcinski.pl\/wp-content\/uploads\/2018\/09\/DSCF0271-2-768x540.jpg 768w, https:\/\/marekkuchcinski.pl\/wp-content\/uploads\/2018\/09\/DSCF0271-2-1024x720.jpg 1024w\" sizes=\"(max-width: 4408px) 100vw, 4408px\" \/><\/a><\/p>","protected":false},"excerpt":{"rendered":"<p>Pi\u0119\u0107 propozycji dla samorz\u0105d\u00f3w to kolejne\u00a0oferty\u00a0Prawa i Sprawiedliwo\u015bci\u00a0po tzw. Pi\u0105tce Morawieckiego na polepszenie \u017cycia Polak\u00f3w. Podczas Konwencji PiS premier przedstawi\u0142 program\u00a0maj\u0105cy na\u00a0celu tak\u017ce jak najlepsz\u0105 wsp\u00f3\u0142prac\u0119 mi\u0119dzy w\u0142adz\u0105 centraln\u0105 a samorz\u0105dami: CIEP\u0141Y DOM. Zaanga\u017cowanie w termomodernizacj\u0119 budynk\u00f3w, a tak\u017ce w gospodark\u0119 odpadow\u0105. We wrze\u015bniu ruszy najwi\u0119kszy program termomodernizacyjny, kt\u00f3ry przyniesie realne oszcz\u0119dno\u015bci dla obywateli w [&hellip;]<\/p>\n","protected":false},"author":6,"featured_media":10211,"comment_status":"open","ping_status":"open","sticky":false,"template":"","format":"standard","meta":{"ngg_post_thumbnail":0,"footnotes":""},"categories":[82,3],"tags":[],"class_list":["post-10169","post","type-post","status-publish","format-standard","has-post-thumbnail","hentry","category-prawo-i-sprawiedliwosc","category-wydarzenia"],"_links":{"self":[{"href":"https:\/\/marekkuchcinski.pl\/sk\/wp-json\/wp\/v2\/posts\/10169","targetHints":{"allow":["GET"]}}],"collection":[{"href":"https:\/\/marekkuchcinski.pl\/sk\/wp-json\/wp\/v2\/posts"}],"about":[{"href":"https:\/\/marekkuchcinski.pl\/sk\/wp-json\/wp\/v2\/types\/post"}],"author":[{"embeddable":true,"href":"https:\/\/marekkuchcinski.pl\/sk\/wp-json\/wp\/v2\/users\/6"}],"replies":[{"embeddable":true,"href":"https:\/\/marekkuchcinski.pl\/sk\/wp-json\/wp\/v2\/comments?post=10169"}],"version-history":[{"count":18,"href":"https:\/\/marekkuchcinski.pl\/sk\/wp-json\/wp\/v2\/posts\/10169\/revisions"}],"predecessor-version":[{"id":10215,"href":"https:\/\/marekkuchcinski.pl\/sk\/wp-json\/wp\/v2\/posts\/10169\/revisions\/10215"}],"wp:featuredmedia":[{"embeddable":true,"href":"https:\/\/marekkuchcinski.pl\/sk\/wp-json\/wp\/v2\/media\/10211"}],"wp:attachment":[{"href":"https:\/\/marekkuchcinski.pl\/sk\/wp-json\/wp\/v2\/media?parent=10169"}],"wp:term":[{"taxonomy":"category","embeddable":true,"href":"https:\/\/marekkuchcinski.pl\/sk\/wp-json\/wp\/v2\/categories?post=10169"},{"taxonomy":"post_tag","embeddable":true,"href":"https:\/\/marekkuchcinski.pl\/sk\/wp-json\/wp\/v2\/tags?post=10169"}],"curies":[{"name":"wp","href":"https:\/\/api.w.org\/{rel}","templated":true}]}}