{"id":10150,"date":"2018-09-01T20:51:07","date_gmt":"2018-09-01T18:51:07","guid":{"rendered":"https:\/\/marekkuchcinski.pl\/?p=10150"},"modified":"2018-09-01T20:53:59","modified_gmt":"2018-09-01T18:53:59","slug":"muzeum-narodowe-ziemi-przemyskiej-wspolprowadzone-mzp","status":"publish","type":"post","link":"https:\/\/marekkuchcinski.pl\/sk\/wydarzenia\/muzeum-narodowe-ziemi-przemyskiej-wspolprowadzone-mzp\/","title":{"rendered":"N\u00e1rodn\u00e9 m\u00fazeum Przemy\u0161lsk\u00e9ho regi\u00f3nu, ktor\u00e9 spoluzodpoved\u00e1 ministerstvo kult\u00fary"},"content":{"rendered":"<p>Kult\u00farne, duchovn\u00e9 a intelektu\u00e1lne dedi\u010dstvo mnoh\u00fdch gener\u00e1ci\u00ed obyvate\u013eov Przemy\u015blanu, \u013eud\u00ed \u017eij\u00facich na kri\u017eovatke kult\u00far, na hranici n\u00e1rodov, je nie\u010do tak jedine\u010dn\u00e9, \u017ee sa o\u0148 treba stara\u0165.<\/p>\n<p>N\u00e1rodn\u00e9 m\u00fazeum Przemysla m\u00e1 viac ako 100-ro\u010dn\u00fa trad\u00edciu. Podpis zmluvy o spoluzodpovednosti za spr\u00e1vu MZP ministrom kult\u00fary a n\u00e1rodn\u00e9ho dedi\u010dstva je vyjadren\u00edm ocenenia pr\u00e1ce m\u00fazea a br\u00e1nou k lep\u0161iemu rozvoju a populariz\u00e1cii kult\u00fary a trad\u00edci\u00ed regi\u00f3nu.<\/p>\n<p>Pri pr\u00edle\u017eitosti 100. v\u00fdro\u010dia znovuz\u00edskania nez\u00e1vislosti Po\u013eska m\u00e1 toto podujatie osobitn\u00fd rozmer. V hist\u00f3rii mesta, v jeho hrdej a pohnutej minulosti, m\u00f4\u017eeme n\u00e1js\u0165 mnoho hrdinsk\u00fdch povstan\u00ed, ozbrojen\u00fdch protestov, politick\u00fdch vyhl\u00e1sen\u00ed a obetav\u00fdch \u010dinov, ktor\u00e9 viedli k znovuz\u00edskaniu a udr\u017eaniu nez\u00e1vislosti. Niet poch\u00fdb o tom, \u017ee t\u00fato kr\u00e1snu minulos\u0165 pln\u00fa postojov, ktor\u00e9 formovali mesto, treba chr\u00e1ni\u0165 pred zabudnut\u00edm.<\/p>\n<p>- Je to ve\u013emi d\u00f4le\u017eit\u00e1 udalos\u0165 pre Podkarpatsko, Po\u013esko, stredn\u00fa a v\u00fdchodn\u00fa Eur\u00f3pu. Vl\u00e1da Po\u013eskej republiky s podporou parlamentu posil\u0148uje a obohacuje v\u00fdnimo\u010dn\u00e9 miesta. Zd\u00f4raz\u0148uj\u00fa ve\u013ek\u00e9 z\u00e1sluhy Przemy\u0161\u013ea o dedi\u010dstvo na\u0161ej vlasti a eur\u00f3pskej civiliz\u00e1cie,\" povedal predseda Sejmu Marek Kuchci\u0144ski, ktor\u00fd sa u\u017e dlh\u00e9 roky usiluje o podporu m\u00fazea.<\/p>\n<p>- Dnes, pri pr\u00edle\u017eitosti 100. v\u00fdro\u010dia znovuz\u00edskania nez\u00e1vislosti Po\u013eska, dost\u00e1va m\u00fazeum, ktor\u00e9 vzniklo v\u010faka vlasteneck\u00e9mu nad\u0161eniu a \u0161tedrosti obyvate\u013eov, \u0161t\u00e1tnu z\u00e1\u0161titu. Je pre m\u0148a ve\u013ek\u00fdm osobn\u00fdm zados\u0165u\u010dinen\u00edm, \u017ee za t\u00fdmto rozhodnut\u00edm stoja \u013eudia, ktor\u00ed v 80. rokoch 20. storo\u010dia bojovali za slobodn\u00fa kult\u00faru, slobodu slova a skuto\u010dn\u00fa slobodu Po\u013eska,\" povedal riadite\u013e m\u00fazea Jan Jarosz.<\/p>\n<p>Na podujat\u00ed sa z\u00fa\u010dastnili aj Piotr Gli\u0144ski, minister kult\u00fary a n\u00e1rodn\u00e9ho dedi\u010dstva, W\u0142adys\u0142aw Ortyl, mar\u0161al Podkarpatsk\u00e9ho vojvodstva, a Robert Choma, prim\u00e1tor mesta Przemy\u015bl.<\/p>\n<p><em>Foto: Marek Mikrut<\/em><\/p>\n<p><a href=\"https:\/\/marekkuchcinski.pl\/wp-content\/uploads\/2018\/09\/SG204191.jpg\"><img fetchpriority=\"high\" decoding=\"async\" class=\"alignnone size-full wp-image-10160\" src=\"https:\/\/marekkuchcinski.pl\/wp-content\/uploads\/2018\/09\/SG204191.jpg\" alt=\"SG204191\" width=\"3370\" height=\"2301\" srcset=\"https:\/\/marekkuchcinski.pl\/wp-content\/uploads\/2018\/09\/SG204191.jpg 2048w, https:\/\/marekkuchcinski.pl\/wp-content\/uploads\/2018\/09\/SG204191-300x205.jpg 300w, https:\/\/marekkuchcinski.pl\/wp-content\/uploads\/2018\/09\/SG204191-768x524.jpg 768w, https:\/\/marekkuchcinski.pl\/wp-content\/uploads\/2018\/09\/SG204191-1024x699.jpg 1024w\" sizes=\"(max-width: 3370px) 100vw, 3370px\" \/><\/a> <a href=\"https:\/\/marekkuchcinski.pl\/wp-content\/uploads\/2018\/09\/SG204217.jpg\"><img decoding=\"async\" class=\"alignnone size-full wp-image-10162\" src=\"https:\/\/marekkuchcinski.pl\/wp-content\/uploads\/2018\/09\/SG204217.jpg\" alt=\"SG204217\" width=\"4672\" height=\"3104\" srcset=\"https:\/\/marekkuchcinski.pl\/wp-content\/uploads\/2018\/09\/SG204217.jpg 2048w, https:\/\/marekkuchcinski.pl\/wp-content\/uploads\/2018\/09\/SG204217-300x199.jpg 300w, https:\/\/marekkuchcinski.pl\/wp-content\/uploads\/2018\/09\/SG204217-768x510.jpg 768w, https:\/\/marekkuchcinski.pl\/wp-content\/uploads\/2018\/09\/SG204217-1024x680.jpg 1024w\" sizes=\"(max-width: 4672px) 100vw, 4672px\" \/><\/a> <a href=\"https:\/\/marekkuchcinski.pl\/wp-content\/uploads\/2018\/09\/SG204245.jpg\"><img decoding=\"async\" class=\"alignnone size-full wp-image-10163\" src=\"https:\/\/marekkuchcinski.pl\/wp-content\/uploads\/2018\/09\/SG204245.jpg\" alt=\"SG204245\" width=\"4672\" height=\"3104\" srcset=\"https:\/\/marekkuchcinski.pl\/wp-content\/uploads\/2018\/09\/SG204245.jpg 2048w, https:\/\/marekkuchcinski.pl\/wp-content\/uploads\/2018\/09\/SG204245-300x199.jpg 300w, https:\/\/marekkuchcinski.pl\/wp-content\/uploads\/2018\/09\/SG204245-768x510.jpg 768w, https:\/\/marekkuchcinski.pl\/wp-content\/uploads\/2018\/09\/SG204245-1024x680.jpg 1024w\" sizes=\"(max-width: 4672px) 100vw, 4672px\" \/><\/a> <a href=\"https:\/\/marekkuchcinski.pl\/wp-content\/uploads\/2018\/09\/SG204298.jpg\"><img loading=\"lazy\" decoding=\"async\" class=\"alignnone size-full wp-image-10165\" src=\"https:\/\/marekkuchcinski.pl\/wp-content\/uploads\/2018\/09\/SG204298.jpg\" alt=\"SG204298\" width=\"4672\" height=\"3104\" srcset=\"https:\/\/marekkuchcinski.pl\/wp-content\/uploads\/2018\/09\/SG204298.jpg 2048w, https:\/\/marekkuchcinski.pl\/wp-content\/uploads\/2018\/09\/SG204298-300x199.jpg 300w, https:\/\/marekkuchcinski.pl\/wp-content\/uploads\/2018\/09\/SG204298-768x510.jpg 768w, https:\/\/marekkuchcinski.pl\/wp-content\/uploads\/2018\/09\/SG204298-1024x680.jpg 1024w\" sizes=\"(max-width: 4672px) 100vw, 4672px\" \/><\/a> <a href=\"https:\/\/marekkuchcinski.pl\/wp-content\/uploads\/2018\/09\/SG204324.jpg\"><img loading=\"lazy\" decoding=\"async\" class=\"alignnone size-full wp-image-10166\" src=\"https:\/\/marekkuchcinski.pl\/wp-content\/uploads\/2018\/09\/SG204324.jpg\" alt=\"SG204324\" width=\"4672\" height=\"3104\" srcset=\"https:\/\/marekkuchcinski.pl\/wp-content\/uploads\/2018\/09\/SG204324.jpg 2048w, https:\/\/marekkuchcinski.pl\/wp-content\/uploads\/2018\/09\/SG204324-300x199.jpg 300w, https:\/\/marekkuchcinski.pl\/wp-content\/uploads\/2018\/09\/SG204324-768x510.jpg 768w, https:\/\/marekkuchcinski.pl\/wp-content\/uploads\/2018\/09\/SG204324-1024x680.jpg 1024w\" sizes=\"(max-width: 4672px) 100vw, 4672px\" \/><\/a><\/p>","protected":false},"excerpt":{"rendered":"<p>Dziedzictwo kulturowe, duchowe, intelektualne wielu pokole\u0144 przemy\u015blan, ludzi \u017cyj\u0105cych na styku kultur, pograniczu narod\u00f3w, jest czym\u015b tak wyj\u0105tkowym, \u017ce musi by\u0107 otoczone opiek\u0105. Muzeum Narodowe Ziemi Przemyskiej ma ponad 100-letni\u0105 tradycj\u0119. Podpisanie umowy o wsp\u00f3\u0142prowadzeniu MZP przez Ministra Kultury i Dziedzictwa Narodowego jest wyrazem docenienia pracy Muzeum oraz furtk\u0105 do lepszego rozwoju i popularyzacji kultury [&hellip;]<\/p>\n","protected":false},"author":6,"featured_media":10159,"comment_status":"open","ping_status":"open","sticky":false,"template":"","format":"standard","meta":{"ngg_post_thumbnail":0,"footnotes":""},"categories":[49,3],"tags":[],"class_list":["post-10150","post","type-post","status-publish","format-standard","has-post-thumbnail","hentry","category-podkarpacie","category-wydarzenia"],"_links":{"self":[{"href":"https:\/\/marekkuchcinski.pl\/sk\/wp-json\/wp\/v2\/posts\/10150","targetHints":{"allow":["GET"]}}],"collection":[{"href":"https:\/\/marekkuchcinski.pl\/sk\/wp-json\/wp\/v2\/posts"}],"about":[{"href":"https:\/\/marekkuchcinski.pl\/sk\/wp-json\/wp\/v2\/types\/post"}],"author":[{"embeddable":true,"href":"https:\/\/marekkuchcinski.pl\/sk\/wp-json\/wp\/v2\/users\/6"}],"replies":[{"embeddable":true,"href":"https:\/\/marekkuchcinski.pl\/sk\/wp-json\/wp\/v2\/comments?post=10150"}],"version-history":[{"count":8,"href":"https:\/\/marekkuchcinski.pl\/sk\/wp-json\/wp\/v2\/posts\/10150\/revisions"}],"predecessor-version":[{"id":10168,"href":"https:\/\/marekkuchcinski.pl\/sk\/wp-json\/wp\/v2\/posts\/10150\/revisions\/10168"}],"wp:featuredmedia":[{"embeddable":true,"href":"https:\/\/marekkuchcinski.pl\/sk\/wp-json\/wp\/v2\/media\/10159"}],"wp:attachment":[{"href":"https:\/\/marekkuchcinski.pl\/sk\/wp-json\/wp\/v2\/media?parent=10150"}],"wp:term":[{"taxonomy":"category","embeddable":true,"href":"https:\/\/marekkuchcinski.pl\/sk\/wp-json\/wp\/v2\/categories?post=10150"},{"taxonomy":"post_tag","embeddable":true,"href":"https:\/\/marekkuchcinski.pl\/sk\/wp-json\/wp\/v2\/tags?post=10150"}],"curies":[{"name":"wp","href":"https:\/\/api.w.org\/{rel}","templated":true}]}}