{"id":10022,"date":"2018-08-23T11:38:45","date_gmt":"2018-08-23T09:38:45","guid":{"rendered":"https:\/\/marekkuchcinski.pl\/?p=10022"},"modified":"2018-08-23T12:14:29","modified_gmt":"2018-08-23T10:14:29","slug":"kalwaria-paclawska-park-krajobrazowy-pogorza-przemyskiego-ponadczasowe-piekno-ktore-musimy-chronic","status":"publish","type":"post","link":"https:\/\/marekkuchcinski.pl\/sk\/bez-kategorii\/kalwaria-paclawska-park-krajobrazowy-pogorza-przemyskiego-ponadczasowe-piekno-ktore-musimy-chronic\/","title":{"rendered":"Pac\u0142awsk\u00e1 kalv\u00e1ria, Krasiczyn a Park krajinn\u00fd Przemy\u0161lsk\u00e9ho podhoria - nad\u010dasov\u00e1 kr\u00e1sa, ktor\u00fa mus\u00edme chr\u00e1ni\u0165"},"content":{"rendered":"<p class=\"p1\"><strong>O nieko\u013eko dn\u00ed sa uskuto\u010dn\u00ed medzin\u00e1rodn\u00e1 konferencia\u00a0<\/strong>\"<strong>Karpatsk\u00e1 Eur\u00f3pa\" v Krynici. Spolu s\u00a0<\/strong>\"<strong>star\u00ed\" priatelia, v kr\u00e1snom augustovom po\u010das\u00ed sme sa stretli a diskutovali o materi\u00e1loch pre \u010fal\u0161ie aktivity na ochranu star\u00fdch pamiatok a starobylej pr\u00edrody. <\/strong><\/p>\n<p class=\"p1\">S profesorom Jerzym Pi\u00f3reckim, zakladate\u013eom Fyziografick\u00e9ho oddelenia Po\u013eskej akad\u00e9mie vied a Arbor\u00e9ta Bolestraszyce, Januszom Czarskim, riadite\u013eom Kult\u00farneho centra v Przemy\u015bli, a Andrzejom Mazurom, b\u00fdval\u00fdm expertom Po\u013eskej akad\u00e9mie vied, ktor\u00fd v s\u00fa\u010dasnosti p\u00ed\u0161e o ekopolitiku Przemy\u015bla s \u00fazemiami pl\u00e1novan\u00e9ho Turnick\u00e9ho n\u00e1rodn\u00e9ho parku, sme sa vydali do Kalwarie Pac\u0142awskej. Historick\u00e1 sv\u00e4ty\u0148a Kalwaria oslavuje 350. v\u00fdro\u010die svojho zalo\u017eenia. Ob\u013e\u00faben\u00e9 p\u00fatnick\u00e9 miesto, ktor\u00e9 sa tiahne v d\u013a\u017eke nieko\u013ek\u00fdch kilometrov, je pr\u00edstupn\u00e9 turistom a jeho s\u00fa\u010das\u0165ou je nieko\u013eko metrov vysok\u00e1 dreven\u00e1 vyhliadkov\u00e1 ve\u017ea. Turistick\u00e9 chodn\u00edky odtia\u013eto ved\u00fa do Kalv\u00e1rskych Polon\u00edn a \u010falej do Arlamovsk\u00fdch vrchov.<\/p>\n<p class=\"p1\">O. Guardian n\u00e1s oboznamuje s programom osl\u00e1v a poz\u00fdva n\u00e1s na sl\u00e1vnostn\u00fd koncert Podkarpatskej filharm\u00f3nie. Profesor Jerzy Pi\u00f3recki n\u00e1s prevedie kl\u00e1\u0161torn\u00fdm parkom s p\u00f4vodn\u00fdmi exempl\u00e1rmi vy\u0161e 100-ro\u010dn\u00fdch l\u00edp, tisov a pr\u00edrodn\u00fdm fenom\u00e9nom n\u00e1\u0161ho podnebia - javorom japonsk\u00fdm.  Spolu s turistami pozorujeme a obdivujeme p\u00f4sobiv\u00fa panor\u00e1mu Przemysk\u00e9ho podhoria a ukrajinskej \u010dasti Karp\u00e1t.<\/p>\n<p class=\"p1\">Po Kalv\u00e1rii sme sa na n\u00e1vrh p\u00e1na profesora vybrali do K\u0148a\u017e\u00edc. Zozn\u00e1mili sme sa s takmer 100-ro\u010dn\u00fdm dreven\u00fdm kostolom spojen\u00fdm s rodinou Pawlikowsk\u00fdch, s unik\u00e1tnymi ma\u013ebami, ako je obraz Lely Pawlikowskej \"Matka Boska Zielna\" a obraz \"Sv\u00e4t\u00fd J\u00e1n Gwalbert\" od Juliusza Studnick\u00e9ho.<\/p>\n<p class=\"p1\">Hodina pr\u00edrody v pr\u00edrode - obdivovanie kr\u00e1snej krajiny, hist\u00f3ria v\u00fdsadby historick\u00fdch stromov. Lekcia o hist\u00f3rii regi\u00f3nu. Pou\u010denie o mo\u017enostiach \u010fal\u0161ej ochrany kult\u00farnych pamiatok.<\/p>\n<p class=\"p1\">Vznikne Turnick\u00fd n\u00e1rodn\u00fd park? A ak \u00e1no - v ak\u00fdch hraniciach? Alebo by sa mal premenova\u0165 na Ledzinsk\u00fd n\u00e1rodn\u00fd park? Z\u00edska Kalv\u00e1ria \u0161tat\u00fat historickej pamiatky a bude potom zap\u00edsan\u00e1 do zoznamu svetov\u00e9ho dedi\u010dstva UNESCO? Bude renesan\u010dn\u00fd pal\u00e1c v Krasiczyne, ktor\u00fd bol ned\u00e1vno zap\u00edsan\u00fd na zoznam historick\u00fdch pamiatok, tie\u017e v UNESCO?  Kedy bud\u00fa obrazy Lely Pawlikowskej a Juliusza Stadnick\u00e9ho pr\u00edstupn\u00e9 verejnosti? Ako chr\u00e1ni\u0165 jedine\u010dn\u00e9 pr\u00edrodn\u00e9 a kult\u00farne pamiatky?<\/p>\n<p class=\"p1\"><em>Marek Kuchci\u0144ski<\/em><\/p>\n<p class=\"p1\"><a href=\"https:\/\/marekkuchcinski.pl\/wp-content\/uploads\/2018\/08\/Libera.jpg\"><img fetchpriority=\"high\" decoding=\"async\" class=\"alignnone size-full wp-image-10025\" src=\"https:\/\/marekkuchcinski.pl\/wp-content\/uploads\/2018\/08\/Libera.jpg\" alt=\"Libera\" width=\"1440\" height=\"1051\" srcset=\"https:\/\/marekkuchcinski.pl\/wp-content\/uploads\/2018\/08\/Libera.jpg 1440w, https:\/\/marekkuchcinski.pl\/wp-content\/uploads\/2018\/08\/Libera-300x219.jpg 300w, https:\/\/marekkuchcinski.pl\/wp-content\/uploads\/2018\/08\/Libera-768x561.jpg 768w, https:\/\/marekkuchcinski.pl\/wp-content\/uploads\/2018\/08\/Libera-1024x747.jpg 1024w\" sizes=\"(max-width: 1440px) 100vw, 1440px\" \/><\/a><em>Przemy\u015bl, Libera. Priatelia, pravideln\u00ed n\u00e1v\u0161tevn\u00edci Kult\u00farneho podkrovia (pred 30 rokmi), z\u013eava: Janusz Czarski, Jerzy Pi\u00f3recki, Marek Kuchci\u0144ski, Jurek Bonarek, Marek Mikrut, Andrzej Mazur. Hovor\u00edme o podobn\u00fdch ot\u00e1zkach ako v minulosti, t. j. ako sa stara\u0165 o to, \u010do je cenn\u00e9, a o nad\u010dasov\u00fdch veciachArbor\u00e9tum, Bolestraszyce, Podkarpacie<\/em><a href=\"https:\/\/marekkuchcinski.pl\/wp-content\/uploads\/2018\/08\/PSX_20180823_112125_2.jpg\"><img decoding=\"async\" class=\"alignnone size-full wp-image-10031\" src=\"https:\/\/marekkuchcinski.pl\/wp-content\/uploads\/2018\/08\/PSX_20180823_112125_2.jpg\" alt=\"PSX_20180823_112125_2\" width=\"1080\" height=\"726\" srcset=\"https:\/\/marekkuchcinski.pl\/wp-content\/uploads\/2018\/08\/PSX_20180823_112125_2.jpg 1080w, https:\/\/marekkuchcinski.pl\/wp-content\/uploads\/2018\/08\/PSX_20180823_112125_2-300x202.jpg 300w, https:\/\/marekkuchcinski.pl\/wp-content\/uploads\/2018\/08\/PSX_20180823_112125_2-768x516.jpg 768w, https:\/\/marekkuchcinski.pl\/wp-content\/uploads\/2018\/08\/PSX_20180823_112125_2-1024x688.jpg 1024w\" sizes=\"(max-width: 1080px) 100vw, 1080px\" \/><\/a> <a href=\"https:\/\/marekkuchcinski.pl\/wp-content\/uploads\/2018\/08\/PSX_20180823_112214_2.jpg\"><img decoding=\"async\" class=\"alignnone size-full wp-image-10032\" src=\"https:\/\/marekkuchcinski.pl\/wp-content\/uploads\/2018\/08\/PSX_20180823_112214_2.jpg\" alt=\"PSX_20180823_112214_2\" width=\"1981\" height=\"1354\" srcset=\"https:\/\/marekkuchcinski.pl\/wp-content\/uploads\/2018\/08\/PSX_20180823_112214_2.jpg 1981w, https:\/\/marekkuchcinski.pl\/wp-content\/uploads\/2018\/08\/PSX_20180823_112214_2-300x205.jpg 300w, https:\/\/marekkuchcinski.pl\/wp-content\/uploads\/2018\/08\/PSX_20180823_112214_2-768x525.jpg 768w, https:\/\/marekkuchcinski.pl\/wp-content\/uploads\/2018\/08\/PSX_20180823_112214_2-1024x700.jpg 1024w\" sizes=\"(max-width: 1981px) 100vw, 1981px\" \/><\/a> <a href=\"https:\/\/marekkuchcinski.pl\/wp-content\/uploads\/2018\/08\/PSX_20180823_112354_2.jpg\"><img loading=\"lazy\" decoding=\"async\" class=\"alignnone size-full wp-image-10033\" src=\"https:\/\/marekkuchcinski.pl\/wp-content\/uploads\/2018\/08\/PSX_20180823_112354_2.jpg\" alt=\"PSX_20180823_112354_2\" width=\"2498\" height=\"1575\" srcset=\"https:\/\/marekkuchcinski.pl\/wp-content\/uploads\/2018\/08\/PSX_20180823_112354_2.jpg 2048w, https:\/\/marekkuchcinski.pl\/wp-content\/uploads\/2018\/08\/PSX_20180823_112354_2-300x189.jpg 300w, https:\/\/marekkuchcinski.pl\/wp-content\/uploads\/2018\/08\/PSX_20180823_112354_2-768x484.jpg 768w, https:\/\/marekkuchcinski.pl\/wp-content\/uploads\/2018\/08\/PSX_20180823_112354_2-1024x646.jpg 1024w\" sizes=\"(max-width: 2498px) 100vw, 2498px\" \/><\/a> <a href=\"https:\/\/marekkuchcinski.pl\/wp-content\/uploads\/2018\/08\/PSX_20180823_112514_2.jpg\"><img loading=\"lazy\" decoding=\"async\" class=\"alignnone size-full wp-image-10034\" src=\"https:\/\/marekkuchcinski.pl\/wp-content\/uploads\/2018\/08\/PSX_20180823_112514_2.jpg\" alt=\"PSX_20180823_112514_2\" width=\"4608\" height=\"3072\" srcset=\"https:\/\/marekkuchcinski.pl\/wp-content\/uploads\/2018\/08\/PSX_20180823_112514_2.jpg 2048w, https:\/\/marekkuchcinski.pl\/wp-content\/uploads\/2018\/08\/PSX_20180823_112514_2-300x200.jpg 300w, https:\/\/marekkuchcinski.pl\/wp-content\/uploads\/2018\/08\/PSX_20180823_112514_2-768x512.jpg 768w, https:\/\/marekkuchcinski.pl\/wp-content\/uploads\/2018\/08\/PSX_20180823_112514_2-1024x683.jpg 1024w\" sizes=\"(max-width: 4608px) 100vw, 4608px\" \/><\/a><em>Foto: Arch\u00edv kl\u00e1\u0161tora v Kalwarii Pac\u0142awskej<\/em><a href=\"https:\/\/marekkuchcinski.pl\/wp-content\/uploads\/2018\/08\/Krasiczyn.jpg\"><img loading=\"lazy\" decoding=\"async\" class=\"alignnone size-full wp-image-10035\" src=\"https:\/\/marekkuchcinski.pl\/wp-content\/uploads\/2018\/08\/Krasiczyn.jpg\" alt=\"Krasiczyn\" width=\"2048\" height=\"1365\" srcset=\"https:\/\/marekkuchcinski.pl\/wp-content\/uploads\/2018\/08\/Krasiczyn.jpg 2048w, https:\/\/marekkuchcinski.pl\/wp-content\/uploads\/2018\/08\/Krasiczyn-300x200.jpg 300w, https:\/\/marekkuchcinski.pl\/wp-content\/uploads\/2018\/08\/Krasiczyn-768x512.jpg 768w, https:\/\/marekkuchcinski.pl\/wp-content\/uploads\/2018\/08\/Krasiczyn-1024x683.jpg 1024w\" sizes=\"(max-width: 2048px) 100vw, 2048px\" \/><\/a><em>Krasiczyn<\/em>,\u00a0<em>Foto: Piotr Michalski<\/em><a href=\"https:\/\/marekkuchcinski.pl\/wp-content\/uploads\/2018\/08\/PSX_20180823_120955_2.jpg\"><img loading=\"lazy\" decoding=\"async\" class=\"alignnone size-full wp-image-10040\" src=\"https:\/\/marekkuchcinski.pl\/wp-content\/uploads\/2018\/08\/PSX_20180823_120955_2.jpg\" alt=\"PSX_20180823_120955_2\" width=\"3019\" height=\"3647\" srcset=\"https:\/\/marekkuchcinski.pl\/wp-content\/uploads\/2018\/08\/PSX_20180823_120955_2.jpg 1695w, https:\/\/marekkuchcinski.pl\/wp-content\/uploads\/2018\/08\/PSX_20180823_120955_2-248x300.jpg 248w, https:\/\/marekkuchcinski.pl\/wp-content\/uploads\/2018\/08\/PSX_20180823_120955_2-768x928.jpg 768w, https:\/\/marekkuchcinski.pl\/wp-content\/uploads\/2018\/08\/PSX_20180823_120955_2-848x1024.jpg 848w\" sizes=\"(max-width: 3019px) 100vw, 3019px\" \/><\/a><em>Knia\u017cyce, Matka Bo\u017eia byl\u00edn, Lela Pawlikowska<\/em><\/p>","protected":false},"excerpt":{"rendered":"<p>Za kilka dni mi\u0119dzynarodowa konferencja\u00a0\u201eEuropa Karpat&#8221; w Krynicy. Wraz ze\u00a0\u201estarymi&#8221; przyjaci\u00f3\u0142mi, przy pi\u0119knej sierpniowej pogodzie, zebrali\u015bmy i przedyskutowali materia\u0142 do kolejnych dzia\u0142a\u0144 maj\u0105cych na celu ochron\u0119 wiekowych zabytk\u00f3w i prastarej przyrody. Z prof. Jerzym Pi\u00f3reckim, tw\u00f3rc\u0105 Zak\u0142adu Fizjografii PAN i\u00a0Arboretum\u00a0bolestraszyckiego, Januszem Czarskim, Dyrektorem Centrum Kulturalnego w Przemy\u015blu, oraz Andrzejem Mazurem, b. ekspertem PAN, obecnie pisz\u0105cym [&hellip;]<\/p>","protected":false},"author":6,"featured_media":10035,"comment_status":"open","ping_status":"open","sticky":false,"template":"","format":"standard","meta":{"ngg_post_thumbnail":0,"footnotes":""},"categories":[1,78,49,3],"tags":[],"class_list":["post-10022","post","type-post","status-publish","format-standard","has-post-thumbnail","hentry","category-bez-kategorii","category-europa-karpat","category-podkarpacie","category-wydarzenia"],"yoast_head":"<!-- This site is optimized with the Yoast SEO plugin v24.7 - https:\/\/yoast.com\/wordpress\/plugins\/seo\/ -->\n<title>Kalwaria Pac\u0142awska, Krasiczyn i Park Krajobrazowy Pog\u00f3rza Przemyskiego \u2013 ponadczasowe pi\u0119kno, kt\u00f3re musimy chroni\u0107 &#8211; Marek Kuchci\u0144ski<\/title>\n<meta name=\"robots\" content=\"index, follow, max-snippet:-1, max-image-preview:large, max-video-preview:-1\" \/>\n<link rel=\"canonical\" href=\"https:\/\/marekkuchcinski.pl\/sk\/bez-kategorii\/kalwaria-paclawska-park-krajobrazowy-pogorza-przemyskiego-ponadczasowe-piekno-ktore-musimy-chronic\/\" \/>\n<meta property=\"og:locale\" content=\"sk_SK\" \/>\n<meta property=\"og:type\" content=\"article\" \/>\n<meta property=\"og:title\" content=\"Kalwaria Pac\u0142awska, Krasiczyn i Park Krajobrazowy Pog\u00f3rza Przemyskiego \u2013 ponadczasowe pi\u0119kno, kt\u00f3re musimy chroni\u0107 &#8211; Marek Kuchci\u0144ski\" \/>\n<meta property=\"og:description\" content=\"Za kilka dni mi\u0119dzynarodowa konferencja\u00a0\u201eEuropa Karpat&#8221; w Krynicy. Wraz ze\u00a0\u201estarymi&#8221; przyjaci\u00f3\u0142mi, przy pi\u0119knej sierpniowej pogodzie, zebrali\u015bmy i przedyskutowali materia\u0142 do kolejnych dzia\u0142a\u0144 maj\u0105cych na celu ochron\u0119 wiekowych zabytk\u00f3w i prastarej przyrody. Z prof. Jerzym Pi\u00f3reckim, tw\u00f3rc\u0105 Zak\u0142adu Fizjografii PAN i\u00a0Arboretum\u00a0bolestraszyckiego, Januszem Czarskim, Dyrektorem Centrum Kulturalnego w Przemy\u015blu, oraz Andrzejem Mazurem, b. ekspertem PAN, obecnie pisz\u0105cym [&hellip;]\" \/>\n<meta property=\"og:url\" content=\"https:\/\/marekkuchcinski.pl\/sk\/bez-kategorii\/kalwaria-paclawska-park-krajobrazowy-pogorza-przemyskiego-ponadczasowe-piekno-ktore-musimy-chronic\/\" \/>\n<meta property=\"og:site_name\" content=\"Marek Kuchci\u0144ski\" \/>\n<meta property=\"article:published_time\" content=\"2018-08-23T09:38:45+00:00\" \/>\n<meta property=\"article:modified_time\" content=\"2018-08-23T10:14:29+00:00\" \/>\n<meta property=\"og:image\" content=\"https:\/\/marekkuchcinski.pl\/wp-content\/uploads\/2018\/08\/Krasiczyn.jpg\" \/>\n\t<meta property=\"og:image:width\" content=\"2048\" \/>\n\t<meta property=\"og:image:height\" content=\"1365\" \/>\n\t<meta property=\"og:image:type\" content=\"image\/jpeg\" \/>\n<meta name=\"author\" content=\"admin\" \/>\n<meta name=\"twitter:card\" content=\"summary_large_image\" \/>\n<meta name=\"twitter:label1\" content=\"Autor\" \/>\n\t<meta name=\"twitter:data1\" content=\"admin\" \/>\n\t<meta name=\"twitter:label2\" content=\"Predpokladan\u00fd \u010das \u010d\u00edtania\" \/>\n\t<meta name=\"twitter:data2\" content=\"2 min\u00faty\" \/>\n<script type=\"application\/ld+json\" class=\"yoast-schema-graph\">{\"@context\":\"https:\/\/schema.org\",\"@graph\":[{\"@type\":\"Article\",\"@id\":\"https:\/\/marekkuchcinski.pl\/en\/bez-kategorii\/kalwaria-paclawska-park-krajobrazowy-pogorza-przemyskiego-ponadczasowe-piekno-ktore-musimy-chronic\/#article\",\"isPartOf\":{\"@id\":\"https:\/\/marekkuchcinski.pl\/en\/bez-kategorii\/kalwaria-paclawska-park-krajobrazowy-pogorza-przemyskiego-ponadczasowe-piekno-ktore-musimy-chronic\/\"},\"author\":{\"name\":\"admin\",\"@id\":\"https:\/\/marekkuchcinski.pl\/#\/schema\/person\/6f62700996b4d950b6ea2d1183b6c6be\"},\"headline\":\"Kalwaria Pac\u0142awska, Krasiczyn i Park Krajobrazowy Pog\u00f3rza Przemyskiego \u2013 ponadczasowe pi\u0119kno, kt\u00f3re musimy chroni\u0107\",\"datePublished\":\"2018-08-23T09:38:45+00:00\",\"dateModified\":\"2018-08-23T10:14:29+00:00\",\"mainEntityOfPage\":{\"@id\":\"https:\/\/marekkuchcinski.pl\/en\/bez-kategorii\/kalwaria-paclawska-park-krajobrazowy-pogorza-przemyskiego-ponadczasowe-piekno-ktore-musimy-chronic\/\"},\"wordCount\":435,\"commentCount\":0,\"publisher\":{\"@id\":\"https:\/\/marekkuchcinski.pl\/#organization\"},\"image\":{\"@id\":\"https:\/\/marekkuchcinski.pl\/en\/bez-kategorii\/kalwaria-paclawska-park-krajobrazowy-pogorza-przemyskiego-ponadczasowe-piekno-ktore-musimy-chronic\/#primaryimage\"},\"thumbnailUrl\":\"https:\/\/marekkuchcinski.pl\/wp-content\/uploads\/2018\/08\/Krasiczyn.jpg\",\"articleSection\":[\"Bez kategorii\",\"Europa Karpat\",\"Podkarpacie\",\"Wydarzenia\"],\"inLanguage\":\"sk-SK\",\"potentialAction\":[{\"@type\":\"CommentAction\",\"name\":\"Comment\",\"target\":[\"https:\/\/marekkuchcinski.pl\/en\/bez-kategorii\/kalwaria-paclawska-park-krajobrazowy-pogorza-przemyskiego-ponadczasowe-piekno-ktore-musimy-chronic\/#respond\"]}]},{\"@type\":\"WebPage\",\"@id\":\"https:\/\/marekkuchcinski.pl\/en\/bez-kategorii\/kalwaria-paclawska-park-krajobrazowy-pogorza-przemyskiego-ponadczasowe-piekno-ktore-musimy-chronic\/\",\"url\":\"https:\/\/marekkuchcinski.pl\/en\/bez-kategorii\/kalwaria-paclawska-park-krajobrazowy-pogorza-przemyskiego-ponadczasowe-piekno-ktore-musimy-chronic\/\",\"name\":\"Kalwaria Pac\u0142awska, Krasiczyn i Park Krajobrazowy Pog\u00f3rza Przemyskiego \u2013 ponadczasowe pi\u0119kno, kt\u00f3re musimy chroni\u0107 &#8211; Marek Kuchci\u0144ski\",\"isPartOf\":{\"@id\":\"https:\/\/marekkuchcinski.pl\/#website\"},\"primaryImageOfPage\":{\"@id\":\"https:\/\/marekkuchcinski.pl\/en\/bez-kategorii\/kalwaria-paclawska-park-krajobrazowy-pogorza-przemyskiego-ponadczasowe-piekno-ktore-musimy-chronic\/#primaryimage\"},\"image\":{\"@id\":\"https:\/\/marekkuchcinski.pl\/en\/bez-kategorii\/kalwaria-paclawska-park-krajobrazowy-pogorza-przemyskiego-ponadczasowe-piekno-ktore-musimy-chronic\/#primaryimage\"},\"thumbnailUrl\":\"https:\/\/marekkuchcinski.pl\/wp-content\/uploads\/2018\/08\/Krasiczyn.jpg\",\"datePublished\":\"2018-08-23T09:38:45+00:00\",\"dateModified\":\"2018-08-23T10:14:29+00:00\",\"breadcrumb\":{\"@id\":\"https:\/\/marekkuchcinski.pl\/en\/bez-kategorii\/kalwaria-paclawska-park-krajobrazowy-pogorza-przemyskiego-ponadczasowe-piekno-ktore-musimy-chronic\/#breadcrumb\"},\"inLanguage\":\"sk-SK\",\"potentialAction\":[{\"@type\":\"ReadAction\",\"target\":[\"https:\/\/marekkuchcinski.pl\/en\/bez-kategorii\/kalwaria-paclawska-park-krajobrazowy-pogorza-przemyskiego-ponadczasowe-piekno-ktore-musimy-chronic\/\"]}]},{\"@type\":\"ImageObject\",\"inLanguage\":\"sk-SK\",\"@id\":\"https:\/\/marekkuchcinski.pl\/en\/bez-kategorii\/kalwaria-paclawska-park-krajobrazowy-pogorza-przemyskiego-ponadczasowe-piekno-ktore-musimy-chronic\/#primaryimage\",\"url\":\"https:\/\/marekkuchcinski.pl\/wp-content\/uploads\/2018\/08\/Krasiczyn.jpg\",\"contentUrl\":\"https:\/\/marekkuchcinski.pl\/wp-content\/uploads\/2018\/08\/Krasiczyn.jpg\",\"width\":2048,\"height\":1365},{\"@type\":\"BreadcrumbList\",\"@id\":\"https:\/\/marekkuchcinski.pl\/en\/bez-kategorii\/kalwaria-paclawska-park-krajobrazowy-pogorza-przemyskiego-ponadczasowe-piekno-ktore-musimy-chronic\/#breadcrumb\",\"itemListElement\":[{\"@type\":\"ListItem\",\"position\":1,\"name\":\"Strona g\u0142\u00f3wna\",\"item\":\"https:\/\/marekkuchcinski.pl\/\"},{\"@type\":\"ListItem\",\"position\":2,\"name\":\"Kalwaria Pac\u0142awska, Krasiczyn i Park Krajobrazowy Pog\u00f3rza Przemyskiego \u2013 ponadczasowe pi\u0119kno, kt\u00f3re musimy chroni\u0107\"}]},{\"@type\":\"WebSite\",\"@id\":\"https:\/\/marekkuchcinski.pl\/#website\",\"url\":\"https:\/\/marekkuchcinski.pl\/\",\"name\":\"Marek Kuchci\u0144ski\",\"description\":\"Pose\u0142 na sejm RP &ndash; okr\u0119g nr 22\",\"publisher\":{\"@id\":\"https:\/\/marekkuchcinski.pl\/#organization\"},\"potentialAction\":[{\"@type\":\"SearchAction\",\"target\":{\"@type\":\"EntryPoint\",\"urlTemplate\":\"https:\/\/marekkuchcinski.pl\/?s={search_term_string}\"},\"query-input\":{\"@type\":\"PropertyValueSpecification\",\"valueRequired\":true,\"valueName\":\"search_term_string\"}}],\"inLanguage\":\"sk-SK\"},{\"@type\":\"Organization\",\"@id\":\"https:\/\/marekkuchcinski.pl\/#organization\",\"name\":\"Marek Kuchci\u0144ski\",\"url\":\"https:\/\/marekkuchcinski.pl\/\",\"logo\":{\"@type\":\"ImageObject\",\"inLanguage\":\"sk-SK\",\"@id\":\"https:\/\/marekkuchcinski.pl\/#\/schema\/logo\/image\/\",\"url\":\"https:\/\/marekkuchcinski.pl\/wp-content\/uploads\/2022\/09\/Marek.jpg\",\"contentUrl\":\"https:\/\/marekkuchcinski.pl\/wp-content\/uploads\/2022\/09\/Marek.jpg\",\"width\":1600,\"height\":971,\"caption\":\"Marek Kuchci\u0144ski\"},\"image\":{\"@id\":\"https:\/\/marekkuchcinski.pl\/#\/schema\/logo\/image\/\"}},{\"@type\":\"Person\",\"@id\":\"https:\/\/marekkuchcinski.pl\/#\/schema\/person\/6f62700996b4d950b6ea2d1183b6c6be\",\"name\":\"admin\",\"image\":{\"@type\":\"ImageObject\",\"inLanguage\":\"sk-SK\",\"@id\":\"https:\/\/marekkuchcinski.pl\/#\/schema\/person\/image\/\",\"url\":\"https:\/\/secure.gravatar.com\/avatar\/4bab693b9d55c3d6b52c0296a8765085?s=96&d=mm&r=g\",\"contentUrl\":\"https:\/\/secure.gravatar.com\/avatar\/4bab693b9d55c3d6b52c0296a8765085?s=96&d=mm&r=g\",\"caption\":\"admin\"},\"url\":\"https:\/\/marekkuchcinski.pl\/sk\/author\/marta-olejnik\/\"}]}<\/script>\n<!-- \/ Yoast SEO plugin. -->","yoast_head_json":{"title":"Kalwaria Pac\u0142awska, Krasiczyn i Park Krajobrazowy Pog\u00f3rza Przemyskiego \u2013 ponadczasowe pi\u0119kno, kt\u00f3re musimy chroni\u0107 &#8211; Marek Kuchci\u0144ski","robots":{"index":"index","follow":"follow","max-snippet":"max-snippet:-1","max-image-preview":"max-image-preview:large","max-video-preview":"max-video-preview:-1"},"canonical":"https:\/\/marekkuchcinski.pl\/sk\/bez-kategorii\/kalwaria-paclawska-park-krajobrazowy-pogorza-przemyskiego-ponadczasowe-piekno-ktore-musimy-chronic\/","og_locale":"sk_SK","og_type":"article","og_title":"Kalwaria Pac\u0142awska, Krasiczyn i Park Krajobrazowy Pog\u00f3rza Przemyskiego \u2013 ponadczasowe pi\u0119kno, kt\u00f3re musimy chroni\u0107 &#8211; Marek Kuchci\u0144ski","og_description":"Za kilka dni mi\u0119dzynarodowa konferencja\u00a0\u201eEuropa Karpat&#8221; w Krynicy. Wraz ze\u00a0\u201estarymi&#8221; przyjaci\u00f3\u0142mi, przy pi\u0119knej sierpniowej pogodzie, zebrali\u015bmy i przedyskutowali materia\u0142 do kolejnych dzia\u0142a\u0144 maj\u0105cych na celu ochron\u0119 wiekowych zabytk\u00f3w i prastarej przyrody. Z prof. Jerzym Pi\u00f3reckim, tw\u00f3rc\u0105 Zak\u0142adu Fizjografii PAN i\u00a0Arboretum\u00a0bolestraszyckiego, Januszem Czarskim, Dyrektorem Centrum Kulturalnego w Przemy\u015blu, oraz Andrzejem Mazurem, b. ekspertem PAN, obecnie pisz\u0105cym [&hellip;]","og_url":"https:\/\/marekkuchcinski.pl\/sk\/bez-kategorii\/kalwaria-paclawska-park-krajobrazowy-pogorza-przemyskiego-ponadczasowe-piekno-ktore-musimy-chronic\/","og_site_name":"Marek Kuchci\u0144ski","article_published_time":"2018-08-23T09:38:45+00:00","article_modified_time":"2018-08-23T10:14:29+00:00","og_image":[{"width":2048,"height":1365,"url":"https:\/\/marekkuchcinski.pl\/wp-content\/uploads\/2018\/08\/Krasiczyn.jpg","type":"image\/jpeg"}],"author":"admin","twitter_card":"summary_large_image","twitter_misc":{"Autor":"admin","Predpokladan\u00fd \u010das \u010d\u00edtania":"2 min\u00faty"},"schema":{"@context":"https:\/\/schema.org","@graph":[{"@type":"Article","@id":"https:\/\/marekkuchcinski.pl\/en\/bez-kategorii\/kalwaria-paclawska-park-krajobrazowy-pogorza-przemyskiego-ponadczasowe-piekno-ktore-musimy-chronic\/#article","isPartOf":{"@id":"https:\/\/marekkuchcinski.pl\/en\/bez-kategorii\/kalwaria-paclawska-park-krajobrazowy-pogorza-przemyskiego-ponadczasowe-piekno-ktore-musimy-chronic\/"},"author":{"name":"admin","@id":"https:\/\/marekkuchcinski.pl\/#\/schema\/person\/6f62700996b4d950b6ea2d1183b6c6be"},"headline":"Kalwaria Pac\u0142awska, Krasiczyn i Park Krajobrazowy Pog\u00f3rza Przemyskiego \u2013 ponadczasowe pi\u0119kno, kt\u00f3re musimy chroni\u0107","datePublished":"2018-08-23T09:38:45+00:00","dateModified":"2018-08-23T10:14:29+00:00","mainEntityOfPage":{"@id":"https:\/\/marekkuchcinski.pl\/en\/bez-kategorii\/kalwaria-paclawska-park-krajobrazowy-pogorza-przemyskiego-ponadczasowe-piekno-ktore-musimy-chronic\/"},"wordCount":435,"commentCount":0,"publisher":{"@id":"https:\/\/marekkuchcinski.pl\/#organization"},"image":{"@id":"https:\/\/marekkuchcinski.pl\/en\/bez-kategorii\/kalwaria-paclawska-park-krajobrazowy-pogorza-przemyskiego-ponadczasowe-piekno-ktore-musimy-chronic\/#primaryimage"},"thumbnailUrl":"https:\/\/marekkuchcinski.pl\/wp-content\/uploads\/2018\/08\/Krasiczyn.jpg","articleSection":["Bez kategorii","Europa Karpat","Podkarpacie","Wydarzenia"],"inLanguage":"sk-SK","potentialAction":[{"@type":"CommentAction","name":"Comment","target":["https:\/\/marekkuchcinski.pl\/en\/bez-kategorii\/kalwaria-paclawska-park-krajobrazowy-pogorza-przemyskiego-ponadczasowe-piekno-ktore-musimy-chronic\/#respond"]}]},{"@type":"WebPage","@id":"https:\/\/marekkuchcinski.pl\/en\/bez-kategorii\/kalwaria-paclawska-park-krajobrazowy-pogorza-przemyskiego-ponadczasowe-piekno-ktore-musimy-chronic\/","url":"https:\/\/marekkuchcinski.pl\/en\/bez-kategorii\/kalwaria-paclawska-park-krajobrazowy-pogorza-przemyskiego-ponadczasowe-piekno-ktore-musimy-chronic\/","name":"Kalwaria Pac\u0142awska, Krasiczyn i Park Krajobrazowy Pog\u00f3rza Przemyskiego \u2013 ponadczasowe pi\u0119kno, kt\u00f3re musimy chroni\u0107 &#8211; Marek Kuchci\u0144ski","isPartOf":{"@id":"https:\/\/marekkuchcinski.pl\/#website"},"primaryImageOfPage":{"@id":"https:\/\/marekkuchcinski.pl\/en\/bez-kategorii\/kalwaria-paclawska-park-krajobrazowy-pogorza-przemyskiego-ponadczasowe-piekno-ktore-musimy-chronic\/#primaryimage"},"image":{"@id":"https:\/\/marekkuchcinski.pl\/en\/bez-kategorii\/kalwaria-paclawska-park-krajobrazowy-pogorza-przemyskiego-ponadczasowe-piekno-ktore-musimy-chronic\/#primaryimage"},"thumbnailUrl":"https:\/\/marekkuchcinski.pl\/wp-content\/uploads\/2018\/08\/Krasiczyn.jpg","datePublished":"2018-08-23T09:38:45+00:00","dateModified":"2018-08-23T10:14:29+00:00","breadcrumb":{"@id":"https:\/\/marekkuchcinski.pl\/en\/bez-kategorii\/kalwaria-paclawska-park-krajobrazowy-pogorza-przemyskiego-ponadczasowe-piekno-ktore-musimy-chronic\/#breadcrumb"},"inLanguage":"sk-SK","potentialAction":[{"@type":"ReadAction","target":["https:\/\/marekkuchcinski.pl\/en\/bez-kategorii\/kalwaria-paclawska-park-krajobrazowy-pogorza-przemyskiego-ponadczasowe-piekno-ktore-musimy-chronic\/"]}]},{"@type":"ImageObject","inLanguage":"sk-SK","@id":"https:\/\/marekkuchcinski.pl\/en\/bez-kategorii\/kalwaria-paclawska-park-krajobrazowy-pogorza-przemyskiego-ponadczasowe-piekno-ktore-musimy-chronic\/#primaryimage","url":"https:\/\/marekkuchcinski.pl\/wp-content\/uploads\/2018\/08\/Krasiczyn.jpg","contentUrl":"https:\/\/marekkuchcinski.pl\/wp-content\/uploads\/2018\/08\/Krasiczyn.jpg","width":2048,"height":1365},{"@type":"BreadcrumbList","@id":"https:\/\/marekkuchcinski.pl\/en\/bez-kategorii\/kalwaria-paclawska-park-krajobrazowy-pogorza-przemyskiego-ponadczasowe-piekno-ktore-musimy-chronic\/#breadcrumb","itemListElement":[{"@type":"ListItem","position":1,"name":"Strona g\u0142\u00f3wna","item":"https:\/\/marekkuchcinski.pl\/"},{"@type":"ListItem","position":2,"name":"Kalwaria Pac\u0142awska, Krasiczyn i Park Krajobrazowy Pog\u00f3rza Przemyskiego \u2013 ponadczasowe pi\u0119kno, kt\u00f3re musimy chroni\u0107"}]},{"@type":"WebSite","@id":"https:\/\/marekkuchcinski.pl\/#website","url":"https:\/\/marekkuchcinski.pl\/","name":"Marek Kuchci\u0144ski","description":"Pose\u0142 na sejm RP &ndash; okr\u0119g nr 22","publisher":{"@id":"https:\/\/marekkuchcinski.pl\/#organization"},"potentialAction":[{"@type":"SearchAction","target":{"@type":"EntryPoint","urlTemplate":"https:\/\/marekkuchcinski.pl\/?s={search_term_string}"},"query-input":{"@type":"PropertyValueSpecification","valueRequired":true,"valueName":"search_term_string"}}],"inLanguage":"sk-SK"},{"@type":"Organization","@id":"https:\/\/marekkuchcinski.pl\/#organization","name":"Marek Kuchci\u0144ski","url":"https:\/\/marekkuchcinski.pl\/","logo":{"@type":"ImageObject","inLanguage":"sk-SK","@id":"https:\/\/marekkuchcinski.pl\/#\/schema\/logo\/image\/","url":"https:\/\/marekkuchcinski.pl\/wp-content\/uploads\/2022\/09\/Marek.jpg","contentUrl":"https:\/\/marekkuchcinski.pl\/wp-content\/uploads\/2022\/09\/Marek.jpg","width":1600,"height":971,"caption":"Marek Kuchci\u0144ski"},"image":{"@id":"https:\/\/marekkuchcinski.pl\/#\/schema\/logo\/image\/"}},{"@type":"Person","@id":"https:\/\/marekkuchcinski.pl\/#\/schema\/person\/6f62700996b4d950b6ea2d1183b6c6be","name":"admin","image":{"@type":"ImageObject","inLanguage":"sk-SK","@id":"https:\/\/marekkuchcinski.pl\/#\/schema\/person\/image\/","url":"https:\/\/secure.gravatar.com\/avatar\/4bab693b9d55c3d6b52c0296a8765085?s=96&d=mm&r=g","contentUrl":"https:\/\/secure.gravatar.com\/avatar\/4bab693b9d55c3d6b52c0296a8765085?s=96&d=mm&r=g","caption":"admin"},"url":"https:\/\/marekkuchcinski.pl\/sk\/author\/marta-olejnik\/"}]}},"_links":{"self":[{"href":"https:\/\/marekkuchcinski.pl\/sk\/wp-json\/wp\/v2\/posts\/10022","targetHints":{"allow":["GET"]}}],"collection":[{"href":"https:\/\/marekkuchcinski.pl\/sk\/wp-json\/wp\/v2\/posts"}],"about":[{"href":"https:\/\/marekkuchcinski.pl\/sk\/wp-json\/wp\/v2\/types\/post"}],"author":[{"embeddable":true,"href":"https:\/\/marekkuchcinski.pl\/sk\/wp-json\/wp\/v2\/users\/6"}],"replies":[{"embeddable":true,"href":"https:\/\/marekkuchcinski.pl\/sk\/wp-json\/wp\/v2\/comments?post=10022"}],"version-history":[{"count":9,"href":"https:\/\/marekkuchcinski.pl\/sk\/wp-json\/wp\/v2\/posts\/10022\/revisions"}],"predecessor-version":[{"id":10041,"href":"https:\/\/marekkuchcinski.pl\/sk\/wp-json\/wp\/v2\/posts\/10022\/revisions\/10041"}],"wp:featuredmedia":[{"embeddable":true,"href":"https:\/\/marekkuchcinski.pl\/sk\/wp-json\/wp\/v2\/media\/10035"}],"wp:attachment":[{"href":"https:\/\/marekkuchcinski.pl\/sk\/wp-json\/wp\/v2\/media?parent=10022"}],"wp:term":[{"taxonomy":"category","embeddable":true,"href":"https:\/\/marekkuchcinski.pl\/sk\/wp-json\/wp\/v2\/categories?post=10022"},{"taxonomy":"post_tag","embeddable":true,"href":"https:\/\/marekkuchcinski.pl\/sk\/wp-json\/wp\/v2\/tags?post=10022"}],"curies":[{"name":"wp","href":"https:\/\/api.w.org\/{rel}","templated":true}]}}