{"id":9778,"date":"2018-07-01T08:14:07","date_gmt":"2018-07-01T06:14:07","guid":{"rendered":"https:\/\/marekkuchcinski.pl\/?p=9778"},"modified":"2018-07-05T11:22:59","modified_gmt":"2018-07-05T09:22:59","slug":"marszalek-sejmu-przybywamy-gietrzwaldu-by-odnowic-umocnic-wolnosc-wewnetrzna-zewnetrzna","status":"publish","type":"post","link":"https:\/\/marekkuchcinski.pl\/ro\/wydarzenia\/marszalek-sejmu-przybywamy-gietrzwaldu-by-odnowic-umocnic-wolnosc-wewnetrzna-zewnetrzna\/","title":{"rendered":"Pre\u0219edintele Sejm-ului: Venim la Gietrzwald pentru a re\u00eennoi \u0219i \u00eent\u0103ri libertatea interioar\u0103 \u0219i exterioar\u0103"},"content":{"rendered":"<p class=\"p1\"><b>Sub deviza \"De la libertatea interioar\u0103 la libertatea exterioar\u0103\", \u00een <\/b><strong>Gietrzwa\u0142d a organizat o Zi a Reconcilierii. Festivit\u0103\u021bile au avut loc pentru a marca 100 de ani de la redob\u00e2ndirea independen\u021bei Poloniei.<\/strong><\/p>\n<p class=\"p1\">\u00cen timpul slujbei de la izvor, pre\u0219edintele Sejm-ului, Marek Kuchci\u0144ski, a spus c\u0103 vine \u00een fa\u021ba Fecioarei Maria, \u00eentr-o zi important\u0103 pentru Sejm \u0219i pentru \u00eentreaga noastr\u0103 patrie, pentru a-i mul\u021bumi pentru cuvintele ei despre libertate, dar \u0219i pentru a re\u00eennoi \u0219i \u00eent\u0103ri<span class=\"Apple-converted-space\">\u00a0<\/span>libertate intern\u0103 \u0219i extern\u0103. Mare\u0219alul a reamintit c\u0103, la 1 iulie, prin Uniunea de la Lublin, a fost \u00eenfiin\u021bat\u0103 Comunitatea Polono-Lituanian\u0103.<\/p>\n<p class=\"p1\">Ini\u021biatorul ceremoniei, Arhiepiscopul J\u00f3zef G\u00f3rzy\u0144ski, Arhiepiscop Mitropolit de Warmia, a subliniat influen\u021ba semnificativ\u0103 a apari\u021biilor asupra rena\u0219terii identit\u0103\u021bii poloneze, nu numai \u00een Warmia \u0219i Mazury, ci \u00een \u00eentreaga \u021bar\u0103. - Apari\u021biile de la Gietrzwald au fost o chemare pentru ca noi s\u0103 fim liberi pe plan intern \u0219i s\u0103 nu ced\u0103m \u00een fa\u021ba unei sau altei \u00eenrobiri spirituale \u0219i morale care ne amenin\u021b\u0103 libertatea\", a declarat el pentru KAI. - Gietrzwa\u0142d este un fenomen pe drumul Poloniei spre libertate. Maria a cerut aici ca fiecare dintre noi s\u0103 se \u00eengrijeasc\u0103 mai \u00eent\u00e2i de el \u00eensu\u0219i, de starea con\u0219tiin\u021bei sale, \u0219i nu de ocupant. Suntem preocupa\u021bi de un examen personal de con\u0219tiin\u021b\u0103 al fiec\u0103rui polonez \u00een contextul libert\u0103\u021bii: cum o \u00een\u021belegem ast\u0103zi \u0219i c\u00e2t de mult o respect\u0103m', a spus arhiepiscopul G\u00f3rzy\u0144ski.<\/p>\n<p class=\"p3\">Omilia a fost rostit\u0103 de episcopul principal al diecezei de \u0141owicz, J\u00f3zef Zawitkowski. - Ast\u0103zi, la Gietrzwald, a\u0219 vrea s\u0103 v\u0103d o bucat\u0103 de Polonie liber\u0103, \u00een care oamenii se privesc cu bun\u0103tate printre lacrimi de bucurie, \u00een care \u00ee\u0219i spun cuvinte bune la ureche \u0219i \u00een inima celorlal\u021bi\", a spus el. Arhiepiscopul a subliniat c\u0103 Ziua reconcilierii din Gietrzwald este tr\u0103it\u0103 ca o reflec\u021bie asupra adev\u0103rului c\u0103 nu exist\u0103 libertate a na\u021biunii f\u0103r\u0103 libertatea de con\u0219tiin\u021b\u0103 a fiec\u0103rui cet\u0103\u021bean. El a amintit cuvintele lui Pius al IX-lea, care a spus c\u0103 cauza sclaviei este p\u0103catul. - Dumnezeu trebuie ascultat, nu oamenii! Atunci legea privind avortul \u0219i eutanasia va fi superflu\u0103. - Va fi suficient s\u0103 spunem: \"S\u0103 nu ucizi! Nimeni \u0219i niciodat\u0103! Restul este de la diavol. Nu judeca\u021bi \u0219i nu ve\u021bi fi judeca\u021bi. Credincio\u0219ii nu au nevoie de o lege, con\u0219tiin\u021ba este suficient\u0103. Este necesar s\u0103 se dea socoteal\u0103 pentru scandalurile, pentru ho\u021biile celor nepoc\u0103i\u021bi, dar ar fi suficient\u0103 porunca \"S\u0103 nu furi!\". - a sus\u021binut el.<\/p>\n<p class=\"p3\">Apari\u021biile mariane din Gietrzwald (la izvor) au avut loc \u00een urm\u0103 cu 140 de ani. \u00cen total au fost 160. Maria a ap\u0103rut la dou\u0103 fete: Justyna Szafry\u0144ska \u0219i Barbara Samulowska, vorbindu-le \u00een polonez\u0103. Apari\u021biile Fecioarei Maria au adus alinare polonezilor persecuta\u021bi \u00een timpul \u00eemp\u0103r\u021birii Prusiei, precum \u0219i o rena\u0219tere a poloniei, a vie\u021bii religioase \u0219i a atitudinilor morale.<\/p>\n<p><em>Foto MO<\/em><\/p>\n<p><a href=\"https:\/\/marekkuchcinski.pl\/wp-content\/uploads\/2018\/06\/IMG_9816.jpg\"><img fetchpriority=\"high\" decoding=\"async\" class=\"alignnone size-full wp-image-9781\" src=\"https:\/\/marekkuchcinski.pl\/wp-content\/uploads\/2018\/06\/IMG_9816.jpg\" alt=\"IMG_9816\" width=\"4752\" height=\"3168\" srcset=\"https:\/\/marekkuchcinski.pl\/wp-content\/uploads\/2018\/06\/IMG_9816.jpg 2048w, https:\/\/marekkuchcinski.pl\/wp-content\/uploads\/2018\/06\/IMG_9816-300x200.jpg 300w, https:\/\/marekkuchcinski.pl\/wp-content\/uploads\/2018\/06\/IMG_9816-768x512.jpg 768w, https:\/\/marekkuchcinski.pl\/wp-content\/uploads\/2018\/06\/IMG_9816-1024x683.jpg 1024w\" sizes=\"(max-width: 4752px) 100vw, 4752px\" \/><\/a> <a href=\"https:\/\/marekkuchcinski.pl\/wp-content\/uploads\/2018\/06\/IMG_9818.jpg\"><img decoding=\"async\" class=\"alignnone size-full wp-image-9783\" src=\"https:\/\/marekkuchcinski.pl\/wp-content\/uploads\/2018\/06\/IMG_9818.jpg\" alt=\"IMG_9818\" width=\"3990\" height=\"2628\" srcset=\"https:\/\/marekkuchcinski.pl\/wp-content\/uploads\/2018\/06\/IMG_9818.jpg 2048w, https:\/\/marekkuchcinski.pl\/wp-content\/uploads\/2018\/06\/IMG_9818-300x198.jpg 300w, https:\/\/marekkuchcinski.pl\/wp-content\/uploads\/2018\/06\/IMG_9818-768x506.jpg 768w, https:\/\/marekkuchcinski.pl\/wp-content\/uploads\/2018\/06\/IMG_9818-1024x674.jpg 1024w\" sizes=\"(max-width: 3990px) 100vw, 3990px\" \/><\/a> <a href=\"https:\/\/marekkuchcinski.pl\/wp-content\/uploads\/2018\/06\/IMG_9825.jpg\"><img decoding=\"async\" class=\"alignnone size-full wp-image-9784\" src=\"https:\/\/marekkuchcinski.pl\/wp-content\/uploads\/2018\/06\/IMG_9825.jpg\" alt=\"IMG_9825\" width=\"4752\" height=\"3168\" srcset=\"https:\/\/marekkuchcinski.pl\/wp-content\/uploads\/2018\/06\/IMG_9825.jpg 2048w, https:\/\/marekkuchcinski.pl\/wp-content\/uploads\/2018\/06\/IMG_9825-300x200.jpg 300w, https:\/\/marekkuchcinski.pl\/wp-content\/uploads\/2018\/06\/IMG_9825-768x512.jpg 768w, https:\/\/marekkuchcinski.pl\/wp-content\/uploads\/2018\/06\/IMG_9825-1024x683.jpg 1024w\" sizes=\"(max-width: 4752px) 100vw, 4752px\" \/><\/a> <a href=\"https:\/\/marekkuchcinski.pl\/wp-content\/uploads\/2018\/07\/marek.jpg\"><img loading=\"lazy\" decoding=\"async\" class=\"alignnone size-full wp-image-9861\" src=\"https:\/\/marekkuchcinski.pl\/wp-content\/uploads\/2018\/07\/marek.jpg\" alt=\"marek\" width=\"3666\" height=\"2567\" srcset=\"https:\/\/marekkuchcinski.pl\/wp-content\/uploads\/2018\/07\/marek.jpg 2048w, https:\/\/marekkuchcinski.pl\/wp-content\/uploads\/2018\/07\/marek-300x210.jpg 300w, https:\/\/marekkuchcinski.pl\/wp-content\/uploads\/2018\/07\/marek-768x538.jpg 768w, https:\/\/marekkuchcinski.pl\/wp-content\/uploads\/2018\/07\/marek-1024x717.jpg 1024w\" sizes=\"(max-width: 3666px) 100vw, 3666px\" \/><\/a> <a href=\"https:\/\/marekkuchcinski.pl\/wp-content\/uploads\/2018\/06\/IMG_9837.jpg\"><img loading=\"lazy\" decoding=\"async\" class=\"alignnone size-full wp-image-9787\" src=\"https:\/\/marekkuchcinski.pl\/wp-content\/uploads\/2018\/06\/IMG_9837.jpg\" alt=\"IMG_9837\" width=\"3973\" height=\"2634\" srcset=\"https:\/\/marekkuchcinski.pl\/wp-content\/uploads\/2018\/06\/IMG_9837.jpg 2048w, https:\/\/marekkuchcinski.pl\/wp-content\/uploads\/2018\/06\/IMG_9837-300x199.jpg 300w, https:\/\/marekkuchcinski.pl\/wp-content\/uploads\/2018\/06\/IMG_9837-768x509.jpg 768w, https:\/\/marekkuchcinski.pl\/wp-content\/uploads\/2018\/06\/IMG_9837-1024x679.jpg 1024w\" sizes=\"(max-width: 3973px) 100vw, 3973px\" \/><\/a><a href=\"https:\/\/marekkuchcinski.pl\/wp-content\/uploads\/2018\/07\/PSX_20180701_141504.jpg\"><img loading=\"lazy\" decoding=\"async\" class=\"alignnone size-full wp-image-9827\" src=\"https:\/\/marekkuchcinski.pl\/wp-content\/uploads\/2018\/07\/PSX_20180701_141504.jpg\" alt=\"PSX_20180701_141504\" width=\"2898\" height=\"1950\" srcset=\"https:\/\/marekkuchcinski.pl\/wp-content\/uploads\/2018\/07\/PSX_20180701_141504.jpg 2048w, https:\/\/marekkuchcinski.pl\/wp-content\/uploads\/2018\/07\/PSX_20180701_141504-300x202.jpg 300w, https:\/\/marekkuchcinski.pl\/wp-content\/uploads\/2018\/07\/PSX_20180701_141504-768x517.jpg 768w, https:\/\/marekkuchcinski.pl\/wp-content\/uploads\/2018\/07\/PSX_20180701_141504-1024x689.jpg 1024w\" sizes=\"(max-width: 2898px) 100vw, 2898px\" \/><\/a><a href=\"https:\/\/marekkuchcinski.pl\/wp-content\/uploads\/2018\/06\/IMG_9844.jpg\"><img loading=\"lazy\" decoding=\"async\" class=\"alignnone size-full wp-image-9788\" src=\"https:\/\/marekkuchcinski.pl\/wp-content\/uploads\/2018\/06\/IMG_9844.jpg\" alt=\"IMG_9844\" width=\"3190\" height=\"2397\" srcset=\"https:\/\/marekkuchcinski.pl\/wp-content\/uploads\/2018\/06\/IMG_9844.jpg 2048w, https:\/\/marekkuchcinski.pl\/wp-content\/uploads\/2018\/06\/IMG_9844-300x225.jpg 300w, https:\/\/marekkuchcinski.pl\/wp-content\/uploads\/2018\/06\/IMG_9844-768x577.jpg 768w, https:\/\/marekkuchcinski.pl\/wp-content\/uploads\/2018\/06\/IMG_9844-1024x769.jpg 1024w\" sizes=\"(max-width: 3190px) 100vw, 3190px\" \/><\/a> <a href=\"https:\/\/marekkuchcinski.pl\/wp-content\/uploads\/2018\/06\/IMG_9882.jpg\"><img loading=\"lazy\" decoding=\"async\" class=\"alignnone size-full wp-image-9793\" src=\"https:\/\/marekkuchcinski.pl\/wp-content\/uploads\/2018\/06\/IMG_9882.jpg\" alt=\"IMG_9882\" width=\"4752\" height=\"3168\" srcset=\"https:\/\/marekkuchcinski.pl\/wp-content\/uploads\/2018\/06\/IMG_9882.jpg 2048w, https:\/\/marekkuchcinski.pl\/wp-content\/uploads\/2018\/06\/IMG_9882-300x200.jpg 300w, https:\/\/marekkuchcinski.pl\/wp-content\/uploads\/2018\/06\/IMG_9882-768x512.jpg 768w, https:\/\/marekkuchcinski.pl\/wp-content\/uploads\/2018\/06\/IMG_9882-1024x683.jpg 1024w\" sizes=\"(max-width: 4752px) 100vw, 4752px\" \/><\/a> <a href=\"https:\/\/marekkuchcinski.pl\/wp-content\/uploads\/2018\/06\/IMG_9891.jpg\"><img loading=\"lazy\" decoding=\"async\" class=\"alignnone size-full wp-image-9794\" src=\"https:\/\/marekkuchcinski.pl\/wp-content\/uploads\/2018\/06\/IMG_9891.jpg\" alt=\"IMG_9891\" width=\"4752\" height=\"3168\" srcset=\"https:\/\/marekkuchcinski.pl\/wp-content\/uploads\/2018\/06\/IMG_9891.jpg 2048w, https:\/\/marekkuchcinski.pl\/wp-content\/uploads\/2018\/06\/IMG_9891-300x200.jpg 300w, https:\/\/marekkuchcinski.pl\/wp-content\/uploads\/2018\/06\/IMG_9891-768x512.jpg 768w, https:\/\/marekkuchcinski.pl\/wp-content\/uploads\/2018\/06\/IMG_9891-1024x683.jpg 1024w\" sizes=\"(max-width: 4752px) 100vw, 4752px\" \/><\/a> <a href=\"https:\/\/marekkuchcinski.pl\/wp-content\/uploads\/2018\/06\/IMG_9911.jpg\"><img loading=\"lazy\" decoding=\"async\" class=\"alignnone size-full wp-image-9797\" src=\"https:\/\/marekkuchcinski.pl\/wp-content\/uploads\/2018\/06\/IMG_9911.jpg\" alt=\"IMG_9911\" width=\"3915\" height=\"2486\" srcset=\"https:\/\/marekkuchcinski.pl\/wp-content\/uploads\/2018\/06\/IMG_9911.jpg 2048w, https:\/\/marekkuchcinski.pl\/wp-content\/uploads\/2018\/06\/IMG_9911-300x190.jpg 300w, https:\/\/marekkuchcinski.pl\/wp-content\/uploads\/2018\/06\/IMG_9911-768x488.jpg 768w, https:\/\/marekkuchcinski.pl\/wp-content\/uploads\/2018\/06\/IMG_9911-1024x650.jpg 1024w\" sizes=\"(max-width: 3915px) 100vw, 3915px\" \/><\/a> <a href=\"https:\/\/marekkuchcinski.pl\/wp-content\/uploads\/2018\/06\/IMG_9925.jpg\"><img loading=\"lazy\" decoding=\"async\" class=\"alignnone size-full wp-image-9799\" src=\"https:\/\/marekkuchcinski.pl\/wp-content\/uploads\/2018\/06\/IMG_9925.jpg\" alt=\"IMG_9925\" width=\"4021\" height=\"2678\" srcset=\"https:\/\/marekkuchcinski.pl\/wp-content\/uploads\/2018\/06\/IMG_9925.jpg 2048w, https:\/\/marekkuchcinski.pl\/wp-content\/uploads\/2018\/06\/IMG_9925-300x200.jpg 300w, https:\/\/marekkuchcinski.pl\/wp-content\/uploads\/2018\/06\/IMG_9925-768x511.jpg 768w, https:\/\/marekkuchcinski.pl\/wp-content\/uploads\/2018\/06\/IMG_9925-1024x682.jpg 1024w\" sizes=\"(max-width: 4021px) 100vw, 4021px\" \/><\/a> <a href=\"https:\/\/marekkuchcinski.pl\/wp-content\/uploads\/2018\/06\/IMG_9927.jpg\"><img loading=\"lazy\" decoding=\"async\" class=\"alignnone size-full wp-image-9801\" src=\"https:\/\/marekkuchcinski.pl\/wp-content\/uploads\/2018\/06\/IMG_9927.jpg\" alt=\"IMG_9927\" width=\"3956\" height=\"2640\" srcset=\"https:\/\/marekkuchcinski.pl\/wp-content\/uploads\/2018\/06\/IMG_9927.jpg 2048w, https:\/\/marekkuchcinski.pl\/wp-content\/uploads\/2018\/06\/IMG_9927-300x200.jpg 300w, https:\/\/marekkuchcinski.pl\/wp-content\/uploads\/2018\/06\/IMG_9927-768x513.jpg 768w, https:\/\/marekkuchcinski.pl\/wp-content\/uploads\/2018\/06\/IMG_9927-1024x683.jpg 1024w\" sizes=\"(max-width: 3956px) 100vw, 3956px\" \/><\/a> <a href=\"https:\/\/marekkuchcinski.pl\/wp-content\/uploads\/2018\/06\/20180630_144053.jpg\"><img loading=\"lazy\" decoding=\"async\" class=\"alignnone size-full wp-image-9804\" src=\"https:\/\/marekkuchcinski.pl\/wp-content\/uploads\/2018\/06\/20180630_144053.jpg\" alt=\"_20180630_144053\" width=\"5056\" height=\"3792\" srcset=\"https:\/\/marekkuchcinski.pl\/wp-content\/uploads\/2018\/06\/20180630_144053.jpg 2048w, https:\/\/marekkuchcinski.pl\/wp-content\/uploads\/2018\/06\/20180630_144053-300x225.jpg 300w, https:\/\/marekkuchcinski.pl\/wp-content\/uploads\/2018\/06\/20180630_144053-768x576.jpg 768w, https:\/\/marekkuchcinski.pl\/wp-content\/uploads\/2018\/06\/20180630_144053-1024x768.jpg 1024w\" sizes=\"(max-width: 5056px) 100vw, 5056px\" \/><\/a> <a href=\"https:\/\/marekkuchcinski.pl\/wp-content\/uploads\/2018\/06\/20180630_144116.jpg\"><img loading=\"lazy\" decoding=\"async\" class=\"alignnone size-full wp-image-9805\" src=\"https:\/\/marekkuchcinski.pl\/wp-content\/uploads\/2018\/06\/20180630_144116.jpg\" alt=\"_20180630_144116\" width=\"4345\" height=\"3184\" srcset=\"https:\/\/marekkuchcinski.pl\/wp-content\/uploads\/2018\/06\/20180630_144116.jpg 2048w, https:\/\/marekkuchcinski.pl\/wp-content\/uploads\/2018\/06\/20180630_144116-300x220.jpg 300w, https:\/\/marekkuchcinski.pl\/wp-content\/uploads\/2018\/06\/20180630_144116-768x563.jpg 768w, https:\/\/marekkuchcinski.pl\/wp-content\/uploads\/2018\/06\/20180630_144116-1024x750.jpg 1024w\" sizes=\"(max-width: 4345px) 100vw, 4345px\" \/><\/a><a href=\"https:\/\/marekkuchcinski.pl\/wp-content\/uploads\/2018\/06\/20180630_221412.jpg\"><img loading=\"lazy\" decoding=\"async\" class=\"alignnone size-full wp-image-9807\" src=\"https:\/\/marekkuchcinski.pl\/wp-content\/uploads\/2018\/06\/20180630_221412.jpg\" alt=\"_20180630_221412\" width=\"4474\" height=\"3235\" srcset=\"https:\/\/marekkuchcinski.pl\/wp-content\/uploads\/2018\/06\/20180630_221412.jpg 2048w, https:\/\/marekkuchcinski.pl\/wp-content\/uploads\/2018\/06\/20180630_221412-300x217.jpg 300w, https:\/\/marekkuchcinski.pl\/wp-content\/uploads\/2018\/06\/20180630_221412-768x555.jpg 768w, https:\/\/marekkuchcinski.pl\/wp-content\/uploads\/2018\/06\/20180630_221412-1024x740.jpg 1024w\" sizes=\"(max-width: 4474px) 100vw, 4474px\" \/><\/a><a href=\"https:\/\/marekkuchcinski.pl\/wp-content\/uploads\/2018\/06\/IMG_9812.jpg\"><img loading=\"lazy\" decoding=\"async\" class=\"alignnone size-full wp-image-9780\" src=\"https:\/\/marekkuchcinski.pl\/wp-content\/uploads\/2018\/06\/IMG_9812.jpg\" alt=\"IMG_9812\" width=\"3164\" height=\"2022\" srcset=\"https:\/\/marekkuchcinski.pl\/wp-content\/uploads\/2018\/06\/IMG_9812.jpg 2048w, https:\/\/marekkuchcinski.pl\/wp-content\/uploads\/2018\/06\/IMG_9812-300x192.jpg 300w, https:\/\/marekkuchcinski.pl\/wp-content\/uploads\/2018\/06\/IMG_9812-768x491.jpg 768w, https:\/\/marekkuchcinski.pl\/wp-content\/uploads\/2018\/06\/IMG_9812-1024x654.jpg 1024w\" sizes=\"(max-width: 3164px) 100vw, 3164px\" \/><\/a> <a href=\"https:\/\/marekkuchcinski.pl\/wp-content\/uploads\/2018\/07\/PSX_20180701_084506.jpg\"><img loading=\"lazy\" decoding=\"async\" class=\"alignnone size-full wp-image-9820\" src=\"https:\/\/marekkuchcinski.pl\/wp-content\/uploads\/2018\/07\/PSX_20180701_084506.jpg\" alt=\"PSX_20180701_084506\" width=\"5056\" height=\"3792\" srcset=\"https:\/\/marekkuchcinski.pl\/wp-content\/uploads\/2018\/07\/PSX_20180701_084506.jpg 2048w, https:\/\/marekkuchcinski.pl\/wp-content\/uploads\/2018\/07\/PSX_20180701_084506-300x225.jpg 300w, https:\/\/marekkuchcinski.pl\/wp-content\/uploads\/2018\/07\/PSX_20180701_084506-768x576.jpg 768w, https:\/\/marekkuchcinski.pl\/wp-content\/uploads\/2018\/07\/PSX_20180701_084506-1024x768.jpg 1024w\" sizes=\"(max-width: 5056px) 100vw, 5056px\" \/><\/a><a href=\"https:\/\/marekkuchcinski.pl\/wp-content\/uploads\/2018\/06\/IMG_9804.jpg\"><img loading=\"lazy\" decoding=\"async\" class=\"alignnone size-full wp-image-9779\" src=\"https:\/\/marekkuchcinski.pl\/wp-content\/uploads\/2018\/06\/IMG_9804.jpg\" alt=\"IMG_9804\" width=\"4752\" height=\"3168\" srcset=\"https:\/\/marekkuchcinski.pl\/wp-content\/uploads\/2018\/06\/IMG_9804.jpg 2048w, https:\/\/marekkuchcinski.pl\/wp-content\/uploads\/2018\/06\/IMG_9804-300x200.jpg 300w, https:\/\/marekkuchcinski.pl\/wp-content\/uploads\/2018\/06\/IMG_9804-768x512.jpg 768w, https:\/\/marekkuchcinski.pl\/wp-content\/uploads\/2018\/06\/IMG_9804-1024x683.jpg 1024w\" sizes=\"(max-width: 4752px) 100vw, 4752px\" \/><\/a><a href=\"https:\/\/marekkuchcinski.pl\/wp-content\/uploads\/2018\/07\/IMG_9954-1.jpg\"><img loading=\"lazy\" decoding=\"async\" class=\"alignnone size-full wp-image-9832\" src=\"https:\/\/marekkuchcinski.pl\/wp-content\/uploads\/2018\/07\/IMG_9954-1.jpg\" alt=\"IMG_9954\" width=\"3274\" height=\"2253\" srcset=\"https:\/\/marekkuchcinski.pl\/wp-content\/uploads\/2018\/07\/IMG_9954-1.jpg 2048w, https:\/\/marekkuchcinski.pl\/wp-content\/uploads\/2018\/07\/IMG_9954-1-300x206.jpg 300w, https:\/\/marekkuchcinski.pl\/wp-content\/uploads\/2018\/07\/IMG_9954-1-768x528.jpg 768w, https:\/\/marekkuchcinski.pl\/wp-content\/uploads\/2018\/07\/IMG_9954-1-1024x705.jpg 1024w\" sizes=\"(max-width: 3274px) 100vw, 3274px\" \/><\/a><a href=\"https:\/\/marekkuchcinski.pl\/wp-content\/uploads\/2018\/07\/PSX_20180701_141639.jpg\"><img loading=\"lazy\" decoding=\"async\" class=\"alignnone size-full wp-image-9829\" src=\"https:\/\/marekkuchcinski.pl\/wp-content\/uploads\/2018\/07\/PSX_20180701_141639.jpg\" alt=\"PSX_20180701_141639\" width=\"3782\" height=\"4552\" srcset=\"https:\/\/marekkuchcinski.pl\/wp-content\/uploads\/2018\/07\/PSX_20180701_141639.jpg 1702w, https:\/\/marekkuchcinski.pl\/wp-content\/uploads\/2018\/07\/PSX_20180701_141639-249x300.jpg 249w, https:\/\/marekkuchcinski.pl\/wp-content\/uploads\/2018\/07\/PSX_20180701_141639-768x924.jpg 768w, https:\/\/marekkuchcinski.pl\/wp-content\/uploads\/2018\/07\/PSX_20180701_141639-851x1024.jpg 851w\" sizes=\"(max-width: 3782px) 100vw, 3782px\" \/><\/a><\/p>","protected":false},"excerpt":{"rendered":"<p>Pod has\u0142em \u201eOd wolno\u015bci wewn\u0119trznej do wolno\u015bci zewn\u0119trznej\u201d w Gietrzwa\u0142dzie odby\u0142 si\u0119 Dzie\u0144 Pokutny. Uroczysto\u015bci mia\u0142y miejsce z okazji 100. rocznicy odzyskania przez Polsk\u0119 niepodleg\u0142o\u015bci. Podczas mszy \u015bwi\u0119tej przy \u017ar\u00f3de\u0142ku Marsza\u0142ek Sejmu Marek Kuchci\u0144ski powiedzia\u0142,\u00a0\u017ce przed oblicze Matki Bo\u017cej Niepokalanej przybywa w dniu wa\u017cnym dla Sejmu i ca\u0142ej naszej ojczyzny, by podzi\u0119kowa\u0107 jej za s\u0142owa [&hellip;]<\/p>","protected":false},"author":6,"featured_media":9861,"comment_status":"open","ping_status":"open","sticky":false,"template":"","format":"standard","meta":{"ngg_post_thumbnail":0,"footnotes":""},"categories":[77,3],"tags":[],"class_list":["post-9778","post","type-post","status-publish","format-standard","has-post-thumbnail","hentry","category-wazne-daty","category-wydarzenia"],"yoast_head":"<!-- This site is optimized with the Yoast SEO plugin v24.7 - https:\/\/yoast.com\/wordpress\/plugins\/seo\/ -->\n<title>Marsza\u0142ek Sejmu: Przybywamy do Gietrzwa\u0142du, by odnowi\u0107 i umocni\u0107 wolno\u015b\u0107 wewn\u0119trzn\u0105 i zewn\u0119trzn\u0105 &#8211; Marek Kuchci\u0144ski<\/title>\n<meta name=\"robots\" content=\"index, follow, max-snippet:-1, max-image-preview:large, max-video-preview:-1\" \/>\n<link rel=\"canonical\" href=\"https:\/\/marekkuchcinski.pl\/ro\/wydarzenia\/marszalek-sejmu-przybywamy-gietrzwaldu-by-odnowic-umocnic-wolnosc-wewnetrzna-zewnetrzna\/\" \/>\n<meta property=\"og:locale\" content=\"ro_RO\" \/>\n<meta property=\"og:type\" content=\"article\" \/>\n<meta property=\"og:title\" content=\"Marsza\u0142ek Sejmu: Przybywamy do Gietrzwa\u0142du, by odnowi\u0107 i umocni\u0107 wolno\u015b\u0107 wewn\u0119trzn\u0105 i zewn\u0119trzn\u0105 &#8211; Marek Kuchci\u0144ski\" \/>\n<meta property=\"og:description\" content=\"Pod has\u0142em \u201eOd wolno\u015bci wewn\u0119trznej do wolno\u015bci zewn\u0119trznej\u201d w Gietrzwa\u0142dzie odby\u0142 si\u0119 Dzie\u0144 Pokutny. Uroczysto\u015bci mia\u0142y miejsce z okazji 100. rocznicy odzyskania przez Polsk\u0119 niepodleg\u0142o\u015bci. Podczas mszy \u015bwi\u0119tej przy \u017ar\u00f3de\u0142ku Marsza\u0142ek Sejmu Marek Kuchci\u0144ski powiedzia\u0142,\u00a0\u017ce przed oblicze Matki Bo\u017cej Niepokalanej przybywa w dniu wa\u017cnym dla Sejmu i ca\u0142ej naszej ojczyzny, by podzi\u0119kowa\u0107 jej za s\u0142owa [&hellip;]\" \/>\n<meta property=\"og:url\" content=\"https:\/\/marekkuchcinski.pl\/ro\/wydarzenia\/marszalek-sejmu-przybywamy-gietrzwaldu-by-odnowic-umocnic-wolnosc-wewnetrzna-zewnetrzna\/\" \/>\n<meta property=\"og:site_name\" content=\"Marek Kuchci\u0144ski\" \/>\n<meta property=\"article:published_time\" content=\"2018-07-01T06:14:07+00:00\" \/>\n<meta property=\"article:modified_time\" content=\"2018-07-05T09:22:59+00:00\" \/>\n<meta property=\"og:image\" content=\"https:\/\/marekkuchcinski.pl\/wp-content\/uploads\/2018\/07\/marek.jpg\" \/>\n\t<meta property=\"og:image:width\" content=\"2048\" \/>\n\t<meta property=\"og:image:height\" content=\"1434\" \/>\n\t<meta property=\"og:image:type\" content=\"image\/jpeg\" \/>\n<meta name=\"author\" content=\"admin\" \/>\n<meta name=\"twitter:card\" content=\"summary_large_image\" \/>\n<meta name=\"twitter:label1\" content=\"Scris de\" \/>\n\t<meta name=\"twitter:data1\" content=\"admin\" \/>\n\t<meta name=\"twitter:label2\" content=\"Timp estimat pentru citire\" \/>\n\t<meta name=\"twitter:data2\" content=\"2 minutes\" \/>\n<script type=\"application\/ld+json\" class=\"yoast-schema-graph\">{\"@context\":\"https:\/\/schema.org\",\"@graph\":[{\"@type\":\"Article\",\"@id\":\"https:\/\/marekkuchcinski.pl\/wydarzenia\/marszalek-sejmu-przybywamy-gietrzwaldu-by-odnowic-umocnic-wolnosc-wewnetrzna-zewnetrzna\/#article\",\"isPartOf\":{\"@id\":\"https:\/\/marekkuchcinski.pl\/wydarzenia\/marszalek-sejmu-przybywamy-gietrzwaldu-by-odnowic-umocnic-wolnosc-wewnetrzna-zewnetrzna\/\"},\"author\":{\"name\":\"admin\",\"@id\":\"https:\/\/marekkuchcinski.pl\/#\/schema\/person\/6f62700996b4d950b6ea2d1183b6c6be\"},\"headline\":\"Marsza\u0142ek Sejmu: Przybywamy do Gietrzwa\u0142du, by odnowi\u0107 i umocni\u0107 wolno\u015b\u0107 wewn\u0119trzn\u0105 i zewn\u0119trzn\u0105\",\"datePublished\":\"2018-07-01T06:14:07+00:00\",\"dateModified\":\"2018-07-05T09:22:59+00:00\",\"mainEntityOfPage\":{\"@id\":\"https:\/\/marekkuchcinski.pl\/wydarzenia\/marszalek-sejmu-przybywamy-gietrzwaldu-by-odnowic-umocnic-wolnosc-wewnetrzna-zewnetrzna\/\"},\"wordCount\":474,\"commentCount\":0,\"publisher\":{\"@id\":\"https:\/\/marekkuchcinski.pl\/#organization\"},\"image\":{\"@id\":\"https:\/\/marekkuchcinski.pl\/wydarzenia\/marszalek-sejmu-przybywamy-gietrzwaldu-by-odnowic-umocnic-wolnosc-wewnetrzna-zewnetrzna\/#primaryimage\"},\"thumbnailUrl\":\"https:\/\/marekkuchcinski.pl\/wp-content\/uploads\/2018\/07\/marek.jpg\",\"articleSection\":[\"Wa\u017cne daty\",\"Wydarzenia\"],\"inLanguage\":\"ro-RO\",\"potentialAction\":[{\"@type\":\"CommentAction\",\"name\":\"Comment\",\"target\":[\"https:\/\/marekkuchcinski.pl\/wydarzenia\/marszalek-sejmu-przybywamy-gietrzwaldu-by-odnowic-umocnic-wolnosc-wewnetrzna-zewnetrzna\/#respond\"]}]},{\"@type\":\"WebPage\",\"@id\":\"https:\/\/marekkuchcinski.pl\/wydarzenia\/marszalek-sejmu-przybywamy-gietrzwaldu-by-odnowic-umocnic-wolnosc-wewnetrzna-zewnetrzna\/\",\"url\":\"https:\/\/marekkuchcinski.pl\/wydarzenia\/marszalek-sejmu-przybywamy-gietrzwaldu-by-odnowic-umocnic-wolnosc-wewnetrzna-zewnetrzna\/\",\"name\":\"Marsza\u0142ek Sejmu: Przybywamy do Gietrzwa\u0142du, by odnowi\u0107 i umocni\u0107 wolno\u015b\u0107 wewn\u0119trzn\u0105 i zewn\u0119trzn\u0105 &#8211; Marek Kuchci\u0144ski\",\"isPartOf\":{\"@id\":\"https:\/\/marekkuchcinski.pl\/#website\"},\"primaryImageOfPage\":{\"@id\":\"https:\/\/marekkuchcinski.pl\/wydarzenia\/marszalek-sejmu-przybywamy-gietrzwaldu-by-odnowic-umocnic-wolnosc-wewnetrzna-zewnetrzna\/#primaryimage\"},\"image\":{\"@id\":\"https:\/\/marekkuchcinski.pl\/wydarzenia\/marszalek-sejmu-przybywamy-gietrzwaldu-by-odnowic-umocnic-wolnosc-wewnetrzna-zewnetrzna\/#primaryimage\"},\"thumbnailUrl\":\"https:\/\/marekkuchcinski.pl\/wp-content\/uploads\/2018\/07\/marek.jpg\",\"datePublished\":\"2018-07-01T06:14:07+00:00\",\"dateModified\":\"2018-07-05T09:22:59+00:00\",\"breadcrumb\":{\"@id\":\"https:\/\/marekkuchcinski.pl\/wydarzenia\/marszalek-sejmu-przybywamy-gietrzwaldu-by-odnowic-umocnic-wolnosc-wewnetrzna-zewnetrzna\/#breadcrumb\"},\"inLanguage\":\"ro-RO\",\"potentialAction\":[{\"@type\":\"ReadAction\",\"target\":[\"https:\/\/marekkuchcinski.pl\/wydarzenia\/marszalek-sejmu-przybywamy-gietrzwaldu-by-odnowic-umocnic-wolnosc-wewnetrzna-zewnetrzna\/\"]}]},{\"@type\":\"ImageObject\",\"inLanguage\":\"ro-RO\",\"@id\":\"https:\/\/marekkuchcinski.pl\/wydarzenia\/marszalek-sejmu-przybywamy-gietrzwaldu-by-odnowic-umocnic-wolnosc-wewnetrzna-zewnetrzna\/#primaryimage\",\"url\":\"https:\/\/marekkuchcinski.pl\/wp-content\/uploads\/2018\/07\/marek.jpg\",\"contentUrl\":\"https:\/\/marekkuchcinski.pl\/wp-content\/uploads\/2018\/07\/marek.jpg\",\"width\":2048,\"height\":1434},{\"@type\":\"BreadcrumbList\",\"@id\":\"https:\/\/marekkuchcinski.pl\/wydarzenia\/marszalek-sejmu-przybywamy-gietrzwaldu-by-odnowic-umocnic-wolnosc-wewnetrzna-zewnetrzna\/#breadcrumb\",\"itemListElement\":[{\"@type\":\"ListItem\",\"position\":1,\"name\":\"Strona g\u0142\u00f3wna\",\"item\":\"https:\/\/marekkuchcinski.pl\/\"},{\"@type\":\"ListItem\",\"position\":2,\"name\":\"Marsza\u0142ek Sejmu: Przybywamy do Gietrzwa\u0142du, by odnowi\u0107 i umocni\u0107 wolno\u015b\u0107 wewn\u0119trzn\u0105 i zewn\u0119trzn\u0105\"}]},{\"@type\":\"WebSite\",\"@id\":\"https:\/\/marekkuchcinski.pl\/#website\",\"url\":\"https:\/\/marekkuchcinski.pl\/\",\"name\":\"Marek Kuchci\u0144ski\",\"description\":\"Pose\u0142 na sejm RP &ndash; okr\u0119g nr 22\",\"publisher\":{\"@id\":\"https:\/\/marekkuchcinski.pl\/#organization\"},\"potentialAction\":[{\"@type\":\"SearchAction\",\"target\":{\"@type\":\"EntryPoint\",\"urlTemplate\":\"https:\/\/marekkuchcinski.pl\/?s={search_term_string}\"},\"query-input\":{\"@type\":\"PropertyValueSpecification\",\"valueRequired\":true,\"valueName\":\"search_term_string\"}}],\"inLanguage\":\"ro-RO\"},{\"@type\":\"Organization\",\"@id\":\"https:\/\/marekkuchcinski.pl\/#organization\",\"name\":\"Marek Kuchci\u0144ski\",\"url\":\"https:\/\/marekkuchcinski.pl\/\",\"logo\":{\"@type\":\"ImageObject\",\"inLanguage\":\"ro-RO\",\"@id\":\"https:\/\/marekkuchcinski.pl\/#\/schema\/logo\/image\/\",\"url\":\"https:\/\/marekkuchcinski.pl\/wp-content\/uploads\/2022\/09\/Marek.jpg\",\"contentUrl\":\"https:\/\/marekkuchcinski.pl\/wp-content\/uploads\/2022\/09\/Marek.jpg\",\"width\":1600,\"height\":971,\"caption\":\"Marek Kuchci\u0144ski\"},\"image\":{\"@id\":\"https:\/\/marekkuchcinski.pl\/#\/schema\/logo\/image\/\"}},{\"@type\":\"Person\",\"@id\":\"https:\/\/marekkuchcinski.pl\/#\/schema\/person\/6f62700996b4d950b6ea2d1183b6c6be\",\"name\":\"admin\",\"image\":{\"@type\":\"ImageObject\",\"inLanguage\":\"ro-RO\",\"@id\":\"https:\/\/marekkuchcinski.pl\/#\/schema\/person\/image\/\",\"url\":\"https:\/\/secure.gravatar.com\/avatar\/4bab693b9d55c3d6b52c0296a8765085?s=96&d=mm&r=g\",\"contentUrl\":\"https:\/\/secure.gravatar.com\/avatar\/4bab693b9d55c3d6b52c0296a8765085?s=96&d=mm&r=g\",\"caption\":\"admin\"},\"url\":\"https:\/\/marekkuchcinski.pl\/ro\/author\/marta-olejnik\/\"}]}<\/script>\n<!-- \/ Yoast SEO plugin. -->","yoast_head_json":{"title":"Marsza\u0142ek Sejmu: Przybywamy do Gietrzwa\u0142du, by odnowi\u0107 i umocni\u0107 wolno\u015b\u0107 wewn\u0119trzn\u0105 i zewn\u0119trzn\u0105 &#8211; Marek Kuchci\u0144ski","robots":{"index":"index","follow":"follow","max-snippet":"max-snippet:-1","max-image-preview":"max-image-preview:large","max-video-preview":"max-video-preview:-1"},"canonical":"https:\/\/marekkuchcinski.pl\/ro\/wydarzenia\/marszalek-sejmu-przybywamy-gietrzwaldu-by-odnowic-umocnic-wolnosc-wewnetrzna-zewnetrzna\/","og_locale":"ro_RO","og_type":"article","og_title":"Marsza\u0142ek Sejmu: Przybywamy do Gietrzwa\u0142du, by odnowi\u0107 i umocni\u0107 wolno\u015b\u0107 wewn\u0119trzn\u0105 i zewn\u0119trzn\u0105 &#8211; Marek Kuchci\u0144ski","og_description":"Pod has\u0142em \u201eOd wolno\u015bci wewn\u0119trznej do wolno\u015bci zewn\u0119trznej\u201d w Gietrzwa\u0142dzie odby\u0142 si\u0119 Dzie\u0144 Pokutny. Uroczysto\u015bci mia\u0142y miejsce z okazji 100. rocznicy odzyskania przez Polsk\u0119 niepodleg\u0142o\u015bci. Podczas mszy \u015bwi\u0119tej przy \u017ar\u00f3de\u0142ku Marsza\u0142ek Sejmu Marek Kuchci\u0144ski powiedzia\u0142,\u00a0\u017ce przed oblicze Matki Bo\u017cej Niepokalanej przybywa w dniu wa\u017cnym dla Sejmu i ca\u0142ej naszej ojczyzny, by podzi\u0119kowa\u0107 jej za s\u0142owa [&hellip;]","og_url":"https:\/\/marekkuchcinski.pl\/ro\/wydarzenia\/marszalek-sejmu-przybywamy-gietrzwaldu-by-odnowic-umocnic-wolnosc-wewnetrzna-zewnetrzna\/","og_site_name":"Marek Kuchci\u0144ski","article_published_time":"2018-07-01T06:14:07+00:00","article_modified_time":"2018-07-05T09:22:59+00:00","og_image":[{"width":2048,"height":1434,"url":"https:\/\/marekkuchcinski.pl\/wp-content\/uploads\/2018\/07\/marek.jpg","type":"image\/jpeg"}],"author":"admin","twitter_card":"summary_large_image","twitter_misc":{"Scris de":"admin","Timp estimat pentru citire":"2 minutes"},"schema":{"@context":"https:\/\/schema.org","@graph":[{"@type":"Article","@id":"https:\/\/marekkuchcinski.pl\/wydarzenia\/marszalek-sejmu-przybywamy-gietrzwaldu-by-odnowic-umocnic-wolnosc-wewnetrzna-zewnetrzna\/#article","isPartOf":{"@id":"https:\/\/marekkuchcinski.pl\/wydarzenia\/marszalek-sejmu-przybywamy-gietrzwaldu-by-odnowic-umocnic-wolnosc-wewnetrzna-zewnetrzna\/"},"author":{"name":"admin","@id":"https:\/\/marekkuchcinski.pl\/#\/schema\/person\/6f62700996b4d950b6ea2d1183b6c6be"},"headline":"Marsza\u0142ek Sejmu: Przybywamy do Gietrzwa\u0142du, by odnowi\u0107 i umocni\u0107 wolno\u015b\u0107 wewn\u0119trzn\u0105 i zewn\u0119trzn\u0105","datePublished":"2018-07-01T06:14:07+00:00","dateModified":"2018-07-05T09:22:59+00:00","mainEntityOfPage":{"@id":"https:\/\/marekkuchcinski.pl\/wydarzenia\/marszalek-sejmu-przybywamy-gietrzwaldu-by-odnowic-umocnic-wolnosc-wewnetrzna-zewnetrzna\/"},"wordCount":474,"commentCount":0,"publisher":{"@id":"https:\/\/marekkuchcinski.pl\/#organization"},"image":{"@id":"https:\/\/marekkuchcinski.pl\/wydarzenia\/marszalek-sejmu-przybywamy-gietrzwaldu-by-odnowic-umocnic-wolnosc-wewnetrzna-zewnetrzna\/#primaryimage"},"thumbnailUrl":"https:\/\/marekkuchcinski.pl\/wp-content\/uploads\/2018\/07\/marek.jpg","articleSection":["Wa\u017cne daty","Wydarzenia"],"inLanguage":"ro-RO","potentialAction":[{"@type":"CommentAction","name":"Comment","target":["https:\/\/marekkuchcinski.pl\/wydarzenia\/marszalek-sejmu-przybywamy-gietrzwaldu-by-odnowic-umocnic-wolnosc-wewnetrzna-zewnetrzna\/#respond"]}]},{"@type":"WebPage","@id":"https:\/\/marekkuchcinski.pl\/wydarzenia\/marszalek-sejmu-przybywamy-gietrzwaldu-by-odnowic-umocnic-wolnosc-wewnetrzna-zewnetrzna\/","url":"https:\/\/marekkuchcinski.pl\/wydarzenia\/marszalek-sejmu-przybywamy-gietrzwaldu-by-odnowic-umocnic-wolnosc-wewnetrzna-zewnetrzna\/","name":"Marsza\u0142ek Sejmu: Przybywamy do Gietrzwa\u0142du, by odnowi\u0107 i umocni\u0107 wolno\u015b\u0107 wewn\u0119trzn\u0105 i zewn\u0119trzn\u0105 &#8211; Marek Kuchci\u0144ski","isPartOf":{"@id":"https:\/\/marekkuchcinski.pl\/#website"},"primaryImageOfPage":{"@id":"https:\/\/marekkuchcinski.pl\/wydarzenia\/marszalek-sejmu-przybywamy-gietrzwaldu-by-odnowic-umocnic-wolnosc-wewnetrzna-zewnetrzna\/#primaryimage"},"image":{"@id":"https:\/\/marekkuchcinski.pl\/wydarzenia\/marszalek-sejmu-przybywamy-gietrzwaldu-by-odnowic-umocnic-wolnosc-wewnetrzna-zewnetrzna\/#primaryimage"},"thumbnailUrl":"https:\/\/marekkuchcinski.pl\/wp-content\/uploads\/2018\/07\/marek.jpg","datePublished":"2018-07-01T06:14:07+00:00","dateModified":"2018-07-05T09:22:59+00:00","breadcrumb":{"@id":"https:\/\/marekkuchcinski.pl\/wydarzenia\/marszalek-sejmu-przybywamy-gietrzwaldu-by-odnowic-umocnic-wolnosc-wewnetrzna-zewnetrzna\/#breadcrumb"},"inLanguage":"ro-RO","potentialAction":[{"@type":"ReadAction","target":["https:\/\/marekkuchcinski.pl\/wydarzenia\/marszalek-sejmu-przybywamy-gietrzwaldu-by-odnowic-umocnic-wolnosc-wewnetrzna-zewnetrzna\/"]}]},{"@type":"ImageObject","inLanguage":"ro-RO","@id":"https:\/\/marekkuchcinski.pl\/wydarzenia\/marszalek-sejmu-przybywamy-gietrzwaldu-by-odnowic-umocnic-wolnosc-wewnetrzna-zewnetrzna\/#primaryimage","url":"https:\/\/marekkuchcinski.pl\/wp-content\/uploads\/2018\/07\/marek.jpg","contentUrl":"https:\/\/marekkuchcinski.pl\/wp-content\/uploads\/2018\/07\/marek.jpg","width":2048,"height":1434},{"@type":"BreadcrumbList","@id":"https:\/\/marekkuchcinski.pl\/wydarzenia\/marszalek-sejmu-przybywamy-gietrzwaldu-by-odnowic-umocnic-wolnosc-wewnetrzna-zewnetrzna\/#breadcrumb","itemListElement":[{"@type":"ListItem","position":1,"name":"Strona g\u0142\u00f3wna","item":"https:\/\/marekkuchcinski.pl\/"},{"@type":"ListItem","position":2,"name":"Marsza\u0142ek Sejmu: Przybywamy do Gietrzwa\u0142du, by odnowi\u0107 i umocni\u0107 wolno\u015b\u0107 wewn\u0119trzn\u0105 i zewn\u0119trzn\u0105"}]},{"@type":"WebSite","@id":"https:\/\/marekkuchcinski.pl\/#website","url":"https:\/\/marekkuchcinski.pl\/","name":"Marek Kuchci\u0144ski","description":"Pose\u0142 na sejm RP &ndash; okr\u0119g nr 22","publisher":{"@id":"https:\/\/marekkuchcinski.pl\/#organization"},"potentialAction":[{"@type":"SearchAction","target":{"@type":"EntryPoint","urlTemplate":"https:\/\/marekkuchcinski.pl\/?s={search_term_string}"},"query-input":{"@type":"PropertyValueSpecification","valueRequired":true,"valueName":"search_term_string"}}],"inLanguage":"ro-RO"},{"@type":"Organization","@id":"https:\/\/marekkuchcinski.pl\/#organization","name":"Marek Kuchci\u0144ski","url":"https:\/\/marekkuchcinski.pl\/","logo":{"@type":"ImageObject","inLanguage":"ro-RO","@id":"https:\/\/marekkuchcinski.pl\/#\/schema\/logo\/image\/","url":"https:\/\/marekkuchcinski.pl\/wp-content\/uploads\/2022\/09\/Marek.jpg","contentUrl":"https:\/\/marekkuchcinski.pl\/wp-content\/uploads\/2022\/09\/Marek.jpg","width":1600,"height":971,"caption":"Marek Kuchci\u0144ski"},"image":{"@id":"https:\/\/marekkuchcinski.pl\/#\/schema\/logo\/image\/"}},{"@type":"Person","@id":"https:\/\/marekkuchcinski.pl\/#\/schema\/person\/6f62700996b4d950b6ea2d1183b6c6be","name":"admin","image":{"@type":"ImageObject","inLanguage":"ro-RO","@id":"https:\/\/marekkuchcinski.pl\/#\/schema\/person\/image\/","url":"https:\/\/secure.gravatar.com\/avatar\/4bab693b9d55c3d6b52c0296a8765085?s=96&d=mm&r=g","contentUrl":"https:\/\/secure.gravatar.com\/avatar\/4bab693b9d55c3d6b52c0296a8765085?s=96&d=mm&r=g","caption":"admin"},"url":"https:\/\/marekkuchcinski.pl\/ro\/author\/marta-olejnik\/"}]}},"_links":{"self":[{"href":"https:\/\/marekkuchcinski.pl\/ro\/wp-json\/wp\/v2\/posts\/9778","targetHints":{"allow":["GET"]}}],"collection":[{"href":"https:\/\/marekkuchcinski.pl\/ro\/wp-json\/wp\/v2\/posts"}],"about":[{"href":"https:\/\/marekkuchcinski.pl\/ro\/wp-json\/wp\/v2\/types\/post"}],"author":[{"embeddable":true,"href":"https:\/\/marekkuchcinski.pl\/ro\/wp-json\/wp\/v2\/users\/6"}],"replies":[{"embeddable":true,"href":"https:\/\/marekkuchcinski.pl\/ro\/wp-json\/wp\/v2\/comments?post=9778"}],"version-history":[{"count":17,"href":"https:\/\/marekkuchcinski.pl\/ro\/wp-json\/wp\/v2\/posts\/9778\/revisions"}],"predecessor-version":[{"id":9862,"href":"https:\/\/marekkuchcinski.pl\/ro\/wp-json\/wp\/v2\/posts\/9778\/revisions\/9862"}],"wp:featuredmedia":[{"embeddable":true,"href":"https:\/\/marekkuchcinski.pl\/ro\/wp-json\/wp\/v2\/media\/9861"}],"wp:attachment":[{"href":"https:\/\/marekkuchcinski.pl\/ro\/wp-json\/wp\/v2\/media?parent=9778"}],"wp:term":[{"taxonomy":"category","embeddable":true,"href":"https:\/\/marekkuchcinski.pl\/ro\/wp-json\/wp\/v2\/categories?post=9778"},{"taxonomy":"post_tag","embeddable":true,"href":"https:\/\/marekkuchcinski.pl\/ro\/wp-json\/wp\/v2\/tags?post=9778"}],"curies":[{"name":"wp","href":"https:\/\/api.w.org\/{rel}","templated":true}]}}